{"id":308835,"date":"2023-07-14T00:00:06","date_gmt":"2023-07-14T03:00:06","guid":{"rendered":"https:\/\/www.notibras.com\/site\/?p=308835"},"modified":"2023-07-14T07:27:24","modified_gmt":"2023-07-14T10:27:24","slug":"308835-2","status":"publish","type":"post","link":"https:\/\/www.notibras.com\/site\/308835-2\/","title":{"rendered":"Terra\u00e7o oferece eventos para crian\u00e7as autistas e S\u00edndrome de Down"},"content":{"rendered":"<p>O brinquedo, em formato de avi\u00e3o, com escorregadores incr\u00edveis, cama el\u00e1stica, piscina de bolinhas e circuitos de aventura para l\u00e1 de divertidos est\u00e1 montado na Pra\u00e7a Central do Terra\u00e7o Shopping. O Decola Kids ficar\u00e1 at\u00e9 dia 20 de agosto, para crian\u00e7as de 3 a 12 anos, mas aos s\u00e1bados, a partir do dia 15 de julho, das 10h \u00e0s 12h, o espa\u00e7o ser\u00e1 reservado exclusivamente para crian\u00e7as autistas e com S\u00edndrome de Down desta faixa et\u00e1ria.<\/p>\n<p>O projeto se chama Hora Azul, e contar\u00e1 com monitores preparados para recepcionar os pequenos. N\u00e3o haver\u00e1 cobran\u00e7a de ingresso durante a Hora Azul.<\/p>\n<p>Ainda como parte da a\u00e7\u00e3o, no dia 29 de julho, haver\u00e1 um momento especial para estas fam\u00edlias, com profissionais volunt\u00e1rios do projeto Uma Sinfonia Diferente, do Instituto Steinkopf, que s\u00e3o especializados no tema autismo. \u00c0s 10h, uma roda de conversa entre pais e profissionais e, \u00e0s 11h, um papo de especialistas, para esclarecerem d\u00favidas e terem um momento de troca de experi\u00eancias e conhecimentos sobre o assunto.<\/p>\n<p><strong>Servi\u00e7o:<\/strong><br \/>\nHORA AZU DECOLA KIDS<br \/>\nS\u00e1bados, de 15 de julho a 20 de agosto, das 10h \u00e0s 12h<br \/>\nDia 29 de julho \u2013 Encontro de pais com especialistas<\/p>\n","protected":false},"excerpt":{"rendered":"<p>O brinquedo, em formato de avi\u00e3o, com escorregadores incr\u00edveis, cama el\u00e1stica, piscina de bolinhas e circuitos de aventura para l\u00e1 de divertidos est\u00e1 montado na Pra\u00e7a Central do Terra\u00e7o Shopping. O Decola Kids ficar\u00e1 at\u00e9 dia 20 de agosto, para crian\u00e7as de 3 a 12 anos, mas aos s\u00e1bados, a partir do dia 15 de [&hellip;]<\/p>\n","protected":false},"author":2,"featured_media":308836,"comment_status":"closed","ping_status":"closed","sticky":false,"template":"","format":"standard","meta":{"_acf_changed":false,"footnotes":""},"categories":[161],"tags":[],"class_list":["post-308835","post","type-post","status-publish","format-standard","has-post-thumbnail","hentry","category-quadradinho-em-foco"],"acf":[],"yoast_head":"<!-- This site is optimized with the Yoast SEO plugin v27.2 - https:\/\/yoast.com\/product\/yoast-seo-wordpress\/ -->\n<title>Terra\u00e7o oferece eventos para crian\u00e7as autistas e S\u00edndrome de Down - Notibras<\/title>\n<meta name=\"robots\" content=\"index, follow, max-snippet:-1, max-image-preview:large, max-video-preview:-1\" \/>\n<link rel=\"canonical\" href=\"https:\/\/www.notibras.com\/site\/308835-2\/\" \/>\n<meta property=\"og:locale\" content=\"pt_BR\" \/>\n<meta property=\"og:type\" content=\"article\" \/>\n<meta property=\"og:title\" content=\"Terra\u00e7o oferece eventos para crian\u00e7as autistas e S\u00edndrome de Down - Notibras\" \/>\n<meta property=\"og:description\" content=\"O brinquedo, em formato de avi\u00e3o, com escorregadores incr\u00edveis, cama el\u00e1stica, piscina de bolinhas e circuitos de aventura para l\u00e1 de divertidos est\u00e1 montado na Pra\u00e7a Central do Terra\u00e7o Shopping. O Decola Kids ficar\u00e1 at\u00e9 dia 20 de agosto, para crian\u00e7as de 3 a 12 anos, mas aos s\u00e1bados, a partir do dia 15 de [&hellip;]\" \/>\n<meta property=\"og:url\" content=\"https:\/\/www.notibras.com\/site\/308835-2\/\" \/>\n<meta property=\"og:site_name\" content=\"Notibras\" \/>\n<meta property=\"article:publisher\" content=\"https:\/\/www.facebook.com\/notibras\/\" \/>\n<meta property=\"article:published_time\" content=\"2023-07-14T03:00:06+00:00\" \/>\n<meta property=\"article:modified_time\" content=\"2023-07-14T10:27:24+00:00\" \/>\n<meta property=\"og:image\" content=\"https:\/\/www.notibras.com\/site\/wp-content\/uploads\/2023\/07\/unnamed-82-1536x1024-1.jpg\" \/>\n\t<meta property=\"og:image:width\" content=\"1536\" \/>\n\t<meta property=\"og:image:height\" content=\"1024\" \/>\n\t<meta property=\"og:image:type\" content=\"image\/jpeg\" \/>\n<meta name=\"author\" content=\"Reda\u00e7\u00e3o\" \/>\n<meta name=\"twitter:card\" content=\"summary_large_image\" \/>\n<meta name=\"twitter:creator\" content=\"@Notibras\" \/>\n<meta name=\"twitter:site\" content=\"@Notibras\" \/>\n<meta name=\"twitter:label1\" content=\"Escrito por\" \/>\n\t<meta name=\"twitter:data1\" content=\"Reda\u00e7\u00e3o\" \/>\n\t<meta name=\"twitter:label2\" content=\"Est. tempo de leitura\" \/>\n\t<meta name=\"twitter:data2\" content=\"2 minutos\" \/>\n<script type=\"application\/ld+json\" class=\"yoast-schema-graph\">{\"@context\":\"https:\/\/schema.org\",\"@graph\":[{\"@type\":\"Article\",\"@id\":\"https:\/\/www.notibras.com\/site\/308835-2\/#article\",\"isPartOf\":{\"@id\":\"https:\/\/www.notibras.com\/site\/308835-2\/\"},\"author\":{\"name\":\"Reda\u00e7\u00e3o\",\"@id\":\"https:\/\/www.notibras.com\/site\/#\/schema\/person\/36ab0979449956132d3e5b517ea76ac8\"},\"headline\":\"Terra\u00e7o oferece eventos para crian\u00e7as autistas e S\u00edndrome de Down\",\"datePublished\":\"2023-07-14T03:00:06+00:00\",\"dateModified\":\"2023-07-14T10:27:24+00:00\",\"mainEntityOfPage\":{\"@id\":\"https:\/\/www.notibras.com\/site\/308835-2\/\"},\"wordCount\":220,\"publisher\":{\"@id\":\"https:\/\/www.notibras.com\/site\/#organization\"},\"image\":{\"@id\":\"https:\/\/www.notibras.com\/site\/308835-2\/#primaryimage\"},\"thumbnailUrl\":\"https:\/\/www.notibras.com\/site\/wp-content\/uploads\/2023\/07\/unnamed-82-1536x1024-1.jpg\",\"articleSection\":[\"Quadradinho em Foco\"],\"inLanguage\":\"pt-BR\"},{\"@type\":\"WebPage\",\"@id\":\"https:\/\/www.notibras.com\/site\/308835-2\/\",\"url\":\"https:\/\/www.notibras.com\/site\/308835-2\/\",\"name\":\"Terra\u00e7o oferece eventos para crian\u00e7as autistas e S\u00edndrome de Down - Notibras\",\"isPartOf\":{\"@id\":\"https:\/\/www.notibras.com\/site\/#website\"},\"primaryImageOfPage\":{\"@id\":\"https:\/\/www.notibras.com\/site\/308835-2\/#primaryimage\"},\"image\":{\"@id\":\"https:\/\/www.notibras.com\/site\/308835-2\/#primaryimage\"},\"thumbnailUrl\":\"https:\/\/www.notibras.com\/site\/wp-content\/uploads\/2023\/07\/unnamed-82-1536x1024-1.jpg\",\"datePublished\":\"2023-07-14T03:00:06+00:00\",\"dateModified\":\"2023-07-14T10:27:24+00:00\",\"breadcrumb\":{\"@id\":\"https:\/\/www.notibras.com\/site\/308835-2\/#breadcrumb\"},\"inLanguage\":\"pt-BR\",\"potentialAction\":[{\"@type\":\"ReadAction\",\"target\":[\"https:\/\/www.notibras.com\/site\/308835-2\/\"]}]},{\"@type\":\"ImageObject\",\"inLanguage\":\"pt-BR\",\"@id\":\"https:\/\/www.notibras.com\/site\/308835-2\/#primaryimage\",\"url\":\"https:\/\/www.notibras.com\/site\/wp-content\/uploads\/2023\/07\/unnamed-82-1536x1024-1.jpg\",\"contentUrl\":\"https:\/\/www.notibras.com\/site\/wp-content\/uploads\/2023\/07\/unnamed-82-1536x1024-1.jpg\",\"width\":1536,\"height\":1024},{\"@type\":\"BreadcrumbList\",\"@id\":\"https:\/\/www.notibras.com\/site\/308835-2\/#breadcrumb\",\"itemListElement\":[{\"@type\":\"ListItem\",\"position\":1,\"name\":\"In\u00edcio\",\"item\":\"https:\/\/www.notibras.com\/site\/\"},{\"@type\":\"ListItem\",\"position\":2,\"name\":\"Terra\u00e7o oferece eventos para crian\u00e7as autistas e S\u00edndrome de Down\"}]},{\"@type\":\"WebSite\",\"@id\":\"https:\/\/www.notibras.com\/site\/#website\",\"url\":\"https:\/\/www.notibras.com\/site\/\",\"name\":\"Notibras\",\"description\":\"Not\u00edcias de Bras\u00edlia, do Brasil e do Mundo\",\"publisher\":{\"@id\":\"https:\/\/www.notibras.com\/site\/#organization\"},\"potentialAction\":[{\"@type\":\"SearchAction\",\"target\":{\"@type\":\"EntryPoint\",\"urlTemplate\":\"https:\/\/www.notibras.com\/site\/?s={search_term_string}\"},\"query-input\":{\"@type\":\"PropertyValueSpecification\",\"valueRequired\":true,\"valueName\":\"search_term_string\"}}],\"inLanguage\":\"pt-BR\"},{\"@type\":\"Organization\",\"@id\":\"https:\/\/www.notibras.com\/site\/#organization\",\"name\":\"Grupo Notibras de Comunica\u00e7\u00e3o\",\"url\":\"https:\/\/www.notibras.com\/site\/\",\"logo\":{\"@type\":\"ImageObject\",\"inLanguage\":\"pt-BR\",\"@id\":\"https:\/\/www.notibras.com\/site\/#\/schema\/logo\/image\/\",\"url\":\"https:\/\/www.notibras.com\/site\/wp-content\/uploads\/2023\/01\/notibras23.png\",\"contentUrl\":\"https:\/\/www.notibras.com\/site\/wp-content\/uploads\/2023\/01\/notibras23.png\",\"width\":350,\"height\":87,\"caption\":\"Grupo Notibras de Comunica\u00e7\u00e3o\"},\"image\":{\"@id\":\"https:\/\/www.notibras.com\/site\/#\/schema\/logo\/image\/\"},\"sameAs\":[\"https:\/\/www.facebook.com\/notibras\/\",\"https:\/\/x.com\/Notibras\",\"https:\/\/www.instagram.com\/notibras\/\"]},{\"@type\":\"Person\",\"@id\":\"https:\/\/www.notibras.com\/site\/#\/schema\/person\/36ab0979449956132d3e5b517ea76ac8\",\"name\":\"Reda\u00e7\u00e3o\",\"image\":{\"@type\":\"ImageObject\",\"inLanguage\":\"pt-BR\",\"@id\":\"https:\/\/secure.gravatar.com\/avatar\/e0a867bdedb85fd243eadf09663511f96fc81e0720a4a42581f334ad4303aa6b?s=96&d=mm&r=g\",\"url\":\"https:\/\/secure.gravatar.com\/avatar\/e0a867bdedb85fd243eadf09663511f96fc81e0720a4a42581f334ad4303aa6b?s=96&d=mm&r=g\",\"contentUrl\":\"https:\/\/secure.gravatar.com\/avatar\/e0a867bdedb85fd243eadf09663511f96fc81e0720a4a42581f334ad4303aa6b?s=96&d=mm&r=g\",\"caption\":\"Reda\u00e7\u00e3o\"}}]}<\/script>\n<!-- \/ Yoast SEO plugin. -->","yoast_head_json":{"title":"Terra\u00e7o oferece eventos para crian\u00e7as autistas e S\u00edndrome de Down - Notibras","robots":{"index":"index","follow":"follow","max-snippet":"max-snippet:-1","max-image-preview":"max-image-preview:large","max-video-preview":"max-video-preview:-1"},"canonical":"https:\/\/www.notibras.com\/site\/308835-2\/","og_locale":"pt_BR","og_type":"article","og_title":"Terra\u00e7o oferece eventos para crian\u00e7as autistas e S\u00edndrome de Down - Notibras","og_description":"O brinquedo, em formato de avi\u00e3o, com escorregadores incr\u00edveis, cama el\u00e1stica, piscina de bolinhas e circuitos de aventura para l\u00e1 de divertidos est\u00e1 montado na Pra\u00e7a Central do Terra\u00e7o Shopping. O Decola Kids ficar\u00e1 at\u00e9 dia 20 de agosto, para crian\u00e7as de 3 a 12 anos, mas aos s\u00e1bados, a partir do dia 15 de [&hellip;]","og_url":"https:\/\/www.notibras.com\/site\/308835-2\/","og_site_name":"Notibras","article_publisher":"https:\/\/www.facebook.com\/notibras\/","article_published_time":"2023-07-14T03:00:06+00:00","article_modified_time":"2023-07-14T10:27:24+00:00","og_image":[{"width":1536,"height":1024,"url":"https:\/\/www.notibras.com\/site\/wp-content\/uploads\/2023\/07\/unnamed-82-1536x1024-1.jpg","type":"image\/jpeg"}],"author":"Reda\u00e7\u00e3o","twitter_card":"summary_large_image","twitter_creator":"@Notibras","twitter_site":"@Notibras","twitter_misc":{"Escrito por":"Reda\u00e7\u00e3o","Est. tempo de leitura":"2 minutos"},"schema":{"@context":"https:\/\/schema.org","@graph":[{"@type":"Article","@id":"https:\/\/www.notibras.com\/site\/308835-2\/#article","isPartOf":{"@id":"https:\/\/www.notibras.com\/site\/308835-2\/"},"author":{"name":"Reda\u00e7\u00e3o","@id":"https:\/\/www.notibras.com\/site\/#\/schema\/person\/36ab0979449956132d3e5b517ea76ac8"},"headline":"Terra\u00e7o oferece eventos para crian\u00e7as autistas e S\u00edndrome de Down","datePublished":"2023-07-14T03:00:06+00:00","dateModified":"2023-07-14T10:27:24+00:00","mainEntityOfPage":{"@id":"https:\/\/www.notibras.com\/site\/308835-2\/"},"wordCount":220,"publisher":{"@id":"https:\/\/www.notibras.com\/site\/#organization"},"image":{"@id":"https:\/\/www.notibras.com\/site\/308835-2\/#primaryimage"},"thumbnailUrl":"https:\/\/www.notibras.com\/site\/wp-content\/uploads\/2023\/07\/unnamed-82-1536x1024-1.jpg","articleSection":["Quadradinho em Foco"],"inLanguage":"pt-BR"},{"@type":"WebPage","@id":"https:\/\/www.notibras.com\/site\/308835-2\/","url":"https:\/\/www.notibras.com\/site\/308835-2\/","name":"Terra\u00e7o oferece eventos para crian\u00e7as autistas e S\u00edndrome de Down - Notibras","isPartOf":{"@id":"https:\/\/www.notibras.com\/site\/#website"},"primaryImageOfPage":{"@id":"https:\/\/www.notibras.com\/site\/308835-2\/#primaryimage"},"image":{"@id":"https:\/\/www.notibras.com\/site\/308835-2\/#primaryimage"},"thumbnailUrl":"https:\/\/www.notibras.com\/site\/wp-content\/uploads\/2023\/07\/unnamed-82-1536x1024-1.jpg","datePublished":"2023-07-14T03:00:06+00:00","dateModified":"2023-07-14T10:27:24+00:00","breadcrumb":{"@id":"https:\/\/www.notibras.com\/site\/308835-2\/#breadcrumb"},"inLanguage":"pt-BR","potentialAction":[{"@type":"ReadAction","target":["https:\/\/www.notibras.com\/site\/308835-2\/"]}]},{"@type":"ImageObject","inLanguage":"pt-BR","@id":"https:\/\/www.notibras.com\/site\/308835-2\/#primaryimage","url":"https:\/\/www.notibras.com\/site\/wp-content\/uploads\/2023\/07\/unnamed-82-1536x1024-1.jpg","contentUrl":"https:\/\/www.notibras.com\/site\/wp-content\/uploads\/2023\/07\/unnamed-82-1536x1024-1.jpg","width":1536,"height":1024},{"@type":"BreadcrumbList","@id":"https:\/\/www.notibras.com\/site\/308835-2\/#breadcrumb","itemListElement":[{"@type":"ListItem","position":1,"name":"In\u00edcio","item":"https:\/\/www.notibras.com\/site\/"},{"@type":"ListItem","position":2,"name":"Terra\u00e7o oferece eventos para crian\u00e7as autistas e S\u00edndrome de Down"}]},{"@type":"WebSite","@id":"https:\/\/www.notibras.com\/site\/#website","url":"https:\/\/www.notibras.com\/site\/","name":"Notibras","description":"Not\u00edcias de Bras\u00edlia, do Brasil e do Mundo","publisher":{"@id":"https:\/\/www.notibras.com\/site\/#organization"},"potentialAction":[{"@type":"SearchAction","target":{"@type":"EntryPoint","urlTemplate":"https:\/\/www.notibras.com\/site\/?s={search_term_string}"},"query-input":{"@type":"PropertyValueSpecification","valueRequired":true,"valueName":"search_term_string"}}],"inLanguage":"pt-BR"},{"@type":"Organization","@id":"https:\/\/www.notibras.com\/site\/#organization","name":"Grupo Notibras de Comunica\u00e7\u00e3o","url":"https:\/\/www.notibras.com\/site\/","logo":{"@type":"ImageObject","inLanguage":"pt-BR","@id":"https:\/\/www.notibras.com\/site\/#\/schema\/logo\/image\/","url":"https:\/\/www.notibras.com\/site\/wp-content\/uploads\/2023\/01\/notibras23.png","contentUrl":"https:\/\/www.notibras.com\/site\/wp-content\/uploads\/2023\/01\/notibras23.png","width":350,"height":87,"caption":"Grupo Notibras de Comunica\u00e7\u00e3o"},"image":{"@id":"https:\/\/www.notibras.com\/site\/#\/schema\/logo\/image\/"},"sameAs":["https:\/\/www.facebook.com\/notibras\/","https:\/\/x.com\/Notibras","https:\/\/www.instagram.com\/notibras\/"]},{"@type":"Person","@id":"https:\/\/www.notibras.com\/site\/#\/schema\/person\/36ab0979449956132d3e5b517ea76ac8","name":"Reda\u00e7\u00e3o","image":{"@type":"ImageObject","inLanguage":"pt-BR","@id":"https:\/\/secure.gravatar.com\/avatar\/e0a867bdedb85fd243eadf09663511f96fc81e0720a4a42581f334ad4303aa6b?s=96&d=mm&r=g","url":"https:\/\/secure.gravatar.com\/avatar\/e0a867bdedb85fd243eadf09663511f96fc81e0720a4a42581f334ad4303aa6b?s=96&d=mm&r=g","contentUrl":"https:\/\/secure.gravatar.com\/avatar\/e0a867bdedb85fd243eadf09663511f96fc81e0720a4a42581f334ad4303aa6b?s=96&d=mm&r=g","caption":"Reda\u00e7\u00e3o"}}]}},"amp_enabled":true,"_links":{"self":[{"href":"https:\/\/www.notibras.com\/site\/wp-json\/wp\/v2\/posts\/308835","targetHints":{"allow":["GET"]}}],"collection":[{"href":"https:\/\/www.notibras.com\/site\/wp-json\/wp\/v2\/posts"}],"about":[{"href":"https:\/\/www.notibras.com\/site\/wp-json\/wp\/v2\/types\/post"}],"author":[{"embeddable":true,"href":"https:\/\/www.notibras.com\/site\/wp-json\/wp\/v2\/users\/2"}],"replies":[{"embeddable":true,"href":"https:\/\/www.notibras.com\/site\/wp-json\/wp\/v2\/comments?post=308835"}],"version-history":[{"count":2,"href":"https:\/\/www.notibras.com\/site\/wp-json\/wp\/v2\/posts\/308835\/revisions"}],"predecessor-version":[{"id":308838,"href":"https:\/\/www.notibras.com\/site\/wp-json\/wp\/v2\/posts\/308835\/revisions\/308838"}],"wp:featuredmedia":[{"embeddable":true,"href":"https:\/\/www.notibras.com\/site\/wp-json\/wp\/v2\/media\/308836"}],"wp:attachment":[{"href":"https:\/\/www.notibras.com\/site\/wp-json\/wp\/v2\/media?parent=308835"}],"wp:term":[{"taxonomy":"category","embeddable":true,"href":"https:\/\/www.notibras.com\/site\/wp-json\/wp\/v2\/categories?post=308835"},{"taxonomy":"post_tag","embeddable":true,"href":"https:\/\/www.notibras.com\/site\/wp-json\/wp\/v2\/tags?post=308835"}],"curies":[{"name":"wp","href":"https:\/\/api.w.org\/{rel}","templated":true}]}}