{"id":308856,"date":"2023-07-15T07:32:32","date_gmt":"2023-07-15T10:32:32","guid":{"rendered":"https:\/\/www.notibras.com\/site\/?p=308856"},"modified":"2023-07-14T19:33:28","modified_gmt":"2023-07-14T22:33:28","slug":"genival-advogado-sempre-apaixonado-por-numeros","status":"publish","type":"post","link":"https:\/\/www.notibras.com\/site\/genival-advogado-sempre-apaixonado-por-numeros\/","title":{"rendered":"Genival, advogado, sempre apaixonado por n\u00fameros"},"content":{"rendered":"<p>Apaixonado por matem\u00e1tica, Genival acabou se formando em direito, j\u00e1 que o pai, advogado de renome, o instigou a seguir o mesmo caminho. Nem alto nem baixo, nem gordo nem magro, andava pelas ruas com a cabe\u00e7a voltada para o ch\u00e3o. Alguns diziam que isso era por causa do enorme topete, meio fora de moda. Outros, todavia, afirmavam que era por conta da timidez.<\/p>\n<p>De t\u00e3o topetudo, o rapaz parecia ter sa\u00eddo do t\u00fanel do tempo direto dos \u00e1ureos anos da ultrapassada brilhantina. As costeletas, t\u00e3o negras quanto seus cabelos, tentavam, sem sucesso, emoldurar aquele rosto pouco chamativo, caso n\u00e3o fossem as crateras na pele, lembran\u00e7as das espinhas que outrora tanto o incomodaram. Sem tempo para pensar em bobagens, o rapaz, ent\u00e3o rec\u00e9m sa\u00eddo da faculdade, se metia no meio dos c\u00f3digos legais para tentar livrar algum de seus parcos clientes de uma pena mais dura.<\/p>\n<p>Apesar da pouca experi\u00eancia, n\u00e3o demorou para entender todo aquele emaranhado jogo de palavras e ideias que cercam a advocacia. Percebeu que, no caso de j\u00fari, precisava entrar na cabe\u00e7a daqueles sete indiv\u00edduos alheios aos tr\u00e2mites da lei. Era mais um exerc\u00edcio da \u00e9tica e, especialmente, da moral. E Genival sabia como ningu\u00e9m instigar os profundos sentimentos de costumes, por mais tolos que fossem, naqueles seres que ignoram a legisla\u00e7\u00e3o, mas s\u00e3o bombardeados, desde a mais tenra idade, por frases de conduta, a maioria religiosa.<\/p>\n<p>Quando precisava convencer o juiz, fazia uma aprofundada pesquisa sobre a vida do magistrado. Obviamente que estudava com afinco o caso do seu cliente, mas n\u00e3o se furtava em buscar informa\u00e7\u00f5es acerca de quem iria dar a senten\u00e7a. Ali\u00e1s, vale at\u00e9 uma nota especial sobre o caso do furto de uma vaca premiada, que tinha at\u00e9 nome. Pois bem, a dita cuja se chamava Clarineta, uma bela duma holandesa quase toda branca, se n\u00e3o fossem por umas manchas pretas aqui e ali.<\/p>\n<p>O cliente do Genival, Jo\u00e3o Maria, havia confessado que tinha sido ele que afanara a tal vaca, pois precisava fazer um churrasco para o cas\u00f3rio da \u00fanica filha. R\u00e9u confesso apenas ao p\u00e9 do ouvido do advogado, pois, de resto, foi muito bem orientado a dizer que era inocente, mesmo que debaixo de saraivadas. E, de tanto ouvir que era inocente, at\u00e9 come\u00e7ou a acreditar naquela ladainha sem tamanho.<\/p>\n<p>Jurava de p\u00e9s juntos que a carne servida aos convidados era de uma outra vaca, que, por conta dessas coincid\u00eancias inimagin\u00e1veis da vida, nascera com as mesmas cores e marca\u00e7\u00f5es da finada Clarineta. Finada ou desaparecida? Sim, isso mesmo! Essa foi a estrat\u00e9gia que o Genival tramou e, com sucesso, conseguiu colocar n\u00e3o apenas uma pulga, mas um monte desses insetos, t\u00e3o bem treinados desde tenra idade para sugar o sangue alheio, atr\u00e1s das orelhas dos sete jurados.<\/p>\n<p>Para completar todo aquele teatro, eis que o Genival, com a cara mais lavada do mundo, ainda prop\u00f4s um mutir\u00e3o para encontrar a Clarineta. \u00c9 \u00f3bvio que a vaca nunca foi encontrada. Nem mesmo os ossos, que foram muito bem enterrados em local incerto. \u00c9 verdade que um foi parar na vasilha do velho Lobo, o enorme vira-lata do Jo\u00e3o Maria. Mas ningu\u00e9m se deu ao trabalho de procurar pela finada justamente ali.<\/p>\n<p>Genival ganhou fama na regi\u00e3o. Seu nome chegou \u00e0 capital como o mais not\u00f3rio conhecedor do direito. At\u00e9 ilustres magistrados iam ter com ele. Rever\u00eancias das mais elevadas, sempre carregadas de mimos, seja uma bela garrafa de vinho dos mais caros, seja um lote de frangas poedeiras. Ficou rico gra\u00e7as aos in\u00fameros casos vitoriosos.<\/p>\n<p>Aos 36, decidiu que j\u00e1 era hora de se casar. Sem pretendentes \u00e0 vista, resolveu come\u00e7ar a investir na vida social. Algumas festas e confraterniza\u00e7\u00f5es depois, conheceu Joana e desejou namor\u00e1-la. Ciente de que quem escolhe \u00e9 a mulher, usou toda sua habilidade matem\u00e1tica e, ent\u00e3o, p\u00f4s o plano em pr\u00e1tica. O c\u00e1lculo pareceu dar resultado, j\u00e1 que a mo\u00e7a logo come\u00e7ou a not\u00e1-lo.<\/p>\n<p>O namoro durou pouco mais de um ano e, de repente, se casaram. Foi uma festan\u00e7a que atraiu toda aquela gente da regi\u00e3o, al\u00e9m de outros tantos convidados vindos de lugares diversos. At\u00e9 o Jo\u00e3o Maria tentou se comprometer com a carne para o churrasco, mas foi desencorajado pelo advogado, que n\u00e3o pretendia defender novamente seu cliente usando a mesma artimanha.<\/p>\n<p>Os filhos chegaram em dupla nove meses ap\u00f3s. Cresceram enquanto o pai prosseguia sua saga de ferrenho defensor dos interesses da sua cada vez maior clientela. J\u00e1 sem tempo para contar tanto dinheiro, Genival sentiu que era hora de se aposentar. E foi o que fez antes de completar 60 anos. \u00c9 verdade que, de vez em quando, ainda prestava consultoria a algu\u00e9m mais importante, que o compensava de maneira generosa.<\/p>\n<p>Era um domingo sossegado, desses que d\u00e1 para passar o dia inteiro deitado numa rede na varanda, sem se preocupar com o tempo, mas apenas manter os ouvidos abertos para deixar o som dos cantos dos passarinhos entrar. L\u00e1 estava o Genival, quando, de repente, ele toma uma decis\u00e3o radical. Olha para os lindos olhos da esposa e diz que vai voltar a estudar. Joana apenas sorriu, pois achava que era mais uma brincadeira do marido. Que nada!<\/p>\n<p>Um m\u00eas ap\u00f3s, Genival estava sentado numa dura cadeira de madeira, da mesma forma que seus colegas de turma, todos na flor da idade. Com o pai falecido h\u00e1 alguns anos e sem muito tempo para vacilar, o advogado finalmente realizava seu antigo sonho, a matem\u00e1tica.<\/p>\n","protected":false},"excerpt":{"rendered":"<p>Apaixonado por matem\u00e1tica, Genival acabou se formando em direito, j\u00e1 que o pai, advogado de renome, o instigou a seguir o mesmo caminho. Nem alto nem baixo, nem gordo nem magro, andava pelas ruas com a cabe\u00e7a voltada para o ch\u00e3o. Alguns diziam que isso era por causa do enorme topete, meio fora de moda. [&hellip;]<\/p>\n","protected":false},"author":2,"featured_media":308857,"comment_status":"closed","ping_status":"closed","sticky":false,"template":"","format":"standard","meta":{"_acf_changed":false,"footnotes":""},"categories":[161],"tags":[],"class_list":["post-308856","post","type-post","status-publish","format-standard","has-post-thumbnail","hentry","category-quadradinho-em-foco"],"acf":[],"yoast_head":"<!-- This site is optimized with the Yoast SEO plugin v27.2 - https:\/\/yoast.com\/product\/yoast-seo-wordpress\/ -->\n<title>Genival, advogado, sempre apaixonado por n\u00fameros - Notibras<\/title>\n<meta name=\"robots\" content=\"index, follow, max-snippet:-1, max-image-preview:large, max-video-preview:-1\" \/>\n<link rel=\"canonical\" href=\"https:\/\/www.notibras.com\/site\/genival-advogado-sempre-apaixonado-por-numeros\/\" \/>\n<meta property=\"og:locale\" content=\"pt_BR\" \/>\n<meta property=\"og:type\" content=\"article\" \/>\n<meta property=\"og:title\" content=\"Genival, advogado, sempre apaixonado por n\u00fameros - Notibras\" \/>\n<meta property=\"og:description\" content=\"Apaixonado por matem\u00e1tica, Genival acabou se formando em direito, j\u00e1 que o pai, advogado de renome, o instigou a seguir o mesmo caminho. Nem alto nem baixo, nem gordo nem magro, andava pelas ruas com a cabe\u00e7a voltada para o ch\u00e3o. Alguns diziam que isso era por causa do enorme topete, meio fora de moda. [&hellip;]\" \/>\n<meta property=\"og:url\" content=\"https:\/\/www.notibras.com\/site\/genival-advogado-sempre-apaixonado-por-numeros\/\" \/>\n<meta property=\"og:site_name\" content=\"Notibras\" \/>\n<meta property=\"article:publisher\" content=\"https:\/\/www.facebook.com\/notibras\/\" \/>\n<meta property=\"article:published_time\" content=\"2023-07-15T10:32:32+00:00\" \/>\n<meta property=\"og:image\" content=\"https:\/\/www.notibras.com\/site\/wp-content\/uploads\/2023\/07\/edu.adv_.jpg.jpg\" \/>\n\t<meta property=\"og:image:width\" content=\"576\" \/>\n\t<meta property=\"og:image:height\" content=\"1024\" \/>\n\t<meta property=\"og:image:type\" content=\"image\/jpeg\" \/>\n<meta name=\"author\" content=\"Reda\u00e7\u00e3o\" \/>\n<meta name=\"twitter:card\" content=\"summary_large_image\" \/>\n<meta name=\"twitter:creator\" content=\"@Notibras\" \/>\n<meta name=\"twitter:site\" content=\"@Notibras\" \/>\n<meta name=\"twitter:label1\" content=\"Escrito por\" \/>\n\t<meta name=\"twitter:data1\" content=\"Reda\u00e7\u00e3o\" \/>\n\t<meta name=\"twitter:label2\" content=\"Est. tempo de leitura\" \/>\n\t<meta name=\"twitter:data2\" content=\"6 minutos\" \/>\n<script type=\"application\/ld+json\" class=\"yoast-schema-graph\">{\"@context\":\"https:\/\/schema.org\",\"@graph\":[{\"@type\":\"Article\",\"@id\":\"https:\/\/www.notibras.com\/site\/genival-advogado-sempre-apaixonado-por-numeros\/#article\",\"isPartOf\":{\"@id\":\"https:\/\/www.notibras.com\/site\/genival-advogado-sempre-apaixonado-por-numeros\/\"},\"author\":{\"name\":\"Reda\u00e7\u00e3o\",\"@id\":\"https:\/\/www.notibras.com\/site\/#\/schema\/person\/36ab0979449956132d3e5b517ea76ac8\"},\"headline\":\"Genival, advogado, sempre apaixonado por n\u00fameros\",\"datePublished\":\"2023-07-15T10:32:32+00:00\",\"mainEntityOfPage\":{\"@id\":\"https:\/\/www.notibras.com\/site\/genival-advogado-sempre-apaixonado-por-numeros\/\"},\"wordCount\":977,\"publisher\":{\"@id\":\"https:\/\/www.notibras.com\/site\/#organization\"},\"image\":{\"@id\":\"https:\/\/www.notibras.com\/site\/genival-advogado-sempre-apaixonado-por-numeros\/#primaryimage\"},\"thumbnailUrl\":\"https:\/\/www.notibras.com\/site\/wp-content\/uploads\/2023\/07\/edu.adv_.jpg.jpg\",\"articleSection\":[\"Quadradinho em Foco\"],\"inLanguage\":\"pt-BR\"},{\"@type\":\"WebPage\",\"@id\":\"https:\/\/www.notibras.com\/site\/genival-advogado-sempre-apaixonado-por-numeros\/\",\"url\":\"https:\/\/www.notibras.com\/site\/genival-advogado-sempre-apaixonado-por-numeros\/\",\"name\":\"Genival, advogado, sempre apaixonado por n\u00fameros - Notibras\",\"isPartOf\":{\"@id\":\"https:\/\/www.notibras.com\/site\/#website\"},\"primaryImageOfPage\":{\"@id\":\"https:\/\/www.notibras.com\/site\/genival-advogado-sempre-apaixonado-por-numeros\/#primaryimage\"},\"image\":{\"@id\":\"https:\/\/www.notibras.com\/site\/genival-advogado-sempre-apaixonado-por-numeros\/#primaryimage\"},\"thumbnailUrl\":\"https:\/\/www.notibras.com\/site\/wp-content\/uploads\/2023\/07\/edu.adv_.jpg.jpg\",\"datePublished\":\"2023-07-15T10:32:32+00:00\",\"breadcrumb\":{\"@id\":\"https:\/\/www.notibras.com\/site\/genival-advogado-sempre-apaixonado-por-numeros\/#breadcrumb\"},\"inLanguage\":\"pt-BR\",\"potentialAction\":[{\"@type\":\"ReadAction\",\"target\":[\"https:\/\/www.notibras.com\/site\/genival-advogado-sempre-apaixonado-por-numeros\/\"]}]},{\"@type\":\"ImageObject\",\"inLanguage\":\"pt-BR\",\"@id\":\"https:\/\/www.notibras.com\/site\/genival-advogado-sempre-apaixonado-por-numeros\/#primaryimage\",\"url\":\"https:\/\/www.notibras.com\/site\/wp-content\/uploads\/2023\/07\/edu.adv_.jpg.jpg\",\"contentUrl\":\"https:\/\/www.notibras.com\/site\/wp-content\/uploads\/2023\/07\/edu.adv_.jpg.jpg\",\"width\":576,\"height\":1024},{\"@type\":\"BreadcrumbList\",\"@id\":\"https:\/\/www.notibras.com\/site\/genival-advogado-sempre-apaixonado-por-numeros\/#breadcrumb\",\"itemListElement\":[{\"@type\":\"ListItem\",\"position\":1,\"name\":\"In\u00edcio\",\"item\":\"https:\/\/www.notibras.com\/site\/\"},{\"@type\":\"ListItem\",\"position\":2,\"name\":\"Genival, advogado, sempre apaixonado por n\u00fameros\"}]},{\"@type\":\"WebSite\",\"@id\":\"https:\/\/www.notibras.com\/site\/#website\",\"url\":\"https:\/\/www.notibras.com\/site\/\",\"name\":\"Notibras\",\"description\":\"Not\u00edcias de Bras\u00edlia, do Brasil e do Mundo\",\"publisher\":{\"@id\":\"https:\/\/www.notibras.com\/site\/#organization\"},\"potentialAction\":[{\"@type\":\"SearchAction\",\"target\":{\"@type\":\"EntryPoint\",\"urlTemplate\":\"https:\/\/www.notibras.com\/site\/?s={search_term_string}\"},\"query-input\":{\"@type\":\"PropertyValueSpecification\",\"valueRequired\":true,\"valueName\":\"search_term_string\"}}],\"inLanguage\":\"pt-BR\"},{\"@type\":\"Organization\",\"@id\":\"https:\/\/www.notibras.com\/site\/#organization\",\"name\":\"Grupo Notibras de Comunica\u00e7\u00e3o\",\"url\":\"https:\/\/www.notibras.com\/site\/\",\"logo\":{\"@type\":\"ImageObject\",\"inLanguage\":\"pt-BR\",\"@id\":\"https:\/\/www.notibras.com\/site\/#\/schema\/logo\/image\/\",\"url\":\"https:\/\/www.notibras.com\/site\/wp-content\/uploads\/2023\/01\/notibras23.png\",\"contentUrl\":\"https:\/\/www.notibras.com\/site\/wp-content\/uploads\/2023\/01\/notibras23.png\",\"width\":350,\"height\":87,\"caption\":\"Grupo Notibras de Comunica\u00e7\u00e3o\"},\"image\":{\"@id\":\"https:\/\/www.notibras.com\/site\/#\/schema\/logo\/image\/\"},\"sameAs\":[\"https:\/\/www.facebook.com\/notibras\/\",\"https:\/\/x.com\/Notibras\",\"https:\/\/www.instagram.com\/notibras\/\"]},{\"@type\":\"Person\",\"@id\":\"https:\/\/www.notibras.com\/site\/#\/schema\/person\/36ab0979449956132d3e5b517ea76ac8\",\"name\":\"Reda\u00e7\u00e3o\",\"image\":{\"@type\":\"ImageObject\",\"inLanguage\":\"pt-BR\",\"@id\":\"https:\/\/secure.gravatar.com\/avatar\/e0a867bdedb85fd243eadf09663511f96fc81e0720a4a42581f334ad4303aa6b?s=96&d=mm&r=g\",\"url\":\"https:\/\/secure.gravatar.com\/avatar\/e0a867bdedb85fd243eadf09663511f96fc81e0720a4a42581f334ad4303aa6b?s=96&d=mm&r=g\",\"contentUrl\":\"https:\/\/secure.gravatar.com\/avatar\/e0a867bdedb85fd243eadf09663511f96fc81e0720a4a42581f334ad4303aa6b?s=96&d=mm&r=g\",\"caption\":\"Reda\u00e7\u00e3o\"}}]}<\/script>\n<!-- \/ Yoast SEO plugin. -->","yoast_head_json":{"title":"Genival, advogado, sempre apaixonado por n\u00fameros - Notibras","robots":{"index":"index","follow":"follow","max-snippet":"max-snippet:-1","max-image-preview":"max-image-preview:large","max-video-preview":"max-video-preview:-1"},"canonical":"https:\/\/www.notibras.com\/site\/genival-advogado-sempre-apaixonado-por-numeros\/","og_locale":"pt_BR","og_type":"article","og_title":"Genival, advogado, sempre apaixonado por n\u00fameros - Notibras","og_description":"Apaixonado por matem\u00e1tica, Genival acabou se formando em direito, j\u00e1 que o pai, advogado de renome, o instigou a seguir o mesmo caminho. Nem alto nem baixo, nem gordo nem magro, andava pelas ruas com a cabe\u00e7a voltada para o ch\u00e3o. Alguns diziam que isso era por causa do enorme topete, meio fora de moda. [&hellip;]","og_url":"https:\/\/www.notibras.com\/site\/genival-advogado-sempre-apaixonado-por-numeros\/","og_site_name":"Notibras","article_publisher":"https:\/\/www.facebook.com\/notibras\/","article_published_time":"2023-07-15T10:32:32+00:00","og_image":[{"width":576,"height":1024,"url":"https:\/\/www.notibras.com\/site\/wp-content\/uploads\/2023\/07\/edu.adv_.jpg.jpg","type":"image\/jpeg"}],"author":"Reda\u00e7\u00e3o","twitter_card":"summary_large_image","twitter_creator":"@Notibras","twitter_site":"@Notibras","twitter_misc":{"Escrito por":"Reda\u00e7\u00e3o","Est. tempo de leitura":"6 minutos"},"schema":{"@context":"https:\/\/schema.org","@graph":[{"@type":"Article","@id":"https:\/\/www.notibras.com\/site\/genival-advogado-sempre-apaixonado-por-numeros\/#article","isPartOf":{"@id":"https:\/\/www.notibras.com\/site\/genival-advogado-sempre-apaixonado-por-numeros\/"},"author":{"name":"Reda\u00e7\u00e3o","@id":"https:\/\/www.notibras.com\/site\/#\/schema\/person\/36ab0979449956132d3e5b517ea76ac8"},"headline":"Genival, advogado, sempre apaixonado por n\u00fameros","datePublished":"2023-07-15T10:32:32+00:00","mainEntityOfPage":{"@id":"https:\/\/www.notibras.com\/site\/genival-advogado-sempre-apaixonado-por-numeros\/"},"wordCount":977,"publisher":{"@id":"https:\/\/www.notibras.com\/site\/#organization"},"image":{"@id":"https:\/\/www.notibras.com\/site\/genival-advogado-sempre-apaixonado-por-numeros\/#primaryimage"},"thumbnailUrl":"https:\/\/www.notibras.com\/site\/wp-content\/uploads\/2023\/07\/edu.adv_.jpg.jpg","articleSection":["Quadradinho em Foco"],"inLanguage":"pt-BR"},{"@type":"WebPage","@id":"https:\/\/www.notibras.com\/site\/genival-advogado-sempre-apaixonado-por-numeros\/","url":"https:\/\/www.notibras.com\/site\/genival-advogado-sempre-apaixonado-por-numeros\/","name":"Genival, advogado, sempre apaixonado por n\u00fameros - Notibras","isPartOf":{"@id":"https:\/\/www.notibras.com\/site\/#website"},"primaryImageOfPage":{"@id":"https:\/\/www.notibras.com\/site\/genival-advogado-sempre-apaixonado-por-numeros\/#primaryimage"},"image":{"@id":"https:\/\/www.notibras.com\/site\/genival-advogado-sempre-apaixonado-por-numeros\/#primaryimage"},"thumbnailUrl":"https:\/\/www.notibras.com\/site\/wp-content\/uploads\/2023\/07\/edu.adv_.jpg.jpg","datePublished":"2023-07-15T10:32:32+00:00","breadcrumb":{"@id":"https:\/\/www.notibras.com\/site\/genival-advogado-sempre-apaixonado-por-numeros\/#breadcrumb"},"inLanguage":"pt-BR","potentialAction":[{"@type":"ReadAction","target":["https:\/\/www.notibras.com\/site\/genival-advogado-sempre-apaixonado-por-numeros\/"]}]},{"@type":"ImageObject","inLanguage":"pt-BR","@id":"https:\/\/www.notibras.com\/site\/genival-advogado-sempre-apaixonado-por-numeros\/#primaryimage","url":"https:\/\/www.notibras.com\/site\/wp-content\/uploads\/2023\/07\/edu.adv_.jpg.jpg","contentUrl":"https:\/\/www.notibras.com\/site\/wp-content\/uploads\/2023\/07\/edu.adv_.jpg.jpg","width":576,"height":1024},{"@type":"BreadcrumbList","@id":"https:\/\/www.notibras.com\/site\/genival-advogado-sempre-apaixonado-por-numeros\/#breadcrumb","itemListElement":[{"@type":"ListItem","position":1,"name":"In\u00edcio","item":"https:\/\/www.notibras.com\/site\/"},{"@type":"ListItem","position":2,"name":"Genival, advogado, sempre apaixonado por n\u00fameros"}]},{"@type":"WebSite","@id":"https:\/\/www.notibras.com\/site\/#website","url":"https:\/\/www.notibras.com\/site\/","name":"Notibras","description":"Not\u00edcias de Bras\u00edlia, do Brasil e do Mundo","publisher":{"@id":"https:\/\/www.notibras.com\/site\/#organization"},"potentialAction":[{"@type":"SearchAction","target":{"@type":"EntryPoint","urlTemplate":"https:\/\/www.notibras.com\/site\/?s={search_term_string}"},"query-input":{"@type":"PropertyValueSpecification","valueRequired":true,"valueName":"search_term_string"}}],"inLanguage":"pt-BR"},{"@type":"Organization","@id":"https:\/\/www.notibras.com\/site\/#organization","name":"Grupo Notibras de Comunica\u00e7\u00e3o","url":"https:\/\/www.notibras.com\/site\/","logo":{"@type":"ImageObject","inLanguage":"pt-BR","@id":"https:\/\/www.notibras.com\/site\/#\/schema\/logo\/image\/","url":"https:\/\/www.notibras.com\/site\/wp-content\/uploads\/2023\/01\/notibras23.png","contentUrl":"https:\/\/www.notibras.com\/site\/wp-content\/uploads\/2023\/01\/notibras23.png","width":350,"height":87,"caption":"Grupo Notibras de Comunica\u00e7\u00e3o"},"image":{"@id":"https:\/\/www.notibras.com\/site\/#\/schema\/logo\/image\/"},"sameAs":["https:\/\/www.facebook.com\/notibras\/","https:\/\/x.com\/Notibras","https:\/\/www.instagram.com\/notibras\/"]},{"@type":"Person","@id":"https:\/\/www.notibras.com\/site\/#\/schema\/person\/36ab0979449956132d3e5b517ea76ac8","name":"Reda\u00e7\u00e3o","image":{"@type":"ImageObject","inLanguage":"pt-BR","@id":"https:\/\/secure.gravatar.com\/avatar\/e0a867bdedb85fd243eadf09663511f96fc81e0720a4a42581f334ad4303aa6b?s=96&d=mm&r=g","url":"https:\/\/secure.gravatar.com\/avatar\/e0a867bdedb85fd243eadf09663511f96fc81e0720a4a42581f334ad4303aa6b?s=96&d=mm&r=g","contentUrl":"https:\/\/secure.gravatar.com\/avatar\/e0a867bdedb85fd243eadf09663511f96fc81e0720a4a42581f334ad4303aa6b?s=96&d=mm&r=g","caption":"Reda\u00e7\u00e3o"}}]}},"amp_enabled":true,"_links":{"self":[{"href":"https:\/\/www.notibras.com\/site\/wp-json\/wp\/v2\/posts\/308856","targetHints":{"allow":["GET"]}}],"collection":[{"href":"https:\/\/www.notibras.com\/site\/wp-json\/wp\/v2\/posts"}],"about":[{"href":"https:\/\/www.notibras.com\/site\/wp-json\/wp\/v2\/types\/post"}],"author":[{"embeddable":true,"href":"https:\/\/www.notibras.com\/site\/wp-json\/wp\/v2\/users\/2"}],"replies":[{"embeddable":true,"href":"https:\/\/www.notibras.com\/site\/wp-json\/wp\/v2\/comments?post=308856"}],"version-history":[{"count":1,"href":"https:\/\/www.notibras.com\/site\/wp-json\/wp\/v2\/posts\/308856\/revisions"}],"predecessor-version":[{"id":308858,"href":"https:\/\/www.notibras.com\/site\/wp-json\/wp\/v2\/posts\/308856\/revisions\/308858"}],"wp:featuredmedia":[{"embeddable":true,"href":"https:\/\/www.notibras.com\/site\/wp-json\/wp\/v2\/media\/308857"}],"wp:attachment":[{"href":"https:\/\/www.notibras.com\/site\/wp-json\/wp\/v2\/media?parent=308856"}],"wp:term":[{"taxonomy":"category","embeddable":true,"href":"https:\/\/www.notibras.com\/site\/wp-json\/wp\/v2\/categories?post=308856"},{"taxonomy":"post_tag","embeddable":true,"href":"https:\/\/www.notibras.com\/site\/wp-json\/wp\/v2\/tags?post=308856"}],"curies":[{"name":"wp","href":"https:\/\/api.w.org\/{rel}","templated":true}]}}