{"id":308860,"date":"2023-07-14T19:17:33","date_gmt":"2023-07-14T22:17:33","guid":{"rendered":"https:\/\/www.notibras.com\/site\/?p=308860"},"modified":"2023-07-14T20:30:19","modified_gmt":"2023-07-14T23:30:19","slug":"fabio-felix-aciona-mp-contra-publicidade-racista-de-ibaneis","status":"publish","type":"post","link":"https:\/\/www.notibras.com\/site\/fabio-felix-aciona-mp-contra-publicidade-racista-de-ibaneis\/","title":{"rendered":"F\u00e1bio F\u00e9lix aciona MP contra publicidade racista de Ibaneis"},"content":{"rendered":"<p>O presidente da Comiss\u00e3o de Defesa dos Direitos Humanos, Cidadania, \u00c9tica e Decoro Parlamentar da C\u00e2mara Legislativa do Distrito Federal, deputado distrital F\u00e1bio Felix (PSOL-DF), acionou o Minist\u00e9rio P\u00fablico (MP) contra uma pe\u00e7a publicit\u00e1ria divulgada pelo governo do Distrito Federal. (<em>A den\u00fancia foi publicada na quinta, 13, por<\/em> <strong>Notibras).<\/strong><\/p>\n<p>Em um of\u00edcio endere\u00e7ado \u00e0 promotora do N\u00facleo de Direitos Humanos C\u00edntia Costa da Silva, F\u00e9lix diz ter recebido den\u00fancias apresentadas por pessoas que, segundo ele, perceberam \u201ccomo uma grave viol\u00eancia institucional contra a popula\u00e7\u00e3o negra\u201d a imagem veiculada na publicidade pelo GDF.<\/p>\n<p>Criada para conscientizar a popula\u00e7\u00e3o a n\u00e3o realizar queimadas durante o per\u00edodo de estiagem, que se intensifica a partir de junho, a pe\u00e7a \u00e9 ilustrada por uma fotomontagem. Na metade inferior da imagem, h\u00e1 um homem negro, com um corte de cabelo blackpower. J\u00e1 a metade superior \u00e9 ocupada por galhos incinerados que se ajustam ao penteado do homem.<\/p>\n<p>A imagem \u00e9 acompanhada por uma frase em destaque &#8211; que alerta que combater queimadas \u00e9 preservar a nossa pr\u00f3pria natureza \u2013 e por um texto que afirma que \u201ca seca \u00e9 implac\u00e1vel. E traz com ela um rastro de destrui\u00e7\u00e3o causado pelas in\u00fameras queimadas que se espalham pelo Distrito Federal. Os bichos morrem, as plantas sofrem e milhares de pessoas t\u00eam a sa\u00fade afetada pela polui\u00e7\u00e3o. \u00c9 preciso que todos se conscientizem de que fazer queimadas \u00e9 crime. Um crime contra a nossa pr\u00f3pria natureza\u201d.<\/p>\n<p>Para o deputado distrital, a imagem reproduz uma l\u00f3gica racista. \u201cComo \u00e9 sabido, a representa\u00e7\u00e3o do cabelo blackpower \u00e9 um s\u00edmbolo de luta para a popula\u00e7\u00e3o negra do Brasil, e usar imagens de \u201cgalhos incinerados\u201d sobre o cabelo representado na publicidade institucional do GDF foi percebido como uma grave viol\u00eancia institucional contra a popula\u00e7\u00e3o negra\u201d, sustenta Felix, em seu of\u00edcio.<\/p>\n<p>O deputado distrital ainda justifica sua iniciativa destacando que uma das atribui\u00e7\u00f5es da Comiss\u00e3o de Defesa dos Direitos Humanos \u00e9 investigar den\u00fancias de viola\u00e7\u00e3o dos direitos humanos ou cidadania, solicitar investiga\u00e7\u00e3o de casos e eventuais provid\u00eancias.<\/p>\n<p>Consultado pela Ag\u00eancia Brasil, o Conselho Nacional de Autorregulamenta\u00e7\u00e3o Publicit\u00e1ria (Conar) informou que, at\u00e9 o momento, n\u00e3o h\u00e1 nenhum processo aberto no \u00e2mbito da organiza\u00e7\u00e3o motivado por den\u00fancias de consumidores ou autoridades. Integrado por publicit\u00e1rios e profissionais de outras \u00e1reas do conhecimento, o conselho atua para, entre outras coisas, coibir a pr\u00e1tica de publicidade enganosa ou abusiva.<\/p>\n<p>A professora e psicanalista Mariana Almada foi uma das pessoas que se sentiu agredida pela pe\u00e7a divulgada pelo GDF. &#8220;\u00c9 imposs\u00edvel ver um absurdo desses e ficar calada&#8221;, afirmou Mariana em suas redes sociais.<\/p>\n<p>Para Mariana, que, em 2022, chegou a disputar uma vaga como deputada distrital o uso da imagem dos cabelos de um homem negro em associa\u00e7\u00e3o \u00e0 ideia da vegeta\u00e7\u00e3o queimada \u00e9 &#8220;inadmiss\u00edvel&#8221;.<\/p>\n<p>&#8220;Enquanto estamos trabalhando, sobretudo com as crian\u00e7as e jovens, a import\u00e2ncia da consci\u00eancia negra e desconstruindo os conceitos a respeito dos cabelos [de pessoas negras], que sempre foram vistos como &#8220;ruins&#8221;, vem o GDF e faz uma propaganda desrespeitosa e racista. N\u00e3o se trata s\u00f3 de uma imagem. Estamos falando dos nossos sentimentos, das nossas lutas di\u00e1rias e internas sobre o racismo que enfrentamos&#8221;, reclama Mariana.<\/p>\n<p>At\u00e9 a publica\u00e7\u00e3o da reportagem, nem o GDF, nem o Minist\u00e9rio P\u00fablico do Distrito Federal e Territ\u00f3rios responderam ao pedido de informa\u00e7\u00f5es.<\/p>\n","protected":false},"excerpt":{"rendered":"<p>O presidente da Comiss\u00e3o de Defesa dos Direitos Humanos, Cidadania, \u00c9tica e Decoro Parlamentar da C\u00e2mara Legislativa do Distrito Federal, deputado distrital F\u00e1bio Felix (PSOL-DF), acionou o Minist\u00e9rio P\u00fablico (MP) contra uma pe\u00e7a publicit\u00e1ria divulgada pelo governo do Distrito Federal. (A den\u00fancia foi publicada na quinta, 13, por Notibras). Em um of\u00edcio endere\u00e7ado \u00e0 promotora [&hellip;]<\/p>\n","protected":false},"author":2,"featured_media":308861,"comment_status":"closed","ping_status":"closed","sticky":false,"template":"","format":"standard","meta":{"_acf_changed":false,"footnotes":""},"categories":[161],"tags":[95],"class_list":["post-308860","post","type-post","status-publish","format-standard","has-post-thumbnail","hentry","category-quadradinho-em-foco","tag-capa"],"acf":[],"yoast_head":"<!-- This site is optimized with the Yoast SEO plugin v27.2 - https:\/\/yoast.com\/product\/yoast-seo-wordpress\/ -->\n<title>F\u00e1bio F\u00e9lix aciona MP contra publicidade racista de Ibaneis - Notibras<\/title>\n<meta name=\"robots\" content=\"index, follow, max-snippet:-1, max-image-preview:large, max-video-preview:-1\" \/>\n<link rel=\"canonical\" href=\"https:\/\/www.notibras.com\/site\/fabio-felix-aciona-mp-contra-publicidade-racista-de-ibaneis\/\" \/>\n<meta property=\"og:locale\" content=\"pt_BR\" \/>\n<meta property=\"og:type\" content=\"article\" \/>\n<meta property=\"og:title\" content=\"F\u00e1bio F\u00e9lix aciona MP contra publicidade racista de Ibaneis - Notibras\" \/>\n<meta property=\"og:description\" content=\"O presidente da Comiss\u00e3o de Defesa dos Direitos Humanos, Cidadania, \u00c9tica e Decoro Parlamentar da C\u00e2mara Legislativa do Distrito Federal, deputado distrital F\u00e1bio Felix (PSOL-DF), acionou o Minist\u00e9rio P\u00fablico (MP) contra uma pe\u00e7a publicit\u00e1ria divulgada pelo governo do Distrito Federal. (A den\u00fancia foi publicada na quinta, 13, por Notibras). Em um of\u00edcio endere\u00e7ado \u00e0 promotora [&hellip;]\" \/>\n<meta property=\"og:url\" content=\"https:\/\/www.notibras.com\/site\/fabio-felix-aciona-mp-contra-publicidade-racista-de-ibaneis\/\" \/>\n<meta property=\"og:site_name\" content=\"Notibras\" \/>\n<meta property=\"article:publisher\" content=\"https:\/\/www.facebook.com\/notibras\/\" \/>\n<meta property=\"article:published_time\" content=\"2023-07-14T22:17:33+00:00\" \/>\n<meta property=\"article:modified_time\" content=\"2023-07-14T23:30:19+00:00\" \/>\n<meta property=\"og:image\" content=\"https:\/\/www.notibras.com\/site\/wp-content\/uploads\/2023\/07\/campanhagdf.jpg\" \/>\n\t<meta property=\"og:image:width\" content=\"1170\" \/>\n\t<meta property=\"og:image:height\" content=\"700\" \/>\n\t<meta property=\"og:image:type\" content=\"image\/jpeg\" \/>\n<meta name=\"author\" content=\"Reda\u00e7\u00e3o\" \/>\n<meta name=\"twitter:card\" content=\"summary_large_image\" \/>\n<meta name=\"twitter:creator\" content=\"@Notibras\" \/>\n<meta name=\"twitter:site\" content=\"@Notibras\" \/>\n<meta name=\"twitter:label1\" content=\"Escrito por\" \/>\n\t<meta name=\"twitter:data1\" content=\"Reda\u00e7\u00e3o\" \/>\n\t<meta name=\"twitter:label2\" content=\"Est. tempo de leitura\" \/>\n\t<meta name=\"twitter:data2\" content=\"3 minutos\" \/>\n<script type=\"application\/ld+json\" class=\"yoast-schema-graph\">{\"@context\":\"https:\/\/schema.org\",\"@graph\":[{\"@type\":\"Article\",\"@id\":\"https:\/\/www.notibras.com\/site\/fabio-felix-aciona-mp-contra-publicidade-racista-de-ibaneis\/#article\",\"isPartOf\":{\"@id\":\"https:\/\/www.notibras.com\/site\/fabio-felix-aciona-mp-contra-publicidade-racista-de-ibaneis\/\"},\"author\":{\"name\":\"Reda\u00e7\u00e3o\",\"@id\":\"https:\/\/www.notibras.com\/site\/#\/schema\/person\/36ab0979449956132d3e5b517ea76ac8\"},\"headline\":\"F\u00e1bio F\u00e9lix aciona MP contra publicidade racista de Ibaneis\",\"datePublished\":\"2023-07-14T22:17:33+00:00\",\"dateModified\":\"2023-07-14T23:30:19+00:00\",\"mainEntityOfPage\":{\"@id\":\"https:\/\/www.notibras.com\/site\/fabio-felix-aciona-mp-contra-publicidade-racista-de-ibaneis\/\"},\"wordCount\":602,\"publisher\":{\"@id\":\"https:\/\/www.notibras.com\/site\/#organization\"},\"image\":{\"@id\":\"https:\/\/www.notibras.com\/site\/fabio-felix-aciona-mp-contra-publicidade-racista-de-ibaneis\/#primaryimage\"},\"thumbnailUrl\":\"https:\/\/www.notibras.com\/site\/wp-content\/uploads\/2023\/07\/campanhagdf.jpg\",\"keywords\":[\"capa\"],\"articleSection\":[\"Quadradinho em Foco\"],\"inLanguage\":\"pt-BR\"},{\"@type\":\"WebPage\",\"@id\":\"https:\/\/www.notibras.com\/site\/fabio-felix-aciona-mp-contra-publicidade-racista-de-ibaneis\/\",\"url\":\"https:\/\/www.notibras.com\/site\/fabio-felix-aciona-mp-contra-publicidade-racista-de-ibaneis\/\",\"name\":\"F\u00e1bio F\u00e9lix aciona MP contra publicidade racista de Ibaneis - Notibras\",\"isPartOf\":{\"@id\":\"https:\/\/www.notibras.com\/site\/#website\"},\"primaryImageOfPage\":{\"@id\":\"https:\/\/www.notibras.com\/site\/fabio-felix-aciona-mp-contra-publicidade-racista-de-ibaneis\/#primaryimage\"},\"image\":{\"@id\":\"https:\/\/www.notibras.com\/site\/fabio-felix-aciona-mp-contra-publicidade-racista-de-ibaneis\/#primaryimage\"},\"thumbnailUrl\":\"https:\/\/www.notibras.com\/site\/wp-content\/uploads\/2023\/07\/campanhagdf.jpg\",\"datePublished\":\"2023-07-14T22:17:33+00:00\",\"dateModified\":\"2023-07-14T23:30:19+00:00\",\"breadcrumb\":{\"@id\":\"https:\/\/www.notibras.com\/site\/fabio-felix-aciona-mp-contra-publicidade-racista-de-ibaneis\/#breadcrumb\"},\"inLanguage\":\"pt-BR\",\"potentialAction\":[{\"@type\":\"ReadAction\",\"target\":[\"https:\/\/www.notibras.com\/site\/fabio-felix-aciona-mp-contra-publicidade-racista-de-ibaneis\/\"]}]},{\"@type\":\"ImageObject\",\"inLanguage\":\"pt-BR\",\"@id\":\"https:\/\/www.notibras.com\/site\/fabio-felix-aciona-mp-contra-publicidade-racista-de-ibaneis\/#primaryimage\",\"url\":\"https:\/\/www.notibras.com\/site\/wp-content\/uploads\/2023\/07\/campanhagdf.jpg\",\"contentUrl\":\"https:\/\/www.notibras.com\/site\/wp-content\/uploads\/2023\/07\/campanhagdf.jpg\",\"width\":1170,\"height\":700,\"caption\":\"Bras\u00edlia (DF) - O deputado distrital F\u00e1bio Felix (PSOL-DF) vai apresentar uma a\u00e7\u00e3o no Minist\u00e9rio P\u00fablico do Distrito Federal e Territ\u00f3rios (MPDFT) contra o governo do Distrito Federal (GDF) por campanha publicit\u00e1ria que supostamente relaciona cabelo afro a queimadas. Foto: GDF\/Secom\"},{\"@type\":\"BreadcrumbList\",\"@id\":\"https:\/\/www.notibras.com\/site\/fabio-felix-aciona-mp-contra-publicidade-racista-de-ibaneis\/#breadcrumb\",\"itemListElement\":[{\"@type\":\"ListItem\",\"position\":1,\"name\":\"In\u00edcio\",\"item\":\"https:\/\/www.notibras.com\/site\/\"},{\"@type\":\"ListItem\",\"position\":2,\"name\":\"F\u00e1bio F\u00e9lix aciona MP contra publicidade racista de Ibaneis\"}]},{\"@type\":\"WebSite\",\"@id\":\"https:\/\/www.notibras.com\/site\/#website\",\"url\":\"https:\/\/www.notibras.com\/site\/\",\"name\":\"Notibras\",\"description\":\"Not\u00edcias de Bras\u00edlia, do Brasil e do Mundo\",\"publisher\":{\"@id\":\"https:\/\/www.notibras.com\/site\/#organization\"},\"potentialAction\":[{\"@type\":\"SearchAction\",\"target\":{\"@type\":\"EntryPoint\",\"urlTemplate\":\"https:\/\/www.notibras.com\/site\/?s={search_term_string}\"},\"query-input\":{\"@type\":\"PropertyValueSpecification\",\"valueRequired\":true,\"valueName\":\"search_term_string\"}}],\"inLanguage\":\"pt-BR\"},{\"@type\":\"Organization\",\"@id\":\"https:\/\/www.notibras.com\/site\/#organization\",\"name\":\"Grupo Notibras de Comunica\u00e7\u00e3o\",\"url\":\"https:\/\/www.notibras.com\/site\/\",\"logo\":{\"@type\":\"ImageObject\",\"inLanguage\":\"pt-BR\",\"@id\":\"https:\/\/www.notibras.com\/site\/#\/schema\/logo\/image\/\",\"url\":\"https:\/\/www.notibras.com\/site\/wp-content\/uploads\/2023\/01\/notibras23.png\",\"contentUrl\":\"https:\/\/www.notibras.com\/site\/wp-content\/uploads\/2023\/01\/notibras23.png\",\"width\":350,\"height\":87,\"caption\":\"Grupo Notibras de Comunica\u00e7\u00e3o\"},\"image\":{\"@id\":\"https:\/\/www.notibras.com\/site\/#\/schema\/logo\/image\/\"},\"sameAs\":[\"https:\/\/www.facebook.com\/notibras\/\",\"https:\/\/x.com\/Notibras\",\"https:\/\/www.instagram.com\/notibras\/\"]},{\"@type\":\"Person\",\"@id\":\"https:\/\/www.notibras.com\/site\/#\/schema\/person\/36ab0979449956132d3e5b517ea76ac8\",\"name\":\"Reda\u00e7\u00e3o\",\"image\":{\"@type\":\"ImageObject\",\"inLanguage\":\"pt-BR\",\"@id\":\"https:\/\/secure.gravatar.com\/avatar\/e0a867bdedb85fd243eadf09663511f96fc81e0720a4a42581f334ad4303aa6b?s=96&d=mm&r=g\",\"url\":\"https:\/\/secure.gravatar.com\/avatar\/e0a867bdedb85fd243eadf09663511f96fc81e0720a4a42581f334ad4303aa6b?s=96&d=mm&r=g\",\"contentUrl\":\"https:\/\/secure.gravatar.com\/avatar\/e0a867bdedb85fd243eadf09663511f96fc81e0720a4a42581f334ad4303aa6b?s=96&d=mm&r=g\",\"caption\":\"Reda\u00e7\u00e3o\"}}]}<\/script>\n<!-- \/ Yoast SEO plugin. -->","yoast_head_json":{"title":"F\u00e1bio F\u00e9lix aciona MP contra publicidade racista de Ibaneis - Notibras","robots":{"index":"index","follow":"follow","max-snippet":"max-snippet:-1","max-image-preview":"max-image-preview:large","max-video-preview":"max-video-preview:-1"},"canonical":"https:\/\/www.notibras.com\/site\/fabio-felix-aciona-mp-contra-publicidade-racista-de-ibaneis\/","og_locale":"pt_BR","og_type":"article","og_title":"F\u00e1bio F\u00e9lix aciona MP contra publicidade racista de Ibaneis - Notibras","og_description":"O presidente da Comiss\u00e3o de Defesa dos Direitos Humanos, Cidadania, \u00c9tica e Decoro Parlamentar da C\u00e2mara Legislativa do Distrito Federal, deputado distrital F\u00e1bio Felix (PSOL-DF), acionou o Minist\u00e9rio P\u00fablico (MP) contra uma pe\u00e7a publicit\u00e1ria divulgada pelo governo do Distrito Federal. (A den\u00fancia foi publicada na quinta, 13, por Notibras). Em um of\u00edcio endere\u00e7ado \u00e0 promotora [&hellip;]","og_url":"https:\/\/www.notibras.com\/site\/fabio-felix-aciona-mp-contra-publicidade-racista-de-ibaneis\/","og_site_name":"Notibras","article_publisher":"https:\/\/www.facebook.com\/notibras\/","article_published_time":"2023-07-14T22:17:33+00:00","article_modified_time":"2023-07-14T23:30:19+00:00","og_image":[{"width":1170,"height":700,"url":"https:\/\/www.notibras.com\/site\/wp-content\/uploads\/2023\/07\/campanhagdf.jpg","type":"image\/jpeg"}],"author":"Reda\u00e7\u00e3o","twitter_card":"summary_large_image","twitter_creator":"@Notibras","twitter_site":"@Notibras","twitter_misc":{"Escrito por":"Reda\u00e7\u00e3o","Est. tempo de leitura":"3 minutos"},"schema":{"@context":"https:\/\/schema.org","@graph":[{"@type":"Article","@id":"https:\/\/www.notibras.com\/site\/fabio-felix-aciona-mp-contra-publicidade-racista-de-ibaneis\/#article","isPartOf":{"@id":"https:\/\/www.notibras.com\/site\/fabio-felix-aciona-mp-contra-publicidade-racista-de-ibaneis\/"},"author":{"name":"Reda\u00e7\u00e3o","@id":"https:\/\/www.notibras.com\/site\/#\/schema\/person\/36ab0979449956132d3e5b517ea76ac8"},"headline":"F\u00e1bio F\u00e9lix aciona MP contra publicidade racista de Ibaneis","datePublished":"2023-07-14T22:17:33+00:00","dateModified":"2023-07-14T23:30:19+00:00","mainEntityOfPage":{"@id":"https:\/\/www.notibras.com\/site\/fabio-felix-aciona-mp-contra-publicidade-racista-de-ibaneis\/"},"wordCount":602,"publisher":{"@id":"https:\/\/www.notibras.com\/site\/#organization"},"image":{"@id":"https:\/\/www.notibras.com\/site\/fabio-felix-aciona-mp-contra-publicidade-racista-de-ibaneis\/#primaryimage"},"thumbnailUrl":"https:\/\/www.notibras.com\/site\/wp-content\/uploads\/2023\/07\/campanhagdf.jpg","keywords":["capa"],"articleSection":["Quadradinho em Foco"],"inLanguage":"pt-BR"},{"@type":"WebPage","@id":"https:\/\/www.notibras.com\/site\/fabio-felix-aciona-mp-contra-publicidade-racista-de-ibaneis\/","url":"https:\/\/www.notibras.com\/site\/fabio-felix-aciona-mp-contra-publicidade-racista-de-ibaneis\/","name":"F\u00e1bio F\u00e9lix aciona MP contra publicidade racista de Ibaneis - Notibras","isPartOf":{"@id":"https:\/\/www.notibras.com\/site\/#website"},"primaryImageOfPage":{"@id":"https:\/\/www.notibras.com\/site\/fabio-felix-aciona-mp-contra-publicidade-racista-de-ibaneis\/#primaryimage"},"image":{"@id":"https:\/\/www.notibras.com\/site\/fabio-felix-aciona-mp-contra-publicidade-racista-de-ibaneis\/#primaryimage"},"thumbnailUrl":"https:\/\/www.notibras.com\/site\/wp-content\/uploads\/2023\/07\/campanhagdf.jpg","datePublished":"2023-07-14T22:17:33+00:00","dateModified":"2023-07-14T23:30:19+00:00","breadcrumb":{"@id":"https:\/\/www.notibras.com\/site\/fabio-felix-aciona-mp-contra-publicidade-racista-de-ibaneis\/#breadcrumb"},"inLanguage":"pt-BR","potentialAction":[{"@type":"ReadAction","target":["https:\/\/www.notibras.com\/site\/fabio-felix-aciona-mp-contra-publicidade-racista-de-ibaneis\/"]}]},{"@type":"ImageObject","inLanguage":"pt-BR","@id":"https:\/\/www.notibras.com\/site\/fabio-felix-aciona-mp-contra-publicidade-racista-de-ibaneis\/#primaryimage","url":"https:\/\/www.notibras.com\/site\/wp-content\/uploads\/2023\/07\/campanhagdf.jpg","contentUrl":"https:\/\/www.notibras.com\/site\/wp-content\/uploads\/2023\/07\/campanhagdf.jpg","width":1170,"height":700,"caption":"Bras\u00edlia (DF) - O deputado distrital F\u00e1bio Felix (PSOL-DF) vai apresentar uma a\u00e7\u00e3o no Minist\u00e9rio P\u00fablico do Distrito Federal e Territ\u00f3rios (MPDFT) contra o governo do Distrito Federal (GDF) por campanha publicit\u00e1ria que supostamente relaciona cabelo afro a queimadas. Foto: GDF\/Secom"},{"@type":"BreadcrumbList","@id":"https:\/\/www.notibras.com\/site\/fabio-felix-aciona-mp-contra-publicidade-racista-de-ibaneis\/#breadcrumb","itemListElement":[{"@type":"ListItem","position":1,"name":"In\u00edcio","item":"https:\/\/www.notibras.com\/site\/"},{"@type":"ListItem","position":2,"name":"F\u00e1bio F\u00e9lix aciona MP contra publicidade racista de Ibaneis"}]},{"@type":"WebSite","@id":"https:\/\/www.notibras.com\/site\/#website","url":"https:\/\/www.notibras.com\/site\/","name":"Notibras","description":"Not\u00edcias de Bras\u00edlia, do Brasil e do Mundo","publisher":{"@id":"https:\/\/www.notibras.com\/site\/#organization"},"potentialAction":[{"@type":"SearchAction","target":{"@type":"EntryPoint","urlTemplate":"https:\/\/www.notibras.com\/site\/?s={search_term_string}"},"query-input":{"@type":"PropertyValueSpecification","valueRequired":true,"valueName":"search_term_string"}}],"inLanguage":"pt-BR"},{"@type":"Organization","@id":"https:\/\/www.notibras.com\/site\/#organization","name":"Grupo Notibras de Comunica\u00e7\u00e3o","url":"https:\/\/www.notibras.com\/site\/","logo":{"@type":"ImageObject","inLanguage":"pt-BR","@id":"https:\/\/www.notibras.com\/site\/#\/schema\/logo\/image\/","url":"https:\/\/www.notibras.com\/site\/wp-content\/uploads\/2023\/01\/notibras23.png","contentUrl":"https:\/\/www.notibras.com\/site\/wp-content\/uploads\/2023\/01\/notibras23.png","width":350,"height":87,"caption":"Grupo Notibras de Comunica\u00e7\u00e3o"},"image":{"@id":"https:\/\/www.notibras.com\/site\/#\/schema\/logo\/image\/"},"sameAs":["https:\/\/www.facebook.com\/notibras\/","https:\/\/x.com\/Notibras","https:\/\/www.instagram.com\/notibras\/"]},{"@type":"Person","@id":"https:\/\/www.notibras.com\/site\/#\/schema\/person\/36ab0979449956132d3e5b517ea76ac8","name":"Reda\u00e7\u00e3o","image":{"@type":"ImageObject","inLanguage":"pt-BR","@id":"https:\/\/secure.gravatar.com\/avatar\/e0a867bdedb85fd243eadf09663511f96fc81e0720a4a42581f334ad4303aa6b?s=96&d=mm&r=g","url":"https:\/\/secure.gravatar.com\/avatar\/e0a867bdedb85fd243eadf09663511f96fc81e0720a4a42581f334ad4303aa6b?s=96&d=mm&r=g","contentUrl":"https:\/\/secure.gravatar.com\/avatar\/e0a867bdedb85fd243eadf09663511f96fc81e0720a4a42581f334ad4303aa6b?s=96&d=mm&r=g","caption":"Reda\u00e7\u00e3o"}}]}},"amp_enabled":true,"_links":{"self":[{"href":"https:\/\/www.notibras.com\/site\/wp-json\/wp\/v2\/posts\/308860","targetHints":{"allow":["GET"]}}],"collection":[{"href":"https:\/\/www.notibras.com\/site\/wp-json\/wp\/v2\/posts"}],"about":[{"href":"https:\/\/www.notibras.com\/site\/wp-json\/wp\/v2\/types\/post"}],"author":[{"embeddable":true,"href":"https:\/\/www.notibras.com\/site\/wp-json\/wp\/v2\/users\/2"}],"replies":[{"embeddable":true,"href":"https:\/\/www.notibras.com\/site\/wp-json\/wp\/v2\/comments?post=308860"}],"version-history":[{"count":6,"href":"https:\/\/www.notibras.com\/site\/wp-json\/wp\/v2\/posts\/308860\/revisions"}],"predecessor-version":[{"id":308867,"href":"https:\/\/www.notibras.com\/site\/wp-json\/wp\/v2\/posts\/308860\/revisions\/308867"}],"wp:featuredmedia":[{"embeddable":true,"href":"https:\/\/www.notibras.com\/site\/wp-json\/wp\/v2\/media\/308861"}],"wp:attachment":[{"href":"https:\/\/www.notibras.com\/site\/wp-json\/wp\/v2\/media?parent=308860"}],"wp:term":[{"taxonomy":"category","embeddable":true,"href":"https:\/\/www.notibras.com\/site\/wp-json\/wp\/v2\/categories?post=308860"},{"taxonomy":"post_tag","embeddable":true,"href":"https:\/\/www.notibras.com\/site\/wp-json\/wp\/v2\/tags?post=308860"}],"curies":[{"name":"wp","href":"https:\/\/api.w.org\/{rel}","templated":true}]}}