{"id":308891,"date":"2023-07-15T00:26:45","date_gmt":"2023-07-15T03:26:45","guid":{"rendered":"https:\/\/www.notibras.com\/site\/?p=308891"},"modified":"2023-07-15T06:33:37","modified_gmt":"2023-07-15T09:33:37","slug":"servidor-tera-ponto-facultativo-em-jogos-da-selecao","status":"publish","type":"post","link":"https:\/\/www.notibras.com\/site\/servidor-tera-ponto-facultativo-em-jogos-da-selecao\/","title":{"rendered":"Servidor ter\u00e1 ponto facultativo em jogos da Sele\u00e7\u00e3o"},"content":{"rendered":"<p>O Minist\u00e9rio da Gest\u00e3o e Inova\u00e7\u00e3o vai publicar uma portaria para permitir a ado\u00e7\u00e3o de ponto facultativo para servidores p\u00fablicos federais nos dias de jogos da Sele\u00e7\u00e3o Brasileira Feminina de futebol durante a Copa do Mundo da Austr\u00e1lia e Nova Zel\u00e2ndia. O torneio ocorre entre os dias 20 de julho e 20 de agosto. A estreia da sele\u00e7\u00e3o brasileira feminina ocorre no pr\u00f3ximo dia 24, contra o Panam\u00e1. A equipe est\u00e1 no Grupo F, que conta ainda com Fran\u00e7a e Jamaica.<\/p>\n<p>Com a flexibiliza\u00e7\u00e3o, servidores poder\u00e3o se ausentar do trabalho para assistir aos jogos. A medida j\u00e1 \u00e9 tradicionalmente adotada na Copa do Mundo masculina de futebol. De acordo com a portaria, em dias de jogos que come\u00e7arem at\u00e9 7h30, o expediente ter\u00e1 in\u00edcio \u00e0s 11h. Nos dias de jogos iniciados \u00e0s 8h, o expediente come\u00e7ar\u00e1 ao meio-dia. O documento prev\u00ea ainda a compensa\u00e7\u00e3o das horas n\u00e3o trabalhadas at\u00e9 o dia 29 de dezembro.<\/p>\n<p>A decis\u00e3o de autorizar o ponto facultativo partiu de um pedido da ministra do Esporte, Ana Moser, ao presidente Luiz In\u00e1cio Lula da Silva, no dia que ambos acompanharam o treino da Sele\u00e7\u00e3o no Est\u00e1dio Nacional Man\u00e9 Garricha, em Bras\u00edlia, h\u00e1 cerca de duas semanas. A previs\u00e3o \u00e9 que a portaria seja publicada na pr\u00f3xima ter\u00e7a-feira (18), no Di\u00e1rio Oficial da Uni\u00e3o. A informa\u00e7\u00e3o foi confirmada \u00e0 Ag\u00eancia Brasil pelo Minist\u00e9rio do Esporte.<\/p>\n<p><strong>Jogos da Sele\u00e7\u00e3o<\/strong><br \/>\nA estreia do Brasil na Copa do Mundo Feminina acontecer\u00e1 no dia 24 de julho, uma segunda-feira, \u00e0s 8 horas (hor\u00e1rio de Bras\u00edlia), contra o Panam\u00e1. A partida correr\u00e1 no Hindmarsh Stadium, em Adelaide. O segundo jogo ser\u00e1 no s\u00e1bado, dia 29 de julho, contra a Fran\u00e7a, \u00e0s 7 horas, no Sidney Football Stadium, em Sidney. Na \u00faltima rodada da primeira fase, o Brasil joga contra a Jamaica, no dia 2 de agosto, quarta-feira, \u00e0s 7 horas, no Melbourne Rectangular Stadium, em Melbourne.<\/p>\n<p><strong>Candidatura<\/strong><br \/>\nNa pr\u00f3xima semana, Ana Moser embarca para a Oceania para acompanhar de perto a Sele\u00e7\u00e3o na Copa. Al\u00e9m de apoiar as jogadoras brasileiras na disputa por um t\u00edtulo in\u00e9dito, a ministra vai articular uma s\u00e9rie de reuni\u00f5es para apresentar a candidatura brasileira para sediar o pr\u00f3ximo Mundial feminino, em 2027. A escolha ser\u00e1 feita pela Federa\u00e7\u00e3o Internacional de Futebol (Fifa) somente no ano que vem.<\/p>\n","protected":false},"excerpt":{"rendered":"<p>O Minist\u00e9rio da Gest\u00e3o e Inova\u00e7\u00e3o vai publicar uma portaria para permitir a ado\u00e7\u00e3o de ponto facultativo para servidores p\u00fablicos federais nos dias de jogos da Sele\u00e7\u00e3o Brasileira Feminina de futebol durante a Copa do Mundo da Austr\u00e1lia e Nova Zel\u00e2ndia. O torneio ocorre entre os dias 20 de julho e 20 de agosto. A [&hellip;]<\/p>\n","protected":false},"author":2,"featured_media":308892,"comment_status":"closed","ping_status":"closed","sticky":false,"template":"","format":"standard","meta":{"_acf_changed":false,"footnotes":""},"categories":[161],"tags":[],"class_list":["post-308891","post","type-post","status-publish","format-standard","has-post-thumbnail","hentry","category-quadradinho-em-foco"],"acf":[],"yoast_head":"<!-- This site is optimized with the Yoast SEO plugin v27.2 - https:\/\/yoast.com\/product\/yoast-seo-wordpress\/ -->\n<title>Servidor ter\u00e1 ponto facultativo em jogos da Sele\u00e7\u00e3o - Notibras<\/title>\n<meta name=\"robots\" content=\"index, follow, max-snippet:-1, max-image-preview:large, max-video-preview:-1\" \/>\n<link rel=\"canonical\" href=\"https:\/\/www.notibras.com\/site\/servidor-tera-ponto-facultativo-em-jogos-da-selecao\/\" \/>\n<meta property=\"og:locale\" content=\"pt_BR\" \/>\n<meta property=\"og:type\" content=\"article\" \/>\n<meta property=\"og:title\" content=\"Servidor ter\u00e1 ponto facultativo em jogos da Sele\u00e7\u00e3o - Notibras\" \/>\n<meta property=\"og:description\" content=\"O Minist\u00e9rio da Gest\u00e3o e Inova\u00e7\u00e3o vai publicar uma portaria para permitir a ado\u00e7\u00e3o de ponto facultativo para servidores p\u00fablicos federais nos dias de jogos da Sele\u00e7\u00e3o Brasileira Feminina de futebol durante a Copa do Mundo da Austr\u00e1lia e Nova Zel\u00e2ndia. O torneio ocorre entre os dias 20 de julho e 20 de agosto. A [&hellip;]\" \/>\n<meta property=\"og:url\" content=\"https:\/\/www.notibras.com\/site\/servidor-tera-ponto-facultativo-em-jogos-da-selecao\/\" \/>\n<meta property=\"og:site_name\" content=\"Notibras\" \/>\n<meta property=\"article:publisher\" content=\"https:\/\/www.facebook.com\/notibras\/\" \/>\n<meta property=\"article:published_time\" content=\"2023-07-15T03:26:45+00:00\" \/>\n<meta property=\"article:modified_time\" content=\"2023-07-15T09:33:37+00:00\" \/>\n<meta property=\"og:image\" content=\"https:\/\/www.notibras.com\/site\/wp-content\/uploads\/2023\/07\/selecao_feminina_she_believes.jpg\" \/>\n\t<meta property=\"og:image:width\" content=\"1170\" \/>\n\t<meta property=\"og:image:height\" content=\"700\" \/>\n\t<meta property=\"og:image:type\" content=\"image\/jpeg\" \/>\n<meta name=\"author\" content=\"Reda\u00e7\u00e3o\" \/>\n<meta name=\"twitter:card\" content=\"summary_large_image\" \/>\n<meta name=\"twitter:creator\" content=\"@Notibras\" \/>\n<meta name=\"twitter:site\" content=\"@Notibras\" \/>\n<meta name=\"twitter:label1\" content=\"Escrito por\" \/>\n\t<meta name=\"twitter:data1\" content=\"Reda\u00e7\u00e3o\" \/>\n\t<meta name=\"twitter:label2\" content=\"Est. tempo de leitura\" \/>\n\t<meta name=\"twitter:data2\" content=\"3 minutos\" \/>\n<script type=\"application\/ld+json\" class=\"yoast-schema-graph\">{\"@context\":\"https:\/\/schema.org\",\"@graph\":[{\"@type\":\"Article\",\"@id\":\"https:\/\/www.notibras.com\/site\/servidor-tera-ponto-facultativo-em-jogos-da-selecao\/#article\",\"isPartOf\":{\"@id\":\"https:\/\/www.notibras.com\/site\/servidor-tera-ponto-facultativo-em-jogos-da-selecao\/\"},\"author\":{\"name\":\"Reda\u00e7\u00e3o\",\"@id\":\"https:\/\/www.notibras.com\/site\/#\/schema\/person\/36ab0979449956132d3e5b517ea76ac8\"},\"headline\":\"Servidor ter\u00e1 ponto facultativo em jogos da Sele\u00e7\u00e3o\",\"datePublished\":\"2023-07-15T03:26:45+00:00\",\"dateModified\":\"2023-07-15T09:33:37+00:00\",\"mainEntityOfPage\":{\"@id\":\"https:\/\/www.notibras.com\/site\/servidor-tera-ponto-facultativo-em-jogos-da-selecao\/\"},\"wordCount\":418,\"publisher\":{\"@id\":\"https:\/\/www.notibras.com\/site\/#organization\"},\"image\":{\"@id\":\"https:\/\/www.notibras.com\/site\/servidor-tera-ponto-facultativo-em-jogos-da-selecao\/#primaryimage\"},\"thumbnailUrl\":\"https:\/\/www.notibras.com\/site\/wp-content\/uploads\/2023\/07\/selecao_feminina_she_believes.jpg\",\"articleSection\":[\"Quadradinho em Foco\"],\"inLanguage\":\"pt-BR\"},{\"@type\":\"WebPage\",\"@id\":\"https:\/\/www.notibras.com\/site\/servidor-tera-ponto-facultativo-em-jogos-da-selecao\/\",\"url\":\"https:\/\/www.notibras.com\/site\/servidor-tera-ponto-facultativo-em-jogos-da-selecao\/\",\"name\":\"Servidor ter\u00e1 ponto facultativo em jogos da Sele\u00e7\u00e3o - Notibras\",\"isPartOf\":{\"@id\":\"https:\/\/www.notibras.com\/site\/#website\"},\"primaryImageOfPage\":{\"@id\":\"https:\/\/www.notibras.com\/site\/servidor-tera-ponto-facultativo-em-jogos-da-selecao\/#primaryimage\"},\"image\":{\"@id\":\"https:\/\/www.notibras.com\/site\/servidor-tera-ponto-facultativo-em-jogos-da-selecao\/#primaryimage\"},\"thumbnailUrl\":\"https:\/\/www.notibras.com\/site\/wp-content\/uploads\/2023\/07\/selecao_feminina_she_believes.jpg\",\"datePublished\":\"2023-07-15T03:26:45+00:00\",\"dateModified\":\"2023-07-15T09:33:37+00:00\",\"breadcrumb\":{\"@id\":\"https:\/\/www.notibras.com\/site\/servidor-tera-ponto-facultativo-em-jogos-da-selecao\/#breadcrumb\"},\"inLanguage\":\"pt-BR\",\"potentialAction\":[{\"@type\":\"ReadAction\",\"target\":[\"https:\/\/www.notibras.com\/site\/servidor-tera-ponto-facultativo-em-jogos-da-selecao\/\"]}]},{\"@type\":\"ImageObject\",\"inLanguage\":\"pt-BR\",\"@id\":\"https:\/\/www.notibras.com\/site\/servidor-tera-ponto-facultativo-em-jogos-da-selecao\/#primaryimage\",\"url\":\"https:\/\/www.notibras.com\/site\/wp-content\/uploads\/2023\/07\/selecao_feminina_she_believes.jpg\",\"contentUrl\":\"https:\/\/www.notibras.com\/site\/wp-content\/uploads\/2023\/07\/selecao_feminina_she_believes.jpg\",\"width\":1170,\"height\":700},{\"@type\":\"BreadcrumbList\",\"@id\":\"https:\/\/www.notibras.com\/site\/servidor-tera-ponto-facultativo-em-jogos-da-selecao\/#breadcrumb\",\"itemListElement\":[{\"@type\":\"ListItem\",\"position\":1,\"name\":\"In\u00edcio\",\"item\":\"https:\/\/www.notibras.com\/site\/\"},{\"@type\":\"ListItem\",\"position\":2,\"name\":\"Servidor ter\u00e1 ponto facultativo em jogos da Sele\u00e7\u00e3o\"}]},{\"@type\":\"WebSite\",\"@id\":\"https:\/\/www.notibras.com\/site\/#website\",\"url\":\"https:\/\/www.notibras.com\/site\/\",\"name\":\"Notibras\",\"description\":\"Not\u00edcias de Bras\u00edlia, do Brasil e do Mundo\",\"publisher\":{\"@id\":\"https:\/\/www.notibras.com\/site\/#organization\"},\"potentialAction\":[{\"@type\":\"SearchAction\",\"target\":{\"@type\":\"EntryPoint\",\"urlTemplate\":\"https:\/\/www.notibras.com\/site\/?s={search_term_string}\"},\"query-input\":{\"@type\":\"PropertyValueSpecification\",\"valueRequired\":true,\"valueName\":\"search_term_string\"}}],\"inLanguage\":\"pt-BR\"},{\"@type\":\"Organization\",\"@id\":\"https:\/\/www.notibras.com\/site\/#organization\",\"name\":\"Grupo Notibras de Comunica\u00e7\u00e3o\",\"url\":\"https:\/\/www.notibras.com\/site\/\",\"logo\":{\"@type\":\"ImageObject\",\"inLanguage\":\"pt-BR\",\"@id\":\"https:\/\/www.notibras.com\/site\/#\/schema\/logo\/image\/\",\"url\":\"https:\/\/www.notibras.com\/site\/wp-content\/uploads\/2023\/01\/notibras23.png\",\"contentUrl\":\"https:\/\/www.notibras.com\/site\/wp-content\/uploads\/2023\/01\/notibras23.png\",\"width\":350,\"height\":87,\"caption\":\"Grupo Notibras de Comunica\u00e7\u00e3o\"},\"image\":{\"@id\":\"https:\/\/www.notibras.com\/site\/#\/schema\/logo\/image\/\"},\"sameAs\":[\"https:\/\/www.facebook.com\/notibras\/\",\"https:\/\/x.com\/Notibras\",\"https:\/\/www.instagram.com\/notibras\/\"]},{\"@type\":\"Person\",\"@id\":\"https:\/\/www.notibras.com\/site\/#\/schema\/person\/36ab0979449956132d3e5b517ea76ac8\",\"name\":\"Reda\u00e7\u00e3o\",\"image\":{\"@type\":\"ImageObject\",\"inLanguage\":\"pt-BR\",\"@id\":\"https:\/\/secure.gravatar.com\/avatar\/e0a867bdedb85fd243eadf09663511f96fc81e0720a4a42581f334ad4303aa6b?s=96&d=mm&r=g\",\"url\":\"https:\/\/secure.gravatar.com\/avatar\/e0a867bdedb85fd243eadf09663511f96fc81e0720a4a42581f334ad4303aa6b?s=96&d=mm&r=g\",\"contentUrl\":\"https:\/\/secure.gravatar.com\/avatar\/e0a867bdedb85fd243eadf09663511f96fc81e0720a4a42581f334ad4303aa6b?s=96&d=mm&r=g\",\"caption\":\"Reda\u00e7\u00e3o\"}}]}<\/script>\n<!-- \/ Yoast SEO plugin. -->","yoast_head_json":{"title":"Servidor ter\u00e1 ponto facultativo em jogos da Sele\u00e7\u00e3o - Notibras","robots":{"index":"index","follow":"follow","max-snippet":"max-snippet:-1","max-image-preview":"max-image-preview:large","max-video-preview":"max-video-preview:-1"},"canonical":"https:\/\/www.notibras.com\/site\/servidor-tera-ponto-facultativo-em-jogos-da-selecao\/","og_locale":"pt_BR","og_type":"article","og_title":"Servidor ter\u00e1 ponto facultativo em jogos da Sele\u00e7\u00e3o - Notibras","og_description":"O Minist\u00e9rio da Gest\u00e3o e Inova\u00e7\u00e3o vai publicar uma portaria para permitir a ado\u00e7\u00e3o de ponto facultativo para servidores p\u00fablicos federais nos dias de jogos da Sele\u00e7\u00e3o Brasileira Feminina de futebol durante a Copa do Mundo da Austr\u00e1lia e Nova Zel\u00e2ndia. O torneio ocorre entre os dias 20 de julho e 20 de agosto. A [&hellip;]","og_url":"https:\/\/www.notibras.com\/site\/servidor-tera-ponto-facultativo-em-jogos-da-selecao\/","og_site_name":"Notibras","article_publisher":"https:\/\/www.facebook.com\/notibras\/","article_published_time":"2023-07-15T03:26:45+00:00","article_modified_time":"2023-07-15T09:33:37+00:00","og_image":[{"width":1170,"height":700,"url":"https:\/\/www.notibras.com\/site\/wp-content\/uploads\/2023\/07\/selecao_feminina_she_believes.jpg","type":"image\/jpeg"}],"author":"Reda\u00e7\u00e3o","twitter_card":"summary_large_image","twitter_creator":"@Notibras","twitter_site":"@Notibras","twitter_misc":{"Escrito por":"Reda\u00e7\u00e3o","Est. tempo de leitura":"3 minutos"},"schema":{"@context":"https:\/\/schema.org","@graph":[{"@type":"Article","@id":"https:\/\/www.notibras.com\/site\/servidor-tera-ponto-facultativo-em-jogos-da-selecao\/#article","isPartOf":{"@id":"https:\/\/www.notibras.com\/site\/servidor-tera-ponto-facultativo-em-jogos-da-selecao\/"},"author":{"name":"Reda\u00e7\u00e3o","@id":"https:\/\/www.notibras.com\/site\/#\/schema\/person\/36ab0979449956132d3e5b517ea76ac8"},"headline":"Servidor ter\u00e1 ponto facultativo em jogos da Sele\u00e7\u00e3o","datePublished":"2023-07-15T03:26:45+00:00","dateModified":"2023-07-15T09:33:37+00:00","mainEntityOfPage":{"@id":"https:\/\/www.notibras.com\/site\/servidor-tera-ponto-facultativo-em-jogos-da-selecao\/"},"wordCount":418,"publisher":{"@id":"https:\/\/www.notibras.com\/site\/#organization"},"image":{"@id":"https:\/\/www.notibras.com\/site\/servidor-tera-ponto-facultativo-em-jogos-da-selecao\/#primaryimage"},"thumbnailUrl":"https:\/\/www.notibras.com\/site\/wp-content\/uploads\/2023\/07\/selecao_feminina_she_believes.jpg","articleSection":["Quadradinho em Foco"],"inLanguage":"pt-BR"},{"@type":"WebPage","@id":"https:\/\/www.notibras.com\/site\/servidor-tera-ponto-facultativo-em-jogos-da-selecao\/","url":"https:\/\/www.notibras.com\/site\/servidor-tera-ponto-facultativo-em-jogos-da-selecao\/","name":"Servidor ter\u00e1 ponto facultativo em jogos da Sele\u00e7\u00e3o - Notibras","isPartOf":{"@id":"https:\/\/www.notibras.com\/site\/#website"},"primaryImageOfPage":{"@id":"https:\/\/www.notibras.com\/site\/servidor-tera-ponto-facultativo-em-jogos-da-selecao\/#primaryimage"},"image":{"@id":"https:\/\/www.notibras.com\/site\/servidor-tera-ponto-facultativo-em-jogos-da-selecao\/#primaryimage"},"thumbnailUrl":"https:\/\/www.notibras.com\/site\/wp-content\/uploads\/2023\/07\/selecao_feminina_she_believes.jpg","datePublished":"2023-07-15T03:26:45+00:00","dateModified":"2023-07-15T09:33:37+00:00","breadcrumb":{"@id":"https:\/\/www.notibras.com\/site\/servidor-tera-ponto-facultativo-em-jogos-da-selecao\/#breadcrumb"},"inLanguage":"pt-BR","potentialAction":[{"@type":"ReadAction","target":["https:\/\/www.notibras.com\/site\/servidor-tera-ponto-facultativo-em-jogos-da-selecao\/"]}]},{"@type":"ImageObject","inLanguage":"pt-BR","@id":"https:\/\/www.notibras.com\/site\/servidor-tera-ponto-facultativo-em-jogos-da-selecao\/#primaryimage","url":"https:\/\/www.notibras.com\/site\/wp-content\/uploads\/2023\/07\/selecao_feminina_she_believes.jpg","contentUrl":"https:\/\/www.notibras.com\/site\/wp-content\/uploads\/2023\/07\/selecao_feminina_she_believes.jpg","width":1170,"height":700},{"@type":"BreadcrumbList","@id":"https:\/\/www.notibras.com\/site\/servidor-tera-ponto-facultativo-em-jogos-da-selecao\/#breadcrumb","itemListElement":[{"@type":"ListItem","position":1,"name":"In\u00edcio","item":"https:\/\/www.notibras.com\/site\/"},{"@type":"ListItem","position":2,"name":"Servidor ter\u00e1 ponto facultativo em jogos da Sele\u00e7\u00e3o"}]},{"@type":"WebSite","@id":"https:\/\/www.notibras.com\/site\/#website","url":"https:\/\/www.notibras.com\/site\/","name":"Notibras","description":"Not\u00edcias de Bras\u00edlia, do Brasil e do Mundo","publisher":{"@id":"https:\/\/www.notibras.com\/site\/#organization"},"potentialAction":[{"@type":"SearchAction","target":{"@type":"EntryPoint","urlTemplate":"https:\/\/www.notibras.com\/site\/?s={search_term_string}"},"query-input":{"@type":"PropertyValueSpecification","valueRequired":true,"valueName":"search_term_string"}}],"inLanguage":"pt-BR"},{"@type":"Organization","@id":"https:\/\/www.notibras.com\/site\/#organization","name":"Grupo Notibras de Comunica\u00e7\u00e3o","url":"https:\/\/www.notibras.com\/site\/","logo":{"@type":"ImageObject","inLanguage":"pt-BR","@id":"https:\/\/www.notibras.com\/site\/#\/schema\/logo\/image\/","url":"https:\/\/www.notibras.com\/site\/wp-content\/uploads\/2023\/01\/notibras23.png","contentUrl":"https:\/\/www.notibras.com\/site\/wp-content\/uploads\/2023\/01\/notibras23.png","width":350,"height":87,"caption":"Grupo Notibras de Comunica\u00e7\u00e3o"},"image":{"@id":"https:\/\/www.notibras.com\/site\/#\/schema\/logo\/image\/"},"sameAs":["https:\/\/www.facebook.com\/notibras\/","https:\/\/x.com\/Notibras","https:\/\/www.instagram.com\/notibras\/"]},{"@type":"Person","@id":"https:\/\/www.notibras.com\/site\/#\/schema\/person\/36ab0979449956132d3e5b517ea76ac8","name":"Reda\u00e7\u00e3o","image":{"@type":"ImageObject","inLanguage":"pt-BR","@id":"https:\/\/secure.gravatar.com\/avatar\/e0a867bdedb85fd243eadf09663511f96fc81e0720a4a42581f334ad4303aa6b?s=96&d=mm&r=g","url":"https:\/\/secure.gravatar.com\/avatar\/e0a867bdedb85fd243eadf09663511f96fc81e0720a4a42581f334ad4303aa6b?s=96&d=mm&r=g","contentUrl":"https:\/\/secure.gravatar.com\/avatar\/e0a867bdedb85fd243eadf09663511f96fc81e0720a4a42581f334ad4303aa6b?s=96&d=mm&r=g","caption":"Reda\u00e7\u00e3o"}}]}},"amp_enabled":true,"_links":{"self":[{"href":"https:\/\/www.notibras.com\/site\/wp-json\/wp\/v2\/posts\/308891","targetHints":{"allow":["GET"]}}],"collection":[{"href":"https:\/\/www.notibras.com\/site\/wp-json\/wp\/v2\/posts"}],"about":[{"href":"https:\/\/www.notibras.com\/site\/wp-json\/wp\/v2\/types\/post"}],"author":[{"embeddable":true,"href":"https:\/\/www.notibras.com\/site\/wp-json\/wp\/v2\/users\/2"}],"replies":[{"embeddable":true,"href":"https:\/\/www.notibras.com\/site\/wp-json\/wp\/v2\/comments?post=308891"}],"version-history":[{"count":1,"href":"https:\/\/www.notibras.com\/site\/wp-json\/wp\/v2\/posts\/308891\/revisions"}],"predecessor-version":[{"id":308893,"href":"https:\/\/www.notibras.com\/site\/wp-json\/wp\/v2\/posts\/308891\/revisions\/308893"}],"wp:featuredmedia":[{"embeddable":true,"href":"https:\/\/www.notibras.com\/site\/wp-json\/wp\/v2\/media\/308892"}],"wp:attachment":[{"href":"https:\/\/www.notibras.com\/site\/wp-json\/wp\/v2\/media?parent=308891"}],"wp:term":[{"taxonomy":"category","embeddable":true,"href":"https:\/\/www.notibras.com\/site\/wp-json\/wp\/v2\/categories?post=308891"},{"taxonomy":"post_tag","embeddable":true,"href":"https:\/\/www.notibras.com\/site\/wp-json\/wp\/v2\/tags?post=308891"}],"curies":[{"name":"wp","href":"https:\/\/api.w.org\/{rel}","templated":true}]}}