{"id":308897,"date":"2023-07-15T00:00:41","date_gmt":"2023-07-15T03:00:41","guid":{"rendered":"https:\/\/www.notibras.com\/site\/?p=308897"},"modified":"2023-07-15T06:45:29","modified_gmt":"2023-07-15T09:45:29","slug":"crescem-exigencias-para-certificacao-de-smart-tv-box","status":"publish","type":"post","link":"https:\/\/www.notibras.com\/site\/crescem-exigencias-para-certificacao-de-smart-tv-box\/","title":{"rendered":"Crescem exig\u00eancias para certifica\u00e7\u00e3o de Smart TV Box"},"content":{"rendered":"<p>A Ag\u00eancia Nacional de Telecomunica\u00e7\u00f5es (Anatel) ampliou os requisitos t\u00e9cnicos para a certifica\u00e7\u00e3o de Smart TV Box, dispositivo com sistema operacional que conecta a TV a uma fonte de sinal para acessar conte\u00fados no formato digital.<\/p>\n<p>Segundo a ag\u00eancia, os novos requisitos, obrigat\u00f3rios a partir do dia 11 de setembro, visam conter a dissemina\u00e7\u00e3o de \u201cequipamentos voltados \u00e0 pirataria de obras audiovisuais e que colocam em risco a seguran\u00e7a de usu\u00e1rios e das redes de telecomunica\u00e7\u00f5es\u201d.<\/p>\n<p>Com a amplia\u00e7\u00e3o dos requisitos para certifica\u00e7\u00e3o desses equipamentos, ser\u00e1 incorporado, no processo de avalia\u00e7\u00e3o da conformidade, a verifica\u00e7\u00e3o da presen\u00e7a de funcionalidades que permitem a viola\u00e7\u00e3o de direitos autorais de obras audiovisuais.<\/p>\n<p>\u201cFoi identificada vulnerabilidade de seguran\u00e7a cibern\u00e9tica devido \u00e0 presen\u00e7a de porta de comunica\u00e7\u00e3o n\u00e3o documentada que pode ser usada para ataques cibern\u00e9ticos como: a invas\u00e3o da rede local do usu\u00e1rio, o roubo de informa\u00e7\u00f5es pessoais e o ataque de nega\u00e7\u00e3o de servi\u00e7o\u201d, informa a Anatel.<\/p>\n<p>Entre as verifica\u00e7\u00f5es que passar\u00e3o a ser feitas pelo equipamento est\u00e1 a de checar a exist\u00eancia de software ou aplicativo por padr\u00e3o no produto que esteja em lista de equipamentos ou softwares irregulares.<\/p>\n<p>Tamb\u00e9m ser\u00e1 verificado se o equipamento \u00e9 fornecido com facilidades para altera\u00e7\u00e3o de caracter\u00edsticas de seu sistema operacional \u2013 ou se o equipamento permite a instala\u00e7\u00e3o de aplicativos de terceiros n\u00e3o verificados em loja oficial.<\/p>\n<p>Por fim, ser\u00e1 verificado se constam \u2013 em p\u00e1ginas da internet do fabricante ou do seu representante nacional, no manual do produto ou em qualquer outra documenta\u00e7\u00e3o relativa ao equipamento \u2013 informa\u00e7\u00f5es ou instru\u00e7\u00f5es sobre utiliza\u00e7\u00e3o, atualiza\u00e7\u00e3o ou instala\u00e7\u00e3o de softwares ou aplicativos destinados ao acesso il\u00edcito a conte\u00fado audiovisual.<\/p>\n","protected":false},"excerpt":{"rendered":"<p>A Ag\u00eancia Nacional de Telecomunica\u00e7\u00f5es (Anatel) ampliou os requisitos t\u00e9cnicos para a certifica\u00e7\u00e3o de Smart TV Box, dispositivo com sistema operacional que conecta a TV a uma fonte de sinal para acessar conte\u00fados no formato digital. Segundo a ag\u00eancia, os novos requisitos, obrigat\u00f3rios a partir do dia 11 de setembro, visam conter a dissemina\u00e7\u00e3o de [&hellip;]<\/p>\n","protected":false},"author":2,"featured_media":308898,"comment_status":"closed","ping_status":"closed","sticky":false,"template":"","format":"standard","meta":{"_acf_changed":false,"footnotes":""},"categories":[161],"tags":[],"class_list":["post-308897","post","type-post","status-publish","format-standard","has-post-thumbnail","hentry","category-quadradinho-em-foco"],"acf":[],"yoast_head":"<!-- This site is optimized with the Yoast SEO plugin v27.2 - https:\/\/yoast.com\/product\/yoast-seo-wordpress\/ -->\n<title>Crescem exig\u00eancias para certifica\u00e7\u00e3o de Smart TV Box - Notibras<\/title>\n<meta name=\"robots\" content=\"index, follow, max-snippet:-1, max-image-preview:large, max-video-preview:-1\" \/>\n<link rel=\"canonical\" href=\"https:\/\/www.notibras.com\/site\/crescem-exigencias-para-certificacao-de-smart-tv-box\/\" \/>\n<meta property=\"og:locale\" content=\"pt_BR\" \/>\n<meta property=\"og:type\" content=\"article\" \/>\n<meta property=\"og:title\" content=\"Crescem exig\u00eancias para certifica\u00e7\u00e3o de Smart TV Box - Notibras\" \/>\n<meta property=\"og:description\" content=\"A Ag\u00eancia Nacional de Telecomunica\u00e7\u00f5es (Anatel) ampliou os requisitos t\u00e9cnicos para a certifica\u00e7\u00e3o de Smart TV Box, dispositivo com sistema operacional que conecta a TV a uma fonte de sinal para acessar conte\u00fados no formato digital. Segundo a ag\u00eancia, os novos requisitos, obrigat\u00f3rios a partir do dia 11 de setembro, visam conter a dissemina\u00e7\u00e3o de [&hellip;]\" \/>\n<meta property=\"og:url\" content=\"https:\/\/www.notibras.com\/site\/crescem-exigencias-para-certificacao-de-smart-tv-box\/\" \/>\n<meta property=\"og:site_name\" content=\"Notibras\" \/>\n<meta property=\"article:publisher\" content=\"https:\/\/www.facebook.com\/notibras\/\" \/>\n<meta property=\"article:published_time\" content=\"2023-07-15T03:00:41+00:00\" \/>\n<meta property=\"article:modified_time\" content=\"2023-07-15T09:45:29+00:00\" \/>\n<meta property=\"og:image\" content=\"https:\/\/www.notibras.com\/site\/wp-content\/uploads\/2023\/07\/tvbox.webp\" \/>\n\t<meta property=\"og:image:width\" content=\"1080\" \/>\n\t<meta property=\"og:image:height\" content=\"1080\" \/>\n\t<meta property=\"og:image:type\" content=\"image\/webp\" \/>\n<meta name=\"author\" content=\"Reda\u00e7\u00e3o\" \/>\n<meta name=\"twitter:card\" content=\"summary_large_image\" \/>\n<meta name=\"twitter:creator\" content=\"@Notibras\" \/>\n<meta name=\"twitter:site\" content=\"@Notibras\" \/>\n<meta name=\"twitter:label1\" content=\"Escrito por\" \/>\n\t<meta name=\"twitter:data1\" content=\"Reda\u00e7\u00e3o\" \/>\n\t<meta name=\"twitter:label2\" content=\"Est. tempo de leitura\" \/>\n\t<meta name=\"twitter:data2\" content=\"2 minutos\" \/>\n<script type=\"application\/ld+json\" class=\"yoast-schema-graph\">{\"@context\":\"https:\/\/schema.org\",\"@graph\":[{\"@type\":\"Article\",\"@id\":\"https:\/\/www.notibras.com\/site\/crescem-exigencias-para-certificacao-de-smart-tv-box\/#article\",\"isPartOf\":{\"@id\":\"https:\/\/www.notibras.com\/site\/crescem-exigencias-para-certificacao-de-smart-tv-box\/\"},\"author\":{\"name\":\"Reda\u00e7\u00e3o\",\"@id\":\"https:\/\/www.notibras.com\/site\/#\/schema\/person\/36ab0979449956132d3e5b517ea76ac8\"},\"headline\":\"Crescem exig\u00eancias para certifica\u00e7\u00e3o de Smart TV Box\",\"datePublished\":\"2023-07-15T03:00:41+00:00\",\"dateModified\":\"2023-07-15T09:45:29+00:00\",\"mainEntityOfPage\":{\"@id\":\"https:\/\/www.notibras.com\/site\/crescem-exigencias-para-certificacao-de-smart-tv-box\/\"},\"wordCount\":321,\"publisher\":{\"@id\":\"https:\/\/www.notibras.com\/site\/#organization\"},\"image\":{\"@id\":\"https:\/\/www.notibras.com\/site\/crescem-exigencias-para-certificacao-de-smart-tv-box\/#primaryimage\"},\"thumbnailUrl\":\"https:\/\/www.notibras.com\/site\/wp-content\/uploads\/2023\/07\/tvbox.webp\",\"articleSection\":[\"Quadradinho em Foco\"],\"inLanguage\":\"pt-BR\"},{\"@type\":\"WebPage\",\"@id\":\"https:\/\/www.notibras.com\/site\/crescem-exigencias-para-certificacao-de-smart-tv-box\/\",\"url\":\"https:\/\/www.notibras.com\/site\/crescem-exigencias-para-certificacao-de-smart-tv-box\/\",\"name\":\"Crescem exig\u00eancias para certifica\u00e7\u00e3o de Smart TV Box - Notibras\",\"isPartOf\":{\"@id\":\"https:\/\/www.notibras.com\/site\/#website\"},\"primaryImageOfPage\":{\"@id\":\"https:\/\/www.notibras.com\/site\/crescem-exigencias-para-certificacao-de-smart-tv-box\/#primaryimage\"},\"image\":{\"@id\":\"https:\/\/www.notibras.com\/site\/crescem-exigencias-para-certificacao-de-smart-tv-box\/#primaryimage\"},\"thumbnailUrl\":\"https:\/\/www.notibras.com\/site\/wp-content\/uploads\/2023\/07\/tvbox.webp\",\"datePublished\":\"2023-07-15T03:00:41+00:00\",\"dateModified\":\"2023-07-15T09:45:29+00:00\",\"breadcrumb\":{\"@id\":\"https:\/\/www.notibras.com\/site\/crescem-exigencias-para-certificacao-de-smart-tv-box\/#breadcrumb\"},\"inLanguage\":\"pt-BR\",\"potentialAction\":[{\"@type\":\"ReadAction\",\"target\":[\"https:\/\/www.notibras.com\/site\/crescem-exigencias-para-certificacao-de-smart-tv-box\/\"]}]},{\"@type\":\"ImageObject\",\"inLanguage\":\"pt-BR\",\"@id\":\"https:\/\/www.notibras.com\/site\/crescem-exigencias-para-certificacao-de-smart-tv-box\/#primaryimage\",\"url\":\"https:\/\/www.notibras.com\/site\/wp-content\/uploads\/2023\/07\/tvbox.webp\",\"contentUrl\":\"https:\/\/www.notibras.com\/site\/wp-content\/uploads\/2023\/07\/tvbox.webp\",\"width\":1080,\"height\":1080},{\"@type\":\"BreadcrumbList\",\"@id\":\"https:\/\/www.notibras.com\/site\/crescem-exigencias-para-certificacao-de-smart-tv-box\/#breadcrumb\",\"itemListElement\":[{\"@type\":\"ListItem\",\"position\":1,\"name\":\"In\u00edcio\",\"item\":\"https:\/\/www.notibras.com\/site\/\"},{\"@type\":\"ListItem\",\"position\":2,\"name\":\"Crescem exig\u00eancias para certifica\u00e7\u00e3o de Smart TV Box\"}]},{\"@type\":\"WebSite\",\"@id\":\"https:\/\/www.notibras.com\/site\/#website\",\"url\":\"https:\/\/www.notibras.com\/site\/\",\"name\":\"Notibras\",\"description\":\"Not\u00edcias de Bras\u00edlia, do Brasil e do Mundo\",\"publisher\":{\"@id\":\"https:\/\/www.notibras.com\/site\/#organization\"},\"potentialAction\":[{\"@type\":\"SearchAction\",\"target\":{\"@type\":\"EntryPoint\",\"urlTemplate\":\"https:\/\/www.notibras.com\/site\/?s={search_term_string}\"},\"query-input\":{\"@type\":\"PropertyValueSpecification\",\"valueRequired\":true,\"valueName\":\"search_term_string\"}}],\"inLanguage\":\"pt-BR\"},{\"@type\":\"Organization\",\"@id\":\"https:\/\/www.notibras.com\/site\/#organization\",\"name\":\"Grupo Notibras de Comunica\u00e7\u00e3o\",\"url\":\"https:\/\/www.notibras.com\/site\/\",\"logo\":{\"@type\":\"ImageObject\",\"inLanguage\":\"pt-BR\",\"@id\":\"https:\/\/www.notibras.com\/site\/#\/schema\/logo\/image\/\",\"url\":\"https:\/\/www.notibras.com\/site\/wp-content\/uploads\/2023\/01\/notibras23.png\",\"contentUrl\":\"https:\/\/www.notibras.com\/site\/wp-content\/uploads\/2023\/01\/notibras23.png\",\"width\":350,\"height\":87,\"caption\":\"Grupo Notibras de Comunica\u00e7\u00e3o\"},\"image\":{\"@id\":\"https:\/\/www.notibras.com\/site\/#\/schema\/logo\/image\/\"},\"sameAs\":[\"https:\/\/www.facebook.com\/notibras\/\",\"https:\/\/x.com\/Notibras\",\"https:\/\/www.instagram.com\/notibras\/\"]},{\"@type\":\"Person\",\"@id\":\"https:\/\/www.notibras.com\/site\/#\/schema\/person\/36ab0979449956132d3e5b517ea76ac8\",\"name\":\"Reda\u00e7\u00e3o\",\"image\":{\"@type\":\"ImageObject\",\"inLanguage\":\"pt-BR\",\"@id\":\"https:\/\/secure.gravatar.com\/avatar\/e0a867bdedb85fd243eadf09663511f96fc81e0720a4a42581f334ad4303aa6b?s=96&d=mm&r=g\",\"url\":\"https:\/\/secure.gravatar.com\/avatar\/e0a867bdedb85fd243eadf09663511f96fc81e0720a4a42581f334ad4303aa6b?s=96&d=mm&r=g\",\"contentUrl\":\"https:\/\/secure.gravatar.com\/avatar\/e0a867bdedb85fd243eadf09663511f96fc81e0720a4a42581f334ad4303aa6b?s=96&d=mm&r=g\",\"caption\":\"Reda\u00e7\u00e3o\"}}]}<\/script>\n<!-- \/ Yoast SEO plugin. -->","yoast_head_json":{"title":"Crescem exig\u00eancias para certifica\u00e7\u00e3o de Smart TV Box - Notibras","robots":{"index":"index","follow":"follow","max-snippet":"max-snippet:-1","max-image-preview":"max-image-preview:large","max-video-preview":"max-video-preview:-1"},"canonical":"https:\/\/www.notibras.com\/site\/crescem-exigencias-para-certificacao-de-smart-tv-box\/","og_locale":"pt_BR","og_type":"article","og_title":"Crescem exig\u00eancias para certifica\u00e7\u00e3o de Smart TV Box - Notibras","og_description":"A Ag\u00eancia Nacional de Telecomunica\u00e7\u00f5es (Anatel) ampliou os requisitos t\u00e9cnicos para a certifica\u00e7\u00e3o de Smart TV Box, dispositivo com sistema operacional que conecta a TV a uma fonte de sinal para acessar conte\u00fados no formato digital. Segundo a ag\u00eancia, os novos requisitos, obrigat\u00f3rios a partir do dia 11 de setembro, visam conter a dissemina\u00e7\u00e3o de [&hellip;]","og_url":"https:\/\/www.notibras.com\/site\/crescem-exigencias-para-certificacao-de-smart-tv-box\/","og_site_name":"Notibras","article_publisher":"https:\/\/www.facebook.com\/notibras\/","article_published_time":"2023-07-15T03:00:41+00:00","article_modified_time":"2023-07-15T09:45:29+00:00","og_image":[{"width":1080,"height":1080,"url":"https:\/\/www.notibras.com\/site\/wp-content\/uploads\/2023\/07\/tvbox.webp","type":"image\/webp"}],"author":"Reda\u00e7\u00e3o","twitter_card":"summary_large_image","twitter_creator":"@Notibras","twitter_site":"@Notibras","twitter_misc":{"Escrito por":"Reda\u00e7\u00e3o","Est. tempo de leitura":"2 minutos"},"schema":{"@context":"https:\/\/schema.org","@graph":[{"@type":"Article","@id":"https:\/\/www.notibras.com\/site\/crescem-exigencias-para-certificacao-de-smart-tv-box\/#article","isPartOf":{"@id":"https:\/\/www.notibras.com\/site\/crescem-exigencias-para-certificacao-de-smart-tv-box\/"},"author":{"name":"Reda\u00e7\u00e3o","@id":"https:\/\/www.notibras.com\/site\/#\/schema\/person\/36ab0979449956132d3e5b517ea76ac8"},"headline":"Crescem exig\u00eancias para certifica\u00e7\u00e3o de Smart TV Box","datePublished":"2023-07-15T03:00:41+00:00","dateModified":"2023-07-15T09:45:29+00:00","mainEntityOfPage":{"@id":"https:\/\/www.notibras.com\/site\/crescem-exigencias-para-certificacao-de-smart-tv-box\/"},"wordCount":321,"publisher":{"@id":"https:\/\/www.notibras.com\/site\/#organization"},"image":{"@id":"https:\/\/www.notibras.com\/site\/crescem-exigencias-para-certificacao-de-smart-tv-box\/#primaryimage"},"thumbnailUrl":"https:\/\/www.notibras.com\/site\/wp-content\/uploads\/2023\/07\/tvbox.webp","articleSection":["Quadradinho em Foco"],"inLanguage":"pt-BR"},{"@type":"WebPage","@id":"https:\/\/www.notibras.com\/site\/crescem-exigencias-para-certificacao-de-smart-tv-box\/","url":"https:\/\/www.notibras.com\/site\/crescem-exigencias-para-certificacao-de-smart-tv-box\/","name":"Crescem exig\u00eancias para certifica\u00e7\u00e3o de Smart TV Box - Notibras","isPartOf":{"@id":"https:\/\/www.notibras.com\/site\/#website"},"primaryImageOfPage":{"@id":"https:\/\/www.notibras.com\/site\/crescem-exigencias-para-certificacao-de-smart-tv-box\/#primaryimage"},"image":{"@id":"https:\/\/www.notibras.com\/site\/crescem-exigencias-para-certificacao-de-smart-tv-box\/#primaryimage"},"thumbnailUrl":"https:\/\/www.notibras.com\/site\/wp-content\/uploads\/2023\/07\/tvbox.webp","datePublished":"2023-07-15T03:00:41+00:00","dateModified":"2023-07-15T09:45:29+00:00","breadcrumb":{"@id":"https:\/\/www.notibras.com\/site\/crescem-exigencias-para-certificacao-de-smart-tv-box\/#breadcrumb"},"inLanguage":"pt-BR","potentialAction":[{"@type":"ReadAction","target":["https:\/\/www.notibras.com\/site\/crescem-exigencias-para-certificacao-de-smart-tv-box\/"]}]},{"@type":"ImageObject","inLanguage":"pt-BR","@id":"https:\/\/www.notibras.com\/site\/crescem-exigencias-para-certificacao-de-smart-tv-box\/#primaryimage","url":"https:\/\/www.notibras.com\/site\/wp-content\/uploads\/2023\/07\/tvbox.webp","contentUrl":"https:\/\/www.notibras.com\/site\/wp-content\/uploads\/2023\/07\/tvbox.webp","width":1080,"height":1080},{"@type":"BreadcrumbList","@id":"https:\/\/www.notibras.com\/site\/crescem-exigencias-para-certificacao-de-smart-tv-box\/#breadcrumb","itemListElement":[{"@type":"ListItem","position":1,"name":"In\u00edcio","item":"https:\/\/www.notibras.com\/site\/"},{"@type":"ListItem","position":2,"name":"Crescem exig\u00eancias para certifica\u00e7\u00e3o de Smart TV Box"}]},{"@type":"WebSite","@id":"https:\/\/www.notibras.com\/site\/#website","url":"https:\/\/www.notibras.com\/site\/","name":"Notibras","description":"Not\u00edcias de Bras\u00edlia, do Brasil e do Mundo","publisher":{"@id":"https:\/\/www.notibras.com\/site\/#organization"},"potentialAction":[{"@type":"SearchAction","target":{"@type":"EntryPoint","urlTemplate":"https:\/\/www.notibras.com\/site\/?s={search_term_string}"},"query-input":{"@type":"PropertyValueSpecification","valueRequired":true,"valueName":"search_term_string"}}],"inLanguage":"pt-BR"},{"@type":"Organization","@id":"https:\/\/www.notibras.com\/site\/#organization","name":"Grupo Notibras de Comunica\u00e7\u00e3o","url":"https:\/\/www.notibras.com\/site\/","logo":{"@type":"ImageObject","inLanguage":"pt-BR","@id":"https:\/\/www.notibras.com\/site\/#\/schema\/logo\/image\/","url":"https:\/\/www.notibras.com\/site\/wp-content\/uploads\/2023\/01\/notibras23.png","contentUrl":"https:\/\/www.notibras.com\/site\/wp-content\/uploads\/2023\/01\/notibras23.png","width":350,"height":87,"caption":"Grupo Notibras de Comunica\u00e7\u00e3o"},"image":{"@id":"https:\/\/www.notibras.com\/site\/#\/schema\/logo\/image\/"},"sameAs":["https:\/\/www.facebook.com\/notibras\/","https:\/\/x.com\/Notibras","https:\/\/www.instagram.com\/notibras\/"]},{"@type":"Person","@id":"https:\/\/www.notibras.com\/site\/#\/schema\/person\/36ab0979449956132d3e5b517ea76ac8","name":"Reda\u00e7\u00e3o","image":{"@type":"ImageObject","inLanguage":"pt-BR","@id":"https:\/\/secure.gravatar.com\/avatar\/e0a867bdedb85fd243eadf09663511f96fc81e0720a4a42581f334ad4303aa6b?s=96&d=mm&r=g","url":"https:\/\/secure.gravatar.com\/avatar\/e0a867bdedb85fd243eadf09663511f96fc81e0720a4a42581f334ad4303aa6b?s=96&d=mm&r=g","contentUrl":"https:\/\/secure.gravatar.com\/avatar\/e0a867bdedb85fd243eadf09663511f96fc81e0720a4a42581f334ad4303aa6b?s=96&d=mm&r=g","caption":"Reda\u00e7\u00e3o"}}]}},"amp_enabled":true,"_links":{"self":[{"href":"https:\/\/www.notibras.com\/site\/wp-json\/wp\/v2\/posts\/308897","targetHints":{"allow":["GET"]}}],"collection":[{"href":"https:\/\/www.notibras.com\/site\/wp-json\/wp\/v2\/posts"}],"about":[{"href":"https:\/\/www.notibras.com\/site\/wp-json\/wp\/v2\/types\/post"}],"author":[{"embeddable":true,"href":"https:\/\/www.notibras.com\/site\/wp-json\/wp\/v2\/users\/2"}],"replies":[{"embeddable":true,"href":"https:\/\/www.notibras.com\/site\/wp-json\/wp\/v2\/comments?post=308897"}],"version-history":[{"count":2,"href":"https:\/\/www.notibras.com\/site\/wp-json\/wp\/v2\/posts\/308897\/revisions"}],"predecessor-version":[{"id":308900,"href":"https:\/\/www.notibras.com\/site\/wp-json\/wp\/v2\/posts\/308897\/revisions\/308900"}],"wp:featuredmedia":[{"embeddable":true,"href":"https:\/\/www.notibras.com\/site\/wp-json\/wp\/v2\/media\/308898"}],"wp:attachment":[{"href":"https:\/\/www.notibras.com\/site\/wp-json\/wp\/v2\/media?parent=308897"}],"wp:term":[{"taxonomy":"category","embeddable":true,"href":"https:\/\/www.notibras.com\/site\/wp-json\/wp\/v2\/categories?post=308897"},{"taxonomy":"post_tag","embeddable":true,"href":"https:\/\/www.notibras.com\/site\/wp-json\/wp\/v2\/tags?post=308897"}],"curies":[{"name":"wp","href":"https:\/\/api.w.org\/{rel}","templated":true}]}}