{"id":308952,"date":"2023-07-16T14:13:53","date_gmt":"2023-07-16T17:13:53","guid":{"rendered":"https:\/\/www.notibras.com\/site\/?p=308952"},"modified":"2023-07-17T09:11:58","modified_gmt":"2023-07-17T12:11:58","slug":"mcdia-feliz-completa-35-anos-de-impacto-positivo","status":"publish","type":"post","link":"https:\/\/www.notibras.com\/site\/mcdia-feliz-completa-35-anos-de-impacto-positivo\/","title":{"rendered":"McDia Feliz completa 35 anos de impacto positivo"},"content":{"rendered":"<p>O McDia Feliz 2023 j\u00e1 tem data confirmada! No dia 26 de agosto, a campanha, que \u00e9 uma das principais do pa\u00eds em arrecada\u00e7\u00e3o de fundos para causas infantojuvenis, chega a sua 35\u00aa edi\u00e7\u00e3o e celebra 35 anos de impacto positivo na sociedade com cerca de R$ 375 milh\u00f5es j\u00e1 destinados para a sa\u00fade e educa\u00e7\u00e3o de milhares de crian\u00e7as e adolescentes que tiveram suas vidas transformadas.<\/p>\n<p>As vendas de vouchers antecipados para a campanha deste ano j\u00e1 come\u00e7aram e os clientes podem adquirir pelo e-commerce do Instituto Ronald McDonald e pelo site do Instituto Ayrton Senna at\u00e9 o dia 20 de agosto. O t\u00edquete tem o valor de R$ 18,00 e pode ser trocado por um sandu\u00edche Big Mac nos restaurantes participantes, no dia 26 de agosto.<\/p>\n<p>No dia, toda a renda gerada com as vendas de sandu\u00edches Big Mac, exceto alguns impostos, ser\u00e1 revertida para o Instituto Ronald McDonald, que atua para promover sa\u00fade e bem-estar de crian\u00e7as, adolescentes e seus familiares, contribuindo com o aumento das chances de cura do c\u00e2ncer infantojuvenil no Brasil, e para o Instituto Ayrton Senna, que colabora para ampliar oportunidades para jovens por meio da educa\u00e7\u00e3o p\u00fablica de qualidade.<\/p>\n<p>Em 2022, o McDia Feliz bateu recorde e se tornou a maior edi\u00e7\u00e3o da hist\u00f3ria da campanha, com arrecada\u00e7\u00e3o de R$ 25,8 milh\u00f5es. Desse total, cerca de R$ 19,9 milh\u00f5es foram destinados ao Instituto Ronald McDonald, o que beneficiou 64 projetos de 51 institui\u00e7\u00f5es que atuam com oncologia pedi\u00e1trica em 19 estados e no Distrito Federal, e aproximadamente R$ 5,9 milh\u00f5es ao Instituto Ayrton Senna, que proporcionou a capacita\u00e7\u00e3o de 42 mil educadores, impactando 2,5 milh\u00f5es de estudantes de escolas p\u00fablicas em seis diferentes projetos desenvolvidos pelo Instituto. No total, desde a primeira edi\u00e7\u00e3o em 1988, cerca de R$375 milh\u00f5es j\u00e1 foram arrecadados pelo McDia Feliz.<\/p>\n<p>A campanha faz parte da estrat\u00e9gia de atua\u00e7\u00e3o ESG da Arcos Dorados, operadora da rede McDonald\u2019s na Am\u00e9rica Latina e Caribe, chamada Receita do Futuro, cujo compromisso \u00e9 ser parte ativa da solu\u00e7\u00e3o dos desafios da sociedade e impactar positivamente as comunidades onde atua por meio de iniciativas socioambientais, al\u00e9m de ser a maior a\u00e7\u00e3o social do McDonald\u2019s do Brasil. Para conhecer mais sobre a plataforma socioambiental da Arcos Dorados, acesse o\u00a0<a href=\"http:\/\/www.receitadofuturo.com.br\/\" target=\"_blank\" rel=\"noopener\" data-saferedirecturl=\"https:\/\/www.google.com\/url?q=http:\/\/www.receitadofuturo.com.br&amp;source=gmail&amp;ust=1689577649134000&amp;usg=AOvVaw1R7t80BLAWecXsGOK8L4LP\">site da Receita do Futuro<\/a>.<\/p>\n<p>Para saber mais sobre a venda de vouchers do McDia Feliz, o\u00a0<a href=\"https:\/\/cupons.mcdonalds.com.br\/mcdiafeliz-regulamento\" target=\"_blank\" rel=\"noopener\" data-saferedirecturl=\"https:\/\/www.google.com\/url?q=https:\/\/cupons.mcdonalds.com.br\/mcdiafeliz-regulamento&amp;source=gmail&amp;ust=1689577649134000&amp;usg=AOvVaw3X86AQiMdAS_9LMfrfNcR8\">regulamento<\/a>\u00a0da campanha.<\/p>\n<p><strong>Sobre o McDia Feliz<\/strong> &#8211; O McDia Feliz \u00e9 o principal evento beneficente do McDonald&#8217;s e, atualmente, \u00e9 uma das maiores mobiliza\u00e7\u00f5es em prol de crian\u00e7as e adolescentes no Brasil. A campanha \u00e9 realizada no pa\u00eds desde 1988, gerando recursos para as institui\u00e7\u00f5es apoiadas pelo Instituto Ronald McDonald, que atuam para proporcionar mais sa\u00fade e bem-estar para crian\u00e7as e adolescentes com c\u00e2ncer. Em 2018, o projeto ampliou seu impacto para beneficiar outra causa de grande import\u00e2ncia para o pa\u00eds, a Educa\u00e7\u00e3o, contribuindo para as a\u00e7\u00f5es do Instituto Ayrton Senna. Desde sua primeira edi\u00e7\u00e3o, cerca de R$375 milh\u00f5es j\u00e1 foram arrecadados pelo McDia Feliz.<\/p>\n","protected":false},"excerpt":{"rendered":"<p>O McDia Feliz 2023 j\u00e1 tem data confirmada! No dia 26 de agosto, a campanha, que \u00e9 uma das principais do pa\u00eds em arrecada\u00e7\u00e3o de fundos para causas infantojuvenis, chega a sua 35\u00aa edi\u00e7\u00e3o e celebra 35 anos de impacto positivo na sociedade com cerca de R$ 375 milh\u00f5es j\u00e1 destinados para a sa\u00fade e [&hellip;]<\/p>\n","protected":false},"author":2,"featured_media":308953,"comment_status":"closed","ping_status":"closed","sticky":false,"template":"","format":"standard","meta":{"_acf_changed":false,"footnotes":""},"categories":[161],"tags":[],"class_list":["post-308952","post","type-post","status-publish","format-standard","has-post-thumbnail","hentry","category-quadradinho-em-foco"],"acf":[],"yoast_head":"<!-- This site is optimized with the Yoast SEO plugin v27.2 - https:\/\/yoast.com\/product\/yoast-seo-wordpress\/ -->\n<title>McDia Feliz completa 35 anos de impacto positivo - Notibras<\/title>\n<meta name=\"robots\" content=\"index, follow, max-snippet:-1, max-image-preview:large, max-video-preview:-1\" \/>\n<link rel=\"canonical\" href=\"https:\/\/www.notibras.com\/site\/mcdia-feliz-completa-35-anos-de-impacto-positivo\/\" \/>\n<meta property=\"og:locale\" content=\"pt_BR\" \/>\n<meta property=\"og:type\" content=\"article\" \/>\n<meta property=\"og:title\" content=\"McDia Feliz completa 35 anos de impacto positivo - Notibras\" \/>\n<meta property=\"og:description\" content=\"O McDia Feliz 2023 j\u00e1 tem data confirmada! No dia 26 de agosto, a campanha, que \u00e9 uma das principais do pa\u00eds em arrecada\u00e7\u00e3o de fundos para causas infantojuvenis, chega a sua 35\u00aa edi\u00e7\u00e3o e celebra 35 anos de impacto positivo na sociedade com cerca de R$ 375 milh\u00f5es j\u00e1 destinados para a sa\u00fade e [&hellip;]\" \/>\n<meta property=\"og:url\" content=\"https:\/\/www.notibras.com\/site\/mcdia-feliz-completa-35-anos-de-impacto-positivo\/\" \/>\n<meta property=\"og:site_name\" content=\"Notibras\" \/>\n<meta property=\"article:publisher\" content=\"https:\/\/www.facebook.com\/notibras\/\" \/>\n<meta property=\"article:published_time\" content=\"2023-07-16T17:13:53+00:00\" \/>\n<meta property=\"article:modified_time\" content=\"2023-07-17T12:11:58+00:00\" \/>\n<meta property=\"og:image\" content=\"https:\/\/www.notibras.com\/site\/wp-content\/uploads\/2023\/07\/Big-Mac_-1.png\" \/>\n\t<meta property=\"og:image:width\" content=\"884\" \/>\n\t<meta property=\"og:image:height\" content=\"888\" \/>\n\t<meta property=\"og:image:type\" content=\"image\/png\" \/>\n<meta name=\"author\" content=\"Reda\u00e7\u00e3o\" \/>\n<meta name=\"twitter:card\" content=\"summary_large_image\" \/>\n<meta name=\"twitter:creator\" content=\"@Notibras\" \/>\n<meta name=\"twitter:site\" content=\"@Notibras\" \/>\n<meta name=\"twitter:label1\" content=\"Escrito por\" \/>\n\t<meta name=\"twitter:data1\" content=\"Reda\u00e7\u00e3o\" \/>\n\t<meta name=\"twitter:label2\" content=\"Est. tempo de leitura\" \/>\n\t<meta name=\"twitter:data2\" content=\"3 minutos\" \/>\n<script type=\"application\/ld+json\" class=\"yoast-schema-graph\">{\"@context\":\"https:\/\/schema.org\",\"@graph\":[{\"@type\":\"Article\",\"@id\":\"https:\/\/www.notibras.com\/site\/mcdia-feliz-completa-35-anos-de-impacto-positivo\/#article\",\"isPartOf\":{\"@id\":\"https:\/\/www.notibras.com\/site\/mcdia-feliz-completa-35-anos-de-impacto-positivo\/\"},\"author\":{\"name\":\"Reda\u00e7\u00e3o\",\"@id\":\"https:\/\/www.notibras.com\/site\/#\/schema\/person\/36ab0979449956132d3e5b517ea76ac8\"},\"headline\":\"McDia Feliz completa 35 anos de impacto positivo\",\"datePublished\":\"2023-07-16T17:13:53+00:00\",\"dateModified\":\"2023-07-17T12:11:58+00:00\",\"mainEntityOfPage\":{\"@id\":\"https:\/\/www.notibras.com\/site\/mcdia-feliz-completa-35-anos-de-impacto-positivo\/\"},\"wordCount\":530,\"publisher\":{\"@id\":\"https:\/\/www.notibras.com\/site\/#organization\"},\"image\":{\"@id\":\"https:\/\/www.notibras.com\/site\/mcdia-feliz-completa-35-anos-de-impacto-positivo\/#primaryimage\"},\"thumbnailUrl\":\"https:\/\/www.notibras.com\/site\/wp-content\/uploads\/2023\/07\/Big-Mac_-1.png\",\"articleSection\":[\"Quadradinho em Foco\"],\"inLanguage\":\"pt-BR\"},{\"@type\":\"WebPage\",\"@id\":\"https:\/\/www.notibras.com\/site\/mcdia-feliz-completa-35-anos-de-impacto-positivo\/\",\"url\":\"https:\/\/www.notibras.com\/site\/mcdia-feliz-completa-35-anos-de-impacto-positivo\/\",\"name\":\"McDia Feliz completa 35 anos de impacto positivo - Notibras\",\"isPartOf\":{\"@id\":\"https:\/\/www.notibras.com\/site\/#website\"},\"primaryImageOfPage\":{\"@id\":\"https:\/\/www.notibras.com\/site\/mcdia-feliz-completa-35-anos-de-impacto-positivo\/#primaryimage\"},\"image\":{\"@id\":\"https:\/\/www.notibras.com\/site\/mcdia-feliz-completa-35-anos-de-impacto-positivo\/#primaryimage\"},\"thumbnailUrl\":\"https:\/\/www.notibras.com\/site\/wp-content\/uploads\/2023\/07\/Big-Mac_-1.png\",\"datePublished\":\"2023-07-16T17:13:53+00:00\",\"dateModified\":\"2023-07-17T12:11:58+00:00\",\"breadcrumb\":{\"@id\":\"https:\/\/www.notibras.com\/site\/mcdia-feliz-completa-35-anos-de-impacto-positivo\/#breadcrumb\"},\"inLanguage\":\"pt-BR\",\"potentialAction\":[{\"@type\":\"ReadAction\",\"target\":[\"https:\/\/www.notibras.com\/site\/mcdia-feliz-completa-35-anos-de-impacto-positivo\/\"]}]},{\"@type\":\"ImageObject\",\"inLanguage\":\"pt-BR\",\"@id\":\"https:\/\/www.notibras.com\/site\/mcdia-feliz-completa-35-anos-de-impacto-positivo\/#primaryimage\",\"url\":\"https:\/\/www.notibras.com\/site\/wp-content\/uploads\/2023\/07\/Big-Mac_-1.png\",\"contentUrl\":\"https:\/\/www.notibras.com\/site\/wp-content\/uploads\/2023\/07\/Big-Mac_-1.png\",\"width\":884,\"height\":888},{\"@type\":\"BreadcrumbList\",\"@id\":\"https:\/\/www.notibras.com\/site\/mcdia-feliz-completa-35-anos-de-impacto-positivo\/#breadcrumb\",\"itemListElement\":[{\"@type\":\"ListItem\",\"position\":1,\"name\":\"In\u00edcio\",\"item\":\"https:\/\/www.notibras.com\/site\/\"},{\"@type\":\"ListItem\",\"position\":2,\"name\":\"McDia Feliz completa 35 anos de impacto positivo\"}]},{\"@type\":\"WebSite\",\"@id\":\"https:\/\/www.notibras.com\/site\/#website\",\"url\":\"https:\/\/www.notibras.com\/site\/\",\"name\":\"Notibras\",\"description\":\"Not\u00edcias de Bras\u00edlia, do Brasil e do Mundo\",\"publisher\":{\"@id\":\"https:\/\/www.notibras.com\/site\/#organization\"},\"potentialAction\":[{\"@type\":\"SearchAction\",\"target\":{\"@type\":\"EntryPoint\",\"urlTemplate\":\"https:\/\/www.notibras.com\/site\/?s={search_term_string}\"},\"query-input\":{\"@type\":\"PropertyValueSpecification\",\"valueRequired\":true,\"valueName\":\"search_term_string\"}}],\"inLanguage\":\"pt-BR\"},{\"@type\":\"Organization\",\"@id\":\"https:\/\/www.notibras.com\/site\/#organization\",\"name\":\"Grupo Notibras de Comunica\u00e7\u00e3o\",\"url\":\"https:\/\/www.notibras.com\/site\/\",\"logo\":{\"@type\":\"ImageObject\",\"inLanguage\":\"pt-BR\",\"@id\":\"https:\/\/www.notibras.com\/site\/#\/schema\/logo\/image\/\",\"url\":\"https:\/\/www.notibras.com\/site\/wp-content\/uploads\/2023\/01\/notibras23.png\",\"contentUrl\":\"https:\/\/www.notibras.com\/site\/wp-content\/uploads\/2023\/01\/notibras23.png\",\"width\":350,\"height\":87,\"caption\":\"Grupo Notibras de Comunica\u00e7\u00e3o\"},\"image\":{\"@id\":\"https:\/\/www.notibras.com\/site\/#\/schema\/logo\/image\/\"},\"sameAs\":[\"https:\/\/www.facebook.com\/notibras\/\",\"https:\/\/x.com\/Notibras\",\"https:\/\/www.instagram.com\/notibras\/\"]},{\"@type\":\"Person\",\"@id\":\"https:\/\/www.notibras.com\/site\/#\/schema\/person\/36ab0979449956132d3e5b517ea76ac8\",\"name\":\"Reda\u00e7\u00e3o\",\"image\":{\"@type\":\"ImageObject\",\"inLanguage\":\"pt-BR\",\"@id\":\"https:\/\/secure.gravatar.com\/avatar\/e0a867bdedb85fd243eadf09663511f96fc81e0720a4a42581f334ad4303aa6b?s=96&d=mm&r=g\",\"url\":\"https:\/\/secure.gravatar.com\/avatar\/e0a867bdedb85fd243eadf09663511f96fc81e0720a4a42581f334ad4303aa6b?s=96&d=mm&r=g\",\"contentUrl\":\"https:\/\/secure.gravatar.com\/avatar\/e0a867bdedb85fd243eadf09663511f96fc81e0720a4a42581f334ad4303aa6b?s=96&d=mm&r=g\",\"caption\":\"Reda\u00e7\u00e3o\"}}]}<\/script>\n<!-- \/ Yoast SEO plugin. -->","yoast_head_json":{"title":"McDia Feliz completa 35 anos de impacto positivo - Notibras","robots":{"index":"index","follow":"follow","max-snippet":"max-snippet:-1","max-image-preview":"max-image-preview:large","max-video-preview":"max-video-preview:-1"},"canonical":"https:\/\/www.notibras.com\/site\/mcdia-feliz-completa-35-anos-de-impacto-positivo\/","og_locale":"pt_BR","og_type":"article","og_title":"McDia Feliz completa 35 anos de impacto positivo - Notibras","og_description":"O McDia Feliz 2023 j\u00e1 tem data confirmada! No dia 26 de agosto, a campanha, que \u00e9 uma das principais do pa\u00eds em arrecada\u00e7\u00e3o de fundos para causas infantojuvenis, chega a sua 35\u00aa edi\u00e7\u00e3o e celebra 35 anos de impacto positivo na sociedade com cerca de R$ 375 milh\u00f5es j\u00e1 destinados para a sa\u00fade e [&hellip;]","og_url":"https:\/\/www.notibras.com\/site\/mcdia-feliz-completa-35-anos-de-impacto-positivo\/","og_site_name":"Notibras","article_publisher":"https:\/\/www.facebook.com\/notibras\/","article_published_time":"2023-07-16T17:13:53+00:00","article_modified_time":"2023-07-17T12:11:58+00:00","og_image":[{"width":884,"height":888,"url":"https:\/\/www.notibras.com\/site\/wp-content\/uploads\/2023\/07\/Big-Mac_-1.png","type":"image\/png"}],"author":"Reda\u00e7\u00e3o","twitter_card":"summary_large_image","twitter_creator":"@Notibras","twitter_site":"@Notibras","twitter_misc":{"Escrito por":"Reda\u00e7\u00e3o","Est. tempo de leitura":"3 minutos"},"schema":{"@context":"https:\/\/schema.org","@graph":[{"@type":"Article","@id":"https:\/\/www.notibras.com\/site\/mcdia-feliz-completa-35-anos-de-impacto-positivo\/#article","isPartOf":{"@id":"https:\/\/www.notibras.com\/site\/mcdia-feliz-completa-35-anos-de-impacto-positivo\/"},"author":{"name":"Reda\u00e7\u00e3o","@id":"https:\/\/www.notibras.com\/site\/#\/schema\/person\/36ab0979449956132d3e5b517ea76ac8"},"headline":"McDia Feliz completa 35 anos de impacto positivo","datePublished":"2023-07-16T17:13:53+00:00","dateModified":"2023-07-17T12:11:58+00:00","mainEntityOfPage":{"@id":"https:\/\/www.notibras.com\/site\/mcdia-feliz-completa-35-anos-de-impacto-positivo\/"},"wordCount":530,"publisher":{"@id":"https:\/\/www.notibras.com\/site\/#organization"},"image":{"@id":"https:\/\/www.notibras.com\/site\/mcdia-feliz-completa-35-anos-de-impacto-positivo\/#primaryimage"},"thumbnailUrl":"https:\/\/www.notibras.com\/site\/wp-content\/uploads\/2023\/07\/Big-Mac_-1.png","articleSection":["Quadradinho em Foco"],"inLanguage":"pt-BR"},{"@type":"WebPage","@id":"https:\/\/www.notibras.com\/site\/mcdia-feliz-completa-35-anos-de-impacto-positivo\/","url":"https:\/\/www.notibras.com\/site\/mcdia-feliz-completa-35-anos-de-impacto-positivo\/","name":"McDia Feliz completa 35 anos de impacto positivo - Notibras","isPartOf":{"@id":"https:\/\/www.notibras.com\/site\/#website"},"primaryImageOfPage":{"@id":"https:\/\/www.notibras.com\/site\/mcdia-feliz-completa-35-anos-de-impacto-positivo\/#primaryimage"},"image":{"@id":"https:\/\/www.notibras.com\/site\/mcdia-feliz-completa-35-anos-de-impacto-positivo\/#primaryimage"},"thumbnailUrl":"https:\/\/www.notibras.com\/site\/wp-content\/uploads\/2023\/07\/Big-Mac_-1.png","datePublished":"2023-07-16T17:13:53+00:00","dateModified":"2023-07-17T12:11:58+00:00","breadcrumb":{"@id":"https:\/\/www.notibras.com\/site\/mcdia-feliz-completa-35-anos-de-impacto-positivo\/#breadcrumb"},"inLanguage":"pt-BR","potentialAction":[{"@type":"ReadAction","target":["https:\/\/www.notibras.com\/site\/mcdia-feliz-completa-35-anos-de-impacto-positivo\/"]}]},{"@type":"ImageObject","inLanguage":"pt-BR","@id":"https:\/\/www.notibras.com\/site\/mcdia-feliz-completa-35-anos-de-impacto-positivo\/#primaryimage","url":"https:\/\/www.notibras.com\/site\/wp-content\/uploads\/2023\/07\/Big-Mac_-1.png","contentUrl":"https:\/\/www.notibras.com\/site\/wp-content\/uploads\/2023\/07\/Big-Mac_-1.png","width":884,"height":888},{"@type":"BreadcrumbList","@id":"https:\/\/www.notibras.com\/site\/mcdia-feliz-completa-35-anos-de-impacto-positivo\/#breadcrumb","itemListElement":[{"@type":"ListItem","position":1,"name":"In\u00edcio","item":"https:\/\/www.notibras.com\/site\/"},{"@type":"ListItem","position":2,"name":"McDia Feliz completa 35 anos de impacto positivo"}]},{"@type":"WebSite","@id":"https:\/\/www.notibras.com\/site\/#website","url":"https:\/\/www.notibras.com\/site\/","name":"Notibras","description":"Not\u00edcias de Bras\u00edlia, do Brasil e do Mundo","publisher":{"@id":"https:\/\/www.notibras.com\/site\/#organization"},"potentialAction":[{"@type":"SearchAction","target":{"@type":"EntryPoint","urlTemplate":"https:\/\/www.notibras.com\/site\/?s={search_term_string}"},"query-input":{"@type":"PropertyValueSpecification","valueRequired":true,"valueName":"search_term_string"}}],"inLanguage":"pt-BR"},{"@type":"Organization","@id":"https:\/\/www.notibras.com\/site\/#organization","name":"Grupo Notibras de Comunica\u00e7\u00e3o","url":"https:\/\/www.notibras.com\/site\/","logo":{"@type":"ImageObject","inLanguage":"pt-BR","@id":"https:\/\/www.notibras.com\/site\/#\/schema\/logo\/image\/","url":"https:\/\/www.notibras.com\/site\/wp-content\/uploads\/2023\/01\/notibras23.png","contentUrl":"https:\/\/www.notibras.com\/site\/wp-content\/uploads\/2023\/01\/notibras23.png","width":350,"height":87,"caption":"Grupo Notibras de Comunica\u00e7\u00e3o"},"image":{"@id":"https:\/\/www.notibras.com\/site\/#\/schema\/logo\/image\/"},"sameAs":["https:\/\/www.facebook.com\/notibras\/","https:\/\/x.com\/Notibras","https:\/\/www.instagram.com\/notibras\/"]},{"@type":"Person","@id":"https:\/\/www.notibras.com\/site\/#\/schema\/person\/36ab0979449956132d3e5b517ea76ac8","name":"Reda\u00e7\u00e3o","image":{"@type":"ImageObject","inLanguage":"pt-BR","@id":"https:\/\/secure.gravatar.com\/avatar\/e0a867bdedb85fd243eadf09663511f96fc81e0720a4a42581f334ad4303aa6b?s=96&d=mm&r=g","url":"https:\/\/secure.gravatar.com\/avatar\/e0a867bdedb85fd243eadf09663511f96fc81e0720a4a42581f334ad4303aa6b?s=96&d=mm&r=g","contentUrl":"https:\/\/secure.gravatar.com\/avatar\/e0a867bdedb85fd243eadf09663511f96fc81e0720a4a42581f334ad4303aa6b?s=96&d=mm&r=g","caption":"Reda\u00e7\u00e3o"}}]}},"amp_enabled":true,"_links":{"self":[{"href":"https:\/\/www.notibras.com\/site\/wp-json\/wp\/v2\/posts\/308952","targetHints":{"allow":["GET"]}}],"collection":[{"href":"https:\/\/www.notibras.com\/site\/wp-json\/wp\/v2\/posts"}],"about":[{"href":"https:\/\/www.notibras.com\/site\/wp-json\/wp\/v2\/types\/post"}],"author":[{"embeddable":true,"href":"https:\/\/www.notibras.com\/site\/wp-json\/wp\/v2\/users\/2"}],"replies":[{"embeddable":true,"href":"https:\/\/www.notibras.com\/site\/wp-json\/wp\/v2\/comments?post=308952"}],"version-history":[{"count":1,"href":"https:\/\/www.notibras.com\/site\/wp-json\/wp\/v2\/posts\/308952\/revisions"}],"predecessor-version":[{"id":308954,"href":"https:\/\/www.notibras.com\/site\/wp-json\/wp\/v2\/posts\/308952\/revisions\/308954"}],"wp:featuredmedia":[{"embeddable":true,"href":"https:\/\/www.notibras.com\/site\/wp-json\/wp\/v2\/media\/308953"}],"wp:attachment":[{"href":"https:\/\/www.notibras.com\/site\/wp-json\/wp\/v2\/media?parent=308952"}],"wp:term":[{"taxonomy":"category","embeddable":true,"href":"https:\/\/www.notibras.com\/site\/wp-json\/wp\/v2\/categories?post=308952"},{"taxonomy":"post_tag","embeddable":true,"href":"https:\/\/www.notibras.com\/site\/wp-json\/wp\/v2\/tags?post=308952"}],"curies":[{"name":"wp","href":"https:\/\/api.w.org\/{rel}","templated":true}]}}