{"id":308955,"date":"2023-07-16T00:21:18","date_gmt":"2023-07-16T03:21:18","guid":{"rendered":"https:\/\/www.notibras.com\/site\/?p=308955"},"modified":"2023-07-16T04:24:00","modified_gmt":"2023-07-16T07:24:00","slug":"especialistas-apontam-riscos-de-idealizar-masculinidade","status":"publish","type":"post","link":"https:\/\/www.notibras.com\/site\/especialistas-apontam-riscos-de-idealizar-masculinidade\/","title":{"rendered":"Especialistas apontam riscos de idealizar masculinidade"},"content":{"rendered":"<p>Jeremias* \u00e9 um homem negro, de meia-idade. Convencido de que buscar ajuda seria uma demonstra\u00e7\u00e3o de fraqueza incompat\u00edvel com o ideal de masculinidade que concebeu a partir do que lhe foi ensinado ao longo da vida, ele s\u00f3 foi bater \u00e0s portas de um Centro de Aten\u00e7\u00e3o Psicossocial (CAPs) do Distrito Federal quando, desempregado e vendo as dificuldades se avolumando, admitiu para si mesmo que o sofrimento ps\u00edquico que enfrentava tinha se tornado persistente e severo.<\/p>\n<p>J\u00e1 em tratamento, Jeremias foi entrevistado pelo psic\u00f3logo Fernando Pessoa, que fazia sua pesquisa de doutorado entre homens usu\u00e1rios do servi\u00e7o de sa\u00fade mental de Bras\u00edlia. Pessoa buscava compreender como o machismo interfere na vida dos homens e na sa\u00fade de suas respectivas fam\u00edlias. Durante uma conversa com Jeremias, o psic\u00f3logo percebeu que sua suspeita tinha fundamento: para muitos homens apegados ao modelo hegem\u00f4nico de masculinidade, o pr\u00f3prio adoecimento \u00e9 vivenciado como um fracasso pessoal e um fator de enfraquecimento de suas identidades.<\/p>\n<p>\u201cV\u00e1rios usu\u00e1rios dos CAPs que entrevistei se sentiam \u00e0 margem deste modelo. O Jeremias, por exemplo, disse: &#8216;Estou desse jeito porque n\u00e3o sou homem. E n\u00e3o sou homem porque estou deixando faltar coisas. Minha esposa falou: &#8216;Jeremias, n\u00e3o tenho mais fraldas para os meus filhos&#8217;. O que eu fa\u00e7o? Aqui [no CAPs], eu [Jeremias] vejo muito cara batalhador que se sente menos porque n\u00e3o consegue bancar a fam\u00edlia; n\u00e3o consegue ser aquilo que esperavam que a gente fosse. E a\u00ed a gente come\u00e7a a se perder&#8217;\u201d, relembrou Pessoa, reproduzindo a declara\u00e7\u00e3o de Jeremias que registrou na sua disserta\u00e7\u00e3o.<\/p>\n<p>O psic\u00f3logo contou o caso nesta sexta-feira (14), durante um semin\u00e1rio que o Minist\u00e9rio da Sa\u00fade realizou para promover o debate acerca dos efeitos do machismo sobre a sa\u00fade da popula\u00e7\u00e3o em geral. Voltado principalmente para gestores p\u00fablicos e profissionais de sa\u00fade, o evento tamb\u00e9m abordou as formas como as pol\u00edticas p\u00fablicas podem promover maneiras mais saud\u00e1veis de as pessoas vivenciarem as diversas manifesta\u00e7\u00f5es de masculinidade e feminilidade.<\/p>\n<p>Atualmente trabalhando na Coordena\u00e7\u00e3o de Aten\u00e7\u00e3o \u00e0 Sa\u00fade do Homem, do Minist\u00e9rio da Sa\u00fade, Pessoa lembrou que as pesquisas acad\u00eamicas e a pr\u00e1tica profissional s\u00e3o un\u00e2nimes ao apontar os malef\u00edcios da falsa ideia de que homens devem ser viris, competitivos, provedores e aspirar a uma relativa invulnerabilidade.<\/p>\n<p>\u201cConforme demonstram as evid\u00eancias cient\u00edficas, os homens que adotam os padr\u00f5es tradicionais de masculinidade t\u00eam mais transtornos mentais, buscam menos os servi\u00e7os de sa\u00fade, t\u00eam maiores taxas de suic\u00eddio, se envolvem mais em situa\u00e7\u00f5es de viol\u00eancia \u2013 especialmente de viol\u00eancia autoprovocada [autoagress\u00f5es, tentativas de suic\u00eddio e suic\u00eddios]. Eles tamb\u00e9m fazem mais uso prejudicial de \u00e1lcool e apresentam maior resist\u00eancia ao uso de preservativos. Consequentemente, apresentam maior incid\u00eancia de doen\u00e7as sexualmente transmiss\u00edveis. E tamb\u00e9m v\u00e3o ter menor ades\u00e3o a programas de imuniza\u00e7\u00e3o\u201d, elencou o psic\u00f3logo.<\/p>\n<p>A pr\u00f3pria Pol\u00edtica Nacional de Aten\u00e7\u00e3o Integral \u00e0 Sa\u00fade do Homem, em vigor desde 2009, corrobora a opini\u00e3o de Pessoa ao estabelecer a necessidade de o Poder P\u00fablico \u201cpromover a mudan\u00e7a de paradigmas no que concerne \u00e0 percep\u00e7\u00e3o da popula\u00e7\u00e3o masculina em rela\u00e7\u00e3o ao cuidado com a sua sa\u00fade e a sa\u00fade de sua fam\u00edlia\u201d.<\/p>\n<p>Al\u00e9m disso, h\u00e1 anos a Organiza\u00e7\u00e3o Mundial da Sa\u00fade (OMS) e a Organiza\u00e7\u00e3o Pan-Americana da Sa\u00fade (Opas) v\u00eam apontando a necessidade de as sociedades discutirem a masculinidade, j\u00e1 que, segundo a Organiza\u00e7\u00e3o das Na\u00e7\u00f5es Unidas (ONU), \u201cexpectativas sociais em rela\u00e7\u00e3o aos homens \u2014 de serem provedores de suas fam\u00edlias; terem condutas de risco; serem sexualmente dominantes e evitarem discutir suas emo\u00e7\u00f5es ou procurar ajuda \u2014 est\u00e3o contribuindo para maiores taxas de suic\u00eddio, homic\u00eddio, v\u00edcios e acidentes de tr\u00e2nsito, bem como para o surgimento de doen\u00e7as cr\u00f4nicas n\u00e3o transmiss\u00edveis\u201d.<\/p>\n<p>Professora do Departamento de Medicina Preventiva da Universidade de S\u00e3o Paulo (USP), M\u00e1rcia Thereza Couto destacou que a constru\u00e7\u00e3o de pol\u00edticas p\u00fablicas deve levar em conta a possibilidade de influenciar na constru\u00e7\u00e3o de modelos de masculinidades que tragam benef\u00edcios para a sa\u00fade e bem-estar n\u00e3o s\u00f3 dos homens, mas tamb\u00e9m de mulheres e crian\u00e7as.<\/p>\n<p>&#8220;Aqui [no Minist\u00e9rio da Sa\u00fade] \u00e9 um espa\u00e7o de gest\u00e3o muito forte, muito precioso para isso. E j\u00e1 temos, no Brasil e na Am\u00e9rica Latina, uma produ\u00e7\u00e3o de pelo menos duas d\u00e9cadas sobre a complexidade do debate em torno do paradoxo dos homens que n\u00e3o se responsabilizam por sua sa\u00fade, n\u00e3o procurando ajuda, e que s\u00e3o os que mais morrem por causas evit\u00e1veis.&#8221;<\/p>\n<p>Coordenador de Aten\u00e7\u00e3o \u00e0 Sa\u00fade do Homem, do Minist\u00e9rio da Sa\u00fade, Celm\u00e1rio Brand\u00e3o garantiu que a pasta est\u00e1 empenhada em \u201cproblematizar a condi\u00e7\u00e3o destes homens e das masculinidades apreendidas pela sociedade, bem como os reflexos da quest\u00e3o para o campo das pol\u00edticas sociais\u201d. J\u00e1 a coordenadora-geral de Articula\u00e7\u00e3o do Cuidado Integral do minist\u00e9rio, a tamb\u00e9m psic\u00f3loga Grace F\u00e1tima de Souza Rosa, destacou, ao abrir o semin\u00e1rio, que \u201colharmos para as diversas express\u00f5es das masculinidades na nossa sociedade \u00e9 uma forma de cuidarmos da sa\u00fade do homem e, atrav\u00e9s dele, da sa\u00fade de toda a sociedade\u201d.<\/p>\n<p><strong>*Nome fict\u00edcio<\/strong><\/p>\n","protected":false},"excerpt":{"rendered":"<p>Jeremias* \u00e9 um homem negro, de meia-idade. Convencido de que buscar ajuda seria uma demonstra\u00e7\u00e3o de fraqueza incompat\u00edvel com o ideal de masculinidade que concebeu a partir do que lhe foi ensinado ao longo da vida, ele s\u00f3 foi bater \u00e0s portas de um Centro de Aten\u00e7\u00e3o Psicossocial (CAPs) do Distrito Federal quando, desempregado e [&hellip;]<\/p>\n","protected":false},"author":2,"featured_media":308956,"comment_status":"closed","ping_status":"closed","sticky":false,"template":"","format":"standard","meta":{"_acf_changed":false,"footnotes":""},"categories":[161],"tags":[],"class_list":["post-308955","post","type-post","status-publish","format-standard","has-post-thumbnail","hentry","category-quadradinho-em-foco"],"acf":[],"yoast_head":"<!-- This site is optimized with the Yoast SEO plugin v27.2 - https:\/\/yoast.com\/product\/yoast-seo-wordpress\/ -->\n<title>Especialistas apontam riscos de idealizar masculinidade - Notibras<\/title>\n<meta name=\"robots\" content=\"index, follow, max-snippet:-1, max-image-preview:large, max-video-preview:-1\" \/>\n<link rel=\"canonical\" href=\"https:\/\/www.notibras.com\/site\/especialistas-apontam-riscos-de-idealizar-masculinidade\/\" \/>\n<meta property=\"og:locale\" content=\"pt_BR\" \/>\n<meta property=\"og:type\" content=\"article\" \/>\n<meta property=\"og:title\" content=\"Especialistas apontam riscos de idealizar masculinidade - Notibras\" \/>\n<meta property=\"og:description\" content=\"Jeremias* \u00e9 um homem negro, de meia-idade. Convencido de que buscar ajuda seria uma demonstra\u00e7\u00e3o de fraqueza incompat\u00edvel com o ideal de masculinidade que concebeu a partir do que lhe foi ensinado ao longo da vida, ele s\u00f3 foi bater \u00e0s portas de um Centro de Aten\u00e7\u00e3o Psicossocial (CAPs) do Distrito Federal quando, desempregado e [&hellip;]\" \/>\n<meta property=\"og:url\" content=\"https:\/\/www.notibras.com\/site\/especialistas-apontam-riscos-de-idealizar-masculinidade\/\" \/>\n<meta property=\"og:site_name\" content=\"Notibras\" \/>\n<meta property=\"article:publisher\" content=\"https:\/\/www.facebook.com\/notibras\/\" \/>\n<meta property=\"article:published_time\" content=\"2023-07-16T03:21:18+00:00\" \/>\n<meta property=\"article:modified_time\" content=\"2023-07-16T07:24:00+00:00\" \/>\n<meta property=\"og:image\" content=\"https:\/\/www.notibras.com\/site\/wp-content\/uploads\/2023\/07\/53045885466_2a342f0500_o.jpg\" \/>\n\t<meta property=\"og:image:width\" content=\"1170\" \/>\n\t<meta property=\"og:image:height\" content=\"700\" \/>\n\t<meta property=\"og:image:type\" content=\"image\/jpeg\" \/>\n<meta name=\"author\" content=\"Reda\u00e7\u00e3o\" \/>\n<meta name=\"twitter:card\" content=\"summary_large_image\" \/>\n<meta name=\"twitter:creator\" content=\"@Notibras\" \/>\n<meta name=\"twitter:site\" content=\"@Notibras\" \/>\n<meta name=\"twitter:label1\" content=\"Escrito por\" \/>\n\t<meta name=\"twitter:data1\" content=\"Reda\u00e7\u00e3o\" \/>\n\t<meta name=\"twitter:label2\" content=\"Est. tempo de leitura\" \/>\n\t<meta name=\"twitter:data2\" content=\"5 minutos\" \/>\n<script type=\"application\/ld+json\" class=\"yoast-schema-graph\">{\"@context\":\"https:\/\/schema.org\",\"@graph\":[{\"@type\":\"Article\",\"@id\":\"https:\/\/www.notibras.com\/site\/especialistas-apontam-riscos-de-idealizar-masculinidade\/#article\",\"isPartOf\":{\"@id\":\"https:\/\/www.notibras.com\/site\/especialistas-apontam-riscos-de-idealizar-masculinidade\/\"},\"author\":{\"name\":\"Reda\u00e7\u00e3o\",\"@id\":\"https:\/\/www.notibras.com\/site\/#\/schema\/person\/36ab0979449956132d3e5b517ea76ac8\"},\"headline\":\"Especialistas apontam riscos de idealizar masculinidade\",\"datePublished\":\"2023-07-16T03:21:18+00:00\",\"dateModified\":\"2023-07-16T07:24:00+00:00\",\"mainEntityOfPage\":{\"@id\":\"https:\/\/www.notibras.com\/site\/especialistas-apontam-riscos-de-idealizar-masculinidade\/\"},\"wordCount\":954,\"publisher\":{\"@id\":\"https:\/\/www.notibras.com\/site\/#organization\"},\"image\":{\"@id\":\"https:\/\/www.notibras.com\/site\/especialistas-apontam-riscos-de-idealizar-masculinidade\/#primaryimage\"},\"thumbnailUrl\":\"https:\/\/www.notibras.com\/site\/wp-content\/uploads\/2023\/07\/53045885466_2a342f0500_o.jpg\",\"articleSection\":[\"Quadradinho em Foco\"],\"inLanguage\":\"pt-BR\"},{\"@type\":\"WebPage\",\"@id\":\"https:\/\/www.notibras.com\/site\/especialistas-apontam-riscos-de-idealizar-masculinidade\/\",\"url\":\"https:\/\/www.notibras.com\/site\/especialistas-apontam-riscos-de-idealizar-masculinidade\/\",\"name\":\"Especialistas apontam riscos de idealizar masculinidade - Notibras\",\"isPartOf\":{\"@id\":\"https:\/\/www.notibras.com\/site\/#website\"},\"primaryImageOfPage\":{\"@id\":\"https:\/\/www.notibras.com\/site\/especialistas-apontam-riscos-de-idealizar-masculinidade\/#primaryimage\"},\"image\":{\"@id\":\"https:\/\/www.notibras.com\/site\/especialistas-apontam-riscos-de-idealizar-masculinidade\/#primaryimage\"},\"thumbnailUrl\":\"https:\/\/www.notibras.com\/site\/wp-content\/uploads\/2023\/07\/53045885466_2a342f0500_o.jpg\",\"datePublished\":\"2023-07-16T03:21:18+00:00\",\"dateModified\":\"2023-07-16T07:24:00+00:00\",\"breadcrumb\":{\"@id\":\"https:\/\/www.notibras.com\/site\/especialistas-apontam-riscos-de-idealizar-masculinidade\/#breadcrumb\"},\"inLanguage\":\"pt-BR\",\"potentialAction\":[{\"@type\":\"ReadAction\",\"target\":[\"https:\/\/www.notibras.com\/site\/especialistas-apontam-riscos-de-idealizar-masculinidade\/\"]}]},{\"@type\":\"ImageObject\",\"inLanguage\":\"pt-BR\",\"@id\":\"https:\/\/www.notibras.com\/site\/especialistas-apontam-riscos-de-idealizar-masculinidade\/#primaryimage\",\"url\":\"https:\/\/www.notibras.com\/site\/wp-content\/uploads\/2023\/07\/53045885466_2a342f0500_o.jpg\",\"contentUrl\":\"https:\/\/www.notibras.com\/site\/wp-content\/uploads\/2023\/07\/53045885466_2a342f0500_o.jpg\",\"width\":1170,\"height\":700},{\"@type\":\"BreadcrumbList\",\"@id\":\"https:\/\/www.notibras.com\/site\/especialistas-apontam-riscos-de-idealizar-masculinidade\/#breadcrumb\",\"itemListElement\":[{\"@type\":\"ListItem\",\"position\":1,\"name\":\"In\u00edcio\",\"item\":\"https:\/\/www.notibras.com\/site\/\"},{\"@type\":\"ListItem\",\"position\":2,\"name\":\"Especialistas apontam riscos de idealizar masculinidade\"}]},{\"@type\":\"WebSite\",\"@id\":\"https:\/\/www.notibras.com\/site\/#website\",\"url\":\"https:\/\/www.notibras.com\/site\/\",\"name\":\"Notibras\",\"description\":\"Not\u00edcias de Bras\u00edlia, do Brasil e do Mundo\",\"publisher\":{\"@id\":\"https:\/\/www.notibras.com\/site\/#organization\"},\"potentialAction\":[{\"@type\":\"SearchAction\",\"target\":{\"@type\":\"EntryPoint\",\"urlTemplate\":\"https:\/\/www.notibras.com\/site\/?s={search_term_string}\"},\"query-input\":{\"@type\":\"PropertyValueSpecification\",\"valueRequired\":true,\"valueName\":\"search_term_string\"}}],\"inLanguage\":\"pt-BR\"},{\"@type\":\"Organization\",\"@id\":\"https:\/\/www.notibras.com\/site\/#organization\",\"name\":\"Grupo Notibras de Comunica\u00e7\u00e3o\",\"url\":\"https:\/\/www.notibras.com\/site\/\",\"logo\":{\"@type\":\"ImageObject\",\"inLanguage\":\"pt-BR\",\"@id\":\"https:\/\/www.notibras.com\/site\/#\/schema\/logo\/image\/\",\"url\":\"https:\/\/www.notibras.com\/site\/wp-content\/uploads\/2023\/01\/notibras23.png\",\"contentUrl\":\"https:\/\/www.notibras.com\/site\/wp-content\/uploads\/2023\/01\/notibras23.png\",\"width\":350,\"height\":87,\"caption\":\"Grupo Notibras de Comunica\u00e7\u00e3o\"},\"image\":{\"@id\":\"https:\/\/www.notibras.com\/site\/#\/schema\/logo\/image\/\"},\"sameAs\":[\"https:\/\/www.facebook.com\/notibras\/\",\"https:\/\/x.com\/Notibras\",\"https:\/\/www.instagram.com\/notibras\/\"]},{\"@type\":\"Person\",\"@id\":\"https:\/\/www.notibras.com\/site\/#\/schema\/person\/36ab0979449956132d3e5b517ea76ac8\",\"name\":\"Reda\u00e7\u00e3o\",\"image\":{\"@type\":\"ImageObject\",\"inLanguage\":\"pt-BR\",\"@id\":\"https:\/\/secure.gravatar.com\/avatar\/e0a867bdedb85fd243eadf09663511f96fc81e0720a4a42581f334ad4303aa6b?s=96&d=mm&r=g\",\"url\":\"https:\/\/secure.gravatar.com\/avatar\/e0a867bdedb85fd243eadf09663511f96fc81e0720a4a42581f334ad4303aa6b?s=96&d=mm&r=g\",\"contentUrl\":\"https:\/\/secure.gravatar.com\/avatar\/e0a867bdedb85fd243eadf09663511f96fc81e0720a4a42581f334ad4303aa6b?s=96&d=mm&r=g\",\"caption\":\"Reda\u00e7\u00e3o\"}}]}<\/script>\n<!-- \/ Yoast SEO plugin. -->","yoast_head_json":{"title":"Especialistas apontam riscos de idealizar masculinidade - Notibras","robots":{"index":"index","follow":"follow","max-snippet":"max-snippet:-1","max-image-preview":"max-image-preview:large","max-video-preview":"max-video-preview:-1"},"canonical":"https:\/\/www.notibras.com\/site\/especialistas-apontam-riscos-de-idealizar-masculinidade\/","og_locale":"pt_BR","og_type":"article","og_title":"Especialistas apontam riscos de idealizar masculinidade - Notibras","og_description":"Jeremias* \u00e9 um homem negro, de meia-idade. Convencido de que buscar ajuda seria uma demonstra\u00e7\u00e3o de fraqueza incompat\u00edvel com o ideal de masculinidade que concebeu a partir do que lhe foi ensinado ao longo da vida, ele s\u00f3 foi bater \u00e0s portas de um Centro de Aten\u00e7\u00e3o Psicossocial (CAPs) do Distrito Federal quando, desempregado e [&hellip;]","og_url":"https:\/\/www.notibras.com\/site\/especialistas-apontam-riscos-de-idealizar-masculinidade\/","og_site_name":"Notibras","article_publisher":"https:\/\/www.facebook.com\/notibras\/","article_published_time":"2023-07-16T03:21:18+00:00","article_modified_time":"2023-07-16T07:24:00+00:00","og_image":[{"width":1170,"height":700,"url":"https:\/\/www.notibras.com\/site\/wp-content\/uploads\/2023\/07\/53045885466_2a342f0500_o.jpg","type":"image\/jpeg"}],"author":"Reda\u00e7\u00e3o","twitter_card":"summary_large_image","twitter_creator":"@Notibras","twitter_site":"@Notibras","twitter_misc":{"Escrito por":"Reda\u00e7\u00e3o","Est. tempo de leitura":"5 minutos"},"schema":{"@context":"https:\/\/schema.org","@graph":[{"@type":"Article","@id":"https:\/\/www.notibras.com\/site\/especialistas-apontam-riscos-de-idealizar-masculinidade\/#article","isPartOf":{"@id":"https:\/\/www.notibras.com\/site\/especialistas-apontam-riscos-de-idealizar-masculinidade\/"},"author":{"name":"Reda\u00e7\u00e3o","@id":"https:\/\/www.notibras.com\/site\/#\/schema\/person\/36ab0979449956132d3e5b517ea76ac8"},"headline":"Especialistas apontam riscos de idealizar masculinidade","datePublished":"2023-07-16T03:21:18+00:00","dateModified":"2023-07-16T07:24:00+00:00","mainEntityOfPage":{"@id":"https:\/\/www.notibras.com\/site\/especialistas-apontam-riscos-de-idealizar-masculinidade\/"},"wordCount":954,"publisher":{"@id":"https:\/\/www.notibras.com\/site\/#organization"},"image":{"@id":"https:\/\/www.notibras.com\/site\/especialistas-apontam-riscos-de-idealizar-masculinidade\/#primaryimage"},"thumbnailUrl":"https:\/\/www.notibras.com\/site\/wp-content\/uploads\/2023\/07\/53045885466_2a342f0500_o.jpg","articleSection":["Quadradinho em Foco"],"inLanguage":"pt-BR"},{"@type":"WebPage","@id":"https:\/\/www.notibras.com\/site\/especialistas-apontam-riscos-de-idealizar-masculinidade\/","url":"https:\/\/www.notibras.com\/site\/especialistas-apontam-riscos-de-idealizar-masculinidade\/","name":"Especialistas apontam riscos de idealizar masculinidade - Notibras","isPartOf":{"@id":"https:\/\/www.notibras.com\/site\/#website"},"primaryImageOfPage":{"@id":"https:\/\/www.notibras.com\/site\/especialistas-apontam-riscos-de-idealizar-masculinidade\/#primaryimage"},"image":{"@id":"https:\/\/www.notibras.com\/site\/especialistas-apontam-riscos-de-idealizar-masculinidade\/#primaryimage"},"thumbnailUrl":"https:\/\/www.notibras.com\/site\/wp-content\/uploads\/2023\/07\/53045885466_2a342f0500_o.jpg","datePublished":"2023-07-16T03:21:18+00:00","dateModified":"2023-07-16T07:24:00+00:00","breadcrumb":{"@id":"https:\/\/www.notibras.com\/site\/especialistas-apontam-riscos-de-idealizar-masculinidade\/#breadcrumb"},"inLanguage":"pt-BR","potentialAction":[{"@type":"ReadAction","target":["https:\/\/www.notibras.com\/site\/especialistas-apontam-riscos-de-idealizar-masculinidade\/"]}]},{"@type":"ImageObject","inLanguage":"pt-BR","@id":"https:\/\/www.notibras.com\/site\/especialistas-apontam-riscos-de-idealizar-masculinidade\/#primaryimage","url":"https:\/\/www.notibras.com\/site\/wp-content\/uploads\/2023\/07\/53045885466_2a342f0500_o.jpg","contentUrl":"https:\/\/www.notibras.com\/site\/wp-content\/uploads\/2023\/07\/53045885466_2a342f0500_o.jpg","width":1170,"height":700},{"@type":"BreadcrumbList","@id":"https:\/\/www.notibras.com\/site\/especialistas-apontam-riscos-de-idealizar-masculinidade\/#breadcrumb","itemListElement":[{"@type":"ListItem","position":1,"name":"In\u00edcio","item":"https:\/\/www.notibras.com\/site\/"},{"@type":"ListItem","position":2,"name":"Especialistas apontam riscos de idealizar masculinidade"}]},{"@type":"WebSite","@id":"https:\/\/www.notibras.com\/site\/#website","url":"https:\/\/www.notibras.com\/site\/","name":"Notibras","description":"Not\u00edcias de Bras\u00edlia, do Brasil e do Mundo","publisher":{"@id":"https:\/\/www.notibras.com\/site\/#organization"},"potentialAction":[{"@type":"SearchAction","target":{"@type":"EntryPoint","urlTemplate":"https:\/\/www.notibras.com\/site\/?s={search_term_string}"},"query-input":{"@type":"PropertyValueSpecification","valueRequired":true,"valueName":"search_term_string"}}],"inLanguage":"pt-BR"},{"@type":"Organization","@id":"https:\/\/www.notibras.com\/site\/#organization","name":"Grupo Notibras de Comunica\u00e7\u00e3o","url":"https:\/\/www.notibras.com\/site\/","logo":{"@type":"ImageObject","inLanguage":"pt-BR","@id":"https:\/\/www.notibras.com\/site\/#\/schema\/logo\/image\/","url":"https:\/\/www.notibras.com\/site\/wp-content\/uploads\/2023\/01\/notibras23.png","contentUrl":"https:\/\/www.notibras.com\/site\/wp-content\/uploads\/2023\/01\/notibras23.png","width":350,"height":87,"caption":"Grupo Notibras de Comunica\u00e7\u00e3o"},"image":{"@id":"https:\/\/www.notibras.com\/site\/#\/schema\/logo\/image\/"},"sameAs":["https:\/\/www.facebook.com\/notibras\/","https:\/\/x.com\/Notibras","https:\/\/www.instagram.com\/notibras\/"]},{"@type":"Person","@id":"https:\/\/www.notibras.com\/site\/#\/schema\/person\/36ab0979449956132d3e5b517ea76ac8","name":"Reda\u00e7\u00e3o","image":{"@type":"ImageObject","inLanguage":"pt-BR","@id":"https:\/\/secure.gravatar.com\/avatar\/e0a867bdedb85fd243eadf09663511f96fc81e0720a4a42581f334ad4303aa6b?s=96&d=mm&r=g","url":"https:\/\/secure.gravatar.com\/avatar\/e0a867bdedb85fd243eadf09663511f96fc81e0720a4a42581f334ad4303aa6b?s=96&d=mm&r=g","contentUrl":"https:\/\/secure.gravatar.com\/avatar\/e0a867bdedb85fd243eadf09663511f96fc81e0720a4a42581f334ad4303aa6b?s=96&d=mm&r=g","caption":"Reda\u00e7\u00e3o"}}]}},"amp_enabled":true,"_links":{"self":[{"href":"https:\/\/www.notibras.com\/site\/wp-json\/wp\/v2\/posts\/308955","targetHints":{"allow":["GET"]}}],"collection":[{"href":"https:\/\/www.notibras.com\/site\/wp-json\/wp\/v2\/posts"}],"about":[{"href":"https:\/\/www.notibras.com\/site\/wp-json\/wp\/v2\/types\/post"}],"author":[{"embeddable":true,"href":"https:\/\/www.notibras.com\/site\/wp-json\/wp\/v2\/users\/2"}],"replies":[{"embeddable":true,"href":"https:\/\/www.notibras.com\/site\/wp-json\/wp\/v2\/comments?post=308955"}],"version-history":[{"count":1,"href":"https:\/\/www.notibras.com\/site\/wp-json\/wp\/v2\/posts\/308955\/revisions"}],"predecessor-version":[{"id":308957,"href":"https:\/\/www.notibras.com\/site\/wp-json\/wp\/v2\/posts\/308955\/revisions\/308957"}],"wp:featuredmedia":[{"embeddable":true,"href":"https:\/\/www.notibras.com\/site\/wp-json\/wp\/v2\/media\/308956"}],"wp:attachment":[{"href":"https:\/\/www.notibras.com\/site\/wp-json\/wp\/v2\/media?parent=308955"}],"wp:term":[{"taxonomy":"category","embeddable":true,"href":"https:\/\/www.notibras.com\/site\/wp-json\/wp\/v2\/categories?post=308955"},{"taxonomy":"post_tag","embeddable":true,"href":"https:\/\/www.notibras.com\/site\/wp-json\/wp\/v2\/tags?post=308955"}],"curies":[{"name":"wp","href":"https:\/\/api.w.org\/{rel}","templated":true}]}}