{"id":308958,"date":"2023-07-16T00:01:43","date_gmt":"2023-07-16T03:01:43","guid":{"rendered":"https:\/\/www.notibras.com\/site\/?p=308958"},"modified":"2023-07-16T04:29:55","modified_gmt":"2023-07-16T07:29:55","slug":"congresso-chega-ao-fim-definindo-acoes-e-elegendo-diretoria","status":"publish","type":"post","link":"https:\/\/www.notibras.com\/site\/congresso-chega-ao-fim-definindo-acoes-e-elegendo-diretoria\/","title":{"rendered":"Congresso chega ao fim definindo a\u00e7\u00f5es e elegendo diretoria"},"content":{"rendered":"<p>\u00c0s v\u00e9speras do encerramento do 59\u00ba Congresso da Uni\u00e3o Nacional dos Estudantes (UNE), lideran\u00e7as do movimento estudantil reafirmaram a import\u00e2ncia do evento, que classificam como \u201co maior encontro pol\u00edtico da juventude brasileira\u201d.<\/p>\n<p>\u201cAcreditamos que, este ano, o congresso tem sido vitorioso. Seja pela programa\u00e7\u00e3o pol\u00edtica que contou com convidadas e convidados como o ex-presidente do Uruguai, Pepe Mujica, seja pela forte presen\u00e7a institucional, incluindo a participa\u00e7\u00e3o do presidente Luiz In\u00e1cio Lula da Silva\u201d, disse a presidente da UNE, a amazonense Bruna Brelaz, lembrando que a \u00faltima vez que um chefe do Poder Executivo brasileiro compareceu ao evento foi em 2009, quando o pr\u00f3prio Lula prestigiou o encontro.<\/p>\n<p>Segundo a UNE, cerca de 10 mil estudantes de todo o pa\u00eds est\u00e3o em Bras\u00edlia, desde a \u00faltima quarta-feira (12) para o encontro. Ap\u00f3s uma extensa agenda de debates, atividades culturais e atos pol\u00edticos \u2013 a exemplo do protesto de sexta-feira (14), em frente ao Banco Central, alvo de cr\u00edticas por manter alta a taxa b\u00e1sicas de juros \u2013 os estudantes participam, hoje (15) e amanh\u00e3 (16), da plen\u00e1ria em que ser\u00e3o votadas as principais propostas de a\u00e7\u00e3o da entidade.<\/p>\n<p>Neste domingo, tamb\u00e9m ser\u00e3o escolhidas a futura presid\u00eancia e diretoria da entidade para os pr\u00f3ximos dois anos.<\/p>\n<p>\u201cTemos dividido nossa pauta entre as demandas que consideramos emergenciais e aquelas estruturantes\u201d, explicou Bruna Brelaz, destacando que o congresso entrou hoje em sua fase \u201cmais bonita\u201d.<\/p>\n<p>\u201c\u00c9 o momento de maior mobiliza\u00e7\u00e3o, o mais tensionado, j\u00e1 que h\u00e1 diferentes opini\u00f5es e expectativas, o que representa a diversidade do movimento estudantil do pa\u00eds e a capacidade da UNE de representar esta multiplicidade.\u201d<\/p>\n<p>Para o ga\u00facho Tiago Morbach, da Uni\u00e3o da Juventude Socialista (UJS), a presen\u00e7a de tantos estudantes de diferentes regi\u00f5es do pa\u00eds confirma a capilaridade da UNE, que completa 86 anos este ano.<\/p>\n<p>\u201cO congresso cumpre um papel muito importante, transmitindo uma mensagem do movimento estudantil, da juventude brasileira, que est\u00e1 mobilizada para construir as transforma\u00e7\u00f5es de que o Brasil precisa neste novo momento pol\u00edtico\u201d, disse Morbach, refor\u00e7ando a opini\u00e3o de Bruna Brelaz sobre a diversidade de propostas e a intensidade dos debates.<\/p>\n<p>\u201c\u00c9 durante a plen\u00e1ria final do congresso que aflora a democracia que caracteriza a UNE. A quantidade de opini\u00f5es deve ser vista com otimismo e respeito\u201d.<\/p>\n<p>J\u00e1 a vice-presidente da UNE, a carioca J\u00falia Aguiar, ressaltou os desafios que a entidade e o movimento estudantil como um todo enfrentaram ao longo dos \u00faltimos anos para dimensionar a import\u00e2ncia do atual congresso.<\/p>\n<p>\u201cDevido \u00e0 pandemia, fomos impedidos de realizar o encontro presencialmente por quatro anos. Mesmo assim, n\u00e3o s\u00f3 voltamos a organizar um evento gigante, como constru\u00edmos o processo de escolha da futura diretoria. Tudo isso \u00e9 de fundamental import\u00e2ncia para a renova\u00e7\u00e3o do movimento estudantil. Muitos estudantes est\u00e3o participando de seu primeiro encontro em um contexto pol\u00edtico que n\u00f3s, que defendemos uma educa\u00e7\u00e3o mais inclusiva e democr\u00e1tica, consideramos melhor. At\u00e9 porque, no \u00faltimo per\u00edodo, obtivemos uma vit\u00f3ria fundamental: a derrota do neofascismo e do bolsonarismo. Ainda que saibamos que a extrema-direita siga organizada\u201d, comentou J\u00falia, que integra o Levante Popular da Juventude, pr\u00f3ximo ao Movimento dos Trabalhadores Rurais Sem Terra (MST) e a outras organiza\u00e7\u00f5es sociais do campo.<\/p>\n<p><strong>Prioridades<\/strong><br \/>\nAo comparecer ao Congresso da UNE, o presidente Lula recebeu de representantes do movimento um documento com algumas das principais reivindica\u00e7\u00f5es estudantis para os pr\u00f3ximos anos. Nas palavras do presidente, a pauta \u00e9 &#8220;longa, \u00e1rdua e apimentada&#8221;.<\/p>\n<p>Segundo a presidente da entidade, Bruna Brelaz, as propostas &#8211; incluindo algumas que seguem em debate &#8211; est\u00e3o divididas entre as consideradas emergenciais (como a transforma\u00e7\u00e3o do Programa Nacional de Assist\u00eancia Estudantil em lei nacional) e as estruturantes (a exemplo da cria\u00e7\u00e3o da Universidade da Integra\u00e7\u00e3o da Amaz\u00f4nia, com investimentos massivos em ci\u00eancia e tecnologia). Al\u00e9m disso, durante a plen\u00e1ria, cada entidade defende as a\u00e7\u00f5es que considera priorit\u00e1rias, conforme explicou Tiago Morbach.<\/p>\n<p>\u201cN\u00f3s, da UJS, por exemplo, buscamos que seja aprovada a proposi\u00e7\u00e3o de uma reforma universit\u00e1ria que permita \u00e0s institui\u00e7\u00f5es de ensino assumir um novo papel no desenvolvimento nacional, participando ativamente do enfrentamento \u00e0 fome e \u00e0 mis\u00e9ria. E que a UNE intensifique seu papel de mobilizadora social\u201d, disse Morbach antes de comentar a rea\u00e7\u00e3o presidencial ao documento preliminar:<\/p>\n<p>&#8220;Eu, de fato, considero a pauta que entregamos ao Lula como, digamos, bem temperada. Ficamos muito felizes por o presidente ter reconhecido isso, pois pretendemos abrir um canal de di\u00e1logos com o governo a fim de que as reivindica\u00e7\u00f5es dos estudantes sejam levadas adiante. N\u00e3o esperamos que elas sejam tiradas do papel sem que os estudantes estejam mobilizados e pressionando os governos, o Congresso Nacional e at\u00e9 mesmo o Banco Central&#8221;.<\/p>\n<p>J\u00e1 J\u00falia Aguiar elencou algumas das pautas defendidas pelo Levante Popular da Juventude no congresso:<\/p>\n<p>\u201cNossa expectativa \u00e9 de que, al\u00e9m de seguir mobilizando os estudantes em todo o pa\u00eds, possamos barrar retrocessos. Que revoguemos a Reforma do Ensino M\u00e9dio e consigamos imprimir, na atual gest\u00e3o federal, um projeto de educa\u00e7\u00e3o que leve em considera\u00e7\u00e3o o fruto de nossos debates, fortalecendo as entidades de estudantes, que foram muito fragilizadas no \u00faltimo per\u00edodo\u201d.<\/p>\n","protected":false},"excerpt":{"rendered":"<p>\u00c0s v\u00e9speras do encerramento do 59\u00ba Congresso da Uni\u00e3o Nacional dos Estudantes (UNE), lideran\u00e7as do movimento estudantil reafirmaram a import\u00e2ncia do evento, que classificam como \u201co maior encontro pol\u00edtico da juventude brasileira\u201d. \u201cAcreditamos que, este ano, o congresso tem sido vitorioso. Seja pela programa\u00e7\u00e3o pol\u00edtica que contou com convidadas e convidados como o ex-presidente do [&hellip;]<\/p>\n","protected":false},"author":2,"featured_media":308959,"comment_status":"closed","ping_status":"closed","sticky":false,"template":"","format":"standard","meta":{"_acf_changed":false,"footnotes":""},"categories":[161],"tags":[],"class_list":["post-308958","post","type-post","status-publish","format-standard","has-post-thumbnail","hentry","category-quadradinho-em-foco"],"acf":[],"yoast_head":"<!-- This site is optimized with the Yoast SEO plugin v27.2 - https:\/\/yoast.com\/product\/yoast-seo-wordpress\/ -->\n<title>Congresso chega ao fim definindo a\u00e7\u00f5es e elegendo diretoria - Notibras<\/title>\n<meta name=\"robots\" content=\"index, follow, max-snippet:-1, max-image-preview:large, max-video-preview:-1\" \/>\n<link rel=\"canonical\" href=\"https:\/\/www.notibras.com\/site\/congresso-chega-ao-fim-definindo-acoes-e-elegendo-diretoria\/\" \/>\n<meta property=\"og:locale\" content=\"pt_BR\" \/>\n<meta property=\"og:type\" content=\"article\" \/>\n<meta property=\"og:title\" content=\"Congresso chega ao fim definindo a\u00e7\u00f5es e elegendo diretoria - Notibras\" \/>\n<meta property=\"og:description\" content=\"\u00c0s v\u00e9speras do encerramento do 59\u00ba Congresso da Uni\u00e3o Nacional dos Estudantes (UNE), lideran\u00e7as do movimento estudantil reafirmaram a import\u00e2ncia do evento, que classificam como \u201co maior encontro pol\u00edtico da juventude brasileira\u201d. \u201cAcreditamos que, este ano, o congresso tem sido vitorioso. Seja pela programa\u00e7\u00e3o pol\u00edtica que contou com convidadas e convidados como o ex-presidente do [&hellip;]\" \/>\n<meta property=\"og:url\" content=\"https:\/\/www.notibras.com\/site\/congresso-chega-ao-fim-definindo-acoes-e-elegendo-diretoria\/\" \/>\n<meta property=\"og:site_name\" content=\"Notibras\" \/>\n<meta property=\"article:publisher\" content=\"https:\/\/www.facebook.com\/notibras\/\" \/>\n<meta property=\"article:published_time\" content=\"2023-07-16T03:01:43+00:00\" \/>\n<meta property=\"article:modified_time\" content=\"2023-07-16T07:29:55+00:00\" \/>\n<meta property=\"og:image\" content=\"https:\/\/www.notibras.com\/site\/wp-content\/uploads\/2023\/07\/pzzb9098-5.jpg\" \/>\n\t<meta property=\"og:image:width\" content=\"1170\" \/>\n\t<meta property=\"og:image:height\" content=\"700\" \/>\n\t<meta property=\"og:image:type\" content=\"image\/jpeg\" \/>\n<meta name=\"author\" content=\"Reda\u00e7\u00e3o\" \/>\n<meta name=\"twitter:card\" content=\"summary_large_image\" \/>\n<meta name=\"twitter:creator\" content=\"@Notibras\" \/>\n<meta name=\"twitter:site\" content=\"@Notibras\" \/>\n<meta name=\"twitter:label1\" content=\"Escrito por\" \/>\n\t<meta name=\"twitter:data1\" content=\"Reda\u00e7\u00e3o\" \/>\n\t<meta name=\"twitter:label2\" content=\"Est. tempo de leitura\" \/>\n\t<meta name=\"twitter:data2\" content=\"5 minutos\" \/>\n<script type=\"application\/ld+json\" class=\"yoast-schema-graph\">{\"@context\":\"https:\/\/schema.org\",\"@graph\":[{\"@type\":\"Article\",\"@id\":\"https:\/\/www.notibras.com\/site\/congresso-chega-ao-fim-definindo-acoes-e-elegendo-diretoria\/#article\",\"isPartOf\":{\"@id\":\"https:\/\/www.notibras.com\/site\/congresso-chega-ao-fim-definindo-acoes-e-elegendo-diretoria\/\"},\"author\":{\"name\":\"Reda\u00e7\u00e3o\",\"@id\":\"https:\/\/www.notibras.com\/site\/#\/schema\/person\/36ab0979449956132d3e5b517ea76ac8\"},\"headline\":\"Congresso chega ao fim definindo a\u00e7\u00f5es e elegendo diretoria\",\"datePublished\":\"2023-07-16T03:01:43+00:00\",\"dateModified\":\"2023-07-16T07:29:55+00:00\",\"mainEntityOfPage\":{\"@id\":\"https:\/\/www.notibras.com\/site\/congresso-chega-ao-fim-definindo-acoes-e-elegendo-diretoria\/\"},\"wordCount\":914,\"publisher\":{\"@id\":\"https:\/\/www.notibras.com\/site\/#organization\"},\"image\":{\"@id\":\"https:\/\/www.notibras.com\/site\/congresso-chega-ao-fim-definindo-acoes-e-elegendo-diretoria\/#primaryimage\"},\"thumbnailUrl\":\"https:\/\/www.notibras.com\/site\/wp-content\/uploads\/2023\/07\/pzzb9098-5.jpg\",\"articleSection\":[\"Quadradinho em Foco\"],\"inLanguage\":\"pt-BR\"},{\"@type\":\"WebPage\",\"@id\":\"https:\/\/www.notibras.com\/site\/congresso-chega-ao-fim-definindo-acoes-e-elegendo-diretoria\/\",\"url\":\"https:\/\/www.notibras.com\/site\/congresso-chega-ao-fim-definindo-acoes-e-elegendo-diretoria\/\",\"name\":\"Congresso chega ao fim definindo a\u00e7\u00f5es e elegendo diretoria - Notibras\",\"isPartOf\":{\"@id\":\"https:\/\/www.notibras.com\/site\/#website\"},\"primaryImageOfPage\":{\"@id\":\"https:\/\/www.notibras.com\/site\/congresso-chega-ao-fim-definindo-acoes-e-elegendo-diretoria\/#primaryimage\"},\"image\":{\"@id\":\"https:\/\/www.notibras.com\/site\/congresso-chega-ao-fim-definindo-acoes-e-elegendo-diretoria\/#primaryimage\"},\"thumbnailUrl\":\"https:\/\/www.notibras.com\/site\/wp-content\/uploads\/2023\/07\/pzzb9098-5.jpg\",\"datePublished\":\"2023-07-16T03:01:43+00:00\",\"dateModified\":\"2023-07-16T07:29:55+00:00\",\"breadcrumb\":{\"@id\":\"https:\/\/www.notibras.com\/site\/congresso-chega-ao-fim-definindo-acoes-e-elegendo-diretoria\/#breadcrumb\"},\"inLanguage\":\"pt-BR\",\"potentialAction\":[{\"@type\":\"ReadAction\",\"target\":[\"https:\/\/www.notibras.com\/site\/congresso-chega-ao-fim-definindo-acoes-e-elegendo-diretoria\/\"]}]},{\"@type\":\"ImageObject\",\"inLanguage\":\"pt-BR\",\"@id\":\"https:\/\/www.notibras.com\/site\/congresso-chega-ao-fim-definindo-acoes-e-elegendo-diretoria\/#primaryimage\",\"url\":\"https:\/\/www.notibras.com\/site\/wp-content\/uploads\/2023\/07\/pzzb9098-5.jpg\",\"contentUrl\":\"https:\/\/www.notibras.com\/site\/wp-content\/uploads\/2023\/07\/pzzb9098-5.jpg\",\"width\":1170,\"height\":700,\"caption\":\"Bras\u00edlia (DF) 15\/07\/2023 Plen\u00e1ria do UNE em Bras\u00edlia. Foto Ant\u00f4nio Cruz \/ Ag\u00eancia Brasil.\"},{\"@type\":\"BreadcrumbList\",\"@id\":\"https:\/\/www.notibras.com\/site\/congresso-chega-ao-fim-definindo-acoes-e-elegendo-diretoria\/#breadcrumb\",\"itemListElement\":[{\"@type\":\"ListItem\",\"position\":1,\"name\":\"In\u00edcio\",\"item\":\"https:\/\/www.notibras.com\/site\/\"},{\"@type\":\"ListItem\",\"position\":2,\"name\":\"Congresso chega ao fim definindo a\u00e7\u00f5es e elegendo diretoria\"}]},{\"@type\":\"WebSite\",\"@id\":\"https:\/\/www.notibras.com\/site\/#website\",\"url\":\"https:\/\/www.notibras.com\/site\/\",\"name\":\"Notibras\",\"description\":\"Not\u00edcias de Bras\u00edlia, do Brasil e do Mundo\",\"publisher\":{\"@id\":\"https:\/\/www.notibras.com\/site\/#organization\"},\"potentialAction\":[{\"@type\":\"SearchAction\",\"target\":{\"@type\":\"EntryPoint\",\"urlTemplate\":\"https:\/\/www.notibras.com\/site\/?s={search_term_string}\"},\"query-input\":{\"@type\":\"PropertyValueSpecification\",\"valueRequired\":true,\"valueName\":\"search_term_string\"}}],\"inLanguage\":\"pt-BR\"},{\"@type\":\"Organization\",\"@id\":\"https:\/\/www.notibras.com\/site\/#organization\",\"name\":\"Grupo Notibras de Comunica\u00e7\u00e3o\",\"url\":\"https:\/\/www.notibras.com\/site\/\",\"logo\":{\"@type\":\"ImageObject\",\"inLanguage\":\"pt-BR\",\"@id\":\"https:\/\/www.notibras.com\/site\/#\/schema\/logo\/image\/\",\"url\":\"https:\/\/www.notibras.com\/site\/wp-content\/uploads\/2023\/01\/notibras23.png\",\"contentUrl\":\"https:\/\/www.notibras.com\/site\/wp-content\/uploads\/2023\/01\/notibras23.png\",\"width\":350,\"height\":87,\"caption\":\"Grupo Notibras de Comunica\u00e7\u00e3o\"},\"image\":{\"@id\":\"https:\/\/www.notibras.com\/site\/#\/schema\/logo\/image\/\"},\"sameAs\":[\"https:\/\/www.facebook.com\/notibras\/\",\"https:\/\/x.com\/Notibras\",\"https:\/\/www.instagram.com\/notibras\/\"]},{\"@type\":\"Person\",\"@id\":\"https:\/\/www.notibras.com\/site\/#\/schema\/person\/36ab0979449956132d3e5b517ea76ac8\",\"name\":\"Reda\u00e7\u00e3o\",\"image\":{\"@type\":\"ImageObject\",\"inLanguage\":\"pt-BR\",\"@id\":\"https:\/\/secure.gravatar.com\/avatar\/e0a867bdedb85fd243eadf09663511f96fc81e0720a4a42581f334ad4303aa6b?s=96&d=mm&r=g\",\"url\":\"https:\/\/secure.gravatar.com\/avatar\/e0a867bdedb85fd243eadf09663511f96fc81e0720a4a42581f334ad4303aa6b?s=96&d=mm&r=g\",\"contentUrl\":\"https:\/\/secure.gravatar.com\/avatar\/e0a867bdedb85fd243eadf09663511f96fc81e0720a4a42581f334ad4303aa6b?s=96&d=mm&r=g\",\"caption\":\"Reda\u00e7\u00e3o\"}}]}<\/script>\n<!-- \/ Yoast SEO plugin. -->","yoast_head_json":{"title":"Congresso chega ao fim definindo a\u00e7\u00f5es e elegendo diretoria - Notibras","robots":{"index":"index","follow":"follow","max-snippet":"max-snippet:-1","max-image-preview":"max-image-preview:large","max-video-preview":"max-video-preview:-1"},"canonical":"https:\/\/www.notibras.com\/site\/congresso-chega-ao-fim-definindo-acoes-e-elegendo-diretoria\/","og_locale":"pt_BR","og_type":"article","og_title":"Congresso chega ao fim definindo a\u00e7\u00f5es e elegendo diretoria - Notibras","og_description":"\u00c0s v\u00e9speras do encerramento do 59\u00ba Congresso da Uni\u00e3o Nacional dos Estudantes (UNE), lideran\u00e7as do movimento estudantil reafirmaram a import\u00e2ncia do evento, que classificam como \u201co maior encontro pol\u00edtico da juventude brasileira\u201d. \u201cAcreditamos que, este ano, o congresso tem sido vitorioso. Seja pela programa\u00e7\u00e3o pol\u00edtica que contou com convidadas e convidados como o ex-presidente do [&hellip;]","og_url":"https:\/\/www.notibras.com\/site\/congresso-chega-ao-fim-definindo-acoes-e-elegendo-diretoria\/","og_site_name":"Notibras","article_publisher":"https:\/\/www.facebook.com\/notibras\/","article_published_time":"2023-07-16T03:01:43+00:00","article_modified_time":"2023-07-16T07:29:55+00:00","og_image":[{"width":1170,"height":700,"url":"https:\/\/www.notibras.com\/site\/wp-content\/uploads\/2023\/07\/pzzb9098-5.jpg","type":"image\/jpeg"}],"author":"Reda\u00e7\u00e3o","twitter_card":"summary_large_image","twitter_creator":"@Notibras","twitter_site":"@Notibras","twitter_misc":{"Escrito por":"Reda\u00e7\u00e3o","Est. tempo de leitura":"5 minutos"},"schema":{"@context":"https:\/\/schema.org","@graph":[{"@type":"Article","@id":"https:\/\/www.notibras.com\/site\/congresso-chega-ao-fim-definindo-acoes-e-elegendo-diretoria\/#article","isPartOf":{"@id":"https:\/\/www.notibras.com\/site\/congresso-chega-ao-fim-definindo-acoes-e-elegendo-diretoria\/"},"author":{"name":"Reda\u00e7\u00e3o","@id":"https:\/\/www.notibras.com\/site\/#\/schema\/person\/36ab0979449956132d3e5b517ea76ac8"},"headline":"Congresso chega ao fim definindo a\u00e7\u00f5es e elegendo diretoria","datePublished":"2023-07-16T03:01:43+00:00","dateModified":"2023-07-16T07:29:55+00:00","mainEntityOfPage":{"@id":"https:\/\/www.notibras.com\/site\/congresso-chega-ao-fim-definindo-acoes-e-elegendo-diretoria\/"},"wordCount":914,"publisher":{"@id":"https:\/\/www.notibras.com\/site\/#organization"},"image":{"@id":"https:\/\/www.notibras.com\/site\/congresso-chega-ao-fim-definindo-acoes-e-elegendo-diretoria\/#primaryimage"},"thumbnailUrl":"https:\/\/www.notibras.com\/site\/wp-content\/uploads\/2023\/07\/pzzb9098-5.jpg","articleSection":["Quadradinho em Foco"],"inLanguage":"pt-BR"},{"@type":"WebPage","@id":"https:\/\/www.notibras.com\/site\/congresso-chega-ao-fim-definindo-acoes-e-elegendo-diretoria\/","url":"https:\/\/www.notibras.com\/site\/congresso-chega-ao-fim-definindo-acoes-e-elegendo-diretoria\/","name":"Congresso chega ao fim definindo a\u00e7\u00f5es e elegendo diretoria - Notibras","isPartOf":{"@id":"https:\/\/www.notibras.com\/site\/#website"},"primaryImageOfPage":{"@id":"https:\/\/www.notibras.com\/site\/congresso-chega-ao-fim-definindo-acoes-e-elegendo-diretoria\/#primaryimage"},"image":{"@id":"https:\/\/www.notibras.com\/site\/congresso-chega-ao-fim-definindo-acoes-e-elegendo-diretoria\/#primaryimage"},"thumbnailUrl":"https:\/\/www.notibras.com\/site\/wp-content\/uploads\/2023\/07\/pzzb9098-5.jpg","datePublished":"2023-07-16T03:01:43+00:00","dateModified":"2023-07-16T07:29:55+00:00","breadcrumb":{"@id":"https:\/\/www.notibras.com\/site\/congresso-chega-ao-fim-definindo-acoes-e-elegendo-diretoria\/#breadcrumb"},"inLanguage":"pt-BR","potentialAction":[{"@type":"ReadAction","target":["https:\/\/www.notibras.com\/site\/congresso-chega-ao-fim-definindo-acoes-e-elegendo-diretoria\/"]}]},{"@type":"ImageObject","inLanguage":"pt-BR","@id":"https:\/\/www.notibras.com\/site\/congresso-chega-ao-fim-definindo-acoes-e-elegendo-diretoria\/#primaryimage","url":"https:\/\/www.notibras.com\/site\/wp-content\/uploads\/2023\/07\/pzzb9098-5.jpg","contentUrl":"https:\/\/www.notibras.com\/site\/wp-content\/uploads\/2023\/07\/pzzb9098-5.jpg","width":1170,"height":700,"caption":"Bras\u00edlia (DF) 15\/07\/2023 Plen\u00e1ria do UNE em Bras\u00edlia. Foto Ant\u00f4nio Cruz \/ Ag\u00eancia Brasil."},{"@type":"BreadcrumbList","@id":"https:\/\/www.notibras.com\/site\/congresso-chega-ao-fim-definindo-acoes-e-elegendo-diretoria\/#breadcrumb","itemListElement":[{"@type":"ListItem","position":1,"name":"In\u00edcio","item":"https:\/\/www.notibras.com\/site\/"},{"@type":"ListItem","position":2,"name":"Congresso chega ao fim definindo a\u00e7\u00f5es e elegendo diretoria"}]},{"@type":"WebSite","@id":"https:\/\/www.notibras.com\/site\/#website","url":"https:\/\/www.notibras.com\/site\/","name":"Notibras","description":"Not\u00edcias de Bras\u00edlia, do Brasil e do Mundo","publisher":{"@id":"https:\/\/www.notibras.com\/site\/#organization"},"potentialAction":[{"@type":"SearchAction","target":{"@type":"EntryPoint","urlTemplate":"https:\/\/www.notibras.com\/site\/?s={search_term_string}"},"query-input":{"@type":"PropertyValueSpecification","valueRequired":true,"valueName":"search_term_string"}}],"inLanguage":"pt-BR"},{"@type":"Organization","@id":"https:\/\/www.notibras.com\/site\/#organization","name":"Grupo Notibras de Comunica\u00e7\u00e3o","url":"https:\/\/www.notibras.com\/site\/","logo":{"@type":"ImageObject","inLanguage":"pt-BR","@id":"https:\/\/www.notibras.com\/site\/#\/schema\/logo\/image\/","url":"https:\/\/www.notibras.com\/site\/wp-content\/uploads\/2023\/01\/notibras23.png","contentUrl":"https:\/\/www.notibras.com\/site\/wp-content\/uploads\/2023\/01\/notibras23.png","width":350,"height":87,"caption":"Grupo Notibras de Comunica\u00e7\u00e3o"},"image":{"@id":"https:\/\/www.notibras.com\/site\/#\/schema\/logo\/image\/"},"sameAs":["https:\/\/www.facebook.com\/notibras\/","https:\/\/x.com\/Notibras","https:\/\/www.instagram.com\/notibras\/"]},{"@type":"Person","@id":"https:\/\/www.notibras.com\/site\/#\/schema\/person\/36ab0979449956132d3e5b517ea76ac8","name":"Reda\u00e7\u00e3o","image":{"@type":"ImageObject","inLanguage":"pt-BR","@id":"https:\/\/secure.gravatar.com\/avatar\/e0a867bdedb85fd243eadf09663511f96fc81e0720a4a42581f334ad4303aa6b?s=96&d=mm&r=g","url":"https:\/\/secure.gravatar.com\/avatar\/e0a867bdedb85fd243eadf09663511f96fc81e0720a4a42581f334ad4303aa6b?s=96&d=mm&r=g","contentUrl":"https:\/\/secure.gravatar.com\/avatar\/e0a867bdedb85fd243eadf09663511f96fc81e0720a4a42581f334ad4303aa6b?s=96&d=mm&r=g","caption":"Reda\u00e7\u00e3o"}}]}},"amp_enabled":true,"_links":{"self":[{"href":"https:\/\/www.notibras.com\/site\/wp-json\/wp\/v2\/posts\/308958","targetHints":{"allow":["GET"]}}],"collection":[{"href":"https:\/\/www.notibras.com\/site\/wp-json\/wp\/v2\/posts"}],"about":[{"href":"https:\/\/www.notibras.com\/site\/wp-json\/wp\/v2\/types\/post"}],"author":[{"embeddable":true,"href":"https:\/\/www.notibras.com\/site\/wp-json\/wp\/v2\/users\/2"}],"replies":[{"embeddable":true,"href":"https:\/\/www.notibras.com\/site\/wp-json\/wp\/v2\/comments?post=308958"}],"version-history":[{"count":1,"href":"https:\/\/www.notibras.com\/site\/wp-json\/wp\/v2\/posts\/308958\/revisions"}],"predecessor-version":[{"id":308960,"href":"https:\/\/www.notibras.com\/site\/wp-json\/wp\/v2\/posts\/308958\/revisions\/308960"}],"wp:featuredmedia":[{"embeddable":true,"href":"https:\/\/www.notibras.com\/site\/wp-json\/wp\/v2\/media\/308959"}],"wp:attachment":[{"href":"https:\/\/www.notibras.com\/site\/wp-json\/wp\/v2\/media?parent=308958"}],"wp:term":[{"taxonomy":"category","embeddable":true,"href":"https:\/\/www.notibras.com\/site\/wp-json\/wp\/v2\/categories?post=308958"},{"taxonomy":"post_tag","embeddable":true,"href":"https:\/\/www.notibras.com\/site\/wp-json\/wp\/v2\/tags?post=308958"}],"curies":[{"name":"wp","href":"https:\/\/api.w.org\/{rel}","templated":true}]}}