{"id":308961,"date":"2023-07-16T00:09:38","date_gmt":"2023-07-16T03:09:38","guid":{"rendered":"https:\/\/www.notibras.com\/site\/?p=308961"},"modified":"2023-07-16T04:39:03","modified_gmt":"2023-07-16T07:39:03","slug":"mpf-ajuiza-acao-contra-padrao-estetico-de-escola-civico-militar","status":"publish","type":"post","link":"https:\/\/www.notibras.com\/site\/mpf-ajuiza-acao-contra-padrao-estetico-de-escola-civico-militar\/","title":{"rendered":"MPF aju\u00edza a\u00e7\u00e3o contra &#8220;padr\u00e3o est\u00e9tico&#8221; de escola c\u00edvico-militar"},"content":{"rendered":"<p>A\u00e7\u00e3o do Minist\u00e9rio P\u00fablico Federal (MPF) ajuizada no Acre quer garantir aos estudantes de escolas p\u00fablicas militares e c\u00edvico-militares o direito a n\u00e3o seguir \u201cpadr\u00f5es est\u00e9ticos e de comportamentos baseados na cultura militar\u201d que n\u00e3o estejam relacionados \u00e0 melhoria do ensino. Se acatada, a proposta ter\u00e1 abrang\u00eancia nacional.<\/p>\n<p>Segundo os procuradores, a quest\u00e3o est\u00e1 relacionada \u00e0 garantia de direitos fundamentais, como liberdade de express\u00e3o, intimidade e vida privada. Assim sendo, as condutas impostas pelos militares n\u00e3o se aplicariam a cabelos, unhas, maquiagem, tatuagem ou formas de vestir dos estudantes.<\/p>\n<p>Al\u00e9m disso, a a\u00e7\u00e3o pede que os col\u00e9gios \u201cse abstenham de punir os alunos em virtude da apresenta\u00e7\u00e3o pessoal\u201d. Para o MPF, a imposi\u00e7\u00e3o de padr\u00e3o est\u00e9tico uniforme aos alunos tem \u201cimpacto negativo desproporcional em indiv\u00edduos de grupos minorit\u00e1rios\u201d, al\u00e9m de revelar \u201cverdadeira discrimina\u00e7\u00e3o injustific\u00e1vel diante do atual regime constitucional\u201d.<\/p>\n<p>Entre as determina\u00e7\u00f5es apresentadas pelos col\u00e9gios militares est\u00e1 a de que \u201ccabelos volumosos ser\u00e3o usados curtos ou presos\u201d, enquanto os cabelos curtos podem ser soltos, o que representa, segundo o MPF, \u201cracismo institucional com as pessoas pretas e pardas, com cabelos cabelos crespos e cacheados\u201d.<\/p>\n<p>Ainda segundo a a\u00e7\u00e3o, \u201ca valoriza\u00e7\u00e3o do cabelo afro significa express\u00e3o de luta e faz parte da redefini\u00e7\u00e3o da identidade negra\u201d.<\/p>\n<p><strong>Vis\u00e3o limitada<\/strong><br \/>\nO MPF argumenta que essas escolas pro\u00edbem, tamb\u00e9m, comportamentos como \u201cmexer-se excessivamente\u201d ou \u201cler jornais contra a moral e bons costumes\u201d. Na avalia\u00e7\u00e3o dos procuradores, isso \u00e9 incompat\u00edvel com o Estado Democr\u00e1tico de Direito e com a liberdade de express\u00e3o.<\/p>\n<p>Em nota, o procurador da Rep\u00fablica Lucas Costa Almeida Dias afirma que as restri\u00e7\u00f5es est\u00e9ticas implantadas pelo modelo de militariza\u00e7\u00e3o das escolas \u201cseguem uma vis\u00e3o de mundo limitada da realidade, absolutamente incompat\u00edvel com a virada paradigm\u00e1tica produzida pela Constitui\u00e7\u00e3o Federal e, especialmente, sem nenhuma vantagem comprovada na experi\u00eancia de aprendizado\u201d.<\/p>\n<p>Ele acrescenta que a recente delibera\u00e7\u00e3o do Executivo Federal de encerrar o Programa Nacional das Escolas C\u00edvico-Militares (Pecim) n\u00e3o repercute na referida a\u00e7\u00e3o civil p\u00fablica porque \u201co objeto da provid\u00eancia judicial \u00e9 mais amplo, j\u00e1 que tamb\u00e9m abarca o regime das escolas p\u00fablicas militares estaduais e federais\u201d.<\/p>\n<p>A a\u00e7\u00e3o do MPF apresenta dados \u2013 inclusive de viol\u00eancia e abusos praticados em escolas militares \u2013 comprovando que a transfer\u00eancia da dire\u00e7\u00e3o de escolas a militares sem experi\u00eancia ou forma\u00e7\u00e3o pedag\u00f3gica, sob o pretexto de implantar disciplina, \u201cacaba por importar para o ambiente escolar outras problem\u00e1ticas da viv\u00eancia militar\u201d.<\/p>\n","protected":false},"excerpt":{"rendered":"<p>A\u00e7\u00e3o do Minist\u00e9rio P\u00fablico Federal (MPF) ajuizada no Acre quer garantir aos estudantes de escolas p\u00fablicas militares e c\u00edvico-militares o direito a n\u00e3o seguir \u201cpadr\u00f5es est\u00e9ticos e de comportamentos baseados na cultura militar\u201d que n\u00e3o estejam relacionados \u00e0 melhoria do ensino. Se acatada, a proposta ter\u00e1 abrang\u00eancia nacional. Segundo os procuradores, a quest\u00e3o est\u00e1 relacionada [&hellip;]<\/p>\n","protected":false},"author":2,"featured_media":211196,"comment_status":"closed","ping_status":"closed","sticky":false,"template":"","format":"standard","meta":{"_acf_changed":false,"footnotes":""},"categories":[161],"tags":[],"class_list":["post-308961","post","type-post","status-publish","format-standard","has-post-thumbnail","hentry","category-quadradinho-em-foco"],"acf":[],"yoast_head":"<!-- This site is optimized with the Yoast SEO plugin v27.2 - https:\/\/yoast.com\/product\/yoast-seo-wordpress\/ -->\n<title>MPF aju\u00edza a\u00e7\u00e3o contra &quot;padr\u00e3o est\u00e9tico&quot; de escola c\u00edvico-militar - Notibras<\/title>\n<meta name=\"robots\" content=\"index, follow, max-snippet:-1, max-image-preview:large, max-video-preview:-1\" \/>\n<link rel=\"canonical\" href=\"https:\/\/www.notibras.com\/site\/mpf-ajuiza-acao-contra-padrao-estetico-de-escola-civico-militar\/\" \/>\n<meta property=\"og:locale\" content=\"pt_BR\" \/>\n<meta property=\"og:type\" content=\"article\" \/>\n<meta property=\"og:title\" content=\"MPF aju\u00edza a\u00e7\u00e3o contra &quot;padr\u00e3o est\u00e9tico&quot; de escola c\u00edvico-militar - Notibras\" \/>\n<meta property=\"og:description\" content=\"A\u00e7\u00e3o do Minist\u00e9rio P\u00fablico Federal (MPF) ajuizada no Acre quer garantir aos estudantes de escolas p\u00fablicas militares e c\u00edvico-militares o direito a n\u00e3o seguir \u201cpadr\u00f5es est\u00e9ticos e de comportamentos baseados na cultura militar\u201d que n\u00e3o estejam relacionados \u00e0 melhoria do ensino. Se acatada, a proposta ter\u00e1 abrang\u00eancia nacional. Segundo os procuradores, a quest\u00e3o est\u00e1 relacionada [&hellip;]\" \/>\n<meta property=\"og:url\" content=\"https:\/\/www.notibras.com\/site\/mpf-ajuiza-acao-contra-padrao-estetico-de-escola-civico-militar\/\" \/>\n<meta property=\"og:site_name\" content=\"Notibras\" \/>\n<meta property=\"article:publisher\" content=\"https:\/\/www.facebook.com\/notibras\/\" \/>\n<meta property=\"article:published_time\" content=\"2023-07-16T03:09:38+00:00\" \/>\n<meta property=\"article:modified_time\" content=\"2023-07-16T07:39:03+00:00\" \/>\n<meta property=\"og:image\" content=\"https:\/\/www.notibras.com\/site\/wp-content\/uploads\/2019\/07\/escola-militar.jpg\" \/>\n\t<meta property=\"og:image:width\" content=\"840\" \/>\n\t<meta property=\"og:image:height\" content=\"560\" \/>\n\t<meta property=\"og:image:type\" content=\"image\/jpeg\" \/>\n<meta name=\"author\" content=\"Reda\u00e7\u00e3o\" \/>\n<meta name=\"twitter:card\" content=\"summary_large_image\" \/>\n<meta name=\"twitter:creator\" content=\"@Notibras\" \/>\n<meta name=\"twitter:site\" content=\"@Notibras\" \/>\n<meta name=\"twitter:label1\" content=\"Escrito por\" \/>\n\t<meta name=\"twitter:data1\" content=\"Reda\u00e7\u00e3o\" \/>\n\t<meta name=\"twitter:label2\" content=\"Est. tempo de leitura\" \/>\n\t<meta name=\"twitter:data2\" content=\"3 minutos\" \/>\n<script type=\"application\/ld+json\" class=\"yoast-schema-graph\">{\"@context\":\"https:\/\/schema.org\",\"@graph\":[{\"@type\":\"Article\",\"@id\":\"https:\/\/www.notibras.com\/site\/mpf-ajuiza-acao-contra-padrao-estetico-de-escola-civico-militar\/#article\",\"isPartOf\":{\"@id\":\"https:\/\/www.notibras.com\/site\/mpf-ajuiza-acao-contra-padrao-estetico-de-escola-civico-militar\/\"},\"author\":{\"name\":\"Reda\u00e7\u00e3o\",\"@id\":\"https:\/\/www.notibras.com\/site\/#\/schema\/person\/36ab0979449956132d3e5b517ea76ac8\"},\"headline\":\"MPF aju\u00edza a\u00e7\u00e3o contra &#8220;padr\u00e3o est\u00e9tico&#8221; de escola c\u00edvico-militar\",\"datePublished\":\"2023-07-16T03:09:38+00:00\",\"dateModified\":\"2023-07-16T07:39:03+00:00\",\"mainEntityOfPage\":{\"@id\":\"https:\/\/www.notibras.com\/site\/mpf-ajuiza-acao-contra-padrao-estetico-de-escola-civico-militar\/\"},\"wordCount\":467,\"publisher\":{\"@id\":\"https:\/\/www.notibras.com\/site\/#organization\"},\"image\":{\"@id\":\"https:\/\/www.notibras.com\/site\/mpf-ajuiza-acao-contra-padrao-estetico-de-escola-civico-militar\/#primaryimage\"},\"thumbnailUrl\":\"https:\/\/www.notibras.com\/site\/wp-content\/uploads\/2019\/07\/escola-militar.jpg\",\"articleSection\":[\"Quadradinho em Foco\"],\"inLanguage\":\"pt-BR\"},{\"@type\":\"WebPage\",\"@id\":\"https:\/\/www.notibras.com\/site\/mpf-ajuiza-acao-contra-padrao-estetico-de-escola-civico-militar\/\",\"url\":\"https:\/\/www.notibras.com\/site\/mpf-ajuiza-acao-contra-padrao-estetico-de-escola-civico-militar\/\",\"name\":\"MPF aju\u00edza a\u00e7\u00e3o contra \\\"padr\u00e3o est\u00e9tico\\\" de escola c\u00edvico-militar - Notibras\",\"isPartOf\":{\"@id\":\"https:\/\/www.notibras.com\/site\/#website\"},\"primaryImageOfPage\":{\"@id\":\"https:\/\/www.notibras.com\/site\/mpf-ajuiza-acao-contra-padrao-estetico-de-escola-civico-militar\/#primaryimage\"},\"image\":{\"@id\":\"https:\/\/www.notibras.com\/site\/mpf-ajuiza-acao-contra-padrao-estetico-de-escola-civico-militar\/#primaryimage\"},\"thumbnailUrl\":\"https:\/\/www.notibras.com\/site\/wp-content\/uploads\/2019\/07\/escola-militar.jpg\",\"datePublished\":\"2023-07-16T03:09:38+00:00\",\"dateModified\":\"2023-07-16T07:39:03+00:00\",\"breadcrumb\":{\"@id\":\"https:\/\/www.notibras.com\/site\/mpf-ajuiza-acao-contra-padrao-estetico-de-escola-civico-militar\/#breadcrumb\"},\"inLanguage\":\"pt-BR\",\"potentialAction\":[{\"@type\":\"ReadAction\",\"target\":[\"https:\/\/www.notibras.com\/site\/mpf-ajuiza-acao-contra-padrao-estetico-de-escola-civico-militar\/\"]}]},{\"@type\":\"ImageObject\",\"inLanguage\":\"pt-BR\",\"@id\":\"https:\/\/www.notibras.com\/site\/mpf-ajuiza-acao-contra-padrao-estetico-de-escola-civico-militar\/#primaryimage\",\"url\":\"https:\/\/www.notibras.com\/site\/wp-content\/uploads\/2019\/07\/escola-militar.jpg\",\"contentUrl\":\"https:\/\/www.notibras.com\/site\/wp-content\/uploads\/2019\/07\/escola-militar.jpg\",\"width\":840,\"height\":560},{\"@type\":\"BreadcrumbList\",\"@id\":\"https:\/\/www.notibras.com\/site\/mpf-ajuiza-acao-contra-padrao-estetico-de-escola-civico-militar\/#breadcrumb\",\"itemListElement\":[{\"@type\":\"ListItem\",\"position\":1,\"name\":\"In\u00edcio\",\"item\":\"https:\/\/www.notibras.com\/site\/\"},{\"@type\":\"ListItem\",\"position\":2,\"name\":\"MPF aju\u00edza a\u00e7\u00e3o contra &#8220;padr\u00e3o est\u00e9tico&#8221; de escola c\u00edvico-militar\"}]},{\"@type\":\"WebSite\",\"@id\":\"https:\/\/www.notibras.com\/site\/#website\",\"url\":\"https:\/\/www.notibras.com\/site\/\",\"name\":\"Notibras\",\"description\":\"Not\u00edcias de Bras\u00edlia, do Brasil e do Mundo\",\"publisher\":{\"@id\":\"https:\/\/www.notibras.com\/site\/#organization\"},\"potentialAction\":[{\"@type\":\"SearchAction\",\"target\":{\"@type\":\"EntryPoint\",\"urlTemplate\":\"https:\/\/www.notibras.com\/site\/?s={search_term_string}\"},\"query-input\":{\"@type\":\"PropertyValueSpecification\",\"valueRequired\":true,\"valueName\":\"search_term_string\"}}],\"inLanguage\":\"pt-BR\"},{\"@type\":\"Organization\",\"@id\":\"https:\/\/www.notibras.com\/site\/#organization\",\"name\":\"Grupo Notibras de Comunica\u00e7\u00e3o\",\"url\":\"https:\/\/www.notibras.com\/site\/\",\"logo\":{\"@type\":\"ImageObject\",\"inLanguage\":\"pt-BR\",\"@id\":\"https:\/\/www.notibras.com\/site\/#\/schema\/logo\/image\/\",\"url\":\"https:\/\/www.notibras.com\/site\/wp-content\/uploads\/2023\/01\/notibras23.png\",\"contentUrl\":\"https:\/\/www.notibras.com\/site\/wp-content\/uploads\/2023\/01\/notibras23.png\",\"width\":350,\"height\":87,\"caption\":\"Grupo Notibras de Comunica\u00e7\u00e3o\"},\"image\":{\"@id\":\"https:\/\/www.notibras.com\/site\/#\/schema\/logo\/image\/\"},\"sameAs\":[\"https:\/\/www.facebook.com\/notibras\/\",\"https:\/\/x.com\/Notibras\",\"https:\/\/www.instagram.com\/notibras\/\"]},{\"@type\":\"Person\",\"@id\":\"https:\/\/www.notibras.com\/site\/#\/schema\/person\/36ab0979449956132d3e5b517ea76ac8\",\"name\":\"Reda\u00e7\u00e3o\",\"image\":{\"@type\":\"ImageObject\",\"inLanguage\":\"pt-BR\",\"@id\":\"https:\/\/secure.gravatar.com\/avatar\/e0a867bdedb85fd243eadf09663511f96fc81e0720a4a42581f334ad4303aa6b?s=96&d=mm&r=g\",\"url\":\"https:\/\/secure.gravatar.com\/avatar\/e0a867bdedb85fd243eadf09663511f96fc81e0720a4a42581f334ad4303aa6b?s=96&d=mm&r=g\",\"contentUrl\":\"https:\/\/secure.gravatar.com\/avatar\/e0a867bdedb85fd243eadf09663511f96fc81e0720a4a42581f334ad4303aa6b?s=96&d=mm&r=g\",\"caption\":\"Reda\u00e7\u00e3o\"}}]}<\/script>\n<!-- \/ Yoast SEO plugin. -->","yoast_head_json":{"title":"MPF aju\u00edza a\u00e7\u00e3o contra \"padr\u00e3o est\u00e9tico\" de escola c\u00edvico-militar - Notibras","robots":{"index":"index","follow":"follow","max-snippet":"max-snippet:-1","max-image-preview":"max-image-preview:large","max-video-preview":"max-video-preview:-1"},"canonical":"https:\/\/www.notibras.com\/site\/mpf-ajuiza-acao-contra-padrao-estetico-de-escola-civico-militar\/","og_locale":"pt_BR","og_type":"article","og_title":"MPF aju\u00edza a\u00e7\u00e3o contra \"padr\u00e3o est\u00e9tico\" de escola c\u00edvico-militar - Notibras","og_description":"A\u00e7\u00e3o do Minist\u00e9rio P\u00fablico Federal (MPF) ajuizada no Acre quer garantir aos estudantes de escolas p\u00fablicas militares e c\u00edvico-militares o direito a n\u00e3o seguir \u201cpadr\u00f5es est\u00e9ticos e de comportamentos baseados na cultura militar\u201d que n\u00e3o estejam relacionados \u00e0 melhoria do ensino. Se acatada, a proposta ter\u00e1 abrang\u00eancia nacional. Segundo os procuradores, a quest\u00e3o est\u00e1 relacionada [&hellip;]","og_url":"https:\/\/www.notibras.com\/site\/mpf-ajuiza-acao-contra-padrao-estetico-de-escola-civico-militar\/","og_site_name":"Notibras","article_publisher":"https:\/\/www.facebook.com\/notibras\/","article_published_time":"2023-07-16T03:09:38+00:00","article_modified_time":"2023-07-16T07:39:03+00:00","og_image":[{"width":840,"height":560,"url":"https:\/\/www.notibras.com\/site\/wp-content\/uploads\/2019\/07\/escola-militar.jpg","type":"image\/jpeg"}],"author":"Reda\u00e7\u00e3o","twitter_card":"summary_large_image","twitter_creator":"@Notibras","twitter_site":"@Notibras","twitter_misc":{"Escrito por":"Reda\u00e7\u00e3o","Est. tempo de leitura":"3 minutos"},"schema":{"@context":"https:\/\/schema.org","@graph":[{"@type":"Article","@id":"https:\/\/www.notibras.com\/site\/mpf-ajuiza-acao-contra-padrao-estetico-de-escola-civico-militar\/#article","isPartOf":{"@id":"https:\/\/www.notibras.com\/site\/mpf-ajuiza-acao-contra-padrao-estetico-de-escola-civico-militar\/"},"author":{"name":"Reda\u00e7\u00e3o","@id":"https:\/\/www.notibras.com\/site\/#\/schema\/person\/36ab0979449956132d3e5b517ea76ac8"},"headline":"MPF aju\u00edza a\u00e7\u00e3o contra &#8220;padr\u00e3o est\u00e9tico&#8221; de escola c\u00edvico-militar","datePublished":"2023-07-16T03:09:38+00:00","dateModified":"2023-07-16T07:39:03+00:00","mainEntityOfPage":{"@id":"https:\/\/www.notibras.com\/site\/mpf-ajuiza-acao-contra-padrao-estetico-de-escola-civico-militar\/"},"wordCount":467,"publisher":{"@id":"https:\/\/www.notibras.com\/site\/#organization"},"image":{"@id":"https:\/\/www.notibras.com\/site\/mpf-ajuiza-acao-contra-padrao-estetico-de-escola-civico-militar\/#primaryimage"},"thumbnailUrl":"https:\/\/www.notibras.com\/site\/wp-content\/uploads\/2019\/07\/escola-militar.jpg","articleSection":["Quadradinho em Foco"],"inLanguage":"pt-BR"},{"@type":"WebPage","@id":"https:\/\/www.notibras.com\/site\/mpf-ajuiza-acao-contra-padrao-estetico-de-escola-civico-militar\/","url":"https:\/\/www.notibras.com\/site\/mpf-ajuiza-acao-contra-padrao-estetico-de-escola-civico-militar\/","name":"MPF aju\u00edza a\u00e7\u00e3o contra \"padr\u00e3o est\u00e9tico\" de escola c\u00edvico-militar - Notibras","isPartOf":{"@id":"https:\/\/www.notibras.com\/site\/#website"},"primaryImageOfPage":{"@id":"https:\/\/www.notibras.com\/site\/mpf-ajuiza-acao-contra-padrao-estetico-de-escola-civico-militar\/#primaryimage"},"image":{"@id":"https:\/\/www.notibras.com\/site\/mpf-ajuiza-acao-contra-padrao-estetico-de-escola-civico-militar\/#primaryimage"},"thumbnailUrl":"https:\/\/www.notibras.com\/site\/wp-content\/uploads\/2019\/07\/escola-militar.jpg","datePublished":"2023-07-16T03:09:38+00:00","dateModified":"2023-07-16T07:39:03+00:00","breadcrumb":{"@id":"https:\/\/www.notibras.com\/site\/mpf-ajuiza-acao-contra-padrao-estetico-de-escola-civico-militar\/#breadcrumb"},"inLanguage":"pt-BR","potentialAction":[{"@type":"ReadAction","target":["https:\/\/www.notibras.com\/site\/mpf-ajuiza-acao-contra-padrao-estetico-de-escola-civico-militar\/"]}]},{"@type":"ImageObject","inLanguage":"pt-BR","@id":"https:\/\/www.notibras.com\/site\/mpf-ajuiza-acao-contra-padrao-estetico-de-escola-civico-militar\/#primaryimage","url":"https:\/\/www.notibras.com\/site\/wp-content\/uploads\/2019\/07\/escola-militar.jpg","contentUrl":"https:\/\/www.notibras.com\/site\/wp-content\/uploads\/2019\/07\/escola-militar.jpg","width":840,"height":560},{"@type":"BreadcrumbList","@id":"https:\/\/www.notibras.com\/site\/mpf-ajuiza-acao-contra-padrao-estetico-de-escola-civico-militar\/#breadcrumb","itemListElement":[{"@type":"ListItem","position":1,"name":"In\u00edcio","item":"https:\/\/www.notibras.com\/site\/"},{"@type":"ListItem","position":2,"name":"MPF aju\u00edza a\u00e7\u00e3o contra &#8220;padr\u00e3o est\u00e9tico&#8221; de escola c\u00edvico-militar"}]},{"@type":"WebSite","@id":"https:\/\/www.notibras.com\/site\/#website","url":"https:\/\/www.notibras.com\/site\/","name":"Notibras","description":"Not\u00edcias de Bras\u00edlia, do Brasil e do Mundo","publisher":{"@id":"https:\/\/www.notibras.com\/site\/#organization"},"potentialAction":[{"@type":"SearchAction","target":{"@type":"EntryPoint","urlTemplate":"https:\/\/www.notibras.com\/site\/?s={search_term_string}"},"query-input":{"@type":"PropertyValueSpecification","valueRequired":true,"valueName":"search_term_string"}}],"inLanguage":"pt-BR"},{"@type":"Organization","@id":"https:\/\/www.notibras.com\/site\/#organization","name":"Grupo Notibras de Comunica\u00e7\u00e3o","url":"https:\/\/www.notibras.com\/site\/","logo":{"@type":"ImageObject","inLanguage":"pt-BR","@id":"https:\/\/www.notibras.com\/site\/#\/schema\/logo\/image\/","url":"https:\/\/www.notibras.com\/site\/wp-content\/uploads\/2023\/01\/notibras23.png","contentUrl":"https:\/\/www.notibras.com\/site\/wp-content\/uploads\/2023\/01\/notibras23.png","width":350,"height":87,"caption":"Grupo Notibras de Comunica\u00e7\u00e3o"},"image":{"@id":"https:\/\/www.notibras.com\/site\/#\/schema\/logo\/image\/"},"sameAs":["https:\/\/www.facebook.com\/notibras\/","https:\/\/x.com\/Notibras","https:\/\/www.instagram.com\/notibras\/"]},{"@type":"Person","@id":"https:\/\/www.notibras.com\/site\/#\/schema\/person\/36ab0979449956132d3e5b517ea76ac8","name":"Reda\u00e7\u00e3o","image":{"@type":"ImageObject","inLanguage":"pt-BR","@id":"https:\/\/secure.gravatar.com\/avatar\/e0a867bdedb85fd243eadf09663511f96fc81e0720a4a42581f334ad4303aa6b?s=96&d=mm&r=g","url":"https:\/\/secure.gravatar.com\/avatar\/e0a867bdedb85fd243eadf09663511f96fc81e0720a4a42581f334ad4303aa6b?s=96&d=mm&r=g","contentUrl":"https:\/\/secure.gravatar.com\/avatar\/e0a867bdedb85fd243eadf09663511f96fc81e0720a4a42581f334ad4303aa6b?s=96&d=mm&r=g","caption":"Reda\u00e7\u00e3o"}}]}},"amp_enabled":true,"_links":{"self":[{"href":"https:\/\/www.notibras.com\/site\/wp-json\/wp\/v2\/posts\/308961","targetHints":{"allow":["GET"]}}],"collection":[{"href":"https:\/\/www.notibras.com\/site\/wp-json\/wp\/v2\/posts"}],"about":[{"href":"https:\/\/www.notibras.com\/site\/wp-json\/wp\/v2\/types\/post"}],"author":[{"embeddable":true,"href":"https:\/\/www.notibras.com\/site\/wp-json\/wp\/v2\/users\/2"}],"replies":[{"embeddable":true,"href":"https:\/\/www.notibras.com\/site\/wp-json\/wp\/v2\/comments?post=308961"}],"version-history":[{"count":1,"href":"https:\/\/www.notibras.com\/site\/wp-json\/wp\/v2\/posts\/308961\/revisions"}],"predecessor-version":[{"id":308962,"href":"https:\/\/www.notibras.com\/site\/wp-json\/wp\/v2\/posts\/308961\/revisions\/308962"}],"wp:featuredmedia":[{"embeddable":true,"href":"https:\/\/www.notibras.com\/site\/wp-json\/wp\/v2\/media\/211196"}],"wp:attachment":[{"href":"https:\/\/www.notibras.com\/site\/wp-json\/wp\/v2\/media?parent=308961"}],"wp:term":[{"taxonomy":"category","embeddable":true,"href":"https:\/\/www.notibras.com\/site\/wp-json\/wp\/v2\/categories?post=308961"},{"taxonomy":"post_tag","embeddable":true,"href":"https:\/\/www.notibras.com\/site\/wp-json\/wp\/v2\/tags?post=308961"}],"curies":[{"name":"wp","href":"https:\/\/api.w.org\/{rel}","templated":true}]}}