{"id":308963,"date":"2023-07-16T00:08:11","date_gmt":"2023-07-16T03:08:11","guid":{"rendered":"https:\/\/www.notibras.com\/site\/?p=308963"},"modified":"2023-07-16T04:46:15","modified_gmt":"2023-07-16T07:46:15","slug":"governo-deve-definir-locais-de-circulacao-de-ciclomotores","status":"publish","type":"post","link":"https:\/\/www.notibras.com\/site\/governo-deve-definir-locais-de-circulacao-de-ciclomotores\/","title":{"rendered":"Governo deve definir locais de circula\u00e7\u00e3o de ciclomotores"},"content":{"rendered":"<p>A circula\u00e7\u00e3o de ciclomotores em ciclovias, ciclofaixas e ruas ou avenidas depender\u00e1 de regulamenta\u00e7\u00e3o das prefeituras municipais. A informa\u00e7\u00e3o foi divulgada pelo Minist\u00e9rio dos Transportes.<\/p>\n<p>Para o secret\u00e1rio nacional de Tr\u00e2nsito, Adrualdo Cat\u00e3o, o ideal \u00e9 que os ciclomotores, equipamentos que podem atingir velocidade m\u00e1xima de 50 quil\u00f4metros hor\u00e1rios (km\/h), circulem em vias destinadas aos autom\u00f3veis e motocicletas. \u201cOs ciclomotores circulam na rua como uma motocicleta. Claro que os munic\u00edpios \u00e9 que t\u00eam compet\u00eancia de criar, eventualmente, uma via segregada ou permitir que nas ciclovias se use o ciclomotor, algo que n\u00e3o \u00e9 recomend\u00e1vel, na medida em que a ciclovia exibe velocidades mais baixas.\u201d<\/p>\n<p>Cat\u00e3o explica que a regulamenta\u00e7\u00e3o da velocidade nas ciclovias e ciclofaixas tamb\u00e9m ficar\u00e1 a cargo das prefeituras.<\/p>\n<p>A pesquisadora do Programa de P\u00f3s-Gradua\u00e7\u00e3o em Transportes da Universidade de Bras\u00edlia (UnB) Zuleide Feitosa diz que \u00e9 arriscado permitir que ciclomotores transitem em vias planejadas para ciclistas.<\/p>\n<p>\u201cUm ve\u00edculo que atinge, que chega, a 50 km\/h e outro, sobre rodas, que chega a 5 ou 10 km\/h, \u00e9 uma diferen\u00e7a muito grande. Mesmo que o ciclista chegue a 20 km\/h, h\u00e1 uma grande diferen\u00e7a, o que pode desfavorecer o ciclista e favorecer, em muito, o aumento de acidentes com ciclistas\u201d, explica a pesquisadora, que \u00e9 doutora em transporte e tr\u00e2nsito.<\/p>\n","protected":false},"excerpt":{"rendered":"<p>A circula\u00e7\u00e3o de ciclomotores em ciclovias, ciclofaixas e ruas ou avenidas depender\u00e1 de regulamenta\u00e7\u00e3o das prefeituras municipais. A informa\u00e7\u00e3o foi divulgada pelo Minist\u00e9rio dos Transportes. Para o secret\u00e1rio nacional de Tr\u00e2nsito, Adrualdo Cat\u00e3o, o ideal \u00e9 que os ciclomotores, equipamentos que podem atingir velocidade m\u00e1xima de 50 quil\u00f4metros hor\u00e1rios (km\/h), circulem em vias destinadas aos [&hellip;]<\/p>\n","protected":false},"author":2,"featured_media":308964,"comment_status":"closed","ping_status":"closed","sticky":false,"template":"","format":"standard","meta":{"_acf_changed":false,"footnotes":""},"categories":[161],"tags":[],"class_list":["post-308963","post","type-post","status-publish","format-standard","has-post-thumbnail","hentry","category-quadradinho-em-foco"],"acf":[],"yoast_head":"<!-- This site is optimized with the Yoast SEO plugin v27.2 - https:\/\/yoast.com\/product\/yoast-seo-wordpress\/ -->\n<title>Governo deve definir locais de circula\u00e7\u00e3o de ciclomotores - Notibras<\/title>\n<meta name=\"robots\" content=\"index, follow, max-snippet:-1, max-image-preview:large, max-video-preview:-1\" \/>\n<link rel=\"canonical\" href=\"https:\/\/www.notibras.com\/site\/governo-deve-definir-locais-de-circulacao-de-ciclomotores\/\" \/>\n<meta property=\"og:locale\" content=\"pt_BR\" \/>\n<meta property=\"og:type\" content=\"article\" \/>\n<meta property=\"og:title\" content=\"Governo deve definir locais de circula\u00e7\u00e3o de ciclomotores - Notibras\" \/>\n<meta property=\"og:description\" content=\"A circula\u00e7\u00e3o de ciclomotores em ciclovias, ciclofaixas e ruas ou avenidas depender\u00e1 de regulamenta\u00e7\u00e3o das prefeituras municipais. A informa\u00e7\u00e3o foi divulgada pelo Minist\u00e9rio dos Transportes. Para o secret\u00e1rio nacional de Tr\u00e2nsito, Adrualdo Cat\u00e3o, o ideal \u00e9 que os ciclomotores, equipamentos que podem atingir velocidade m\u00e1xima de 50 quil\u00f4metros hor\u00e1rios (km\/h), circulem em vias destinadas aos [&hellip;]\" \/>\n<meta property=\"og:url\" content=\"https:\/\/www.notibras.com\/site\/governo-deve-definir-locais-de-circulacao-de-ciclomotores\/\" \/>\n<meta property=\"og:site_name\" content=\"Notibras\" \/>\n<meta property=\"article:publisher\" content=\"https:\/\/www.facebook.com\/notibras\/\" \/>\n<meta property=\"article:published_time\" content=\"2023-07-16T03:08:11+00:00\" \/>\n<meta property=\"article:modified_time\" content=\"2023-07-16T07:46:15+00:00\" \/>\n<meta property=\"og:image\" content=\"https:\/\/www.notibras.com\/site\/wp-content\/uploads\/2023\/07\/dsc3647.jpg\" \/>\n\t<meta property=\"og:image:width\" content=\"1170\" \/>\n\t<meta property=\"og:image:height\" content=\"700\" \/>\n\t<meta property=\"og:image:type\" content=\"image\/jpeg\" \/>\n<meta name=\"author\" content=\"Reda\u00e7\u00e3o\" \/>\n<meta name=\"twitter:card\" content=\"summary_large_image\" \/>\n<meta name=\"twitter:creator\" content=\"@Notibras\" \/>\n<meta name=\"twitter:site\" content=\"@Notibras\" \/>\n<meta name=\"twitter:label1\" content=\"Escrito por\" \/>\n\t<meta name=\"twitter:data1\" content=\"Reda\u00e7\u00e3o\" \/>\n\t<meta name=\"twitter:label2\" content=\"Est. tempo de leitura\" \/>\n\t<meta name=\"twitter:data2\" content=\"2 minutos\" \/>\n<script type=\"application\/ld+json\" class=\"yoast-schema-graph\">{\"@context\":\"https:\/\/schema.org\",\"@graph\":[{\"@type\":\"Article\",\"@id\":\"https:\/\/www.notibras.com\/site\/governo-deve-definir-locais-de-circulacao-de-ciclomotores\/#article\",\"isPartOf\":{\"@id\":\"https:\/\/www.notibras.com\/site\/governo-deve-definir-locais-de-circulacao-de-ciclomotores\/\"},\"author\":{\"name\":\"Reda\u00e7\u00e3o\",\"@id\":\"https:\/\/www.notibras.com\/site\/#\/schema\/person\/36ab0979449956132d3e5b517ea76ac8\"},\"headline\":\"Governo deve definir locais de circula\u00e7\u00e3o de ciclomotores\",\"datePublished\":\"2023-07-16T03:08:11+00:00\",\"dateModified\":\"2023-07-16T07:46:15+00:00\",\"mainEntityOfPage\":{\"@id\":\"https:\/\/www.notibras.com\/site\/governo-deve-definir-locais-de-circulacao-de-ciclomotores\/\"},\"wordCount\":240,\"publisher\":{\"@id\":\"https:\/\/www.notibras.com\/site\/#organization\"},\"image\":{\"@id\":\"https:\/\/www.notibras.com\/site\/governo-deve-definir-locais-de-circulacao-de-ciclomotores\/#primaryimage\"},\"thumbnailUrl\":\"https:\/\/www.notibras.com\/site\/wp-content\/uploads\/2023\/07\/dsc3647.jpg\",\"articleSection\":[\"Quadradinho em Foco\"],\"inLanguage\":\"pt-BR\"},{\"@type\":\"WebPage\",\"@id\":\"https:\/\/www.notibras.com\/site\/governo-deve-definir-locais-de-circulacao-de-ciclomotores\/\",\"url\":\"https:\/\/www.notibras.com\/site\/governo-deve-definir-locais-de-circulacao-de-ciclomotores\/\",\"name\":\"Governo deve definir locais de circula\u00e7\u00e3o de ciclomotores - Notibras\",\"isPartOf\":{\"@id\":\"https:\/\/www.notibras.com\/site\/#website\"},\"primaryImageOfPage\":{\"@id\":\"https:\/\/www.notibras.com\/site\/governo-deve-definir-locais-de-circulacao-de-ciclomotores\/#primaryimage\"},\"image\":{\"@id\":\"https:\/\/www.notibras.com\/site\/governo-deve-definir-locais-de-circulacao-de-ciclomotores\/#primaryimage\"},\"thumbnailUrl\":\"https:\/\/www.notibras.com\/site\/wp-content\/uploads\/2023\/07\/dsc3647.jpg\",\"datePublished\":\"2023-07-16T03:08:11+00:00\",\"dateModified\":\"2023-07-16T07:46:15+00:00\",\"breadcrumb\":{\"@id\":\"https:\/\/www.notibras.com\/site\/governo-deve-definir-locais-de-circulacao-de-ciclomotores\/#breadcrumb\"},\"inLanguage\":\"pt-BR\",\"potentialAction\":[{\"@type\":\"ReadAction\",\"target\":[\"https:\/\/www.notibras.com\/site\/governo-deve-definir-locais-de-circulacao-de-ciclomotores\/\"]}]},{\"@type\":\"ImageObject\",\"inLanguage\":\"pt-BR\",\"@id\":\"https:\/\/www.notibras.com\/site\/governo-deve-definir-locais-de-circulacao-de-ciclomotores\/#primaryimage\",\"url\":\"https:\/\/www.notibras.com\/site\/wp-content\/uploads\/2023\/07\/dsc3647.jpg\",\"contentUrl\":\"https:\/\/www.notibras.com\/site\/wp-content\/uploads\/2023\/07\/dsc3647.jpg\",\"width\":1170,\"height\":700,\"caption\":\"RIO DE JANEIRO (RJ), 10\/07\/2023 \u2013 Circula\u00e7\u00e3o de ciclomotor no centro do Rio de Janeiro Foto: Tomaz Silva\/Ag\u00eancia Brasil\"},{\"@type\":\"BreadcrumbList\",\"@id\":\"https:\/\/www.notibras.com\/site\/governo-deve-definir-locais-de-circulacao-de-ciclomotores\/#breadcrumb\",\"itemListElement\":[{\"@type\":\"ListItem\",\"position\":1,\"name\":\"In\u00edcio\",\"item\":\"https:\/\/www.notibras.com\/site\/\"},{\"@type\":\"ListItem\",\"position\":2,\"name\":\"Governo deve definir locais de circula\u00e7\u00e3o de ciclomotores\"}]},{\"@type\":\"WebSite\",\"@id\":\"https:\/\/www.notibras.com\/site\/#website\",\"url\":\"https:\/\/www.notibras.com\/site\/\",\"name\":\"Notibras\",\"description\":\"Not\u00edcias de Bras\u00edlia, do Brasil e do Mundo\",\"publisher\":{\"@id\":\"https:\/\/www.notibras.com\/site\/#organization\"},\"potentialAction\":[{\"@type\":\"SearchAction\",\"target\":{\"@type\":\"EntryPoint\",\"urlTemplate\":\"https:\/\/www.notibras.com\/site\/?s={search_term_string}\"},\"query-input\":{\"@type\":\"PropertyValueSpecification\",\"valueRequired\":true,\"valueName\":\"search_term_string\"}}],\"inLanguage\":\"pt-BR\"},{\"@type\":\"Organization\",\"@id\":\"https:\/\/www.notibras.com\/site\/#organization\",\"name\":\"Grupo Notibras de Comunica\u00e7\u00e3o\",\"url\":\"https:\/\/www.notibras.com\/site\/\",\"logo\":{\"@type\":\"ImageObject\",\"inLanguage\":\"pt-BR\",\"@id\":\"https:\/\/www.notibras.com\/site\/#\/schema\/logo\/image\/\",\"url\":\"https:\/\/www.notibras.com\/site\/wp-content\/uploads\/2023\/01\/notibras23.png\",\"contentUrl\":\"https:\/\/www.notibras.com\/site\/wp-content\/uploads\/2023\/01\/notibras23.png\",\"width\":350,\"height\":87,\"caption\":\"Grupo Notibras de Comunica\u00e7\u00e3o\"},\"image\":{\"@id\":\"https:\/\/www.notibras.com\/site\/#\/schema\/logo\/image\/\"},\"sameAs\":[\"https:\/\/www.facebook.com\/notibras\/\",\"https:\/\/x.com\/Notibras\",\"https:\/\/www.instagram.com\/notibras\/\"]},{\"@type\":\"Person\",\"@id\":\"https:\/\/www.notibras.com\/site\/#\/schema\/person\/36ab0979449956132d3e5b517ea76ac8\",\"name\":\"Reda\u00e7\u00e3o\",\"image\":{\"@type\":\"ImageObject\",\"inLanguage\":\"pt-BR\",\"@id\":\"https:\/\/secure.gravatar.com\/avatar\/e0a867bdedb85fd243eadf09663511f96fc81e0720a4a42581f334ad4303aa6b?s=96&d=mm&r=g\",\"url\":\"https:\/\/secure.gravatar.com\/avatar\/e0a867bdedb85fd243eadf09663511f96fc81e0720a4a42581f334ad4303aa6b?s=96&d=mm&r=g\",\"contentUrl\":\"https:\/\/secure.gravatar.com\/avatar\/e0a867bdedb85fd243eadf09663511f96fc81e0720a4a42581f334ad4303aa6b?s=96&d=mm&r=g\",\"caption\":\"Reda\u00e7\u00e3o\"}}]}<\/script>\n<!-- \/ Yoast SEO plugin. -->","yoast_head_json":{"title":"Governo deve definir locais de circula\u00e7\u00e3o de ciclomotores - Notibras","robots":{"index":"index","follow":"follow","max-snippet":"max-snippet:-1","max-image-preview":"max-image-preview:large","max-video-preview":"max-video-preview:-1"},"canonical":"https:\/\/www.notibras.com\/site\/governo-deve-definir-locais-de-circulacao-de-ciclomotores\/","og_locale":"pt_BR","og_type":"article","og_title":"Governo deve definir locais de circula\u00e7\u00e3o de ciclomotores - Notibras","og_description":"A circula\u00e7\u00e3o de ciclomotores em ciclovias, ciclofaixas e ruas ou avenidas depender\u00e1 de regulamenta\u00e7\u00e3o das prefeituras municipais. A informa\u00e7\u00e3o foi divulgada pelo Minist\u00e9rio dos Transportes. Para o secret\u00e1rio nacional de Tr\u00e2nsito, Adrualdo Cat\u00e3o, o ideal \u00e9 que os ciclomotores, equipamentos que podem atingir velocidade m\u00e1xima de 50 quil\u00f4metros hor\u00e1rios (km\/h), circulem em vias destinadas aos [&hellip;]","og_url":"https:\/\/www.notibras.com\/site\/governo-deve-definir-locais-de-circulacao-de-ciclomotores\/","og_site_name":"Notibras","article_publisher":"https:\/\/www.facebook.com\/notibras\/","article_published_time":"2023-07-16T03:08:11+00:00","article_modified_time":"2023-07-16T07:46:15+00:00","og_image":[{"width":1170,"height":700,"url":"https:\/\/www.notibras.com\/site\/wp-content\/uploads\/2023\/07\/dsc3647.jpg","type":"image\/jpeg"}],"author":"Reda\u00e7\u00e3o","twitter_card":"summary_large_image","twitter_creator":"@Notibras","twitter_site":"@Notibras","twitter_misc":{"Escrito por":"Reda\u00e7\u00e3o","Est. tempo de leitura":"2 minutos"},"schema":{"@context":"https:\/\/schema.org","@graph":[{"@type":"Article","@id":"https:\/\/www.notibras.com\/site\/governo-deve-definir-locais-de-circulacao-de-ciclomotores\/#article","isPartOf":{"@id":"https:\/\/www.notibras.com\/site\/governo-deve-definir-locais-de-circulacao-de-ciclomotores\/"},"author":{"name":"Reda\u00e7\u00e3o","@id":"https:\/\/www.notibras.com\/site\/#\/schema\/person\/36ab0979449956132d3e5b517ea76ac8"},"headline":"Governo deve definir locais de circula\u00e7\u00e3o de ciclomotores","datePublished":"2023-07-16T03:08:11+00:00","dateModified":"2023-07-16T07:46:15+00:00","mainEntityOfPage":{"@id":"https:\/\/www.notibras.com\/site\/governo-deve-definir-locais-de-circulacao-de-ciclomotores\/"},"wordCount":240,"publisher":{"@id":"https:\/\/www.notibras.com\/site\/#organization"},"image":{"@id":"https:\/\/www.notibras.com\/site\/governo-deve-definir-locais-de-circulacao-de-ciclomotores\/#primaryimage"},"thumbnailUrl":"https:\/\/www.notibras.com\/site\/wp-content\/uploads\/2023\/07\/dsc3647.jpg","articleSection":["Quadradinho em Foco"],"inLanguage":"pt-BR"},{"@type":"WebPage","@id":"https:\/\/www.notibras.com\/site\/governo-deve-definir-locais-de-circulacao-de-ciclomotores\/","url":"https:\/\/www.notibras.com\/site\/governo-deve-definir-locais-de-circulacao-de-ciclomotores\/","name":"Governo deve definir locais de circula\u00e7\u00e3o de ciclomotores - Notibras","isPartOf":{"@id":"https:\/\/www.notibras.com\/site\/#website"},"primaryImageOfPage":{"@id":"https:\/\/www.notibras.com\/site\/governo-deve-definir-locais-de-circulacao-de-ciclomotores\/#primaryimage"},"image":{"@id":"https:\/\/www.notibras.com\/site\/governo-deve-definir-locais-de-circulacao-de-ciclomotores\/#primaryimage"},"thumbnailUrl":"https:\/\/www.notibras.com\/site\/wp-content\/uploads\/2023\/07\/dsc3647.jpg","datePublished":"2023-07-16T03:08:11+00:00","dateModified":"2023-07-16T07:46:15+00:00","breadcrumb":{"@id":"https:\/\/www.notibras.com\/site\/governo-deve-definir-locais-de-circulacao-de-ciclomotores\/#breadcrumb"},"inLanguage":"pt-BR","potentialAction":[{"@type":"ReadAction","target":["https:\/\/www.notibras.com\/site\/governo-deve-definir-locais-de-circulacao-de-ciclomotores\/"]}]},{"@type":"ImageObject","inLanguage":"pt-BR","@id":"https:\/\/www.notibras.com\/site\/governo-deve-definir-locais-de-circulacao-de-ciclomotores\/#primaryimage","url":"https:\/\/www.notibras.com\/site\/wp-content\/uploads\/2023\/07\/dsc3647.jpg","contentUrl":"https:\/\/www.notibras.com\/site\/wp-content\/uploads\/2023\/07\/dsc3647.jpg","width":1170,"height":700,"caption":"RIO DE JANEIRO (RJ), 10\/07\/2023 \u2013 Circula\u00e7\u00e3o de ciclomotor no centro do Rio de Janeiro Foto: Tomaz Silva\/Ag\u00eancia Brasil"},{"@type":"BreadcrumbList","@id":"https:\/\/www.notibras.com\/site\/governo-deve-definir-locais-de-circulacao-de-ciclomotores\/#breadcrumb","itemListElement":[{"@type":"ListItem","position":1,"name":"In\u00edcio","item":"https:\/\/www.notibras.com\/site\/"},{"@type":"ListItem","position":2,"name":"Governo deve definir locais de circula\u00e7\u00e3o de ciclomotores"}]},{"@type":"WebSite","@id":"https:\/\/www.notibras.com\/site\/#website","url":"https:\/\/www.notibras.com\/site\/","name":"Notibras","description":"Not\u00edcias de Bras\u00edlia, do Brasil e do Mundo","publisher":{"@id":"https:\/\/www.notibras.com\/site\/#organization"},"potentialAction":[{"@type":"SearchAction","target":{"@type":"EntryPoint","urlTemplate":"https:\/\/www.notibras.com\/site\/?s={search_term_string}"},"query-input":{"@type":"PropertyValueSpecification","valueRequired":true,"valueName":"search_term_string"}}],"inLanguage":"pt-BR"},{"@type":"Organization","@id":"https:\/\/www.notibras.com\/site\/#organization","name":"Grupo Notibras de Comunica\u00e7\u00e3o","url":"https:\/\/www.notibras.com\/site\/","logo":{"@type":"ImageObject","inLanguage":"pt-BR","@id":"https:\/\/www.notibras.com\/site\/#\/schema\/logo\/image\/","url":"https:\/\/www.notibras.com\/site\/wp-content\/uploads\/2023\/01\/notibras23.png","contentUrl":"https:\/\/www.notibras.com\/site\/wp-content\/uploads\/2023\/01\/notibras23.png","width":350,"height":87,"caption":"Grupo Notibras de Comunica\u00e7\u00e3o"},"image":{"@id":"https:\/\/www.notibras.com\/site\/#\/schema\/logo\/image\/"},"sameAs":["https:\/\/www.facebook.com\/notibras\/","https:\/\/x.com\/Notibras","https:\/\/www.instagram.com\/notibras\/"]},{"@type":"Person","@id":"https:\/\/www.notibras.com\/site\/#\/schema\/person\/36ab0979449956132d3e5b517ea76ac8","name":"Reda\u00e7\u00e3o","image":{"@type":"ImageObject","inLanguage":"pt-BR","@id":"https:\/\/secure.gravatar.com\/avatar\/e0a867bdedb85fd243eadf09663511f96fc81e0720a4a42581f334ad4303aa6b?s=96&d=mm&r=g","url":"https:\/\/secure.gravatar.com\/avatar\/e0a867bdedb85fd243eadf09663511f96fc81e0720a4a42581f334ad4303aa6b?s=96&d=mm&r=g","contentUrl":"https:\/\/secure.gravatar.com\/avatar\/e0a867bdedb85fd243eadf09663511f96fc81e0720a4a42581f334ad4303aa6b?s=96&d=mm&r=g","caption":"Reda\u00e7\u00e3o"}}]}},"amp_enabled":true,"_links":{"self":[{"href":"https:\/\/www.notibras.com\/site\/wp-json\/wp\/v2\/posts\/308963","targetHints":{"allow":["GET"]}}],"collection":[{"href":"https:\/\/www.notibras.com\/site\/wp-json\/wp\/v2\/posts"}],"about":[{"href":"https:\/\/www.notibras.com\/site\/wp-json\/wp\/v2\/types\/post"}],"author":[{"embeddable":true,"href":"https:\/\/www.notibras.com\/site\/wp-json\/wp\/v2\/users\/2"}],"replies":[{"embeddable":true,"href":"https:\/\/www.notibras.com\/site\/wp-json\/wp\/v2\/comments?post=308963"}],"version-history":[{"count":1,"href":"https:\/\/www.notibras.com\/site\/wp-json\/wp\/v2\/posts\/308963\/revisions"}],"predecessor-version":[{"id":308965,"href":"https:\/\/www.notibras.com\/site\/wp-json\/wp\/v2\/posts\/308963\/revisions\/308965"}],"wp:featuredmedia":[{"embeddable":true,"href":"https:\/\/www.notibras.com\/site\/wp-json\/wp\/v2\/media\/308964"}],"wp:attachment":[{"href":"https:\/\/www.notibras.com\/site\/wp-json\/wp\/v2\/media?parent=308963"}],"wp:term":[{"taxonomy":"category","embeddable":true,"href":"https:\/\/www.notibras.com\/site\/wp-json\/wp\/v2\/categories?post=308963"},{"taxonomy":"post_tag","embeddable":true,"href":"https:\/\/www.notibras.com\/site\/wp-json\/wp\/v2\/tags?post=308963"}],"curies":[{"name":"wp","href":"https:\/\/api.w.org\/{rel}","templated":true}]}}