{"id":309021,"date":"2023-07-17T08:08:32","date_gmt":"2023-07-17T11:08:32","guid":{"rendered":"https:\/\/www.notibras.com\/site\/?p=309021"},"modified":"2023-07-17T08:08:32","modified_gmt":"2023-07-17T11:08:32","slug":"solavanco-de-onibus-transporta-para-baile-funk","status":"publish","type":"post","link":"https:\/\/www.notibras.com\/site\/solavanco-de-onibus-transporta-para-baile-funk\/","title":{"rendered":"Solavanco de \u00f4nibus transporta para baile funk"},"content":{"rendered":"<p>Carmen varreu tanto ch\u00e3o na vida, que n\u00e3o seria exagero afirmar que toda poeira que ela tinha retirado das casas por onde havia passado, caso fosse poss\u00edvel junt\u00e1-la, daria para construir um outro P\u00e3o de A\u00e7\u00facar. E l\u00e1 estava a dita cuja carregando aqueles calos nas m\u00e3os, o suor escorrendo da testa, quando finalmente catou o \u00faltimo p\u00f3 do dia.<\/p>\n<p>Nem sentiu al\u00edvio, pois sabia que a rotina continuaria no dia seguinte, fosse segunda, ter\u00e7a, s\u00e1bado, domingo ou at\u00e9 feriado. N\u00e3o dava para sonhar com o luxo de se espregui\u00e7ar numa rede suspensa por dois coqueiros em uma praia de areia macia. Definitivamente n\u00e3o! Pelo menos n\u00e3o naquela vida miser\u00e1vel que se arrastava h\u00e1 anos.<\/p>\n<p>J\u00e1 na cal\u00e7ada, caminhava grudada \u00e0s suas varizes que, de t\u00e3o grossas, poderiam ser dissecadas facilmente por um m\u00e9dico em uma futura necropsia. Nem sabia se sentia dor. Devia estar acostumada ou, ent\u00e3o, nem se lembrava dessa sensa\u00e7\u00e3o de vida.<\/p>\n<p>Tentou pegar o primeiro \u00f4nibus, mas, de t\u00e3o cheio, as portas nem se fechavam, como se fossem um gorducho tentando, inutilmente, fechar o z\u00edper depois de uma feijoada. Tarimbada, decidiu aguardar pelo pr\u00f3ximo, que chegou quase duas horas depois. E, apesar do cansa\u00e7o da longa espera, pareceu que havia valido a pena. O caixote veio praticamente vazio. Carmen poderia se sentar e tirar um cochilo at\u00e9 perto de casa.<\/p>\n<p>Acomodou-se em uma das cadeiras mais ao fundo. Esparramou-se, j\u00e1 que n\u00e3o havia viva alma no assento ao lado. Adormeceu como h\u00e1 muito n\u00e3o o fazia. Tudo parecia como num sonho bem sonhado, desses que n\u00e3o queremos despertar. Todavia, n\u00e3o demorou muito, Carmen come\u00e7ou a sentir os solavancos do \u00f4nibus.<\/p>\n<p>A suspens\u00e3o, de t\u00e3o gasta, parecia n\u00e3o suportar nem mesmo o menor defeito da pista. Mal sa\u00eda de um tremelique, o coletivo come\u00e7ava outro, numa infinidade de convuls\u00f5es. Revoltada, Carmen n\u00e3o se conteve e gritou: &#8220;\u00d4, motorista, eu paguei a passagem de \u00f4nibus, n\u00e3o foi a entrada pro baile!&#8221;<\/p>\n","protected":false},"excerpt":{"rendered":"<p>Carmen varreu tanto ch\u00e3o na vida, que n\u00e3o seria exagero afirmar que toda poeira que ela tinha retirado das casas por onde havia passado, caso fosse poss\u00edvel junt\u00e1-la, daria para construir um outro P\u00e3o de A\u00e7\u00facar. E l\u00e1 estava a dita cuja carregando aqueles calos nas m\u00e3os, o suor escorrendo da testa, quando finalmente catou [&hellip;]<\/p>\n","protected":false},"author":2,"featured_media":309022,"comment_status":"closed","ping_status":"closed","sticky":false,"template":"","format":"standard","meta":{"_acf_changed":false,"footnotes":""},"categories":[161],"tags":[],"class_list":["post-309021","post","type-post","status-publish","format-standard","has-post-thumbnail","hentry","category-quadradinho-em-foco"],"acf":[],"yoast_head":"<!-- This site is optimized with the Yoast SEO plugin v27.2 - https:\/\/yoast.com\/product\/yoast-seo-wordpress\/ -->\n<title>Solavanco de \u00f4nibus transporta para baile funk - Notibras<\/title>\n<meta name=\"robots\" content=\"index, follow, max-snippet:-1, max-image-preview:large, max-video-preview:-1\" \/>\n<link rel=\"canonical\" href=\"https:\/\/www.notibras.com\/site\/solavanco-de-onibus-transporta-para-baile-funk\/\" \/>\n<meta property=\"og:locale\" content=\"pt_BR\" \/>\n<meta property=\"og:type\" content=\"article\" \/>\n<meta property=\"og:title\" content=\"Solavanco de \u00f4nibus transporta para baile funk - Notibras\" \/>\n<meta property=\"og:description\" content=\"Carmen varreu tanto ch\u00e3o na vida, que n\u00e3o seria exagero afirmar que toda poeira que ela tinha retirado das casas por onde havia passado, caso fosse poss\u00edvel junt\u00e1-la, daria para construir um outro P\u00e3o de A\u00e7\u00facar. E l\u00e1 estava a dita cuja carregando aqueles calos nas m\u00e3os, o suor escorrendo da testa, quando finalmente catou [&hellip;]\" \/>\n<meta property=\"og:url\" content=\"https:\/\/www.notibras.com\/site\/solavanco-de-onibus-transporta-para-baile-funk\/\" \/>\n<meta property=\"og:site_name\" content=\"Notibras\" \/>\n<meta property=\"article:publisher\" content=\"https:\/\/www.facebook.com\/notibras\/\" \/>\n<meta property=\"article:published_time\" content=\"2023-07-17T11:08:32+00:00\" \/>\n<meta property=\"og:image\" content=\"https:\/\/www.notibras.com\/site\/wp-content\/uploads\/2023\/07\/istockphoto-1132986149-612x612-1.jpg\" \/>\n\t<meta property=\"og:image:width\" content=\"556\" \/>\n\t<meta property=\"og:image:height\" content=\"612\" \/>\n\t<meta property=\"og:image:type\" content=\"image\/jpeg\" \/>\n<meta name=\"author\" content=\"Reda\u00e7\u00e3o\" \/>\n<meta name=\"twitter:card\" content=\"summary_large_image\" \/>\n<meta name=\"twitter:creator\" content=\"@Notibras\" \/>\n<meta name=\"twitter:site\" content=\"@Notibras\" \/>\n<meta name=\"twitter:label1\" content=\"Escrito por\" \/>\n\t<meta name=\"twitter:data1\" content=\"Reda\u00e7\u00e3o\" \/>\n\t<meta name=\"twitter:label2\" content=\"Est. tempo de leitura\" \/>\n\t<meta name=\"twitter:data2\" content=\"2 minutos\" \/>\n<script type=\"application\/ld+json\" class=\"yoast-schema-graph\">{\"@context\":\"https:\/\/schema.org\",\"@graph\":[{\"@type\":\"Article\",\"@id\":\"https:\/\/www.notibras.com\/site\/solavanco-de-onibus-transporta-para-baile-funk\/#article\",\"isPartOf\":{\"@id\":\"https:\/\/www.notibras.com\/site\/solavanco-de-onibus-transporta-para-baile-funk\/\"},\"author\":{\"name\":\"Reda\u00e7\u00e3o\",\"@id\":\"https:\/\/www.notibras.com\/site\/#\/schema\/person\/36ab0979449956132d3e5b517ea76ac8\"},\"headline\":\"Solavanco de \u00f4nibus transporta para baile funk\",\"datePublished\":\"2023-07-17T11:08:32+00:00\",\"mainEntityOfPage\":{\"@id\":\"https:\/\/www.notibras.com\/site\/solavanco-de-onibus-transporta-para-baile-funk\/\"},\"wordCount\":366,\"publisher\":{\"@id\":\"https:\/\/www.notibras.com\/site\/#organization\"},\"image\":{\"@id\":\"https:\/\/www.notibras.com\/site\/solavanco-de-onibus-transporta-para-baile-funk\/#primaryimage\"},\"thumbnailUrl\":\"https:\/\/www.notibras.com\/site\/wp-content\/uploads\/2023\/07\/istockphoto-1132986149-612x612-1.jpg\",\"articleSection\":[\"Quadradinho em Foco\"],\"inLanguage\":\"pt-BR\"},{\"@type\":\"WebPage\",\"@id\":\"https:\/\/www.notibras.com\/site\/solavanco-de-onibus-transporta-para-baile-funk\/\",\"url\":\"https:\/\/www.notibras.com\/site\/solavanco-de-onibus-transporta-para-baile-funk\/\",\"name\":\"Solavanco de \u00f4nibus transporta para baile funk - Notibras\",\"isPartOf\":{\"@id\":\"https:\/\/www.notibras.com\/site\/#website\"},\"primaryImageOfPage\":{\"@id\":\"https:\/\/www.notibras.com\/site\/solavanco-de-onibus-transporta-para-baile-funk\/#primaryimage\"},\"image\":{\"@id\":\"https:\/\/www.notibras.com\/site\/solavanco-de-onibus-transporta-para-baile-funk\/#primaryimage\"},\"thumbnailUrl\":\"https:\/\/www.notibras.com\/site\/wp-content\/uploads\/2023\/07\/istockphoto-1132986149-612x612-1.jpg\",\"datePublished\":\"2023-07-17T11:08:32+00:00\",\"breadcrumb\":{\"@id\":\"https:\/\/www.notibras.com\/site\/solavanco-de-onibus-transporta-para-baile-funk\/#breadcrumb\"},\"inLanguage\":\"pt-BR\",\"potentialAction\":[{\"@type\":\"ReadAction\",\"target\":[\"https:\/\/www.notibras.com\/site\/solavanco-de-onibus-transporta-para-baile-funk\/\"]}]},{\"@type\":\"ImageObject\",\"inLanguage\":\"pt-BR\",\"@id\":\"https:\/\/www.notibras.com\/site\/solavanco-de-onibus-transporta-para-baile-funk\/#primaryimage\",\"url\":\"https:\/\/www.notibras.com\/site\/wp-content\/uploads\/2023\/07\/istockphoto-1132986149-612x612-1.jpg\",\"contentUrl\":\"https:\/\/www.notibras.com\/site\/wp-content\/uploads\/2023\/07\/istockphoto-1132986149-612x612-1.jpg\",\"width\":556,\"height\":612,\"caption\":\"Black silhouette. Beautiful maid in classic french outfit. Cartoon character design. Women with brown short hair. Chambermaid cleaning floor with mop. Flat vector illustration on white background.\"},{\"@type\":\"BreadcrumbList\",\"@id\":\"https:\/\/www.notibras.com\/site\/solavanco-de-onibus-transporta-para-baile-funk\/#breadcrumb\",\"itemListElement\":[{\"@type\":\"ListItem\",\"position\":1,\"name\":\"In\u00edcio\",\"item\":\"https:\/\/www.notibras.com\/site\/\"},{\"@type\":\"ListItem\",\"position\":2,\"name\":\"Solavanco de \u00f4nibus transporta para baile funk\"}]},{\"@type\":\"WebSite\",\"@id\":\"https:\/\/www.notibras.com\/site\/#website\",\"url\":\"https:\/\/www.notibras.com\/site\/\",\"name\":\"Notibras\",\"description\":\"Not\u00edcias de Bras\u00edlia, do Brasil e do Mundo\",\"publisher\":{\"@id\":\"https:\/\/www.notibras.com\/site\/#organization\"},\"potentialAction\":[{\"@type\":\"SearchAction\",\"target\":{\"@type\":\"EntryPoint\",\"urlTemplate\":\"https:\/\/www.notibras.com\/site\/?s={search_term_string}\"},\"query-input\":{\"@type\":\"PropertyValueSpecification\",\"valueRequired\":true,\"valueName\":\"search_term_string\"}}],\"inLanguage\":\"pt-BR\"},{\"@type\":\"Organization\",\"@id\":\"https:\/\/www.notibras.com\/site\/#organization\",\"name\":\"Grupo Notibras de Comunica\u00e7\u00e3o\",\"url\":\"https:\/\/www.notibras.com\/site\/\",\"logo\":{\"@type\":\"ImageObject\",\"inLanguage\":\"pt-BR\",\"@id\":\"https:\/\/www.notibras.com\/site\/#\/schema\/logo\/image\/\",\"url\":\"https:\/\/www.notibras.com\/site\/wp-content\/uploads\/2023\/01\/notibras23.png\",\"contentUrl\":\"https:\/\/www.notibras.com\/site\/wp-content\/uploads\/2023\/01\/notibras23.png\",\"width\":350,\"height\":87,\"caption\":\"Grupo Notibras de Comunica\u00e7\u00e3o\"},\"image\":{\"@id\":\"https:\/\/www.notibras.com\/site\/#\/schema\/logo\/image\/\"},\"sameAs\":[\"https:\/\/www.facebook.com\/notibras\/\",\"https:\/\/x.com\/Notibras\",\"https:\/\/www.instagram.com\/notibras\/\"]},{\"@type\":\"Person\",\"@id\":\"https:\/\/www.notibras.com\/site\/#\/schema\/person\/36ab0979449956132d3e5b517ea76ac8\",\"name\":\"Reda\u00e7\u00e3o\",\"image\":{\"@type\":\"ImageObject\",\"inLanguage\":\"pt-BR\",\"@id\":\"https:\/\/secure.gravatar.com\/avatar\/e0a867bdedb85fd243eadf09663511f96fc81e0720a4a42581f334ad4303aa6b?s=96&d=mm&r=g\",\"url\":\"https:\/\/secure.gravatar.com\/avatar\/e0a867bdedb85fd243eadf09663511f96fc81e0720a4a42581f334ad4303aa6b?s=96&d=mm&r=g\",\"contentUrl\":\"https:\/\/secure.gravatar.com\/avatar\/e0a867bdedb85fd243eadf09663511f96fc81e0720a4a42581f334ad4303aa6b?s=96&d=mm&r=g\",\"caption\":\"Reda\u00e7\u00e3o\"}}]}<\/script>\n<!-- \/ Yoast SEO plugin. -->","yoast_head_json":{"title":"Solavanco de \u00f4nibus transporta para baile funk - Notibras","robots":{"index":"index","follow":"follow","max-snippet":"max-snippet:-1","max-image-preview":"max-image-preview:large","max-video-preview":"max-video-preview:-1"},"canonical":"https:\/\/www.notibras.com\/site\/solavanco-de-onibus-transporta-para-baile-funk\/","og_locale":"pt_BR","og_type":"article","og_title":"Solavanco de \u00f4nibus transporta para baile funk - Notibras","og_description":"Carmen varreu tanto ch\u00e3o na vida, que n\u00e3o seria exagero afirmar que toda poeira que ela tinha retirado das casas por onde havia passado, caso fosse poss\u00edvel junt\u00e1-la, daria para construir um outro P\u00e3o de A\u00e7\u00facar. E l\u00e1 estava a dita cuja carregando aqueles calos nas m\u00e3os, o suor escorrendo da testa, quando finalmente catou [&hellip;]","og_url":"https:\/\/www.notibras.com\/site\/solavanco-de-onibus-transporta-para-baile-funk\/","og_site_name":"Notibras","article_publisher":"https:\/\/www.facebook.com\/notibras\/","article_published_time":"2023-07-17T11:08:32+00:00","og_image":[{"width":556,"height":612,"url":"https:\/\/www.notibras.com\/site\/wp-content\/uploads\/2023\/07\/istockphoto-1132986149-612x612-1.jpg","type":"image\/jpeg"}],"author":"Reda\u00e7\u00e3o","twitter_card":"summary_large_image","twitter_creator":"@Notibras","twitter_site":"@Notibras","twitter_misc":{"Escrito por":"Reda\u00e7\u00e3o","Est. tempo de leitura":"2 minutos"},"schema":{"@context":"https:\/\/schema.org","@graph":[{"@type":"Article","@id":"https:\/\/www.notibras.com\/site\/solavanco-de-onibus-transporta-para-baile-funk\/#article","isPartOf":{"@id":"https:\/\/www.notibras.com\/site\/solavanco-de-onibus-transporta-para-baile-funk\/"},"author":{"name":"Reda\u00e7\u00e3o","@id":"https:\/\/www.notibras.com\/site\/#\/schema\/person\/36ab0979449956132d3e5b517ea76ac8"},"headline":"Solavanco de \u00f4nibus transporta para baile funk","datePublished":"2023-07-17T11:08:32+00:00","mainEntityOfPage":{"@id":"https:\/\/www.notibras.com\/site\/solavanco-de-onibus-transporta-para-baile-funk\/"},"wordCount":366,"publisher":{"@id":"https:\/\/www.notibras.com\/site\/#organization"},"image":{"@id":"https:\/\/www.notibras.com\/site\/solavanco-de-onibus-transporta-para-baile-funk\/#primaryimage"},"thumbnailUrl":"https:\/\/www.notibras.com\/site\/wp-content\/uploads\/2023\/07\/istockphoto-1132986149-612x612-1.jpg","articleSection":["Quadradinho em Foco"],"inLanguage":"pt-BR"},{"@type":"WebPage","@id":"https:\/\/www.notibras.com\/site\/solavanco-de-onibus-transporta-para-baile-funk\/","url":"https:\/\/www.notibras.com\/site\/solavanco-de-onibus-transporta-para-baile-funk\/","name":"Solavanco de \u00f4nibus transporta para baile funk - Notibras","isPartOf":{"@id":"https:\/\/www.notibras.com\/site\/#website"},"primaryImageOfPage":{"@id":"https:\/\/www.notibras.com\/site\/solavanco-de-onibus-transporta-para-baile-funk\/#primaryimage"},"image":{"@id":"https:\/\/www.notibras.com\/site\/solavanco-de-onibus-transporta-para-baile-funk\/#primaryimage"},"thumbnailUrl":"https:\/\/www.notibras.com\/site\/wp-content\/uploads\/2023\/07\/istockphoto-1132986149-612x612-1.jpg","datePublished":"2023-07-17T11:08:32+00:00","breadcrumb":{"@id":"https:\/\/www.notibras.com\/site\/solavanco-de-onibus-transporta-para-baile-funk\/#breadcrumb"},"inLanguage":"pt-BR","potentialAction":[{"@type":"ReadAction","target":["https:\/\/www.notibras.com\/site\/solavanco-de-onibus-transporta-para-baile-funk\/"]}]},{"@type":"ImageObject","inLanguage":"pt-BR","@id":"https:\/\/www.notibras.com\/site\/solavanco-de-onibus-transporta-para-baile-funk\/#primaryimage","url":"https:\/\/www.notibras.com\/site\/wp-content\/uploads\/2023\/07\/istockphoto-1132986149-612x612-1.jpg","contentUrl":"https:\/\/www.notibras.com\/site\/wp-content\/uploads\/2023\/07\/istockphoto-1132986149-612x612-1.jpg","width":556,"height":612,"caption":"Black silhouette. Beautiful maid in classic french outfit. Cartoon character design. Women with brown short hair. Chambermaid cleaning floor with mop. Flat vector illustration on white background."},{"@type":"BreadcrumbList","@id":"https:\/\/www.notibras.com\/site\/solavanco-de-onibus-transporta-para-baile-funk\/#breadcrumb","itemListElement":[{"@type":"ListItem","position":1,"name":"In\u00edcio","item":"https:\/\/www.notibras.com\/site\/"},{"@type":"ListItem","position":2,"name":"Solavanco de \u00f4nibus transporta para baile funk"}]},{"@type":"WebSite","@id":"https:\/\/www.notibras.com\/site\/#website","url":"https:\/\/www.notibras.com\/site\/","name":"Notibras","description":"Not\u00edcias de Bras\u00edlia, do Brasil e do Mundo","publisher":{"@id":"https:\/\/www.notibras.com\/site\/#organization"},"potentialAction":[{"@type":"SearchAction","target":{"@type":"EntryPoint","urlTemplate":"https:\/\/www.notibras.com\/site\/?s={search_term_string}"},"query-input":{"@type":"PropertyValueSpecification","valueRequired":true,"valueName":"search_term_string"}}],"inLanguage":"pt-BR"},{"@type":"Organization","@id":"https:\/\/www.notibras.com\/site\/#organization","name":"Grupo Notibras de Comunica\u00e7\u00e3o","url":"https:\/\/www.notibras.com\/site\/","logo":{"@type":"ImageObject","inLanguage":"pt-BR","@id":"https:\/\/www.notibras.com\/site\/#\/schema\/logo\/image\/","url":"https:\/\/www.notibras.com\/site\/wp-content\/uploads\/2023\/01\/notibras23.png","contentUrl":"https:\/\/www.notibras.com\/site\/wp-content\/uploads\/2023\/01\/notibras23.png","width":350,"height":87,"caption":"Grupo Notibras de Comunica\u00e7\u00e3o"},"image":{"@id":"https:\/\/www.notibras.com\/site\/#\/schema\/logo\/image\/"},"sameAs":["https:\/\/www.facebook.com\/notibras\/","https:\/\/x.com\/Notibras","https:\/\/www.instagram.com\/notibras\/"]},{"@type":"Person","@id":"https:\/\/www.notibras.com\/site\/#\/schema\/person\/36ab0979449956132d3e5b517ea76ac8","name":"Reda\u00e7\u00e3o","image":{"@type":"ImageObject","inLanguage":"pt-BR","@id":"https:\/\/secure.gravatar.com\/avatar\/e0a867bdedb85fd243eadf09663511f96fc81e0720a4a42581f334ad4303aa6b?s=96&d=mm&r=g","url":"https:\/\/secure.gravatar.com\/avatar\/e0a867bdedb85fd243eadf09663511f96fc81e0720a4a42581f334ad4303aa6b?s=96&d=mm&r=g","contentUrl":"https:\/\/secure.gravatar.com\/avatar\/e0a867bdedb85fd243eadf09663511f96fc81e0720a4a42581f334ad4303aa6b?s=96&d=mm&r=g","caption":"Reda\u00e7\u00e3o"}}]}},"amp_enabled":true,"_links":{"self":[{"href":"https:\/\/www.notibras.com\/site\/wp-json\/wp\/v2\/posts\/309021","targetHints":{"allow":["GET"]}}],"collection":[{"href":"https:\/\/www.notibras.com\/site\/wp-json\/wp\/v2\/posts"}],"about":[{"href":"https:\/\/www.notibras.com\/site\/wp-json\/wp\/v2\/types\/post"}],"author":[{"embeddable":true,"href":"https:\/\/www.notibras.com\/site\/wp-json\/wp\/v2\/users\/2"}],"replies":[{"embeddable":true,"href":"https:\/\/www.notibras.com\/site\/wp-json\/wp\/v2\/comments?post=309021"}],"version-history":[{"count":1,"href":"https:\/\/www.notibras.com\/site\/wp-json\/wp\/v2\/posts\/309021\/revisions"}],"predecessor-version":[{"id":309023,"href":"https:\/\/www.notibras.com\/site\/wp-json\/wp\/v2\/posts\/309021\/revisions\/309023"}],"wp:featuredmedia":[{"embeddable":true,"href":"https:\/\/www.notibras.com\/site\/wp-json\/wp\/v2\/media\/309022"}],"wp:attachment":[{"href":"https:\/\/www.notibras.com\/site\/wp-json\/wp\/v2\/media?parent=309021"}],"wp:term":[{"taxonomy":"category","embeddable":true,"href":"https:\/\/www.notibras.com\/site\/wp-json\/wp\/v2\/categories?post=309021"},{"taxonomy":"post_tag","embeddable":true,"href":"https:\/\/www.notibras.com\/site\/wp-json\/wp\/v2\/tags?post=309021"}],"curies":[{"name":"wp","href":"https:\/\/api.w.org\/{rel}","templated":true}]}}