{"id":309024,"date":"2023-07-17T00:01:56","date_gmt":"2023-07-17T03:01:56","guid":{"rendered":"https:\/\/www.notibras.com\/site\/?p=309024"},"modified":"2023-07-17T09:04:53","modified_gmt":"2023-07-17T12:04:53","slug":"combate-a-evasao-de-negros-requer-novas-politicas","status":"publish","type":"post","link":"https:\/\/www.notibras.com\/site\/combate-a-evasao-de-negros-requer-novas-politicas\/","title":{"rendered":"Combate \u00e0 evas\u00e3o de negros requer novas pol\u00edticas"},"content":{"rendered":"<p>Uma not\u00edcia que vem do Rio e que interessa tamb\u00e9m ao brasiliense: a evas\u00e3o de estudantes negros das universidades \u00e9 um fator que indica a necessidade da formula\u00e7\u00e3o de novas pol\u00edticas p\u00fablicas que permitam a perman\u00eancia desses alunos. Mesmo com o crescimento no n\u00famero de estudantes afrodescendentes no n\u00edvel superior da educa\u00e7\u00e3o, em consequ\u00eancia da efetividade de a\u00e7\u00f5es afirmativas como a Lei de Cotas, essa popula\u00e7\u00e3o ainda enfrenta uma s\u00e9rie de barreiras para a sua perman\u00eancia nas universidades.<\/p>\n<p>A despesa com transportes diante da dist\u00e2ncia do deslocamento entre o local de moradia e a unidade universit\u00e1ria tamb\u00e9m contribui para o abandono dos bancos escolares. Outro fator que atinge m\u00e3es e pais estudantes \u00e9 a falta de creches pr\u00f3ximas dos locais de estudo para deixarem os seus filhos enquanto est\u00e3o em aulas.<\/p>\n<p>Essas foram algumas das conclus\u00f5es da Roda de Conversa Bem Viver das Juventudes Negras: Trajet\u00f3rias Coletivas nas Universidades, com a Oxfam Brasil, que debateu o contexto de estudantes negros do Rio de Janeiro tanto da gradua\u00e7\u00e3o como da p\u00f3s-gradua\u00e7\u00e3o nas universidades. O encontro ocorreu no Museu do Amanh\u00e3, na regi\u00e3o portu\u00e1ria do Rio.<\/p>\n<p>Participaram da conversa a coordenadora do N\u00facleo de Estudos Afro-Brasileiros e Ind\u00edgenas da UniRio (NEABI), professora Jane Santos; a estudante de p\u00f3s-gradua\u00e7\u00e3o Estefane Silva, que faz parte de coletivos de movimentos estudantis para a perman\u00eancia de alunos negros nessa faixa de gradua\u00e7\u00e3o, e a deputada estadual Renata Souza (PSOL-RJ), que atua na defesa de direitos humanos h\u00e1 mais de 12 anos com participa\u00e7\u00e3o de movimentos sociais e proposi\u00e7\u00e3o de pol\u00edticas p\u00fablicas no legislativo fluminense.<\/p>\n<p>As dificuldades se estendem ainda aos efeitos da pandemia da covid-19. \u201cA gente est\u00e1 em um cen\u00e1rio p\u00f3s-pandemia de evas\u00e3o muito grande dos universit\u00e1rios que passaram por a\u00e7\u00f5es afirmativas e s\u00e3o cotistas, por quest\u00e3o de precariza\u00e7\u00e3o da vida mesmo. Entre fazer uma universidade, ter uma bolsa de estudos e seguir uma trajet\u00f3ria, muitos deles t\u00eam deixado a universidade para trabalhar para sobreviver e garantir o sustento da fam\u00edlia\u201d, apontou, em entrevista \u00e0 Ag\u00eancia Brasil, a oficial de projetos da Oxfam Brasil e mediadora da roda de conversa, B\u00e1rbara Barboza.<\/p>\n<p>Como solu\u00e7\u00e3o de parte dos problemas da evas\u00e3o, o debate apontou ainda, segundo B\u00e1rbara Barboza, a implementa\u00e7\u00e3o de uma busca ativa de estudantes e a vis\u00e3o integrada de pol\u00edticas p\u00fablicas.<\/p>\n<p>\u201cNo sentido de que a gente possa pensar na constru\u00e7\u00e3o de creches muito pr\u00f3ximas ou dentro das universidades porque o contexto de universit\u00e1rios que s\u00e3o m\u00e3es e pais \u00e9 muito grande; e tamb\u00e9m no \u00e2mbito de sa\u00fade metal tendo em vista um alto \u00edndice de estudantes que t\u00eam tido depress\u00e3o, ansiedade e suic\u00eddios da juventude negra, s\u00e3o pol\u00edticas de acolhimento de sa\u00fade mental tamb\u00e9m\u201d, ressaltou.<\/p>\n<p>Mesmo com as dificuldades, de acordo com B\u00e1rbara Barboza, a quantidade de mulheres negras nas universidades p\u00fablicas \u00e9 a maioria entre g\u00eaneros do ponto de vista da perman\u00eancia, incluindo o acesso at\u00e9 a p\u00f3s-gradua\u00e7\u00e3o. \u201cAs mulheres negras do Brasil t\u00eam, apesar dos percal\u00e7os, uma qualidade educacional muito grande que confronta esse desafio que \u00e9 de estar dentro do contexto da educa\u00e7\u00e3o brasileira\u201d, disse, acrescentando que a ascens\u00e3o de mulheres negras nas universidades tem sido registrada ao longo dos \u00faltimos dez anos, per\u00edodo que coincide com a aplica\u00e7\u00e3o da Lei de Cotas.<\/p>\n<p>\u201cMulheres como a Renata Souza, Jane Santos e como Estefane Silva s\u00e3o mulheres que, estando em movimentos e na p\u00f3s-gradua\u00e7\u00e3o nas universidades p\u00fablicas, acabam gerando a perman\u00eancia porque s\u00e3o muito articuladas. Isso \u00e9 um grande ganho vindo de pol\u00edticas de a\u00e7\u00f5es afirmativas\u201d, observou.<\/p>\n<p>A roda de conversas foi organizada pela Oxfam Brasil, sigla de Oxford Committee for Famine Relief (Comit\u00ea de Oxford para o Al\u00edvio da Fome), em uma parceria com o Instituto Afro-Latinas por meio do Festival Latinidades.<\/p>\n","protected":false},"excerpt":{"rendered":"<p>Uma not\u00edcia que vem do Rio e que interessa tamb\u00e9m ao brasiliense: a evas\u00e3o de estudantes negros das universidades \u00e9 um fator que indica a necessidade da formula\u00e7\u00e3o de novas pol\u00edticas p\u00fablicas que permitam a perman\u00eancia desses alunos. Mesmo com o crescimento no n\u00famero de estudantes afrodescendentes no n\u00edvel superior da educa\u00e7\u00e3o, em consequ\u00eancia da [&hellip;]<\/p>\n","protected":false},"author":2,"featured_media":309025,"comment_status":"closed","ping_status":"closed","sticky":false,"template":"","format":"standard","meta":{"_acf_changed":false,"footnotes":""},"categories":[161],"tags":[],"class_list":["post-309024","post","type-post","status-publish","format-standard","has-post-thumbnail","hentry","category-quadradinho-em-foco"],"acf":[],"yoast_head":"<!-- This site is optimized with the Yoast SEO plugin v27.2 - https:\/\/yoast.com\/product\/yoast-seo-wordpress\/ -->\n<title>Combate \u00e0 evas\u00e3o de negros requer novas pol\u00edticas - Notibras<\/title>\n<meta name=\"robots\" content=\"index, follow, max-snippet:-1, max-image-preview:large, max-video-preview:-1\" \/>\n<link rel=\"canonical\" href=\"https:\/\/www.notibras.com\/site\/combate-a-evasao-de-negros-requer-novas-politicas\/\" \/>\n<meta property=\"og:locale\" content=\"pt_BR\" \/>\n<meta property=\"og:type\" content=\"article\" \/>\n<meta property=\"og:title\" content=\"Combate \u00e0 evas\u00e3o de negros requer novas pol\u00edticas - Notibras\" \/>\n<meta property=\"og:description\" content=\"Uma not\u00edcia que vem do Rio e que interessa tamb\u00e9m ao brasiliense: a evas\u00e3o de estudantes negros das universidades \u00e9 um fator que indica a necessidade da formula\u00e7\u00e3o de novas pol\u00edticas p\u00fablicas que permitam a perman\u00eancia desses alunos. Mesmo com o crescimento no n\u00famero de estudantes afrodescendentes no n\u00edvel superior da educa\u00e7\u00e3o, em consequ\u00eancia da [&hellip;]\" \/>\n<meta property=\"og:url\" content=\"https:\/\/www.notibras.com\/site\/combate-a-evasao-de-negros-requer-novas-politicas\/\" \/>\n<meta property=\"og:site_name\" content=\"Notibras\" \/>\n<meta property=\"article:publisher\" content=\"https:\/\/www.facebook.com\/notibras\/\" \/>\n<meta property=\"article:published_time\" content=\"2023-07-17T03:01:56+00:00\" \/>\n<meta property=\"article:modified_time\" content=\"2023-07-17T12:04:53+00:00\" \/>\n<meta property=\"og:image\" content=\"https:\/\/www.notibras.com\/site\/wp-content\/uploads\/2023\/07\/sem_titulo-2_56.jpg\" \/>\n\t<meta property=\"og:image:width\" content=\"1170\" \/>\n\t<meta property=\"og:image:height\" content=\"700\" \/>\n\t<meta property=\"og:image:type\" content=\"image\/jpeg\" \/>\n<meta name=\"author\" content=\"Reda\u00e7\u00e3o\" \/>\n<meta name=\"twitter:card\" content=\"summary_large_image\" \/>\n<meta name=\"twitter:creator\" content=\"@Notibras\" \/>\n<meta name=\"twitter:site\" content=\"@Notibras\" \/>\n<meta name=\"twitter:label1\" content=\"Escrito por\" \/>\n\t<meta name=\"twitter:data1\" content=\"Reda\u00e7\u00e3o\" \/>\n\t<meta name=\"twitter:label2\" content=\"Est. tempo de leitura\" \/>\n\t<meta name=\"twitter:data2\" content=\"4 minutos\" \/>\n<script type=\"application\/ld+json\" class=\"yoast-schema-graph\">{\"@context\":\"https:\/\/schema.org\",\"@graph\":[{\"@type\":\"Article\",\"@id\":\"https:\/\/www.notibras.com\/site\/combate-a-evasao-de-negros-requer-novas-politicas\/#article\",\"isPartOf\":{\"@id\":\"https:\/\/www.notibras.com\/site\/combate-a-evasao-de-negros-requer-novas-politicas\/\"},\"author\":{\"name\":\"Reda\u00e7\u00e3o\",\"@id\":\"https:\/\/www.notibras.com\/site\/#\/schema\/person\/36ab0979449956132d3e5b517ea76ac8\"},\"headline\":\"Combate \u00e0 evas\u00e3o de negros requer novas pol\u00edticas\",\"datePublished\":\"2023-07-17T03:01:56+00:00\",\"dateModified\":\"2023-07-17T12:04:53+00:00\",\"mainEntityOfPage\":{\"@id\":\"https:\/\/www.notibras.com\/site\/combate-a-evasao-de-negros-requer-novas-politicas\/\"},\"wordCount\":706,\"publisher\":{\"@id\":\"https:\/\/www.notibras.com\/site\/#organization\"},\"image\":{\"@id\":\"https:\/\/www.notibras.com\/site\/combate-a-evasao-de-negros-requer-novas-politicas\/#primaryimage\"},\"thumbnailUrl\":\"https:\/\/www.notibras.com\/site\/wp-content\/uploads\/2023\/07\/sem_titulo-2_56.jpg\",\"articleSection\":[\"Quadradinho em Foco\"],\"inLanguage\":\"pt-BR\"},{\"@type\":\"WebPage\",\"@id\":\"https:\/\/www.notibras.com\/site\/combate-a-evasao-de-negros-requer-novas-politicas\/\",\"url\":\"https:\/\/www.notibras.com\/site\/combate-a-evasao-de-negros-requer-novas-politicas\/\",\"name\":\"Combate \u00e0 evas\u00e3o de negros requer novas pol\u00edticas - Notibras\",\"isPartOf\":{\"@id\":\"https:\/\/www.notibras.com\/site\/#website\"},\"primaryImageOfPage\":{\"@id\":\"https:\/\/www.notibras.com\/site\/combate-a-evasao-de-negros-requer-novas-politicas\/#primaryimage\"},\"image\":{\"@id\":\"https:\/\/www.notibras.com\/site\/combate-a-evasao-de-negros-requer-novas-politicas\/#primaryimage\"},\"thumbnailUrl\":\"https:\/\/www.notibras.com\/site\/wp-content\/uploads\/2023\/07\/sem_titulo-2_56.jpg\",\"datePublished\":\"2023-07-17T03:01:56+00:00\",\"dateModified\":\"2023-07-17T12:04:53+00:00\",\"breadcrumb\":{\"@id\":\"https:\/\/www.notibras.com\/site\/combate-a-evasao-de-negros-requer-novas-politicas\/#breadcrumb\"},\"inLanguage\":\"pt-BR\",\"potentialAction\":[{\"@type\":\"ReadAction\",\"target\":[\"https:\/\/www.notibras.com\/site\/combate-a-evasao-de-negros-requer-novas-politicas\/\"]}]},{\"@type\":\"ImageObject\",\"inLanguage\":\"pt-BR\",\"@id\":\"https:\/\/www.notibras.com\/site\/combate-a-evasao-de-negros-requer-novas-politicas\/#primaryimage\",\"url\":\"https:\/\/www.notibras.com\/site\/wp-content\/uploads\/2023\/07\/sem_titulo-2_56.jpg\",\"contentUrl\":\"https:\/\/www.notibras.com\/site\/wp-content\/uploads\/2023\/07\/sem_titulo-2_56.jpg\",\"width\":1170,\"height\":700,\"caption\":\"Rio de Janeiro (RJ), 15\/07\/2023 - A oficial de Projetos da Oxfam Brasil, B\u00e1rbara Barboza, no Festival Latinidades, no Museu da Amanh\u00e3, regi\u00e3o portu\u00e1ria do Rio. Foto:T\u00e2nia R\u00eago\/Ag\u00eancia Brasil\"},{\"@type\":\"BreadcrumbList\",\"@id\":\"https:\/\/www.notibras.com\/site\/combate-a-evasao-de-negros-requer-novas-politicas\/#breadcrumb\",\"itemListElement\":[{\"@type\":\"ListItem\",\"position\":1,\"name\":\"In\u00edcio\",\"item\":\"https:\/\/www.notibras.com\/site\/\"},{\"@type\":\"ListItem\",\"position\":2,\"name\":\"Combate \u00e0 evas\u00e3o de negros requer novas pol\u00edticas\"}]},{\"@type\":\"WebSite\",\"@id\":\"https:\/\/www.notibras.com\/site\/#website\",\"url\":\"https:\/\/www.notibras.com\/site\/\",\"name\":\"Notibras\",\"description\":\"Not\u00edcias de Bras\u00edlia, do Brasil e do Mundo\",\"publisher\":{\"@id\":\"https:\/\/www.notibras.com\/site\/#organization\"},\"potentialAction\":[{\"@type\":\"SearchAction\",\"target\":{\"@type\":\"EntryPoint\",\"urlTemplate\":\"https:\/\/www.notibras.com\/site\/?s={search_term_string}\"},\"query-input\":{\"@type\":\"PropertyValueSpecification\",\"valueRequired\":true,\"valueName\":\"search_term_string\"}}],\"inLanguage\":\"pt-BR\"},{\"@type\":\"Organization\",\"@id\":\"https:\/\/www.notibras.com\/site\/#organization\",\"name\":\"Grupo Notibras de Comunica\u00e7\u00e3o\",\"url\":\"https:\/\/www.notibras.com\/site\/\",\"logo\":{\"@type\":\"ImageObject\",\"inLanguage\":\"pt-BR\",\"@id\":\"https:\/\/www.notibras.com\/site\/#\/schema\/logo\/image\/\",\"url\":\"https:\/\/www.notibras.com\/site\/wp-content\/uploads\/2023\/01\/notibras23.png\",\"contentUrl\":\"https:\/\/www.notibras.com\/site\/wp-content\/uploads\/2023\/01\/notibras23.png\",\"width\":350,\"height\":87,\"caption\":\"Grupo Notibras de Comunica\u00e7\u00e3o\"},\"image\":{\"@id\":\"https:\/\/www.notibras.com\/site\/#\/schema\/logo\/image\/\"},\"sameAs\":[\"https:\/\/www.facebook.com\/notibras\/\",\"https:\/\/x.com\/Notibras\",\"https:\/\/www.instagram.com\/notibras\/\"]},{\"@type\":\"Person\",\"@id\":\"https:\/\/www.notibras.com\/site\/#\/schema\/person\/36ab0979449956132d3e5b517ea76ac8\",\"name\":\"Reda\u00e7\u00e3o\",\"image\":{\"@type\":\"ImageObject\",\"inLanguage\":\"pt-BR\",\"@id\":\"https:\/\/secure.gravatar.com\/avatar\/e0a867bdedb85fd243eadf09663511f96fc81e0720a4a42581f334ad4303aa6b?s=96&d=mm&r=g\",\"url\":\"https:\/\/secure.gravatar.com\/avatar\/e0a867bdedb85fd243eadf09663511f96fc81e0720a4a42581f334ad4303aa6b?s=96&d=mm&r=g\",\"contentUrl\":\"https:\/\/secure.gravatar.com\/avatar\/e0a867bdedb85fd243eadf09663511f96fc81e0720a4a42581f334ad4303aa6b?s=96&d=mm&r=g\",\"caption\":\"Reda\u00e7\u00e3o\"}}]}<\/script>\n<!-- \/ Yoast SEO plugin. -->","yoast_head_json":{"title":"Combate \u00e0 evas\u00e3o de negros requer novas pol\u00edticas - Notibras","robots":{"index":"index","follow":"follow","max-snippet":"max-snippet:-1","max-image-preview":"max-image-preview:large","max-video-preview":"max-video-preview:-1"},"canonical":"https:\/\/www.notibras.com\/site\/combate-a-evasao-de-negros-requer-novas-politicas\/","og_locale":"pt_BR","og_type":"article","og_title":"Combate \u00e0 evas\u00e3o de negros requer novas pol\u00edticas - Notibras","og_description":"Uma not\u00edcia que vem do Rio e que interessa tamb\u00e9m ao brasiliense: a evas\u00e3o de estudantes negros das universidades \u00e9 um fator que indica a necessidade da formula\u00e7\u00e3o de novas pol\u00edticas p\u00fablicas que permitam a perman\u00eancia desses alunos. Mesmo com o crescimento no n\u00famero de estudantes afrodescendentes no n\u00edvel superior da educa\u00e7\u00e3o, em consequ\u00eancia da [&hellip;]","og_url":"https:\/\/www.notibras.com\/site\/combate-a-evasao-de-negros-requer-novas-politicas\/","og_site_name":"Notibras","article_publisher":"https:\/\/www.facebook.com\/notibras\/","article_published_time":"2023-07-17T03:01:56+00:00","article_modified_time":"2023-07-17T12:04:53+00:00","og_image":[{"width":1170,"height":700,"url":"https:\/\/www.notibras.com\/site\/wp-content\/uploads\/2023\/07\/sem_titulo-2_56.jpg","type":"image\/jpeg"}],"author":"Reda\u00e7\u00e3o","twitter_card":"summary_large_image","twitter_creator":"@Notibras","twitter_site":"@Notibras","twitter_misc":{"Escrito por":"Reda\u00e7\u00e3o","Est. tempo de leitura":"4 minutos"},"schema":{"@context":"https:\/\/schema.org","@graph":[{"@type":"Article","@id":"https:\/\/www.notibras.com\/site\/combate-a-evasao-de-negros-requer-novas-politicas\/#article","isPartOf":{"@id":"https:\/\/www.notibras.com\/site\/combate-a-evasao-de-negros-requer-novas-politicas\/"},"author":{"name":"Reda\u00e7\u00e3o","@id":"https:\/\/www.notibras.com\/site\/#\/schema\/person\/36ab0979449956132d3e5b517ea76ac8"},"headline":"Combate \u00e0 evas\u00e3o de negros requer novas pol\u00edticas","datePublished":"2023-07-17T03:01:56+00:00","dateModified":"2023-07-17T12:04:53+00:00","mainEntityOfPage":{"@id":"https:\/\/www.notibras.com\/site\/combate-a-evasao-de-negros-requer-novas-politicas\/"},"wordCount":706,"publisher":{"@id":"https:\/\/www.notibras.com\/site\/#organization"},"image":{"@id":"https:\/\/www.notibras.com\/site\/combate-a-evasao-de-negros-requer-novas-politicas\/#primaryimage"},"thumbnailUrl":"https:\/\/www.notibras.com\/site\/wp-content\/uploads\/2023\/07\/sem_titulo-2_56.jpg","articleSection":["Quadradinho em Foco"],"inLanguage":"pt-BR"},{"@type":"WebPage","@id":"https:\/\/www.notibras.com\/site\/combate-a-evasao-de-negros-requer-novas-politicas\/","url":"https:\/\/www.notibras.com\/site\/combate-a-evasao-de-negros-requer-novas-politicas\/","name":"Combate \u00e0 evas\u00e3o de negros requer novas pol\u00edticas - Notibras","isPartOf":{"@id":"https:\/\/www.notibras.com\/site\/#website"},"primaryImageOfPage":{"@id":"https:\/\/www.notibras.com\/site\/combate-a-evasao-de-negros-requer-novas-politicas\/#primaryimage"},"image":{"@id":"https:\/\/www.notibras.com\/site\/combate-a-evasao-de-negros-requer-novas-politicas\/#primaryimage"},"thumbnailUrl":"https:\/\/www.notibras.com\/site\/wp-content\/uploads\/2023\/07\/sem_titulo-2_56.jpg","datePublished":"2023-07-17T03:01:56+00:00","dateModified":"2023-07-17T12:04:53+00:00","breadcrumb":{"@id":"https:\/\/www.notibras.com\/site\/combate-a-evasao-de-negros-requer-novas-politicas\/#breadcrumb"},"inLanguage":"pt-BR","potentialAction":[{"@type":"ReadAction","target":["https:\/\/www.notibras.com\/site\/combate-a-evasao-de-negros-requer-novas-politicas\/"]}]},{"@type":"ImageObject","inLanguage":"pt-BR","@id":"https:\/\/www.notibras.com\/site\/combate-a-evasao-de-negros-requer-novas-politicas\/#primaryimage","url":"https:\/\/www.notibras.com\/site\/wp-content\/uploads\/2023\/07\/sem_titulo-2_56.jpg","contentUrl":"https:\/\/www.notibras.com\/site\/wp-content\/uploads\/2023\/07\/sem_titulo-2_56.jpg","width":1170,"height":700,"caption":"Rio de Janeiro (RJ), 15\/07\/2023 - A oficial de Projetos da Oxfam Brasil, B\u00e1rbara Barboza, no Festival Latinidades, no Museu da Amanh\u00e3, regi\u00e3o portu\u00e1ria do Rio. Foto:T\u00e2nia R\u00eago\/Ag\u00eancia Brasil"},{"@type":"BreadcrumbList","@id":"https:\/\/www.notibras.com\/site\/combate-a-evasao-de-negros-requer-novas-politicas\/#breadcrumb","itemListElement":[{"@type":"ListItem","position":1,"name":"In\u00edcio","item":"https:\/\/www.notibras.com\/site\/"},{"@type":"ListItem","position":2,"name":"Combate \u00e0 evas\u00e3o de negros requer novas pol\u00edticas"}]},{"@type":"WebSite","@id":"https:\/\/www.notibras.com\/site\/#website","url":"https:\/\/www.notibras.com\/site\/","name":"Notibras","description":"Not\u00edcias de Bras\u00edlia, do Brasil e do Mundo","publisher":{"@id":"https:\/\/www.notibras.com\/site\/#organization"},"potentialAction":[{"@type":"SearchAction","target":{"@type":"EntryPoint","urlTemplate":"https:\/\/www.notibras.com\/site\/?s={search_term_string}"},"query-input":{"@type":"PropertyValueSpecification","valueRequired":true,"valueName":"search_term_string"}}],"inLanguage":"pt-BR"},{"@type":"Organization","@id":"https:\/\/www.notibras.com\/site\/#organization","name":"Grupo Notibras de Comunica\u00e7\u00e3o","url":"https:\/\/www.notibras.com\/site\/","logo":{"@type":"ImageObject","inLanguage":"pt-BR","@id":"https:\/\/www.notibras.com\/site\/#\/schema\/logo\/image\/","url":"https:\/\/www.notibras.com\/site\/wp-content\/uploads\/2023\/01\/notibras23.png","contentUrl":"https:\/\/www.notibras.com\/site\/wp-content\/uploads\/2023\/01\/notibras23.png","width":350,"height":87,"caption":"Grupo Notibras de Comunica\u00e7\u00e3o"},"image":{"@id":"https:\/\/www.notibras.com\/site\/#\/schema\/logo\/image\/"},"sameAs":["https:\/\/www.facebook.com\/notibras\/","https:\/\/x.com\/Notibras","https:\/\/www.instagram.com\/notibras\/"]},{"@type":"Person","@id":"https:\/\/www.notibras.com\/site\/#\/schema\/person\/36ab0979449956132d3e5b517ea76ac8","name":"Reda\u00e7\u00e3o","image":{"@type":"ImageObject","inLanguage":"pt-BR","@id":"https:\/\/secure.gravatar.com\/avatar\/e0a867bdedb85fd243eadf09663511f96fc81e0720a4a42581f334ad4303aa6b?s=96&d=mm&r=g","url":"https:\/\/secure.gravatar.com\/avatar\/e0a867bdedb85fd243eadf09663511f96fc81e0720a4a42581f334ad4303aa6b?s=96&d=mm&r=g","contentUrl":"https:\/\/secure.gravatar.com\/avatar\/e0a867bdedb85fd243eadf09663511f96fc81e0720a4a42581f334ad4303aa6b?s=96&d=mm&r=g","caption":"Reda\u00e7\u00e3o"}}]}},"amp_enabled":true,"_links":{"self":[{"href":"https:\/\/www.notibras.com\/site\/wp-json\/wp\/v2\/posts\/309024","targetHints":{"allow":["GET"]}}],"collection":[{"href":"https:\/\/www.notibras.com\/site\/wp-json\/wp\/v2\/posts"}],"about":[{"href":"https:\/\/www.notibras.com\/site\/wp-json\/wp\/v2\/types\/post"}],"author":[{"embeddable":true,"href":"https:\/\/www.notibras.com\/site\/wp-json\/wp\/v2\/users\/2"}],"replies":[{"embeddable":true,"href":"https:\/\/www.notibras.com\/site\/wp-json\/wp\/v2\/comments?post=309024"}],"version-history":[{"count":1,"href":"https:\/\/www.notibras.com\/site\/wp-json\/wp\/v2\/posts\/309024\/revisions"}],"predecessor-version":[{"id":309026,"href":"https:\/\/www.notibras.com\/site\/wp-json\/wp\/v2\/posts\/309024\/revisions\/309026"}],"wp:featuredmedia":[{"embeddable":true,"href":"https:\/\/www.notibras.com\/site\/wp-json\/wp\/v2\/media\/309025"}],"wp:attachment":[{"href":"https:\/\/www.notibras.com\/site\/wp-json\/wp\/v2\/media?parent=309024"}],"wp:term":[{"taxonomy":"category","embeddable":true,"href":"https:\/\/www.notibras.com\/site\/wp-json\/wp\/v2\/categories?post=309024"},{"taxonomy":"post_tag","embeddable":true,"href":"https:\/\/www.notibras.com\/site\/wp-json\/wp\/v2\/tags?post=309024"}],"curies":[{"name":"wp","href":"https:\/\/api.w.org\/{rel}","templated":true}]}}