{"id":309027,"date":"2023-07-17T00:07:24","date_gmt":"2023-07-17T03:07:24","guid":{"rendered":"https:\/\/www.notibras.com\/site\/?p=309027"},"modified":"2023-07-17T09:09:33","modified_gmt":"2023-07-17T12:09:33","slug":"seguranca-de-crianca-que-usa-internet-vem-com-dialogo","status":"publish","type":"post","link":"https:\/\/www.notibras.com\/site\/seguranca-de-crianca-que-usa-internet-vem-com-dialogo\/","title":{"rendered":"Seguran\u00e7a de crian\u00e7a que usa internet vem com di\u00e1logo"},"content":{"rendered":"<p>Com os desdobramentos da Opera\u00e7\u00e3o Dark Room \u2013 que prendeu acusados de utilizar o aplicativo Discord para a pr\u00e1tica de crimes relacionados a viol\u00eancia sexual e psicol\u00f3gica, como estupro e est\u00edmulo \u00e0 automutila\u00e7\u00e3o e ao suic\u00eddio \u2013, a quest\u00e3o da seguran\u00e7a de crian\u00e7as e adolescente na internet voltou a ganhar destaque.<\/p>\n<p>Segundo a psic\u00f3loga e diretora da Organiza\u00e7\u00e3o n\u00e3o Governamental (ONG) Safernet, Juliana Cunha, \u00e9 um grande desafio para as fam\u00edlias mediar a rela\u00e7\u00e3o dos filhos com a tecnologia. Ela pondera que alguns pais preferem ter mais controle com algum programa que monitore a navega\u00e7\u00e3o dos filhos pela internet. \u201cAs pr\u00f3prias redes sociais oferecem ferramentas de controle parental\u201d, lembra.<\/p>\n<p>\u201cOutros pais adotam a abordagem de dar mais autonomia e liberdade para os filhos para construir confian\u00e7a. Esses pais adotam o di\u00e1logo o que tamb\u00e9m \u00e9 importante. Mas n\u00e3o adianta a gente usar as ferramentas de controle e n\u00e3o ter o di\u00e1logo, e tamb\u00e9m deixar s\u00f3 no di\u00e1logo e n\u00e3o ter algum tipo de acompanhamento dos filhos na internet\u201d, diz Juliana.<\/p>\n<p>Para a psic\u00f3loga, o di\u00e1logo \u00e9 fundamental para preparar as crian\u00e7as a responder aos riscos. \u201cAs fam\u00edlias tamb\u00e9m precisam conversar sobre sexualidade. \u00c9 importante entender que a adolesc\u00eancia \u00e9 o momento de florescimento da sexualidade. Os pais precisam lidar com isso e muitas vezes n\u00e3o est\u00e3o preparados para ver os filhos crescerem. \u00c9 um grande obst\u00e1culo os filhos terem medo de conversar com os pais por temerem ser punidos com a retirada do celular\u201d.<\/p>\n<p>A diretora da Safernet destaca que a escola pode ser uma importante aliada para as fam\u00edlias que ficam perdidas nesse trabalho de media\u00e7\u00e3o parental dos filhos com a internet e pode ser esse espa\u00e7o de conscientizar as fam\u00edlias para os problemas.<\/p>\n<p>O delegado respons\u00e1vel pela Opera\u00e7\u00e3o Dark Room no Rio, Luiz Henrique Marques, titular da Delegacia da Crian\u00e7a e Adolescente V\u00edtima, ressalta que os pais precisam observar eventual mudan\u00e7a de comportamento, porque os filhos podem ser v\u00edtimas mas tamb\u00e9m abusadores.<\/p>\n<p>\u201cO quarto do seu filho \u00e9 um ambiente com portas abertas para o mundo. Dali, com a internet, voc\u00ea tem acesso a tudo de bom que a internet trouxe, mas a tudo de ruim que tamb\u00e9m se apresenta ali. A investiga\u00e7\u00e3o mostrou que os menores de idade n\u00e3o podem ter acesso livre \u00e0 internet, t\u00eam que ser monitorados. Tamb\u00e9m \u00e9 preciso conversar muito com seus filhos\u201d, diz o delegado.<\/p>\n<p>Ele destaca que, na Opera\u00e7\u00e3o Dark Room, abusadores e v\u00edtimas t\u00eam 15 e 16 anos e que a maioria dos pais n\u00e3o sabia que seu filho era abusador ou v\u00edtima.<\/p>\n","protected":false},"excerpt":{"rendered":"<p>Com os desdobramentos da Opera\u00e7\u00e3o Dark Room \u2013 que prendeu acusados de utilizar o aplicativo Discord para a pr\u00e1tica de crimes relacionados a viol\u00eancia sexual e psicol\u00f3gica, como estupro e est\u00edmulo \u00e0 automutila\u00e7\u00e3o e ao suic\u00eddio \u2013, a quest\u00e3o da seguran\u00e7a de crian\u00e7as e adolescente na internet voltou a ganhar destaque. Segundo a psic\u00f3loga e [&hellip;]<\/p>\n","protected":false},"author":2,"featured_media":309028,"comment_status":"closed","ping_status":"closed","sticky":false,"template":"","format":"standard","meta":{"_acf_changed":false,"footnotes":""},"categories":[161],"tags":[],"class_list":["post-309027","post","type-post","status-publish","format-standard","has-post-thumbnail","hentry","category-quadradinho-em-foco"],"acf":[],"yoast_head":"<!-- This site is optimized with the Yoast SEO plugin v27.2 - https:\/\/yoast.com\/product\/yoast-seo-wordpress\/ -->\n<title>Seguran\u00e7a de crian\u00e7a que usa internet vem com di\u00e1logo - Notibras<\/title>\n<meta name=\"robots\" content=\"index, follow, max-snippet:-1, max-image-preview:large, max-video-preview:-1\" \/>\n<link rel=\"canonical\" href=\"https:\/\/www.notibras.com\/site\/seguranca-de-crianca-que-usa-internet-vem-com-dialogo\/\" \/>\n<meta property=\"og:locale\" content=\"pt_BR\" \/>\n<meta property=\"og:type\" content=\"article\" \/>\n<meta property=\"og:title\" content=\"Seguran\u00e7a de crian\u00e7a que usa internet vem com di\u00e1logo - Notibras\" \/>\n<meta property=\"og:description\" content=\"Com os desdobramentos da Opera\u00e7\u00e3o Dark Room \u2013 que prendeu acusados de utilizar o aplicativo Discord para a pr\u00e1tica de crimes relacionados a viol\u00eancia sexual e psicol\u00f3gica, como estupro e est\u00edmulo \u00e0 automutila\u00e7\u00e3o e ao suic\u00eddio \u2013, a quest\u00e3o da seguran\u00e7a de crian\u00e7as e adolescente na internet voltou a ganhar destaque. Segundo a psic\u00f3loga e [&hellip;]\" \/>\n<meta property=\"og:url\" content=\"https:\/\/www.notibras.com\/site\/seguranca-de-crianca-que-usa-internet-vem-com-dialogo\/\" \/>\n<meta property=\"og:site_name\" content=\"Notibras\" \/>\n<meta property=\"article:publisher\" content=\"https:\/\/www.facebook.com\/notibras\/\" \/>\n<meta property=\"article:published_time\" content=\"2023-07-17T03:07:24+00:00\" \/>\n<meta property=\"article:modified_time\" content=\"2023-07-17T12:09:33+00:00\" \/>\n<meta property=\"og:image\" content=\"https:\/\/www.notibras.com\/site\/wp-content\/uploads\/2023\/07\/180515_-_jovem_celular_0829-1.jpg\" \/>\n\t<meta property=\"og:image:width\" content=\"1170\" \/>\n\t<meta property=\"og:image:height\" content=\"700\" \/>\n\t<meta property=\"og:image:type\" content=\"image\/jpeg\" \/>\n<meta name=\"author\" content=\"Reda\u00e7\u00e3o\" \/>\n<meta name=\"twitter:card\" content=\"summary_large_image\" \/>\n<meta name=\"twitter:creator\" content=\"@Notibras\" \/>\n<meta name=\"twitter:site\" content=\"@Notibras\" \/>\n<meta name=\"twitter:label1\" content=\"Escrito por\" \/>\n\t<meta name=\"twitter:data1\" content=\"Reda\u00e7\u00e3o\" \/>\n\t<meta name=\"twitter:label2\" content=\"Est. tempo de leitura\" \/>\n\t<meta name=\"twitter:data2\" content=\"3 minutos\" \/>\n<script type=\"application\/ld+json\" class=\"yoast-schema-graph\">{\"@context\":\"https:\/\/schema.org\",\"@graph\":[{\"@type\":\"Article\",\"@id\":\"https:\/\/www.notibras.com\/site\/seguranca-de-crianca-que-usa-internet-vem-com-dialogo\/#article\",\"isPartOf\":{\"@id\":\"https:\/\/www.notibras.com\/site\/seguranca-de-crianca-que-usa-internet-vem-com-dialogo\/\"},\"author\":{\"name\":\"Reda\u00e7\u00e3o\",\"@id\":\"https:\/\/www.notibras.com\/site\/#\/schema\/person\/36ab0979449956132d3e5b517ea76ac8\"},\"headline\":\"Seguran\u00e7a de crian\u00e7a que usa internet vem com di\u00e1logo\",\"datePublished\":\"2023-07-17T03:07:24+00:00\",\"dateModified\":\"2023-07-17T12:09:33+00:00\",\"mainEntityOfPage\":{\"@id\":\"https:\/\/www.notibras.com\/site\/seguranca-de-crianca-que-usa-internet-vem-com-dialogo\/\"},\"wordCount\":477,\"publisher\":{\"@id\":\"https:\/\/www.notibras.com\/site\/#organization\"},\"image\":{\"@id\":\"https:\/\/www.notibras.com\/site\/seguranca-de-crianca-que-usa-internet-vem-com-dialogo\/#primaryimage\"},\"thumbnailUrl\":\"https:\/\/www.notibras.com\/site\/wp-content\/uploads\/2023\/07\/180515_-_jovem_celular_0829-1.jpg\",\"articleSection\":[\"Quadradinho em Foco\"],\"inLanguage\":\"pt-BR\"},{\"@type\":\"WebPage\",\"@id\":\"https:\/\/www.notibras.com\/site\/seguranca-de-crianca-que-usa-internet-vem-com-dialogo\/\",\"url\":\"https:\/\/www.notibras.com\/site\/seguranca-de-crianca-que-usa-internet-vem-com-dialogo\/\",\"name\":\"Seguran\u00e7a de crian\u00e7a que usa internet vem com di\u00e1logo - Notibras\",\"isPartOf\":{\"@id\":\"https:\/\/www.notibras.com\/site\/#website\"},\"primaryImageOfPage\":{\"@id\":\"https:\/\/www.notibras.com\/site\/seguranca-de-crianca-que-usa-internet-vem-com-dialogo\/#primaryimage\"},\"image\":{\"@id\":\"https:\/\/www.notibras.com\/site\/seguranca-de-crianca-que-usa-internet-vem-com-dialogo\/#primaryimage\"},\"thumbnailUrl\":\"https:\/\/www.notibras.com\/site\/wp-content\/uploads\/2023\/07\/180515_-_jovem_celular_0829-1.jpg\",\"datePublished\":\"2023-07-17T03:07:24+00:00\",\"dateModified\":\"2023-07-17T12:09:33+00:00\",\"breadcrumb\":{\"@id\":\"https:\/\/www.notibras.com\/site\/seguranca-de-crianca-que-usa-internet-vem-com-dialogo\/#breadcrumb\"},\"inLanguage\":\"pt-BR\",\"potentialAction\":[{\"@type\":\"ReadAction\",\"target\":[\"https:\/\/www.notibras.com\/site\/seguranca-de-crianca-que-usa-internet-vem-com-dialogo\/\"]}]},{\"@type\":\"ImageObject\",\"inLanguage\":\"pt-BR\",\"@id\":\"https:\/\/www.notibras.com\/site\/seguranca-de-crianca-que-usa-internet-vem-com-dialogo\/#primaryimage\",\"url\":\"https:\/\/www.notibras.com\/site\/wp-content\/uploads\/2023\/07\/180515_-_jovem_celular_0829-1.jpg\",\"contentUrl\":\"https:\/\/www.notibras.com\/site\/wp-content\/uploads\/2023\/07\/180515_-_jovem_celular_0829-1.jpg\",\"width\":1170,\"height\":700,\"caption\":\"Com o aumento do uso da internet por adolescentes o compartilhamento de fotos \u00edntimas se tornou um perigo para muitos jovens que n\u00e3o medem os riscos dessa exposi\u00e7\u00e3o\"},{\"@type\":\"BreadcrumbList\",\"@id\":\"https:\/\/www.notibras.com\/site\/seguranca-de-crianca-que-usa-internet-vem-com-dialogo\/#breadcrumb\",\"itemListElement\":[{\"@type\":\"ListItem\",\"position\":1,\"name\":\"In\u00edcio\",\"item\":\"https:\/\/www.notibras.com\/site\/\"},{\"@type\":\"ListItem\",\"position\":2,\"name\":\"Seguran\u00e7a de crian\u00e7a que usa internet vem com di\u00e1logo\"}]},{\"@type\":\"WebSite\",\"@id\":\"https:\/\/www.notibras.com\/site\/#website\",\"url\":\"https:\/\/www.notibras.com\/site\/\",\"name\":\"Notibras\",\"description\":\"Not\u00edcias de Bras\u00edlia, do Brasil e do Mundo\",\"publisher\":{\"@id\":\"https:\/\/www.notibras.com\/site\/#organization\"},\"potentialAction\":[{\"@type\":\"SearchAction\",\"target\":{\"@type\":\"EntryPoint\",\"urlTemplate\":\"https:\/\/www.notibras.com\/site\/?s={search_term_string}\"},\"query-input\":{\"@type\":\"PropertyValueSpecification\",\"valueRequired\":true,\"valueName\":\"search_term_string\"}}],\"inLanguage\":\"pt-BR\"},{\"@type\":\"Organization\",\"@id\":\"https:\/\/www.notibras.com\/site\/#organization\",\"name\":\"Grupo Notibras de Comunica\u00e7\u00e3o\",\"url\":\"https:\/\/www.notibras.com\/site\/\",\"logo\":{\"@type\":\"ImageObject\",\"inLanguage\":\"pt-BR\",\"@id\":\"https:\/\/www.notibras.com\/site\/#\/schema\/logo\/image\/\",\"url\":\"https:\/\/www.notibras.com\/site\/wp-content\/uploads\/2023\/01\/notibras23.png\",\"contentUrl\":\"https:\/\/www.notibras.com\/site\/wp-content\/uploads\/2023\/01\/notibras23.png\",\"width\":350,\"height\":87,\"caption\":\"Grupo Notibras de Comunica\u00e7\u00e3o\"},\"image\":{\"@id\":\"https:\/\/www.notibras.com\/site\/#\/schema\/logo\/image\/\"},\"sameAs\":[\"https:\/\/www.facebook.com\/notibras\/\",\"https:\/\/x.com\/Notibras\",\"https:\/\/www.instagram.com\/notibras\/\"]},{\"@type\":\"Person\",\"@id\":\"https:\/\/www.notibras.com\/site\/#\/schema\/person\/36ab0979449956132d3e5b517ea76ac8\",\"name\":\"Reda\u00e7\u00e3o\",\"image\":{\"@type\":\"ImageObject\",\"inLanguage\":\"pt-BR\",\"@id\":\"https:\/\/secure.gravatar.com\/avatar\/e0a867bdedb85fd243eadf09663511f96fc81e0720a4a42581f334ad4303aa6b?s=96&d=mm&r=g\",\"url\":\"https:\/\/secure.gravatar.com\/avatar\/e0a867bdedb85fd243eadf09663511f96fc81e0720a4a42581f334ad4303aa6b?s=96&d=mm&r=g\",\"contentUrl\":\"https:\/\/secure.gravatar.com\/avatar\/e0a867bdedb85fd243eadf09663511f96fc81e0720a4a42581f334ad4303aa6b?s=96&d=mm&r=g\",\"caption\":\"Reda\u00e7\u00e3o\"}}]}<\/script>\n<!-- \/ Yoast SEO plugin. -->","yoast_head_json":{"title":"Seguran\u00e7a de crian\u00e7a que usa internet vem com di\u00e1logo - Notibras","robots":{"index":"index","follow":"follow","max-snippet":"max-snippet:-1","max-image-preview":"max-image-preview:large","max-video-preview":"max-video-preview:-1"},"canonical":"https:\/\/www.notibras.com\/site\/seguranca-de-crianca-que-usa-internet-vem-com-dialogo\/","og_locale":"pt_BR","og_type":"article","og_title":"Seguran\u00e7a de crian\u00e7a que usa internet vem com di\u00e1logo - Notibras","og_description":"Com os desdobramentos da Opera\u00e7\u00e3o Dark Room \u2013 que prendeu acusados de utilizar o aplicativo Discord para a pr\u00e1tica de crimes relacionados a viol\u00eancia sexual e psicol\u00f3gica, como estupro e est\u00edmulo \u00e0 automutila\u00e7\u00e3o e ao suic\u00eddio \u2013, a quest\u00e3o da seguran\u00e7a de crian\u00e7as e adolescente na internet voltou a ganhar destaque. Segundo a psic\u00f3loga e [&hellip;]","og_url":"https:\/\/www.notibras.com\/site\/seguranca-de-crianca-que-usa-internet-vem-com-dialogo\/","og_site_name":"Notibras","article_publisher":"https:\/\/www.facebook.com\/notibras\/","article_published_time":"2023-07-17T03:07:24+00:00","article_modified_time":"2023-07-17T12:09:33+00:00","og_image":[{"width":1170,"height":700,"url":"https:\/\/www.notibras.com\/site\/wp-content\/uploads\/2023\/07\/180515_-_jovem_celular_0829-1.jpg","type":"image\/jpeg"}],"author":"Reda\u00e7\u00e3o","twitter_card":"summary_large_image","twitter_creator":"@Notibras","twitter_site":"@Notibras","twitter_misc":{"Escrito por":"Reda\u00e7\u00e3o","Est. tempo de leitura":"3 minutos"},"schema":{"@context":"https:\/\/schema.org","@graph":[{"@type":"Article","@id":"https:\/\/www.notibras.com\/site\/seguranca-de-crianca-que-usa-internet-vem-com-dialogo\/#article","isPartOf":{"@id":"https:\/\/www.notibras.com\/site\/seguranca-de-crianca-que-usa-internet-vem-com-dialogo\/"},"author":{"name":"Reda\u00e7\u00e3o","@id":"https:\/\/www.notibras.com\/site\/#\/schema\/person\/36ab0979449956132d3e5b517ea76ac8"},"headline":"Seguran\u00e7a de crian\u00e7a que usa internet vem com di\u00e1logo","datePublished":"2023-07-17T03:07:24+00:00","dateModified":"2023-07-17T12:09:33+00:00","mainEntityOfPage":{"@id":"https:\/\/www.notibras.com\/site\/seguranca-de-crianca-que-usa-internet-vem-com-dialogo\/"},"wordCount":477,"publisher":{"@id":"https:\/\/www.notibras.com\/site\/#organization"},"image":{"@id":"https:\/\/www.notibras.com\/site\/seguranca-de-crianca-que-usa-internet-vem-com-dialogo\/#primaryimage"},"thumbnailUrl":"https:\/\/www.notibras.com\/site\/wp-content\/uploads\/2023\/07\/180515_-_jovem_celular_0829-1.jpg","articleSection":["Quadradinho em Foco"],"inLanguage":"pt-BR"},{"@type":"WebPage","@id":"https:\/\/www.notibras.com\/site\/seguranca-de-crianca-que-usa-internet-vem-com-dialogo\/","url":"https:\/\/www.notibras.com\/site\/seguranca-de-crianca-que-usa-internet-vem-com-dialogo\/","name":"Seguran\u00e7a de crian\u00e7a que usa internet vem com di\u00e1logo - Notibras","isPartOf":{"@id":"https:\/\/www.notibras.com\/site\/#website"},"primaryImageOfPage":{"@id":"https:\/\/www.notibras.com\/site\/seguranca-de-crianca-que-usa-internet-vem-com-dialogo\/#primaryimage"},"image":{"@id":"https:\/\/www.notibras.com\/site\/seguranca-de-crianca-que-usa-internet-vem-com-dialogo\/#primaryimage"},"thumbnailUrl":"https:\/\/www.notibras.com\/site\/wp-content\/uploads\/2023\/07\/180515_-_jovem_celular_0829-1.jpg","datePublished":"2023-07-17T03:07:24+00:00","dateModified":"2023-07-17T12:09:33+00:00","breadcrumb":{"@id":"https:\/\/www.notibras.com\/site\/seguranca-de-crianca-que-usa-internet-vem-com-dialogo\/#breadcrumb"},"inLanguage":"pt-BR","potentialAction":[{"@type":"ReadAction","target":["https:\/\/www.notibras.com\/site\/seguranca-de-crianca-que-usa-internet-vem-com-dialogo\/"]}]},{"@type":"ImageObject","inLanguage":"pt-BR","@id":"https:\/\/www.notibras.com\/site\/seguranca-de-crianca-que-usa-internet-vem-com-dialogo\/#primaryimage","url":"https:\/\/www.notibras.com\/site\/wp-content\/uploads\/2023\/07\/180515_-_jovem_celular_0829-1.jpg","contentUrl":"https:\/\/www.notibras.com\/site\/wp-content\/uploads\/2023\/07\/180515_-_jovem_celular_0829-1.jpg","width":1170,"height":700,"caption":"Com o aumento do uso da internet por adolescentes o compartilhamento de fotos \u00edntimas se tornou um perigo para muitos jovens que n\u00e3o medem os riscos dessa exposi\u00e7\u00e3o"},{"@type":"BreadcrumbList","@id":"https:\/\/www.notibras.com\/site\/seguranca-de-crianca-que-usa-internet-vem-com-dialogo\/#breadcrumb","itemListElement":[{"@type":"ListItem","position":1,"name":"In\u00edcio","item":"https:\/\/www.notibras.com\/site\/"},{"@type":"ListItem","position":2,"name":"Seguran\u00e7a de crian\u00e7a que usa internet vem com di\u00e1logo"}]},{"@type":"WebSite","@id":"https:\/\/www.notibras.com\/site\/#website","url":"https:\/\/www.notibras.com\/site\/","name":"Notibras","description":"Not\u00edcias de Bras\u00edlia, do Brasil e do Mundo","publisher":{"@id":"https:\/\/www.notibras.com\/site\/#organization"},"potentialAction":[{"@type":"SearchAction","target":{"@type":"EntryPoint","urlTemplate":"https:\/\/www.notibras.com\/site\/?s={search_term_string}"},"query-input":{"@type":"PropertyValueSpecification","valueRequired":true,"valueName":"search_term_string"}}],"inLanguage":"pt-BR"},{"@type":"Organization","@id":"https:\/\/www.notibras.com\/site\/#organization","name":"Grupo Notibras de Comunica\u00e7\u00e3o","url":"https:\/\/www.notibras.com\/site\/","logo":{"@type":"ImageObject","inLanguage":"pt-BR","@id":"https:\/\/www.notibras.com\/site\/#\/schema\/logo\/image\/","url":"https:\/\/www.notibras.com\/site\/wp-content\/uploads\/2023\/01\/notibras23.png","contentUrl":"https:\/\/www.notibras.com\/site\/wp-content\/uploads\/2023\/01\/notibras23.png","width":350,"height":87,"caption":"Grupo Notibras de Comunica\u00e7\u00e3o"},"image":{"@id":"https:\/\/www.notibras.com\/site\/#\/schema\/logo\/image\/"},"sameAs":["https:\/\/www.facebook.com\/notibras\/","https:\/\/x.com\/Notibras","https:\/\/www.instagram.com\/notibras\/"]},{"@type":"Person","@id":"https:\/\/www.notibras.com\/site\/#\/schema\/person\/36ab0979449956132d3e5b517ea76ac8","name":"Reda\u00e7\u00e3o","image":{"@type":"ImageObject","inLanguage":"pt-BR","@id":"https:\/\/secure.gravatar.com\/avatar\/e0a867bdedb85fd243eadf09663511f96fc81e0720a4a42581f334ad4303aa6b?s=96&d=mm&r=g","url":"https:\/\/secure.gravatar.com\/avatar\/e0a867bdedb85fd243eadf09663511f96fc81e0720a4a42581f334ad4303aa6b?s=96&d=mm&r=g","contentUrl":"https:\/\/secure.gravatar.com\/avatar\/e0a867bdedb85fd243eadf09663511f96fc81e0720a4a42581f334ad4303aa6b?s=96&d=mm&r=g","caption":"Reda\u00e7\u00e3o"}}]}},"amp_enabled":true,"_links":{"self":[{"href":"https:\/\/www.notibras.com\/site\/wp-json\/wp\/v2\/posts\/309027","targetHints":{"allow":["GET"]}}],"collection":[{"href":"https:\/\/www.notibras.com\/site\/wp-json\/wp\/v2\/posts"}],"about":[{"href":"https:\/\/www.notibras.com\/site\/wp-json\/wp\/v2\/types\/post"}],"author":[{"embeddable":true,"href":"https:\/\/www.notibras.com\/site\/wp-json\/wp\/v2\/users\/2"}],"replies":[{"embeddable":true,"href":"https:\/\/www.notibras.com\/site\/wp-json\/wp\/v2\/comments?post=309027"}],"version-history":[{"count":1,"href":"https:\/\/www.notibras.com\/site\/wp-json\/wp\/v2\/posts\/309027\/revisions"}],"predecessor-version":[{"id":309029,"href":"https:\/\/www.notibras.com\/site\/wp-json\/wp\/v2\/posts\/309027\/revisions\/309029"}],"wp:featuredmedia":[{"embeddable":true,"href":"https:\/\/www.notibras.com\/site\/wp-json\/wp\/v2\/media\/309028"}],"wp:attachment":[{"href":"https:\/\/www.notibras.com\/site\/wp-json\/wp\/v2\/media?parent=309027"}],"wp:term":[{"taxonomy":"category","embeddable":true,"href":"https:\/\/www.notibras.com\/site\/wp-json\/wp\/v2\/categories?post=309027"},{"taxonomy":"post_tag","embeddable":true,"href":"https:\/\/www.notibras.com\/site\/wp-json\/wp\/v2\/tags?post=309027"}],"curies":[{"name":"wp","href":"https:\/\/api.w.org\/{rel}","templated":true}]}}