{"id":309059,"date":"2023-07-18T05:33:25","date_gmt":"2023-07-18T08:33:25","guid":{"rendered":"https:\/\/www.notibras.com\/site\/?p=309059"},"modified":"2023-07-18T05:33:42","modified_gmt":"2023-07-18T08:33:42","slug":"vida-como-nome-se-desdobra-para-ir-em-frente","status":"publish","type":"post","link":"https:\/\/www.notibras.com\/site\/vida-como-nome-se-desdobra-para-ir-em-frente\/","title":{"rendered":"Vida, como nome, se desdobra para ir em frente"},"content":{"rendered":"<p>Nasceu em Recife, na bela Recife. Seus pais olharam para aqueles enormes olhos de jabuticaba e n\u00e3o tiveram d\u00favida: &#8220;Lindinaldo!&#8221; At\u00e9 hoje, ningu\u00e9m descobriu o porqu\u00ea de tal associa\u00e7\u00e3o, mas n\u00e3o se pode discutir certos costumes familiares, seja l\u00e1 eles quais forem. O menino cresceu magrelo como um cabo de vassoura, e foi com ela que come\u00e7ou a dar seus primeiros passos, bem ali na varanda da casa, imitando os cantores que via nos filmes de \u00e9poca. &#8220;Cad\u00ea a vassoura, peste?&#8221;, a m\u00e3e gritava esbaforida, at\u00e9 encontrar o menino soltando a voz agarrado \u00e0 imita\u00e7\u00e3o de microfone.<\/p>\n<p>Aos 21, tentou S\u00e3o Paulo, a gigantesca S\u00e3o Paulo. Ele rodou a metr\u00f3pole com ares de curiosidade, tudo era novo, tudo era aprendizado. Aquele mundo t\u00e3o m\u00faltiplo contrastava com os tempos vividos na sua cidade. Agora, aquele rapaz possu\u00eda a liberdade de ser ele mesmo, mas a timidez, talvez, n\u00e3o o tivesse abandonado por completo. Mesmo assim, rodou o mundo em Sampa, conheceu cada beco, in\u00fameras esquinas, t\u00e3o diversas. Trabalhou, trabalhou, trabalhou. A voz, quase muda, arriscava uma nota ou outra na hora do banho. Tentava resgatar as doces lembran\u00e7as da inf\u00e2ncia, quando bastava surrupiar a vassoura da m\u00e3e para se rebelar por completo. Faltava algo!<\/p>\n<p>Chegou ao Rio tr\u00eas anos ap\u00f3s. Logo revisitou o mar, que havia abandonado quando sa\u00edra da cidade natal. Ali, diante da praia de Copacabana, mudou seu nome: Lindynaldo! Passou por alguns empregos, onde sempre se destacava por sua rigidez profissional. Os colegas o taxavam de s\u00e9rio; ali\u00e1s, muito s\u00e9rio. Todavia, bastava colocar os p\u00e9s fora do escrit\u00f3rio, que algo o tornava t\u00e3o doce, que todos se aproximavam dele.<\/p>\n<p>Diante da praia de Copacabana, a liberdade que sentiu fez a sua voz fluir com a maresia. Deixou suas coisas com o galego de olhos azuis ao lado e foi dar um mergulho nas ondas. Voltou renovado, certo de que algo iria mudar em sua vida.<\/p>\n<p>Arriscou, certa noite, diante de uma m\u00e1quina de karaok\u00ea. Inicialmente, o som saiu muito t\u00edmido, quase n\u00e3o chamando a aten\u00e7\u00e3o das poucas pessoas presentes, espalhadas pelas mesas. J\u00e1 na segunda frase, pensou em desistir, at\u00e9 que seus enormes olhos negros se cruzaram com os mesmos olhos azuis da praia, agora sentado quase ao fundo, que lhe sorriu. Isso foi mais do que o suficiente para que ele resgatasse aquele ladr\u00e3ozinho de vassoura e soltar a voz como nunca havia feito. Naquele local improv\u00e1vel, nasceu o artista, o cantor. Divisor de \u00e1guas, divisor de nome: Lindy Naldo.<\/p>\n<p>O Lindynaldo ainda mora no Rio de Janeiro, ali em Copacabana. Ele continua trabalhando no escrit\u00f3rio, onde todos continuam reclamando da sua rigidez. Seus colegas o chamam de Naldo, mas, ao transpor a porta do escrit\u00f3rio, ele se transforma no Lindy Naldo. E assim \u00e9 a vida desse artista da noite carioca, que, como tantos outros, precisa se desdobrar em dois para continuar fazendo a alegria dos seus f\u00e3s.<\/p>\n","protected":false},"excerpt":{"rendered":"<p>Nasceu em Recife, na bela Recife. Seus pais olharam para aqueles enormes olhos de jabuticaba e n\u00e3o tiveram d\u00favida: &#8220;Lindinaldo!&#8221; At\u00e9 hoje, ningu\u00e9m descobriu o porqu\u00ea de tal associa\u00e7\u00e3o, mas n\u00e3o se pode discutir certos costumes familiares, seja l\u00e1 eles quais forem. O menino cresceu magrelo como um cabo de vassoura, e foi com ela [&hellip;]<\/p>\n","protected":false},"author":2,"featured_media":309060,"comment_status":"closed","ping_status":"closed","sticky":false,"template":"","format":"standard","meta":{"_acf_changed":false,"footnotes":""},"categories":[161],"tags":[],"class_list":["post-309059","post","type-post","status-publish","format-standard","has-post-thumbnail","hentry","category-quadradinho-em-foco"],"acf":[],"yoast_head":"<!-- This site is optimized with the Yoast SEO plugin v27.2 - https:\/\/yoast.com\/product\/yoast-seo-wordpress\/ -->\n<title>Vida, como nome, se desdobra para ir em frente - Notibras<\/title>\n<meta name=\"robots\" content=\"index, follow, max-snippet:-1, max-image-preview:large, max-video-preview:-1\" \/>\n<link rel=\"canonical\" href=\"https:\/\/www.notibras.com\/site\/vida-como-nome-se-desdobra-para-ir-em-frente\/\" \/>\n<meta property=\"og:locale\" content=\"pt_BR\" \/>\n<meta property=\"og:type\" content=\"article\" \/>\n<meta property=\"og:title\" content=\"Vida, como nome, se desdobra para ir em frente - Notibras\" \/>\n<meta property=\"og:description\" content=\"Nasceu em Recife, na bela Recife. Seus pais olharam para aqueles enormes olhos de jabuticaba e n\u00e3o tiveram d\u00favida: &#8220;Lindinaldo!&#8221; At\u00e9 hoje, ningu\u00e9m descobriu o porqu\u00ea de tal associa\u00e7\u00e3o, mas n\u00e3o se pode discutir certos costumes familiares, seja l\u00e1 eles quais forem. O menino cresceu magrelo como um cabo de vassoura, e foi com ela [&hellip;]\" \/>\n<meta property=\"og:url\" content=\"https:\/\/www.notibras.com\/site\/vida-como-nome-se-desdobra-para-ir-em-frente\/\" \/>\n<meta property=\"og:site_name\" content=\"Notibras\" \/>\n<meta property=\"article:publisher\" content=\"https:\/\/www.facebook.com\/notibras\/\" \/>\n<meta property=\"article:published_time\" content=\"2023-07-18T08:33:25+00:00\" \/>\n<meta property=\"article:modified_time\" content=\"2023-07-18T08:33:42+00:00\" \/>\n<meta property=\"og:image\" content=\"https:\/\/www.notibras.com\/site\/wp-content\/uploads\/2023\/07\/97a6cab8-342f-4682-8749-053d6ce03e62.jpg\" \/>\n\t<meta property=\"og:image:width\" content=\"1024\" \/>\n\t<meta property=\"og:image:height\" content=\"768\" \/>\n\t<meta property=\"og:image:type\" content=\"image\/jpeg\" \/>\n<meta name=\"author\" content=\"Reda\u00e7\u00e3o\" \/>\n<meta name=\"twitter:card\" content=\"summary_large_image\" \/>\n<meta name=\"twitter:creator\" content=\"@Notibras\" \/>\n<meta name=\"twitter:site\" content=\"@Notibras\" \/>\n<meta name=\"twitter:label1\" content=\"Escrito por\" \/>\n\t<meta name=\"twitter:data1\" content=\"Reda\u00e7\u00e3o\" \/>\n\t<meta name=\"twitter:label2\" content=\"Est. tempo de leitura\" \/>\n\t<meta name=\"twitter:data2\" content=\"3 minutos\" \/>\n<script type=\"application\/ld+json\" class=\"yoast-schema-graph\">{\"@context\":\"https:\/\/schema.org\",\"@graph\":[{\"@type\":\"Article\",\"@id\":\"https:\/\/www.notibras.com\/site\/vida-como-nome-se-desdobra-para-ir-em-frente\/#article\",\"isPartOf\":{\"@id\":\"https:\/\/www.notibras.com\/site\/vida-como-nome-se-desdobra-para-ir-em-frente\/\"},\"author\":{\"name\":\"Reda\u00e7\u00e3o\",\"@id\":\"https:\/\/www.notibras.com\/site\/#\/schema\/person\/36ab0979449956132d3e5b517ea76ac8\"},\"headline\":\"Vida, como nome, se desdobra para ir em frente\",\"datePublished\":\"2023-07-18T08:33:25+00:00\",\"dateModified\":\"2023-07-18T08:33:42+00:00\",\"mainEntityOfPage\":{\"@id\":\"https:\/\/www.notibras.com\/site\/vida-como-nome-se-desdobra-para-ir-em-frente\/\"},\"wordCount\":526,\"publisher\":{\"@id\":\"https:\/\/www.notibras.com\/site\/#organization\"},\"image\":{\"@id\":\"https:\/\/www.notibras.com\/site\/vida-como-nome-se-desdobra-para-ir-em-frente\/#primaryimage\"},\"thumbnailUrl\":\"https:\/\/www.notibras.com\/site\/wp-content\/uploads\/2023\/07\/97a6cab8-342f-4682-8749-053d6ce03e62.jpg\",\"articleSection\":[\"Quadradinho em Foco\"],\"inLanguage\":\"pt-BR\"},{\"@type\":\"WebPage\",\"@id\":\"https:\/\/www.notibras.com\/site\/vida-como-nome-se-desdobra-para-ir-em-frente\/\",\"url\":\"https:\/\/www.notibras.com\/site\/vida-como-nome-se-desdobra-para-ir-em-frente\/\",\"name\":\"Vida, como nome, se desdobra para ir em frente - Notibras\",\"isPartOf\":{\"@id\":\"https:\/\/www.notibras.com\/site\/#website\"},\"primaryImageOfPage\":{\"@id\":\"https:\/\/www.notibras.com\/site\/vida-como-nome-se-desdobra-para-ir-em-frente\/#primaryimage\"},\"image\":{\"@id\":\"https:\/\/www.notibras.com\/site\/vida-como-nome-se-desdobra-para-ir-em-frente\/#primaryimage\"},\"thumbnailUrl\":\"https:\/\/www.notibras.com\/site\/wp-content\/uploads\/2023\/07\/97a6cab8-342f-4682-8749-053d6ce03e62.jpg\",\"datePublished\":\"2023-07-18T08:33:25+00:00\",\"dateModified\":\"2023-07-18T08:33:42+00:00\",\"breadcrumb\":{\"@id\":\"https:\/\/www.notibras.com\/site\/vida-como-nome-se-desdobra-para-ir-em-frente\/#breadcrumb\"},\"inLanguage\":\"pt-BR\",\"potentialAction\":[{\"@type\":\"ReadAction\",\"target\":[\"https:\/\/www.notibras.com\/site\/vida-como-nome-se-desdobra-para-ir-em-frente\/\"]}]},{\"@type\":\"ImageObject\",\"inLanguage\":\"pt-BR\",\"@id\":\"https:\/\/www.notibras.com\/site\/vida-como-nome-se-desdobra-para-ir-em-frente\/#primaryimage\",\"url\":\"https:\/\/www.notibras.com\/site\/wp-content\/uploads\/2023\/07\/97a6cab8-342f-4682-8749-053d6ce03e62.jpg\",\"contentUrl\":\"https:\/\/www.notibras.com\/site\/wp-content\/uploads\/2023\/07\/97a6cab8-342f-4682-8749-053d6ce03e62.jpg\",\"width\":1024,\"height\":768},{\"@type\":\"BreadcrumbList\",\"@id\":\"https:\/\/www.notibras.com\/site\/vida-como-nome-se-desdobra-para-ir-em-frente\/#breadcrumb\",\"itemListElement\":[{\"@type\":\"ListItem\",\"position\":1,\"name\":\"In\u00edcio\",\"item\":\"https:\/\/www.notibras.com\/site\/\"},{\"@type\":\"ListItem\",\"position\":2,\"name\":\"Vida, como nome, se desdobra para ir em frente\"}]},{\"@type\":\"WebSite\",\"@id\":\"https:\/\/www.notibras.com\/site\/#website\",\"url\":\"https:\/\/www.notibras.com\/site\/\",\"name\":\"Notibras\",\"description\":\"Not\u00edcias de Bras\u00edlia, do Brasil e do Mundo\",\"publisher\":{\"@id\":\"https:\/\/www.notibras.com\/site\/#organization\"},\"potentialAction\":[{\"@type\":\"SearchAction\",\"target\":{\"@type\":\"EntryPoint\",\"urlTemplate\":\"https:\/\/www.notibras.com\/site\/?s={search_term_string}\"},\"query-input\":{\"@type\":\"PropertyValueSpecification\",\"valueRequired\":true,\"valueName\":\"search_term_string\"}}],\"inLanguage\":\"pt-BR\"},{\"@type\":\"Organization\",\"@id\":\"https:\/\/www.notibras.com\/site\/#organization\",\"name\":\"Grupo Notibras de Comunica\u00e7\u00e3o\",\"url\":\"https:\/\/www.notibras.com\/site\/\",\"logo\":{\"@type\":\"ImageObject\",\"inLanguage\":\"pt-BR\",\"@id\":\"https:\/\/www.notibras.com\/site\/#\/schema\/logo\/image\/\",\"url\":\"https:\/\/www.notibras.com\/site\/wp-content\/uploads\/2023\/01\/notibras23.png\",\"contentUrl\":\"https:\/\/www.notibras.com\/site\/wp-content\/uploads\/2023\/01\/notibras23.png\",\"width\":350,\"height\":87,\"caption\":\"Grupo Notibras de Comunica\u00e7\u00e3o\"},\"image\":{\"@id\":\"https:\/\/www.notibras.com\/site\/#\/schema\/logo\/image\/\"},\"sameAs\":[\"https:\/\/www.facebook.com\/notibras\/\",\"https:\/\/x.com\/Notibras\",\"https:\/\/www.instagram.com\/notibras\/\"]},{\"@type\":\"Person\",\"@id\":\"https:\/\/www.notibras.com\/site\/#\/schema\/person\/36ab0979449956132d3e5b517ea76ac8\",\"name\":\"Reda\u00e7\u00e3o\",\"image\":{\"@type\":\"ImageObject\",\"inLanguage\":\"pt-BR\",\"@id\":\"https:\/\/secure.gravatar.com\/avatar\/e0a867bdedb85fd243eadf09663511f96fc81e0720a4a42581f334ad4303aa6b?s=96&d=mm&r=g\",\"url\":\"https:\/\/secure.gravatar.com\/avatar\/e0a867bdedb85fd243eadf09663511f96fc81e0720a4a42581f334ad4303aa6b?s=96&d=mm&r=g\",\"contentUrl\":\"https:\/\/secure.gravatar.com\/avatar\/e0a867bdedb85fd243eadf09663511f96fc81e0720a4a42581f334ad4303aa6b?s=96&d=mm&r=g\",\"caption\":\"Reda\u00e7\u00e3o\"}}]}<\/script>\n<!-- \/ Yoast SEO plugin. -->","yoast_head_json":{"title":"Vida, como nome, se desdobra para ir em frente - Notibras","robots":{"index":"index","follow":"follow","max-snippet":"max-snippet:-1","max-image-preview":"max-image-preview:large","max-video-preview":"max-video-preview:-1"},"canonical":"https:\/\/www.notibras.com\/site\/vida-como-nome-se-desdobra-para-ir-em-frente\/","og_locale":"pt_BR","og_type":"article","og_title":"Vida, como nome, se desdobra para ir em frente - Notibras","og_description":"Nasceu em Recife, na bela Recife. Seus pais olharam para aqueles enormes olhos de jabuticaba e n\u00e3o tiveram d\u00favida: &#8220;Lindinaldo!&#8221; At\u00e9 hoje, ningu\u00e9m descobriu o porqu\u00ea de tal associa\u00e7\u00e3o, mas n\u00e3o se pode discutir certos costumes familiares, seja l\u00e1 eles quais forem. O menino cresceu magrelo como um cabo de vassoura, e foi com ela [&hellip;]","og_url":"https:\/\/www.notibras.com\/site\/vida-como-nome-se-desdobra-para-ir-em-frente\/","og_site_name":"Notibras","article_publisher":"https:\/\/www.facebook.com\/notibras\/","article_published_time":"2023-07-18T08:33:25+00:00","article_modified_time":"2023-07-18T08:33:42+00:00","og_image":[{"width":1024,"height":768,"url":"https:\/\/www.notibras.com\/site\/wp-content\/uploads\/2023\/07\/97a6cab8-342f-4682-8749-053d6ce03e62.jpg","type":"image\/jpeg"}],"author":"Reda\u00e7\u00e3o","twitter_card":"summary_large_image","twitter_creator":"@Notibras","twitter_site":"@Notibras","twitter_misc":{"Escrito por":"Reda\u00e7\u00e3o","Est. tempo de leitura":"3 minutos"},"schema":{"@context":"https:\/\/schema.org","@graph":[{"@type":"Article","@id":"https:\/\/www.notibras.com\/site\/vida-como-nome-se-desdobra-para-ir-em-frente\/#article","isPartOf":{"@id":"https:\/\/www.notibras.com\/site\/vida-como-nome-se-desdobra-para-ir-em-frente\/"},"author":{"name":"Reda\u00e7\u00e3o","@id":"https:\/\/www.notibras.com\/site\/#\/schema\/person\/36ab0979449956132d3e5b517ea76ac8"},"headline":"Vida, como nome, se desdobra para ir em frente","datePublished":"2023-07-18T08:33:25+00:00","dateModified":"2023-07-18T08:33:42+00:00","mainEntityOfPage":{"@id":"https:\/\/www.notibras.com\/site\/vida-como-nome-se-desdobra-para-ir-em-frente\/"},"wordCount":526,"publisher":{"@id":"https:\/\/www.notibras.com\/site\/#organization"},"image":{"@id":"https:\/\/www.notibras.com\/site\/vida-como-nome-se-desdobra-para-ir-em-frente\/#primaryimage"},"thumbnailUrl":"https:\/\/www.notibras.com\/site\/wp-content\/uploads\/2023\/07\/97a6cab8-342f-4682-8749-053d6ce03e62.jpg","articleSection":["Quadradinho em Foco"],"inLanguage":"pt-BR"},{"@type":"WebPage","@id":"https:\/\/www.notibras.com\/site\/vida-como-nome-se-desdobra-para-ir-em-frente\/","url":"https:\/\/www.notibras.com\/site\/vida-como-nome-se-desdobra-para-ir-em-frente\/","name":"Vida, como nome, se desdobra para ir em frente - Notibras","isPartOf":{"@id":"https:\/\/www.notibras.com\/site\/#website"},"primaryImageOfPage":{"@id":"https:\/\/www.notibras.com\/site\/vida-como-nome-se-desdobra-para-ir-em-frente\/#primaryimage"},"image":{"@id":"https:\/\/www.notibras.com\/site\/vida-como-nome-se-desdobra-para-ir-em-frente\/#primaryimage"},"thumbnailUrl":"https:\/\/www.notibras.com\/site\/wp-content\/uploads\/2023\/07\/97a6cab8-342f-4682-8749-053d6ce03e62.jpg","datePublished":"2023-07-18T08:33:25+00:00","dateModified":"2023-07-18T08:33:42+00:00","breadcrumb":{"@id":"https:\/\/www.notibras.com\/site\/vida-como-nome-se-desdobra-para-ir-em-frente\/#breadcrumb"},"inLanguage":"pt-BR","potentialAction":[{"@type":"ReadAction","target":["https:\/\/www.notibras.com\/site\/vida-como-nome-se-desdobra-para-ir-em-frente\/"]}]},{"@type":"ImageObject","inLanguage":"pt-BR","@id":"https:\/\/www.notibras.com\/site\/vida-como-nome-se-desdobra-para-ir-em-frente\/#primaryimage","url":"https:\/\/www.notibras.com\/site\/wp-content\/uploads\/2023\/07\/97a6cab8-342f-4682-8749-053d6ce03e62.jpg","contentUrl":"https:\/\/www.notibras.com\/site\/wp-content\/uploads\/2023\/07\/97a6cab8-342f-4682-8749-053d6ce03e62.jpg","width":1024,"height":768},{"@type":"BreadcrumbList","@id":"https:\/\/www.notibras.com\/site\/vida-como-nome-se-desdobra-para-ir-em-frente\/#breadcrumb","itemListElement":[{"@type":"ListItem","position":1,"name":"In\u00edcio","item":"https:\/\/www.notibras.com\/site\/"},{"@type":"ListItem","position":2,"name":"Vida, como nome, se desdobra para ir em frente"}]},{"@type":"WebSite","@id":"https:\/\/www.notibras.com\/site\/#website","url":"https:\/\/www.notibras.com\/site\/","name":"Notibras","description":"Not\u00edcias de Bras\u00edlia, do Brasil e do Mundo","publisher":{"@id":"https:\/\/www.notibras.com\/site\/#organization"},"potentialAction":[{"@type":"SearchAction","target":{"@type":"EntryPoint","urlTemplate":"https:\/\/www.notibras.com\/site\/?s={search_term_string}"},"query-input":{"@type":"PropertyValueSpecification","valueRequired":true,"valueName":"search_term_string"}}],"inLanguage":"pt-BR"},{"@type":"Organization","@id":"https:\/\/www.notibras.com\/site\/#organization","name":"Grupo Notibras de Comunica\u00e7\u00e3o","url":"https:\/\/www.notibras.com\/site\/","logo":{"@type":"ImageObject","inLanguage":"pt-BR","@id":"https:\/\/www.notibras.com\/site\/#\/schema\/logo\/image\/","url":"https:\/\/www.notibras.com\/site\/wp-content\/uploads\/2023\/01\/notibras23.png","contentUrl":"https:\/\/www.notibras.com\/site\/wp-content\/uploads\/2023\/01\/notibras23.png","width":350,"height":87,"caption":"Grupo Notibras de Comunica\u00e7\u00e3o"},"image":{"@id":"https:\/\/www.notibras.com\/site\/#\/schema\/logo\/image\/"},"sameAs":["https:\/\/www.facebook.com\/notibras\/","https:\/\/x.com\/Notibras","https:\/\/www.instagram.com\/notibras\/"]},{"@type":"Person","@id":"https:\/\/www.notibras.com\/site\/#\/schema\/person\/36ab0979449956132d3e5b517ea76ac8","name":"Reda\u00e7\u00e3o","image":{"@type":"ImageObject","inLanguage":"pt-BR","@id":"https:\/\/secure.gravatar.com\/avatar\/e0a867bdedb85fd243eadf09663511f96fc81e0720a4a42581f334ad4303aa6b?s=96&d=mm&r=g","url":"https:\/\/secure.gravatar.com\/avatar\/e0a867bdedb85fd243eadf09663511f96fc81e0720a4a42581f334ad4303aa6b?s=96&d=mm&r=g","contentUrl":"https:\/\/secure.gravatar.com\/avatar\/e0a867bdedb85fd243eadf09663511f96fc81e0720a4a42581f334ad4303aa6b?s=96&d=mm&r=g","caption":"Reda\u00e7\u00e3o"}}]}},"amp_enabled":true,"_links":{"self":[{"href":"https:\/\/www.notibras.com\/site\/wp-json\/wp\/v2\/posts\/309059","targetHints":{"allow":["GET"]}}],"collection":[{"href":"https:\/\/www.notibras.com\/site\/wp-json\/wp\/v2\/posts"}],"about":[{"href":"https:\/\/www.notibras.com\/site\/wp-json\/wp\/v2\/types\/post"}],"author":[{"embeddable":true,"href":"https:\/\/www.notibras.com\/site\/wp-json\/wp\/v2\/users\/2"}],"replies":[{"embeddable":true,"href":"https:\/\/www.notibras.com\/site\/wp-json\/wp\/v2\/comments?post=309059"}],"version-history":[{"count":1,"href":"https:\/\/www.notibras.com\/site\/wp-json\/wp\/v2\/posts\/309059\/revisions"}],"predecessor-version":[{"id":309061,"href":"https:\/\/www.notibras.com\/site\/wp-json\/wp\/v2\/posts\/309059\/revisions\/309061"}],"wp:featuredmedia":[{"embeddable":true,"href":"https:\/\/www.notibras.com\/site\/wp-json\/wp\/v2\/media\/309060"}],"wp:attachment":[{"href":"https:\/\/www.notibras.com\/site\/wp-json\/wp\/v2\/media?parent=309059"}],"wp:term":[{"taxonomy":"category","embeddable":true,"href":"https:\/\/www.notibras.com\/site\/wp-json\/wp\/v2\/categories?post=309059"},{"taxonomy":"post_tag","embeddable":true,"href":"https:\/\/www.notibras.com\/site\/wp-json\/wp\/v2\/tags?post=309059"}],"curies":[{"name":"wp","href":"https:\/\/api.w.org\/{rel}","templated":true}]}}