{"id":309062,"date":"2023-07-18T00:35:05","date_gmt":"2023-07-18T03:35:05","guid":{"rendered":"https:\/\/www.notibras.com\/site\/?p=309062"},"modified":"2023-07-18T05:49:10","modified_gmt":"2023-07-18T08:49:10","slug":"mais-tres-pacientes-podem-plantar-cannabis-para-fins-medicinais","status":"publish","type":"post","link":"https:\/\/www.notibras.com\/site\/mais-tres-pacientes-podem-plantar-cannabis-para-fins-medicinais\/","title":{"rendered":"Mais tr\u00eas pacientes podem plantar cannabis para fins medicinais"},"content":{"rendered":"<p>O ministro Og Fernandes, do Superior Tribunal de Justi\u00e7a (STJ), autorizou tr\u00eas pacientes a cultivarem em casa plantas de cannabis (maconha) para fins medicinais. Na decis\u00e3o n\u00e3o constam os\u00a0 nomes dos benefici\u00e1rios, nem suas cidades de origem, embora se saiba que em Bras\u00edlia j\u00e1 foram registrados alguns casos.<\/p>\n<p>Com a liminar, os pacientes ganharam um salvo conduto para evitar eventual pris\u00e3o em flagrante ao portarem a quantidade de cannabis prescrita por um m\u00e9dico.<\/p>\n<p>Ao recorreram \u00e0 Justi\u00e7a, os pacientes afirmaram que t\u00eam problemas de sa\u00fade e necessitam do \u00f3leo extra\u00eddo da planta para tratamento contra dor cr\u00f4nica, d\u00e9ficit de aten\u00e7\u00e3o, transtorno depressivo recorrente, fobia social e ansiedade.<\/p>\n<p>Em outras decis\u00f5es recentes sobre o tema, o STJ decidiu que a Uni\u00e3o e o estado de Pernambuco devem fornecer medicamento \u00e0 base de canabidiol \u00e0 paciente com condi\u00e7\u00e3o espec\u00edfica de sa\u00fade.<\/p>\n","protected":false},"excerpt":{"rendered":"<p>O ministro Og Fernandes, do Superior Tribunal de Justi\u00e7a (STJ), autorizou tr\u00eas pacientes a cultivarem em casa plantas de cannabis (maconha) para fins medicinais. Na decis\u00e3o n\u00e3o constam os\u00a0 nomes dos benefici\u00e1rios, nem suas cidades de origem, embora se saiba que em Bras\u00edlia j\u00e1 foram registrados alguns casos. Com a liminar, os pacientes ganharam um [&hellip;]<\/p>\n","protected":false},"author":2,"featured_media":309063,"comment_status":"closed","ping_status":"closed","sticky":false,"template":"","format":"standard","meta":{"_acf_changed":false,"footnotes":""},"categories":[161],"tags":[95],"class_list":["post-309062","post","type-post","status-publish","format-standard","has-post-thumbnail","hentry","category-quadradinho-em-foco","tag-capa"],"acf":[],"yoast_head":"<!-- This site is optimized with the Yoast SEO plugin v27.2 - https:\/\/yoast.com\/product\/yoast-seo-wordpress\/ -->\n<title>Mais tr\u00eas pacientes podem plantar cannabis para fins medicinais - Notibras<\/title>\n<meta name=\"robots\" content=\"index, follow, max-snippet:-1, max-image-preview:large, max-video-preview:-1\" \/>\n<link rel=\"canonical\" href=\"https:\/\/www.notibras.com\/site\/mais-tres-pacientes-podem-plantar-cannabis-para-fins-medicinais\/\" \/>\n<meta property=\"og:locale\" content=\"pt_BR\" \/>\n<meta property=\"og:type\" content=\"article\" \/>\n<meta property=\"og:title\" content=\"Mais tr\u00eas pacientes podem plantar cannabis para fins medicinais - Notibras\" \/>\n<meta property=\"og:description\" content=\"O ministro Og Fernandes, do Superior Tribunal de Justi\u00e7a (STJ), autorizou tr\u00eas pacientes a cultivarem em casa plantas de cannabis (maconha) para fins medicinais. Na decis\u00e3o n\u00e3o constam os\u00a0 nomes dos benefici\u00e1rios, nem suas cidades de origem, embora se saiba que em Bras\u00edlia j\u00e1 foram registrados alguns casos. Com a liminar, os pacientes ganharam um [&hellip;]\" \/>\n<meta property=\"og:url\" content=\"https:\/\/www.notibras.com\/site\/mais-tres-pacientes-podem-plantar-cannabis-para-fins-medicinais\/\" \/>\n<meta property=\"og:site_name\" content=\"Notibras\" \/>\n<meta property=\"article:publisher\" content=\"https:\/\/www.facebook.com\/notibras\/\" \/>\n<meta property=\"article:published_time\" content=\"2023-07-18T03:35:05+00:00\" \/>\n<meta property=\"article:modified_time\" content=\"2023-07-18T08:49:10+00:00\" \/>\n<meta property=\"og:image\" content=\"https:\/\/www.notibras.com\/site\/wp-content\/uploads\/2023\/07\/cbd-ol-4470099-1.jpg\" \/>\n\t<meta property=\"og:image:width\" content=\"1170\" \/>\n\t<meta property=\"og:image:height\" content=\"700\" \/>\n\t<meta property=\"og:image:type\" content=\"image\/jpeg\" \/>\n<meta name=\"author\" content=\"Reda\u00e7\u00e3o\" \/>\n<meta name=\"twitter:card\" content=\"summary_large_image\" \/>\n<meta name=\"twitter:creator\" content=\"@Notibras\" \/>\n<meta name=\"twitter:site\" content=\"@Notibras\" \/>\n<meta name=\"twitter:label1\" content=\"Escrito por\" \/>\n\t<meta name=\"twitter:data1\" content=\"Reda\u00e7\u00e3o\" \/>\n\t<meta name=\"twitter:label2\" content=\"Est. tempo de leitura\" \/>\n\t<meta name=\"twitter:data2\" content=\"1 minuto\" \/>\n<script type=\"application\/ld+json\" class=\"yoast-schema-graph\">{\"@context\":\"https:\/\/schema.org\",\"@graph\":[{\"@type\":\"Article\",\"@id\":\"https:\/\/www.notibras.com\/site\/mais-tres-pacientes-podem-plantar-cannabis-para-fins-medicinais\/#article\",\"isPartOf\":{\"@id\":\"https:\/\/www.notibras.com\/site\/mais-tres-pacientes-podem-plantar-cannabis-para-fins-medicinais\/\"},\"author\":{\"name\":\"Reda\u00e7\u00e3o\",\"@id\":\"https:\/\/www.notibras.com\/site\/#\/schema\/person\/36ab0979449956132d3e5b517ea76ac8\"},\"headline\":\"Mais tr\u00eas pacientes podem plantar cannabis para fins medicinais\",\"datePublished\":\"2023-07-18T03:35:05+00:00\",\"dateModified\":\"2023-07-18T08:49:10+00:00\",\"mainEntityOfPage\":{\"@id\":\"https:\/\/www.notibras.com\/site\/mais-tres-pacientes-podem-plantar-cannabis-para-fins-medicinais\/\"},\"wordCount\":166,\"publisher\":{\"@id\":\"https:\/\/www.notibras.com\/site\/#organization\"},\"image\":{\"@id\":\"https:\/\/www.notibras.com\/site\/mais-tres-pacientes-podem-plantar-cannabis-para-fins-medicinais\/#primaryimage\"},\"thumbnailUrl\":\"https:\/\/www.notibras.com\/site\/wp-content\/uploads\/2023\/07\/cbd-ol-4470099-1.jpg\",\"keywords\":[\"capa\"],\"articleSection\":[\"Quadradinho em Foco\"],\"inLanguage\":\"pt-BR\"},{\"@type\":\"WebPage\",\"@id\":\"https:\/\/www.notibras.com\/site\/mais-tres-pacientes-podem-plantar-cannabis-para-fins-medicinais\/\",\"url\":\"https:\/\/www.notibras.com\/site\/mais-tres-pacientes-podem-plantar-cannabis-para-fins-medicinais\/\",\"name\":\"Mais tr\u00eas pacientes podem plantar cannabis para fins medicinais - Notibras\",\"isPartOf\":{\"@id\":\"https:\/\/www.notibras.com\/site\/#website\"},\"primaryImageOfPage\":{\"@id\":\"https:\/\/www.notibras.com\/site\/mais-tres-pacientes-podem-plantar-cannabis-para-fins-medicinais\/#primaryimage\"},\"image\":{\"@id\":\"https:\/\/www.notibras.com\/site\/mais-tres-pacientes-podem-plantar-cannabis-para-fins-medicinais\/#primaryimage\"},\"thumbnailUrl\":\"https:\/\/www.notibras.com\/site\/wp-content\/uploads\/2023\/07\/cbd-ol-4470099-1.jpg\",\"datePublished\":\"2023-07-18T03:35:05+00:00\",\"dateModified\":\"2023-07-18T08:49:10+00:00\",\"breadcrumb\":{\"@id\":\"https:\/\/www.notibras.com\/site\/mais-tres-pacientes-podem-plantar-cannabis-para-fins-medicinais\/#breadcrumb\"},\"inLanguage\":\"pt-BR\",\"potentialAction\":[{\"@type\":\"ReadAction\",\"target\":[\"https:\/\/www.notibras.com\/site\/mais-tres-pacientes-podem-plantar-cannabis-para-fins-medicinais\/\"]}]},{\"@type\":\"ImageObject\",\"inLanguage\":\"pt-BR\",\"@id\":\"https:\/\/www.notibras.com\/site\/mais-tres-pacientes-podem-plantar-cannabis-para-fins-medicinais\/#primaryimage\",\"url\":\"https:\/\/www.notibras.com\/site\/wp-content\/uploads\/2023\/07\/cbd-ol-4470099-1.jpg\",\"contentUrl\":\"https:\/\/www.notibras.com\/site\/wp-content\/uploads\/2023\/07\/cbd-ol-4470099-1.jpg\",\"width\":1170,\"height\":700,\"caption\":\"23\/06\/2023 - \u00f3leo de canabis, canabidiol, cbd, thc. Foto: CBD-Infos-com\/ Pixabay\"},{\"@type\":\"BreadcrumbList\",\"@id\":\"https:\/\/www.notibras.com\/site\/mais-tres-pacientes-podem-plantar-cannabis-para-fins-medicinais\/#breadcrumb\",\"itemListElement\":[{\"@type\":\"ListItem\",\"position\":1,\"name\":\"In\u00edcio\",\"item\":\"https:\/\/www.notibras.com\/site\/\"},{\"@type\":\"ListItem\",\"position\":2,\"name\":\"Mais tr\u00eas pacientes podem plantar cannabis para fins medicinais\"}]},{\"@type\":\"WebSite\",\"@id\":\"https:\/\/www.notibras.com\/site\/#website\",\"url\":\"https:\/\/www.notibras.com\/site\/\",\"name\":\"Notibras\",\"description\":\"Not\u00edcias de Bras\u00edlia, do Brasil e do Mundo\",\"publisher\":{\"@id\":\"https:\/\/www.notibras.com\/site\/#organization\"},\"potentialAction\":[{\"@type\":\"SearchAction\",\"target\":{\"@type\":\"EntryPoint\",\"urlTemplate\":\"https:\/\/www.notibras.com\/site\/?s={search_term_string}\"},\"query-input\":{\"@type\":\"PropertyValueSpecification\",\"valueRequired\":true,\"valueName\":\"search_term_string\"}}],\"inLanguage\":\"pt-BR\"},{\"@type\":\"Organization\",\"@id\":\"https:\/\/www.notibras.com\/site\/#organization\",\"name\":\"Grupo Notibras de Comunica\u00e7\u00e3o\",\"url\":\"https:\/\/www.notibras.com\/site\/\",\"logo\":{\"@type\":\"ImageObject\",\"inLanguage\":\"pt-BR\",\"@id\":\"https:\/\/www.notibras.com\/site\/#\/schema\/logo\/image\/\",\"url\":\"https:\/\/www.notibras.com\/site\/wp-content\/uploads\/2023\/01\/notibras23.png\",\"contentUrl\":\"https:\/\/www.notibras.com\/site\/wp-content\/uploads\/2023\/01\/notibras23.png\",\"width\":350,\"height\":87,\"caption\":\"Grupo Notibras de Comunica\u00e7\u00e3o\"},\"image\":{\"@id\":\"https:\/\/www.notibras.com\/site\/#\/schema\/logo\/image\/\"},\"sameAs\":[\"https:\/\/www.facebook.com\/notibras\/\",\"https:\/\/x.com\/Notibras\",\"https:\/\/www.instagram.com\/notibras\/\"]},{\"@type\":\"Person\",\"@id\":\"https:\/\/www.notibras.com\/site\/#\/schema\/person\/36ab0979449956132d3e5b517ea76ac8\",\"name\":\"Reda\u00e7\u00e3o\",\"image\":{\"@type\":\"ImageObject\",\"inLanguage\":\"pt-BR\",\"@id\":\"https:\/\/secure.gravatar.com\/avatar\/e0a867bdedb85fd243eadf09663511f96fc81e0720a4a42581f334ad4303aa6b?s=96&d=mm&r=g\",\"url\":\"https:\/\/secure.gravatar.com\/avatar\/e0a867bdedb85fd243eadf09663511f96fc81e0720a4a42581f334ad4303aa6b?s=96&d=mm&r=g\",\"contentUrl\":\"https:\/\/secure.gravatar.com\/avatar\/e0a867bdedb85fd243eadf09663511f96fc81e0720a4a42581f334ad4303aa6b?s=96&d=mm&r=g\",\"caption\":\"Reda\u00e7\u00e3o\"}}]}<\/script>\n<!-- \/ Yoast SEO plugin. -->","yoast_head_json":{"title":"Mais tr\u00eas pacientes podem plantar cannabis para fins medicinais - Notibras","robots":{"index":"index","follow":"follow","max-snippet":"max-snippet:-1","max-image-preview":"max-image-preview:large","max-video-preview":"max-video-preview:-1"},"canonical":"https:\/\/www.notibras.com\/site\/mais-tres-pacientes-podem-plantar-cannabis-para-fins-medicinais\/","og_locale":"pt_BR","og_type":"article","og_title":"Mais tr\u00eas pacientes podem plantar cannabis para fins medicinais - Notibras","og_description":"O ministro Og Fernandes, do Superior Tribunal de Justi\u00e7a (STJ), autorizou tr\u00eas pacientes a cultivarem em casa plantas de cannabis (maconha) para fins medicinais. Na decis\u00e3o n\u00e3o constam os\u00a0 nomes dos benefici\u00e1rios, nem suas cidades de origem, embora se saiba que em Bras\u00edlia j\u00e1 foram registrados alguns casos. Com a liminar, os pacientes ganharam um [&hellip;]","og_url":"https:\/\/www.notibras.com\/site\/mais-tres-pacientes-podem-plantar-cannabis-para-fins-medicinais\/","og_site_name":"Notibras","article_publisher":"https:\/\/www.facebook.com\/notibras\/","article_published_time":"2023-07-18T03:35:05+00:00","article_modified_time":"2023-07-18T08:49:10+00:00","og_image":[{"width":1170,"height":700,"url":"https:\/\/www.notibras.com\/site\/wp-content\/uploads\/2023\/07\/cbd-ol-4470099-1.jpg","type":"image\/jpeg"}],"author":"Reda\u00e7\u00e3o","twitter_card":"summary_large_image","twitter_creator":"@Notibras","twitter_site":"@Notibras","twitter_misc":{"Escrito por":"Reda\u00e7\u00e3o","Est. tempo de leitura":"1 minuto"},"schema":{"@context":"https:\/\/schema.org","@graph":[{"@type":"Article","@id":"https:\/\/www.notibras.com\/site\/mais-tres-pacientes-podem-plantar-cannabis-para-fins-medicinais\/#article","isPartOf":{"@id":"https:\/\/www.notibras.com\/site\/mais-tres-pacientes-podem-plantar-cannabis-para-fins-medicinais\/"},"author":{"name":"Reda\u00e7\u00e3o","@id":"https:\/\/www.notibras.com\/site\/#\/schema\/person\/36ab0979449956132d3e5b517ea76ac8"},"headline":"Mais tr\u00eas pacientes podem plantar cannabis para fins medicinais","datePublished":"2023-07-18T03:35:05+00:00","dateModified":"2023-07-18T08:49:10+00:00","mainEntityOfPage":{"@id":"https:\/\/www.notibras.com\/site\/mais-tres-pacientes-podem-plantar-cannabis-para-fins-medicinais\/"},"wordCount":166,"publisher":{"@id":"https:\/\/www.notibras.com\/site\/#organization"},"image":{"@id":"https:\/\/www.notibras.com\/site\/mais-tres-pacientes-podem-plantar-cannabis-para-fins-medicinais\/#primaryimage"},"thumbnailUrl":"https:\/\/www.notibras.com\/site\/wp-content\/uploads\/2023\/07\/cbd-ol-4470099-1.jpg","keywords":["capa"],"articleSection":["Quadradinho em Foco"],"inLanguage":"pt-BR"},{"@type":"WebPage","@id":"https:\/\/www.notibras.com\/site\/mais-tres-pacientes-podem-plantar-cannabis-para-fins-medicinais\/","url":"https:\/\/www.notibras.com\/site\/mais-tres-pacientes-podem-plantar-cannabis-para-fins-medicinais\/","name":"Mais tr\u00eas pacientes podem plantar cannabis para fins medicinais - Notibras","isPartOf":{"@id":"https:\/\/www.notibras.com\/site\/#website"},"primaryImageOfPage":{"@id":"https:\/\/www.notibras.com\/site\/mais-tres-pacientes-podem-plantar-cannabis-para-fins-medicinais\/#primaryimage"},"image":{"@id":"https:\/\/www.notibras.com\/site\/mais-tres-pacientes-podem-plantar-cannabis-para-fins-medicinais\/#primaryimage"},"thumbnailUrl":"https:\/\/www.notibras.com\/site\/wp-content\/uploads\/2023\/07\/cbd-ol-4470099-1.jpg","datePublished":"2023-07-18T03:35:05+00:00","dateModified":"2023-07-18T08:49:10+00:00","breadcrumb":{"@id":"https:\/\/www.notibras.com\/site\/mais-tres-pacientes-podem-plantar-cannabis-para-fins-medicinais\/#breadcrumb"},"inLanguage":"pt-BR","potentialAction":[{"@type":"ReadAction","target":["https:\/\/www.notibras.com\/site\/mais-tres-pacientes-podem-plantar-cannabis-para-fins-medicinais\/"]}]},{"@type":"ImageObject","inLanguage":"pt-BR","@id":"https:\/\/www.notibras.com\/site\/mais-tres-pacientes-podem-plantar-cannabis-para-fins-medicinais\/#primaryimage","url":"https:\/\/www.notibras.com\/site\/wp-content\/uploads\/2023\/07\/cbd-ol-4470099-1.jpg","contentUrl":"https:\/\/www.notibras.com\/site\/wp-content\/uploads\/2023\/07\/cbd-ol-4470099-1.jpg","width":1170,"height":700,"caption":"23\/06\/2023 - \u00f3leo de canabis, canabidiol, cbd, thc. Foto: CBD-Infos-com\/ Pixabay"},{"@type":"BreadcrumbList","@id":"https:\/\/www.notibras.com\/site\/mais-tres-pacientes-podem-plantar-cannabis-para-fins-medicinais\/#breadcrumb","itemListElement":[{"@type":"ListItem","position":1,"name":"In\u00edcio","item":"https:\/\/www.notibras.com\/site\/"},{"@type":"ListItem","position":2,"name":"Mais tr\u00eas pacientes podem plantar cannabis para fins medicinais"}]},{"@type":"WebSite","@id":"https:\/\/www.notibras.com\/site\/#website","url":"https:\/\/www.notibras.com\/site\/","name":"Notibras","description":"Not\u00edcias de Bras\u00edlia, do Brasil e do Mundo","publisher":{"@id":"https:\/\/www.notibras.com\/site\/#organization"},"potentialAction":[{"@type":"SearchAction","target":{"@type":"EntryPoint","urlTemplate":"https:\/\/www.notibras.com\/site\/?s={search_term_string}"},"query-input":{"@type":"PropertyValueSpecification","valueRequired":true,"valueName":"search_term_string"}}],"inLanguage":"pt-BR"},{"@type":"Organization","@id":"https:\/\/www.notibras.com\/site\/#organization","name":"Grupo Notibras de Comunica\u00e7\u00e3o","url":"https:\/\/www.notibras.com\/site\/","logo":{"@type":"ImageObject","inLanguage":"pt-BR","@id":"https:\/\/www.notibras.com\/site\/#\/schema\/logo\/image\/","url":"https:\/\/www.notibras.com\/site\/wp-content\/uploads\/2023\/01\/notibras23.png","contentUrl":"https:\/\/www.notibras.com\/site\/wp-content\/uploads\/2023\/01\/notibras23.png","width":350,"height":87,"caption":"Grupo Notibras de Comunica\u00e7\u00e3o"},"image":{"@id":"https:\/\/www.notibras.com\/site\/#\/schema\/logo\/image\/"},"sameAs":["https:\/\/www.facebook.com\/notibras\/","https:\/\/x.com\/Notibras","https:\/\/www.instagram.com\/notibras\/"]},{"@type":"Person","@id":"https:\/\/www.notibras.com\/site\/#\/schema\/person\/36ab0979449956132d3e5b517ea76ac8","name":"Reda\u00e7\u00e3o","image":{"@type":"ImageObject","inLanguage":"pt-BR","@id":"https:\/\/secure.gravatar.com\/avatar\/e0a867bdedb85fd243eadf09663511f96fc81e0720a4a42581f334ad4303aa6b?s=96&d=mm&r=g","url":"https:\/\/secure.gravatar.com\/avatar\/e0a867bdedb85fd243eadf09663511f96fc81e0720a4a42581f334ad4303aa6b?s=96&d=mm&r=g","contentUrl":"https:\/\/secure.gravatar.com\/avatar\/e0a867bdedb85fd243eadf09663511f96fc81e0720a4a42581f334ad4303aa6b?s=96&d=mm&r=g","caption":"Reda\u00e7\u00e3o"}}]}},"amp_enabled":true,"_links":{"self":[{"href":"https:\/\/www.notibras.com\/site\/wp-json\/wp\/v2\/posts\/309062","targetHints":{"allow":["GET"]}}],"collection":[{"href":"https:\/\/www.notibras.com\/site\/wp-json\/wp\/v2\/posts"}],"about":[{"href":"https:\/\/www.notibras.com\/site\/wp-json\/wp\/v2\/types\/post"}],"author":[{"embeddable":true,"href":"https:\/\/www.notibras.com\/site\/wp-json\/wp\/v2\/users\/2"}],"replies":[{"embeddable":true,"href":"https:\/\/www.notibras.com\/site\/wp-json\/wp\/v2\/comments?post=309062"}],"version-history":[{"count":1,"href":"https:\/\/www.notibras.com\/site\/wp-json\/wp\/v2\/posts\/309062\/revisions"}],"predecessor-version":[{"id":309064,"href":"https:\/\/www.notibras.com\/site\/wp-json\/wp\/v2\/posts\/309062\/revisions\/309064"}],"wp:featuredmedia":[{"embeddable":true,"href":"https:\/\/www.notibras.com\/site\/wp-json\/wp\/v2\/media\/309063"}],"wp:attachment":[{"href":"https:\/\/www.notibras.com\/site\/wp-json\/wp\/v2\/media?parent=309062"}],"wp:term":[{"taxonomy":"category","embeddable":true,"href":"https:\/\/www.notibras.com\/site\/wp-json\/wp\/v2\/categories?post=309062"},{"taxonomy":"post_tag","embeddable":true,"href":"https:\/\/www.notibras.com\/site\/wp-json\/wp\/v2\/tags?post=309062"}],"curies":[{"name":"wp","href":"https:\/\/api.w.org\/{rel}","templated":true}]}}