{"id":309074,"date":"2023-07-18T00:18:57","date_gmt":"2023-07-18T03:18:57","guid":{"rendered":"https:\/\/www.notibras.com\/site\/?p=309074"},"modified":"2023-07-18T06:21:08","modified_gmt":"2023-07-18T09:21:08","slug":"hip-hop-quer-reconhecimento-como-patrimonio-imaterial","status":"publish","type":"post","link":"https:\/\/www.notibras.com\/site\/hip-hop-quer-reconhecimento-como-patrimonio-imaterial\/","title":{"rendered":"Hip hop quer reconhecimento como patrim\u00f4nio imaterial"},"content":{"rendered":"<p>A comunidade do hip hop se reuniu em Bras\u00edlia para uma marcha de reconhecimento do movimento. A marcha reuniu representantes do hip hop de v\u00e1rios estados do Brasil, que vieram entregar ao Instituto do Patrim\u00f4nio Hist\u00f3rico e Art\u00edstico Nacional (Iphan) o dossi\u00ea que vai dar in\u00edcio ao processo para declarar o movimento patrim\u00f4nio imaterial do pa\u00eds.<\/p>\n<p>Esse documento foi preparado por grupos de trabalho dentro do movimento do hip hop no Brasil inteiro, com aux\u00edlio do instituto. \u201cEste ano n\u00f3s completamos 50 anos do hip hop no mundo. E, no Brasil, completamos 40 anos de hip hop\u201d, disse Cl\u00e1udia Maciel, jornalista e integrante do movimento.<\/p>\n<p>\u201c\u00c9 a hora da gente ir em busca do t\u00edtulo de patrim\u00f4nio cultural imaterial brasileiro. Cada estado se reuniu e construiu grupos de trabalho\u201d, acrescentou. Segundo ela, o Iphan ajudou os grupos de trabalho na montagem da proposta a ser apresentada.<\/p>\n<p>A produtora cultural Lidiane Lima destacou a fun\u00e7\u00e3o social de um estilo musical que se transformou e se tornou um indutor de pol\u00edticas p\u00fablicas. \u201cO hip hop, trabalha muito pela sociedade brasileira. Aonde o governo n\u00e3o consegue chegar o hip hop est\u00e1 l\u00e1, levando tamb\u00e9m pol\u00edticas p\u00fablicas, esperan\u00e7a, transforma\u00e7\u00e3o. Ent\u00e3o, se a sociedade brasileira e o governo reconhecem o hip hop, significa que o nosso trabalho valeu a pena\u201d.<\/p>\n<p>O presidente do Iphan, Leandro Grass, parabenizou a mobiliza\u00e7\u00e3o de todos os envolvidos com o movimento que, tamb\u00e9m para ele, representa um estilo musical que se expandiu e se expressa em outros aspectos da sociedade, n\u00e3o apenas o musical.<\/p>\n<p>\u201c[\u00c9] uma s\u00edntese sincretismo cultural de v\u00e1rias perspectivas, de v\u00e1rias influ\u00eancias que sintetizam justamente este modelo de express\u00e3o, que n\u00e3o \u00e9 s\u00f3 musical. \u00c9 tamb\u00e9m em outras vertentes\u201d, disse.<\/p>\n<p>\u201cAgora tem in\u00edcio o processo de reconhecimento formal institucional da cultura do hip hop como patrim\u00f4nio imaterial brasileiro. Esse processo vai levar um tempo para que a gente possa consolidar todos esses princ\u00edpios da cultura hip hop\u201d, completou.<\/p>\n","protected":false},"excerpt":{"rendered":"<p>A comunidade do hip hop se reuniu em Bras\u00edlia para uma marcha de reconhecimento do movimento. A marcha reuniu representantes do hip hop de v\u00e1rios estados do Brasil, que vieram entregar ao Instituto do Patrim\u00f4nio Hist\u00f3rico e Art\u00edstico Nacional (Iphan) o dossi\u00ea que vai dar in\u00edcio ao processo para declarar o movimento patrim\u00f4nio imaterial do [&hellip;]<\/p>\n","protected":false},"author":2,"featured_media":309075,"comment_status":"closed","ping_status":"closed","sticky":false,"template":"","format":"standard","meta":{"_acf_changed":false,"footnotes":""},"categories":[161],"tags":[],"class_list":["post-309074","post","type-post","status-publish","format-standard","has-post-thumbnail","hentry","category-quadradinho-em-foco"],"acf":[],"yoast_head":"<!-- This site is optimized with the Yoast SEO plugin v27.2 - https:\/\/yoast.com\/product\/yoast-seo-wordpress\/ -->\n<title>Hip hop quer reconhecimento como patrim\u00f4nio imaterial - Notibras<\/title>\n<meta name=\"robots\" content=\"index, follow, max-snippet:-1, max-image-preview:large, max-video-preview:-1\" \/>\n<link rel=\"canonical\" href=\"https:\/\/www.notibras.com\/site\/hip-hop-quer-reconhecimento-como-patrimonio-imaterial\/\" \/>\n<meta property=\"og:locale\" content=\"pt_BR\" \/>\n<meta property=\"og:type\" content=\"article\" \/>\n<meta property=\"og:title\" content=\"Hip hop quer reconhecimento como patrim\u00f4nio imaterial - Notibras\" \/>\n<meta property=\"og:description\" content=\"A comunidade do hip hop se reuniu em Bras\u00edlia para uma marcha de reconhecimento do movimento. A marcha reuniu representantes do hip hop de v\u00e1rios estados do Brasil, que vieram entregar ao Instituto do Patrim\u00f4nio Hist\u00f3rico e Art\u00edstico Nacional (Iphan) o dossi\u00ea que vai dar in\u00edcio ao processo para declarar o movimento patrim\u00f4nio imaterial do [&hellip;]\" \/>\n<meta property=\"og:url\" content=\"https:\/\/www.notibras.com\/site\/hip-hop-quer-reconhecimento-como-patrimonio-imaterial\/\" \/>\n<meta property=\"og:site_name\" content=\"Notibras\" \/>\n<meta property=\"article:publisher\" content=\"https:\/\/www.facebook.com\/notibras\/\" \/>\n<meta property=\"article:published_time\" content=\"2023-07-18T03:18:57+00:00\" \/>\n<meta property=\"article:modified_time\" content=\"2023-07-18T09:21:08+00:00\" \/>\n<meta property=\"og:image\" content=\"https:\/\/www.notibras.com\/site\/wp-content\/uploads\/2023\/07\/pzzb9666.jpg\" \/>\n\t<meta property=\"og:image:width\" content=\"1170\" \/>\n\t<meta property=\"og:image:height\" content=\"700\" \/>\n\t<meta property=\"og:image:type\" content=\"image\/jpeg\" \/>\n<meta name=\"author\" content=\"Reda\u00e7\u00e3o\" \/>\n<meta name=\"twitter:card\" content=\"summary_large_image\" \/>\n<meta name=\"twitter:creator\" content=\"@Notibras\" \/>\n<meta name=\"twitter:site\" content=\"@Notibras\" \/>\n<meta name=\"twitter:label1\" content=\"Escrito por\" \/>\n\t<meta name=\"twitter:data1\" content=\"Reda\u00e7\u00e3o\" \/>\n\t<meta name=\"twitter:label2\" content=\"Est. tempo de leitura\" \/>\n\t<meta name=\"twitter:data2\" content=\"2 minutos\" \/>\n<script type=\"application\/ld+json\" class=\"yoast-schema-graph\">{\"@context\":\"https:\/\/schema.org\",\"@graph\":[{\"@type\":\"Article\",\"@id\":\"https:\/\/www.notibras.com\/site\/hip-hop-quer-reconhecimento-como-patrimonio-imaterial\/#article\",\"isPartOf\":{\"@id\":\"https:\/\/www.notibras.com\/site\/hip-hop-quer-reconhecimento-como-patrimonio-imaterial\/\"},\"author\":{\"name\":\"Reda\u00e7\u00e3o\",\"@id\":\"https:\/\/www.notibras.com\/site\/#\/schema\/person\/36ab0979449956132d3e5b517ea76ac8\"},\"headline\":\"Hip hop quer reconhecimento como patrim\u00f4nio imaterial\",\"datePublished\":\"2023-07-18T03:18:57+00:00\",\"dateModified\":\"2023-07-18T09:21:08+00:00\",\"mainEntityOfPage\":{\"@id\":\"https:\/\/www.notibras.com\/site\/hip-hop-quer-reconhecimento-como-patrimonio-imaterial\/\"},\"wordCount\":359,\"publisher\":{\"@id\":\"https:\/\/www.notibras.com\/site\/#organization\"},\"image\":{\"@id\":\"https:\/\/www.notibras.com\/site\/hip-hop-quer-reconhecimento-como-patrimonio-imaterial\/#primaryimage\"},\"thumbnailUrl\":\"https:\/\/www.notibras.com\/site\/wp-content\/uploads\/2023\/07\/pzzb9666.jpg\",\"articleSection\":[\"Quadradinho em Foco\"],\"inLanguage\":\"pt-BR\"},{\"@type\":\"WebPage\",\"@id\":\"https:\/\/www.notibras.com\/site\/hip-hop-quer-reconhecimento-como-patrimonio-imaterial\/\",\"url\":\"https:\/\/www.notibras.com\/site\/hip-hop-quer-reconhecimento-como-patrimonio-imaterial\/\",\"name\":\"Hip hop quer reconhecimento como patrim\u00f4nio imaterial - Notibras\",\"isPartOf\":{\"@id\":\"https:\/\/www.notibras.com\/site\/#website\"},\"primaryImageOfPage\":{\"@id\":\"https:\/\/www.notibras.com\/site\/hip-hop-quer-reconhecimento-como-patrimonio-imaterial\/#primaryimage\"},\"image\":{\"@id\":\"https:\/\/www.notibras.com\/site\/hip-hop-quer-reconhecimento-como-patrimonio-imaterial\/#primaryimage\"},\"thumbnailUrl\":\"https:\/\/www.notibras.com\/site\/wp-content\/uploads\/2023\/07\/pzzb9666.jpg\",\"datePublished\":\"2023-07-18T03:18:57+00:00\",\"dateModified\":\"2023-07-18T09:21:08+00:00\",\"breadcrumb\":{\"@id\":\"https:\/\/www.notibras.com\/site\/hip-hop-quer-reconhecimento-como-patrimonio-imaterial\/#breadcrumb\"},\"inLanguage\":\"pt-BR\",\"potentialAction\":[{\"@type\":\"ReadAction\",\"target\":[\"https:\/\/www.notibras.com\/site\/hip-hop-quer-reconhecimento-como-patrimonio-imaterial\/\"]}]},{\"@type\":\"ImageObject\",\"inLanguage\":\"pt-BR\",\"@id\":\"https:\/\/www.notibras.com\/site\/hip-hop-quer-reconhecimento-como-patrimonio-imaterial\/#primaryimage\",\"url\":\"https:\/\/www.notibras.com\/site\/wp-content\/uploads\/2023\/07\/pzzb9666.jpg\",\"contentUrl\":\"https:\/\/www.notibras.com\/site\/wp-content\/uploads\/2023\/07\/pzzb9666.jpg\",\"width\":1170,\"height\":700,\"caption\":\"Bras\u00edlia\/DF, 17\/07\/2023, O movimento Hip Hop brasileiro, durante marcha da Cultura Hip Hop em celebra\u00e7\u00e3o ao Cinquenten\u00e1rio mundial da Cultura Hip Hop. Foto: Jos\u00e9 Cruz\/Ag\u00eancia Brasil\"},{\"@type\":\"BreadcrumbList\",\"@id\":\"https:\/\/www.notibras.com\/site\/hip-hop-quer-reconhecimento-como-patrimonio-imaterial\/#breadcrumb\",\"itemListElement\":[{\"@type\":\"ListItem\",\"position\":1,\"name\":\"In\u00edcio\",\"item\":\"https:\/\/www.notibras.com\/site\/\"},{\"@type\":\"ListItem\",\"position\":2,\"name\":\"Hip hop quer reconhecimento como patrim\u00f4nio imaterial\"}]},{\"@type\":\"WebSite\",\"@id\":\"https:\/\/www.notibras.com\/site\/#website\",\"url\":\"https:\/\/www.notibras.com\/site\/\",\"name\":\"Notibras\",\"description\":\"Not\u00edcias de Bras\u00edlia, do Brasil e do Mundo\",\"publisher\":{\"@id\":\"https:\/\/www.notibras.com\/site\/#organization\"},\"potentialAction\":[{\"@type\":\"SearchAction\",\"target\":{\"@type\":\"EntryPoint\",\"urlTemplate\":\"https:\/\/www.notibras.com\/site\/?s={search_term_string}\"},\"query-input\":{\"@type\":\"PropertyValueSpecification\",\"valueRequired\":true,\"valueName\":\"search_term_string\"}}],\"inLanguage\":\"pt-BR\"},{\"@type\":\"Organization\",\"@id\":\"https:\/\/www.notibras.com\/site\/#organization\",\"name\":\"Grupo Notibras de Comunica\u00e7\u00e3o\",\"url\":\"https:\/\/www.notibras.com\/site\/\",\"logo\":{\"@type\":\"ImageObject\",\"inLanguage\":\"pt-BR\",\"@id\":\"https:\/\/www.notibras.com\/site\/#\/schema\/logo\/image\/\",\"url\":\"https:\/\/www.notibras.com\/site\/wp-content\/uploads\/2023\/01\/notibras23.png\",\"contentUrl\":\"https:\/\/www.notibras.com\/site\/wp-content\/uploads\/2023\/01\/notibras23.png\",\"width\":350,\"height\":87,\"caption\":\"Grupo Notibras de Comunica\u00e7\u00e3o\"},\"image\":{\"@id\":\"https:\/\/www.notibras.com\/site\/#\/schema\/logo\/image\/\"},\"sameAs\":[\"https:\/\/www.facebook.com\/notibras\/\",\"https:\/\/x.com\/Notibras\",\"https:\/\/www.instagram.com\/notibras\/\"]},{\"@type\":\"Person\",\"@id\":\"https:\/\/www.notibras.com\/site\/#\/schema\/person\/36ab0979449956132d3e5b517ea76ac8\",\"name\":\"Reda\u00e7\u00e3o\",\"image\":{\"@type\":\"ImageObject\",\"inLanguage\":\"pt-BR\",\"@id\":\"https:\/\/secure.gravatar.com\/avatar\/e0a867bdedb85fd243eadf09663511f96fc81e0720a4a42581f334ad4303aa6b?s=96&d=mm&r=g\",\"url\":\"https:\/\/secure.gravatar.com\/avatar\/e0a867bdedb85fd243eadf09663511f96fc81e0720a4a42581f334ad4303aa6b?s=96&d=mm&r=g\",\"contentUrl\":\"https:\/\/secure.gravatar.com\/avatar\/e0a867bdedb85fd243eadf09663511f96fc81e0720a4a42581f334ad4303aa6b?s=96&d=mm&r=g\",\"caption\":\"Reda\u00e7\u00e3o\"}}]}<\/script>\n<!-- \/ Yoast SEO plugin. -->","yoast_head_json":{"title":"Hip hop quer reconhecimento como patrim\u00f4nio imaterial - Notibras","robots":{"index":"index","follow":"follow","max-snippet":"max-snippet:-1","max-image-preview":"max-image-preview:large","max-video-preview":"max-video-preview:-1"},"canonical":"https:\/\/www.notibras.com\/site\/hip-hop-quer-reconhecimento-como-patrimonio-imaterial\/","og_locale":"pt_BR","og_type":"article","og_title":"Hip hop quer reconhecimento como patrim\u00f4nio imaterial - Notibras","og_description":"A comunidade do hip hop se reuniu em Bras\u00edlia para uma marcha de reconhecimento do movimento. A marcha reuniu representantes do hip hop de v\u00e1rios estados do Brasil, que vieram entregar ao Instituto do Patrim\u00f4nio Hist\u00f3rico e Art\u00edstico Nacional (Iphan) o dossi\u00ea que vai dar in\u00edcio ao processo para declarar o movimento patrim\u00f4nio imaterial do [&hellip;]","og_url":"https:\/\/www.notibras.com\/site\/hip-hop-quer-reconhecimento-como-patrimonio-imaterial\/","og_site_name":"Notibras","article_publisher":"https:\/\/www.facebook.com\/notibras\/","article_published_time":"2023-07-18T03:18:57+00:00","article_modified_time":"2023-07-18T09:21:08+00:00","og_image":[{"width":1170,"height":700,"url":"https:\/\/www.notibras.com\/site\/wp-content\/uploads\/2023\/07\/pzzb9666.jpg","type":"image\/jpeg"}],"author":"Reda\u00e7\u00e3o","twitter_card":"summary_large_image","twitter_creator":"@Notibras","twitter_site":"@Notibras","twitter_misc":{"Escrito por":"Reda\u00e7\u00e3o","Est. tempo de leitura":"2 minutos"},"schema":{"@context":"https:\/\/schema.org","@graph":[{"@type":"Article","@id":"https:\/\/www.notibras.com\/site\/hip-hop-quer-reconhecimento-como-patrimonio-imaterial\/#article","isPartOf":{"@id":"https:\/\/www.notibras.com\/site\/hip-hop-quer-reconhecimento-como-patrimonio-imaterial\/"},"author":{"name":"Reda\u00e7\u00e3o","@id":"https:\/\/www.notibras.com\/site\/#\/schema\/person\/36ab0979449956132d3e5b517ea76ac8"},"headline":"Hip hop quer reconhecimento como patrim\u00f4nio imaterial","datePublished":"2023-07-18T03:18:57+00:00","dateModified":"2023-07-18T09:21:08+00:00","mainEntityOfPage":{"@id":"https:\/\/www.notibras.com\/site\/hip-hop-quer-reconhecimento-como-patrimonio-imaterial\/"},"wordCount":359,"publisher":{"@id":"https:\/\/www.notibras.com\/site\/#organization"},"image":{"@id":"https:\/\/www.notibras.com\/site\/hip-hop-quer-reconhecimento-como-patrimonio-imaterial\/#primaryimage"},"thumbnailUrl":"https:\/\/www.notibras.com\/site\/wp-content\/uploads\/2023\/07\/pzzb9666.jpg","articleSection":["Quadradinho em Foco"],"inLanguage":"pt-BR"},{"@type":"WebPage","@id":"https:\/\/www.notibras.com\/site\/hip-hop-quer-reconhecimento-como-patrimonio-imaterial\/","url":"https:\/\/www.notibras.com\/site\/hip-hop-quer-reconhecimento-como-patrimonio-imaterial\/","name":"Hip hop quer reconhecimento como patrim\u00f4nio imaterial - Notibras","isPartOf":{"@id":"https:\/\/www.notibras.com\/site\/#website"},"primaryImageOfPage":{"@id":"https:\/\/www.notibras.com\/site\/hip-hop-quer-reconhecimento-como-patrimonio-imaterial\/#primaryimage"},"image":{"@id":"https:\/\/www.notibras.com\/site\/hip-hop-quer-reconhecimento-como-patrimonio-imaterial\/#primaryimage"},"thumbnailUrl":"https:\/\/www.notibras.com\/site\/wp-content\/uploads\/2023\/07\/pzzb9666.jpg","datePublished":"2023-07-18T03:18:57+00:00","dateModified":"2023-07-18T09:21:08+00:00","breadcrumb":{"@id":"https:\/\/www.notibras.com\/site\/hip-hop-quer-reconhecimento-como-patrimonio-imaterial\/#breadcrumb"},"inLanguage":"pt-BR","potentialAction":[{"@type":"ReadAction","target":["https:\/\/www.notibras.com\/site\/hip-hop-quer-reconhecimento-como-patrimonio-imaterial\/"]}]},{"@type":"ImageObject","inLanguage":"pt-BR","@id":"https:\/\/www.notibras.com\/site\/hip-hop-quer-reconhecimento-como-patrimonio-imaterial\/#primaryimage","url":"https:\/\/www.notibras.com\/site\/wp-content\/uploads\/2023\/07\/pzzb9666.jpg","contentUrl":"https:\/\/www.notibras.com\/site\/wp-content\/uploads\/2023\/07\/pzzb9666.jpg","width":1170,"height":700,"caption":"Bras\u00edlia\/DF, 17\/07\/2023, O movimento Hip Hop brasileiro, durante marcha da Cultura Hip Hop em celebra\u00e7\u00e3o ao Cinquenten\u00e1rio mundial da Cultura Hip Hop. Foto: Jos\u00e9 Cruz\/Ag\u00eancia Brasil"},{"@type":"BreadcrumbList","@id":"https:\/\/www.notibras.com\/site\/hip-hop-quer-reconhecimento-como-patrimonio-imaterial\/#breadcrumb","itemListElement":[{"@type":"ListItem","position":1,"name":"In\u00edcio","item":"https:\/\/www.notibras.com\/site\/"},{"@type":"ListItem","position":2,"name":"Hip hop quer reconhecimento como patrim\u00f4nio imaterial"}]},{"@type":"WebSite","@id":"https:\/\/www.notibras.com\/site\/#website","url":"https:\/\/www.notibras.com\/site\/","name":"Notibras","description":"Not\u00edcias de Bras\u00edlia, do Brasil e do Mundo","publisher":{"@id":"https:\/\/www.notibras.com\/site\/#organization"},"potentialAction":[{"@type":"SearchAction","target":{"@type":"EntryPoint","urlTemplate":"https:\/\/www.notibras.com\/site\/?s={search_term_string}"},"query-input":{"@type":"PropertyValueSpecification","valueRequired":true,"valueName":"search_term_string"}}],"inLanguage":"pt-BR"},{"@type":"Organization","@id":"https:\/\/www.notibras.com\/site\/#organization","name":"Grupo Notibras de Comunica\u00e7\u00e3o","url":"https:\/\/www.notibras.com\/site\/","logo":{"@type":"ImageObject","inLanguage":"pt-BR","@id":"https:\/\/www.notibras.com\/site\/#\/schema\/logo\/image\/","url":"https:\/\/www.notibras.com\/site\/wp-content\/uploads\/2023\/01\/notibras23.png","contentUrl":"https:\/\/www.notibras.com\/site\/wp-content\/uploads\/2023\/01\/notibras23.png","width":350,"height":87,"caption":"Grupo Notibras de Comunica\u00e7\u00e3o"},"image":{"@id":"https:\/\/www.notibras.com\/site\/#\/schema\/logo\/image\/"},"sameAs":["https:\/\/www.facebook.com\/notibras\/","https:\/\/x.com\/Notibras","https:\/\/www.instagram.com\/notibras\/"]},{"@type":"Person","@id":"https:\/\/www.notibras.com\/site\/#\/schema\/person\/36ab0979449956132d3e5b517ea76ac8","name":"Reda\u00e7\u00e3o","image":{"@type":"ImageObject","inLanguage":"pt-BR","@id":"https:\/\/secure.gravatar.com\/avatar\/e0a867bdedb85fd243eadf09663511f96fc81e0720a4a42581f334ad4303aa6b?s=96&d=mm&r=g","url":"https:\/\/secure.gravatar.com\/avatar\/e0a867bdedb85fd243eadf09663511f96fc81e0720a4a42581f334ad4303aa6b?s=96&d=mm&r=g","contentUrl":"https:\/\/secure.gravatar.com\/avatar\/e0a867bdedb85fd243eadf09663511f96fc81e0720a4a42581f334ad4303aa6b?s=96&d=mm&r=g","caption":"Reda\u00e7\u00e3o"}}]}},"amp_enabled":true,"_links":{"self":[{"href":"https:\/\/www.notibras.com\/site\/wp-json\/wp\/v2\/posts\/309074","targetHints":{"allow":["GET"]}}],"collection":[{"href":"https:\/\/www.notibras.com\/site\/wp-json\/wp\/v2\/posts"}],"about":[{"href":"https:\/\/www.notibras.com\/site\/wp-json\/wp\/v2\/types\/post"}],"author":[{"embeddable":true,"href":"https:\/\/www.notibras.com\/site\/wp-json\/wp\/v2\/users\/2"}],"replies":[{"embeddable":true,"href":"https:\/\/www.notibras.com\/site\/wp-json\/wp\/v2\/comments?post=309074"}],"version-history":[{"count":1,"href":"https:\/\/www.notibras.com\/site\/wp-json\/wp\/v2\/posts\/309074\/revisions"}],"predecessor-version":[{"id":309076,"href":"https:\/\/www.notibras.com\/site\/wp-json\/wp\/v2\/posts\/309074\/revisions\/309076"}],"wp:featuredmedia":[{"embeddable":true,"href":"https:\/\/www.notibras.com\/site\/wp-json\/wp\/v2\/media\/309075"}],"wp:attachment":[{"href":"https:\/\/www.notibras.com\/site\/wp-json\/wp\/v2\/media?parent=309074"}],"wp:term":[{"taxonomy":"category","embeddable":true,"href":"https:\/\/www.notibras.com\/site\/wp-json\/wp\/v2\/categories?post=309074"},{"taxonomy":"post_tag","embeddable":true,"href":"https:\/\/www.notibras.com\/site\/wp-json\/wp\/v2\/tags?post=309074"}],"curies":[{"name":"wp","href":"https:\/\/api.w.org\/{rel}","templated":true}]}}