{"id":309080,"date":"2023-07-18T00:00:36","date_gmt":"2023-07-18T03:00:36","guid":{"rendered":"https:\/\/www.notibras.com\/site\/?p=309080"},"modified":"2023-07-18T06:35:59","modified_gmt":"2023-07-18T09:35:59","slug":"servidor-do-tjdft-supera-preconceitos-como-multiatleta","status":"publish","type":"post","link":"https:\/\/www.notibras.com\/site\/servidor-do-tjdft-supera-preconceitos-como-multiatleta\/","title":{"rendered":"Servidor do TJDFT supera preconceitos como multiatleta"},"content":{"rendered":"<p>O limite est\u00e1 na mente e n\u00e3o no corpo\u201d. Esse \u00e9 o pensamento que move Paulo Roberto Galv\u00e3o Filho, servidor do Tribunal de Justi\u00e7a do Distrito Federal e dos Territ\u00f3rios (TJDFT), que perdeu uma perna em um acidente e que, hoje, faz dos esportes um estilo de vida.<\/p>\n<p>Em 2004, Paulinho, como \u00e9 chamado pelos amigos, sofreu um acidente automobil\u00edstico, no qual perdeu a perna esquerda. Durante o per\u00edodo de reabilita\u00e7\u00e3o no hospital Sarah Kubitschek, conheceu a canoagem e foi estimulado a praticar esportes para resgatar a autoestima e confian\u00e7a.<\/p>\n<p>Paulinho come\u00e7ou, ent\u00e3o, a experimentar diferentes modalidades esportivas e decidiu desfrutar a vida de uma forma diferente. \u201cEu percebi que eu ganhei uma segunda chance de escrever uma nova vida. E ent\u00e3o eu decidi que a defici\u00eancia f\u00edsica n\u00e3o me impediria de curtir a vida\u201d, afirmou.<\/p>\n<p><strong>Outros esportes<\/strong><br \/>\nA partir da canoagem, Paulinho passou a se dedicar integralmente \u00e0 vela adaptada, no projeto Vela para Todos, para pessoas com defici\u00eancia. Ele chegou at\u00e9 a participar da seletiva para os Jogos Paral\u00edmpicos do Rio, em 2016. Paulinho tamb\u00e9m foi campe\u00e3o mineiro e conquistou o vice-campeonato brasileiro. \u201cJ\u00e1 tinha participado da categoria optimist quando era crian\u00e7a. Mas ap\u00f3s o meu acidente, voltei para a vela e foi muito importante na minha recupera\u00e7\u00e3o\u201d, conta.<\/p>\n<p>Algum tempo depois, Paulinho decidiu conhecer o automobilismo e foi no kart adaptado que ele viu que poderia ser competitivo nas pistas de corrida. Paulo Galv\u00e3o Filho venceu provas locais e nacionais em sua categoria. Uma das mais memor\u00e1veis, segundo ele, foi o Desafio Internacional das Estrelas, disputado no Beto Carreiro World, em Santa Catarina, em 2014. Ele dividiu a pista com nomes como Michael Schumacher, Fernando Alonso, Bruno Senna, Felipe Massa e Rubinho Barrichelo. No kart adaptado ele foi campe\u00e3o do evento.<\/p>\n<p>A paix\u00e3o pelas duas rodas surgiu logo depois e ele come\u00e7ou a praticar tanto o ciclismo de estrada quanto o mountain bike. Nessas modalidades, Paulo continuou rompendo barreiras e superou preconceitos. Participou de campeonatos brasileiros, panamericanos e at\u00e9 representou o Brasil em competi\u00e7\u00f5es internacionais.<\/p>\n<p>Uma prova, contudo, marcou o atleta. A escalada do Mont Ventoux, montanha m\u00edtica que \u00e9 uma das mais ic\u00f4nicas na maior prova cicl\u00edstica do mundo, o Tour de France. Al\u00e9m da intensa altimetria, ventos de at\u00e9 320km\/h j\u00e1 foram registrados na montanha. Ventoux significa, em tradu\u00e7\u00e3o livre do franc\u00eas, ventania. Imagine pedalar toda a extens\u00e3o com apenas uma perna! \u201cFoi uma prova amadora, mas foi um dos meus maiores desafios\u201d, lembra.<\/p>\n<p>Hoje, aos 43 anos, Paulo Roberto \u00e9 servidor do TJDFT, lotado na Secretaria da 3\u00aa Turma Recursal. Para 2024, planeja ter um filho com a esposa j\u00e1 em 2024 e se especializar em Direito Previdenci\u00e1rio para pessoas com defici\u00eancia. \u201cHouve altera\u00e7\u00f5es significativas na legisla\u00e7\u00e3o e sinto que preciso contribuir de alguma forma com a sociedade\u201d, sentenciou.<\/p>\n","protected":false},"excerpt":{"rendered":"<p>O limite est\u00e1 na mente e n\u00e3o no corpo\u201d. Esse \u00e9 o pensamento que move Paulo Roberto Galv\u00e3o Filho, servidor do Tribunal de Justi\u00e7a do Distrito Federal e dos Territ\u00f3rios (TJDFT), que perdeu uma perna em um acidente e que, hoje, faz dos esportes um estilo de vida. Em 2004, Paulinho, como \u00e9 chamado pelos [&hellip;]<\/p>\n","protected":false},"author":2,"featured_media":309081,"comment_status":"closed","ping_status":"closed","sticky":false,"template":"","format":"standard","meta":{"_acf_changed":false,"footnotes":""},"categories":[161],"tags":[],"class_list":["post-309080","post","type-post","status-publish","format-standard","has-post-thumbnail","hentry","category-quadradinho-em-foco"],"acf":[],"yoast_head":"<!-- This site is optimized with the Yoast SEO plugin v27.2 - https:\/\/yoast.com\/product\/yoast-seo-wordpress\/ -->\n<title>Servidor do TJDFT supera preconceitos como multiatleta - Notibras<\/title>\n<meta name=\"robots\" content=\"index, follow, max-snippet:-1, max-image-preview:large, max-video-preview:-1\" \/>\n<link rel=\"canonical\" href=\"https:\/\/www.notibras.com\/site\/servidor-do-tjdft-supera-preconceitos-como-multiatleta\/\" \/>\n<meta property=\"og:locale\" content=\"pt_BR\" \/>\n<meta property=\"og:type\" content=\"article\" \/>\n<meta property=\"og:title\" content=\"Servidor do TJDFT supera preconceitos como multiatleta - Notibras\" \/>\n<meta property=\"og:description\" content=\"O limite est\u00e1 na mente e n\u00e3o no corpo\u201d. Esse \u00e9 o pensamento que move Paulo Roberto Galv\u00e3o Filho, servidor do Tribunal de Justi\u00e7a do Distrito Federal e dos Territ\u00f3rios (TJDFT), que perdeu uma perna em um acidente e que, hoje, faz dos esportes um estilo de vida. Em 2004, Paulinho, como \u00e9 chamado pelos [&hellip;]\" \/>\n<meta property=\"og:url\" content=\"https:\/\/www.notibras.com\/site\/servidor-do-tjdft-supera-preconceitos-como-multiatleta\/\" \/>\n<meta property=\"og:site_name\" content=\"Notibras\" \/>\n<meta property=\"article:publisher\" content=\"https:\/\/www.facebook.com\/notibras\/\" \/>\n<meta property=\"article:published_time\" content=\"2023-07-18T03:00:36+00:00\" \/>\n<meta property=\"article:modified_time\" content=\"2023-07-18T09:35:59+00:00\" \/>\n<meta property=\"og:image\" content=\"https:\/\/www.notibras.com\/site\/wp-content\/uploads\/2023\/07\/WhatsApp-Image-2023-07-03-at-12.01.09-1.jpeg\" \/>\n\t<meta property=\"og:image:width\" content=\"1280\" \/>\n\t<meta property=\"og:image:height\" content=\"854\" \/>\n\t<meta property=\"og:image:type\" content=\"image\/jpeg\" \/>\n<meta name=\"author\" content=\"Reda\u00e7\u00e3o\" \/>\n<meta name=\"twitter:card\" content=\"summary_large_image\" \/>\n<meta name=\"twitter:creator\" content=\"@Notibras\" \/>\n<meta name=\"twitter:site\" content=\"@Notibras\" \/>\n<meta name=\"twitter:label1\" content=\"Escrito por\" \/>\n\t<meta name=\"twitter:data1\" content=\"Reda\u00e7\u00e3o\" \/>\n\t<meta name=\"twitter:label2\" content=\"Est. tempo de leitura\" \/>\n\t<meta name=\"twitter:data2\" content=\"3 minutos\" \/>\n<script type=\"application\/ld+json\" class=\"yoast-schema-graph\">{\"@context\":\"https:\/\/schema.org\",\"@graph\":[{\"@type\":\"Article\",\"@id\":\"https:\/\/www.notibras.com\/site\/servidor-do-tjdft-supera-preconceitos-como-multiatleta\/#article\",\"isPartOf\":{\"@id\":\"https:\/\/www.notibras.com\/site\/servidor-do-tjdft-supera-preconceitos-como-multiatleta\/\"},\"author\":{\"name\":\"Reda\u00e7\u00e3o\",\"@id\":\"https:\/\/www.notibras.com\/site\/#\/schema\/person\/36ab0979449956132d3e5b517ea76ac8\"},\"headline\":\"Servidor do TJDFT supera preconceitos como multiatleta\",\"datePublished\":\"2023-07-18T03:00:36+00:00\",\"dateModified\":\"2023-07-18T09:35:59+00:00\",\"mainEntityOfPage\":{\"@id\":\"https:\/\/www.notibras.com\/site\/servidor-do-tjdft-supera-preconceitos-como-multiatleta\/\"},\"wordCount\":499,\"publisher\":{\"@id\":\"https:\/\/www.notibras.com\/site\/#organization\"},\"image\":{\"@id\":\"https:\/\/www.notibras.com\/site\/servidor-do-tjdft-supera-preconceitos-como-multiatleta\/#primaryimage\"},\"thumbnailUrl\":\"https:\/\/www.notibras.com\/site\/wp-content\/uploads\/2023\/07\/WhatsApp-Image-2023-07-03-at-12.01.09-1.jpeg\",\"articleSection\":[\"Quadradinho em Foco\"],\"inLanguage\":\"pt-BR\"},{\"@type\":\"WebPage\",\"@id\":\"https:\/\/www.notibras.com\/site\/servidor-do-tjdft-supera-preconceitos-como-multiatleta\/\",\"url\":\"https:\/\/www.notibras.com\/site\/servidor-do-tjdft-supera-preconceitos-como-multiatleta\/\",\"name\":\"Servidor do TJDFT supera preconceitos como multiatleta - Notibras\",\"isPartOf\":{\"@id\":\"https:\/\/www.notibras.com\/site\/#website\"},\"primaryImageOfPage\":{\"@id\":\"https:\/\/www.notibras.com\/site\/servidor-do-tjdft-supera-preconceitos-como-multiatleta\/#primaryimage\"},\"image\":{\"@id\":\"https:\/\/www.notibras.com\/site\/servidor-do-tjdft-supera-preconceitos-como-multiatleta\/#primaryimage\"},\"thumbnailUrl\":\"https:\/\/www.notibras.com\/site\/wp-content\/uploads\/2023\/07\/WhatsApp-Image-2023-07-03-at-12.01.09-1.jpeg\",\"datePublished\":\"2023-07-18T03:00:36+00:00\",\"dateModified\":\"2023-07-18T09:35:59+00:00\",\"breadcrumb\":{\"@id\":\"https:\/\/www.notibras.com\/site\/servidor-do-tjdft-supera-preconceitos-como-multiatleta\/#breadcrumb\"},\"inLanguage\":\"pt-BR\",\"potentialAction\":[{\"@type\":\"ReadAction\",\"target\":[\"https:\/\/www.notibras.com\/site\/servidor-do-tjdft-supera-preconceitos-como-multiatleta\/\"]}]},{\"@type\":\"ImageObject\",\"inLanguage\":\"pt-BR\",\"@id\":\"https:\/\/www.notibras.com\/site\/servidor-do-tjdft-supera-preconceitos-como-multiatleta\/#primaryimage\",\"url\":\"https:\/\/www.notibras.com\/site\/wp-content\/uploads\/2023\/07\/WhatsApp-Image-2023-07-03-at-12.01.09-1.jpeg\",\"contentUrl\":\"https:\/\/www.notibras.com\/site\/wp-content\/uploads\/2023\/07\/WhatsApp-Image-2023-07-03-at-12.01.09-1.jpeg\",\"width\":1280,\"height\":854},{\"@type\":\"BreadcrumbList\",\"@id\":\"https:\/\/www.notibras.com\/site\/servidor-do-tjdft-supera-preconceitos-como-multiatleta\/#breadcrumb\",\"itemListElement\":[{\"@type\":\"ListItem\",\"position\":1,\"name\":\"In\u00edcio\",\"item\":\"https:\/\/www.notibras.com\/site\/\"},{\"@type\":\"ListItem\",\"position\":2,\"name\":\"Servidor do TJDFT supera preconceitos como multiatleta\"}]},{\"@type\":\"WebSite\",\"@id\":\"https:\/\/www.notibras.com\/site\/#website\",\"url\":\"https:\/\/www.notibras.com\/site\/\",\"name\":\"Notibras\",\"description\":\"Not\u00edcias de Bras\u00edlia, do Brasil e do Mundo\",\"publisher\":{\"@id\":\"https:\/\/www.notibras.com\/site\/#organization\"},\"potentialAction\":[{\"@type\":\"SearchAction\",\"target\":{\"@type\":\"EntryPoint\",\"urlTemplate\":\"https:\/\/www.notibras.com\/site\/?s={search_term_string}\"},\"query-input\":{\"@type\":\"PropertyValueSpecification\",\"valueRequired\":true,\"valueName\":\"search_term_string\"}}],\"inLanguage\":\"pt-BR\"},{\"@type\":\"Organization\",\"@id\":\"https:\/\/www.notibras.com\/site\/#organization\",\"name\":\"Grupo Notibras de Comunica\u00e7\u00e3o\",\"url\":\"https:\/\/www.notibras.com\/site\/\",\"logo\":{\"@type\":\"ImageObject\",\"inLanguage\":\"pt-BR\",\"@id\":\"https:\/\/www.notibras.com\/site\/#\/schema\/logo\/image\/\",\"url\":\"https:\/\/www.notibras.com\/site\/wp-content\/uploads\/2023\/01\/notibras23.png\",\"contentUrl\":\"https:\/\/www.notibras.com\/site\/wp-content\/uploads\/2023\/01\/notibras23.png\",\"width\":350,\"height\":87,\"caption\":\"Grupo Notibras de Comunica\u00e7\u00e3o\"},\"image\":{\"@id\":\"https:\/\/www.notibras.com\/site\/#\/schema\/logo\/image\/\"},\"sameAs\":[\"https:\/\/www.facebook.com\/notibras\/\",\"https:\/\/x.com\/Notibras\",\"https:\/\/www.instagram.com\/notibras\/\"]},{\"@type\":\"Person\",\"@id\":\"https:\/\/www.notibras.com\/site\/#\/schema\/person\/36ab0979449956132d3e5b517ea76ac8\",\"name\":\"Reda\u00e7\u00e3o\",\"image\":{\"@type\":\"ImageObject\",\"inLanguage\":\"pt-BR\",\"@id\":\"https:\/\/secure.gravatar.com\/avatar\/e0a867bdedb85fd243eadf09663511f96fc81e0720a4a42581f334ad4303aa6b?s=96&d=mm&r=g\",\"url\":\"https:\/\/secure.gravatar.com\/avatar\/e0a867bdedb85fd243eadf09663511f96fc81e0720a4a42581f334ad4303aa6b?s=96&d=mm&r=g\",\"contentUrl\":\"https:\/\/secure.gravatar.com\/avatar\/e0a867bdedb85fd243eadf09663511f96fc81e0720a4a42581f334ad4303aa6b?s=96&d=mm&r=g\",\"caption\":\"Reda\u00e7\u00e3o\"}}]}<\/script>\n<!-- \/ Yoast SEO plugin. -->","yoast_head_json":{"title":"Servidor do TJDFT supera preconceitos como multiatleta - Notibras","robots":{"index":"index","follow":"follow","max-snippet":"max-snippet:-1","max-image-preview":"max-image-preview:large","max-video-preview":"max-video-preview:-1"},"canonical":"https:\/\/www.notibras.com\/site\/servidor-do-tjdft-supera-preconceitos-como-multiatleta\/","og_locale":"pt_BR","og_type":"article","og_title":"Servidor do TJDFT supera preconceitos como multiatleta - Notibras","og_description":"O limite est\u00e1 na mente e n\u00e3o no corpo\u201d. Esse \u00e9 o pensamento que move Paulo Roberto Galv\u00e3o Filho, servidor do Tribunal de Justi\u00e7a do Distrito Federal e dos Territ\u00f3rios (TJDFT), que perdeu uma perna em um acidente e que, hoje, faz dos esportes um estilo de vida. Em 2004, Paulinho, como \u00e9 chamado pelos [&hellip;]","og_url":"https:\/\/www.notibras.com\/site\/servidor-do-tjdft-supera-preconceitos-como-multiatleta\/","og_site_name":"Notibras","article_publisher":"https:\/\/www.facebook.com\/notibras\/","article_published_time":"2023-07-18T03:00:36+00:00","article_modified_time":"2023-07-18T09:35:59+00:00","og_image":[{"width":1280,"height":854,"url":"https:\/\/www.notibras.com\/site\/wp-content\/uploads\/2023\/07\/WhatsApp-Image-2023-07-03-at-12.01.09-1.jpeg","type":"image\/jpeg"}],"author":"Reda\u00e7\u00e3o","twitter_card":"summary_large_image","twitter_creator":"@Notibras","twitter_site":"@Notibras","twitter_misc":{"Escrito por":"Reda\u00e7\u00e3o","Est. tempo de leitura":"3 minutos"},"schema":{"@context":"https:\/\/schema.org","@graph":[{"@type":"Article","@id":"https:\/\/www.notibras.com\/site\/servidor-do-tjdft-supera-preconceitos-como-multiatleta\/#article","isPartOf":{"@id":"https:\/\/www.notibras.com\/site\/servidor-do-tjdft-supera-preconceitos-como-multiatleta\/"},"author":{"name":"Reda\u00e7\u00e3o","@id":"https:\/\/www.notibras.com\/site\/#\/schema\/person\/36ab0979449956132d3e5b517ea76ac8"},"headline":"Servidor do TJDFT supera preconceitos como multiatleta","datePublished":"2023-07-18T03:00:36+00:00","dateModified":"2023-07-18T09:35:59+00:00","mainEntityOfPage":{"@id":"https:\/\/www.notibras.com\/site\/servidor-do-tjdft-supera-preconceitos-como-multiatleta\/"},"wordCount":499,"publisher":{"@id":"https:\/\/www.notibras.com\/site\/#organization"},"image":{"@id":"https:\/\/www.notibras.com\/site\/servidor-do-tjdft-supera-preconceitos-como-multiatleta\/#primaryimage"},"thumbnailUrl":"https:\/\/www.notibras.com\/site\/wp-content\/uploads\/2023\/07\/WhatsApp-Image-2023-07-03-at-12.01.09-1.jpeg","articleSection":["Quadradinho em Foco"],"inLanguage":"pt-BR"},{"@type":"WebPage","@id":"https:\/\/www.notibras.com\/site\/servidor-do-tjdft-supera-preconceitos-como-multiatleta\/","url":"https:\/\/www.notibras.com\/site\/servidor-do-tjdft-supera-preconceitos-como-multiatleta\/","name":"Servidor do TJDFT supera preconceitos como multiatleta - Notibras","isPartOf":{"@id":"https:\/\/www.notibras.com\/site\/#website"},"primaryImageOfPage":{"@id":"https:\/\/www.notibras.com\/site\/servidor-do-tjdft-supera-preconceitos-como-multiatleta\/#primaryimage"},"image":{"@id":"https:\/\/www.notibras.com\/site\/servidor-do-tjdft-supera-preconceitos-como-multiatleta\/#primaryimage"},"thumbnailUrl":"https:\/\/www.notibras.com\/site\/wp-content\/uploads\/2023\/07\/WhatsApp-Image-2023-07-03-at-12.01.09-1.jpeg","datePublished":"2023-07-18T03:00:36+00:00","dateModified":"2023-07-18T09:35:59+00:00","breadcrumb":{"@id":"https:\/\/www.notibras.com\/site\/servidor-do-tjdft-supera-preconceitos-como-multiatleta\/#breadcrumb"},"inLanguage":"pt-BR","potentialAction":[{"@type":"ReadAction","target":["https:\/\/www.notibras.com\/site\/servidor-do-tjdft-supera-preconceitos-como-multiatleta\/"]}]},{"@type":"ImageObject","inLanguage":"pt-BR","@id":"https:\/\/www.notibras.com\/site\/servidor-do-tjdft-supera-preconceitos-como-multiatleta\/#primaryimage","url":"https:\/\/www.notibras.com\/site\/wp-content\/uploads\/2023\/07\/WhatsApp-Image-2023-07-03-at-12.01.09-1.jpeg","contentUrl":"https:\/\/www.notibras.com\/site\/wp-content\/uploads\/2023\/07\/WhatsApp-Image-2023-07-03-at-12.01.09-1.jpeg","width":1280,"height":854},{"@type":"BreadcrumbList","@id":"https:\/\/www.notibras.com\/site\/servidor-do-tjdft-supera-preconceitos-como-multiatleta\/#breadcrumb","itemListElement":[{"@type":"ListItem","position":1,"name":"In\u00edcio","item":"https:\/\/www.notibras.com\/site\/"},{"@type":"ListItem","position":2,"name":"Servidor do TJDFT supera preconceitos como multiatleta"}]},{"@type":"WebSite","@id":"https:\/\/www.notibras.com\/site\/#website","url":"https:\/\/www.notibras.com\/site\/","name":"Notibras","description":"Not\u00edcias de Bras\u00edlia, do Brasil e do Mundo","publisher":{"@id":"https:\/\/www.notibras.com\/site\/#organization"},"potentialAction":[{"@type":"SearchAction","target":{"@type":"EntryPoint","urlTemplate":"https:\/\/www.notibras.com\/site\/?s={search_term_string}"},"query-input":{"@type":"PropertyValueSpecification","valueRequired":true,"valueName":"search_term_string"}}],"inLanguage":"pt-BR"},{"@type":"Organization","@id":"https:\/\/www.notibras.com\/site\/#organization","name":"Grupo Notibras de Comunica\u00e7\u00e3o","url":"https:\/\/www.notibras.com\/site\/","logo":{"@type":"ImageObject","inLanguage":"pt-BR","@id":"https:\/\/www.notibras.com\/site\/#\/schema\/logo\/image\/","url":"https:\/\/www.notibras.com\/site\/wp-content\/uploads\/2023\/01\/notibras23.png","contentUrl":"https:\/\/www.notibras.com\/site\/wp-content\/uploads\/2023\/01\/notibras23.png","width":350,"height":87,"caption":"Grupo Notibras de Comunica\u00e7\u00e3o"},"image":{"@id":"https:\/\/www.notibras.com\/site\/#\/schema\/logo\/image\/"},"sameAs":["https:\/\/www.facebook.com\/notibras\/","https:\/\/x.com\/Notibras","https:\/\/www.instagram.com\/notibras\/"]},{"@type":"Person","@id":"https:\/\/www.notibras.com\/site\/#\/schema\/person\/36ab0979449956132d3e5b517ea76ac8","name":"Reda\u00e7\u00e3o","image":{"@type":"ImageObject","inLanguage":"pt-BR","@id":"https:\/\/secure.gravatar.com\/avatar\/e0a867bdedb85fd243eadf09663511f96fc81e0720a4a42581f334ad4303aa6b?s=96&d=mm&r=g","url":"https:\/\/secure.gravatar.com\/avatar\/e0a867bdedb85fd243eadf09663511f96fc81e0720a4a42581f334ad4303aa6b?s=96&d=mm&r=g","contentUrl":"https:\/\/secure.gravatar.com\/avatar\/e0a867bdedb85fd243eadf09663511f96fc81e0720a4a42581f334ad4303aa6b?s=96&d=mm&r=g","caption":"Reda\u00e7\u00e3o"}}]}},"amp_enabled":true,"_links":{"self":[{"href":"https:\/\/www.notibras.com\/site\/wp-json\/wp\/v2\/posts\/309080","targetHints":{"allow":["GET"]}}],"collection":[{"href":"https:\/\/www.notibras.com\/site\/wp-json\/wp\/v2\/posts"}],"about":[{"href":"https:\/\/www.notibras.com\/site\/wp-json\/wp\/v2\/types\/post"}],"author":[{"embeddable":true,"href":"https:\/\/www.notibras.com\/site\/wp-json\/wp\/v2\/users\/2"}],"replies":[{"embeddable":true,"href":"https:\/\/www.notibras.com\/site\/wp-json\/wp\/v2\/comments?post=309080"}],"version-history":[{"count":1,"href":"https:\/\/www.notibras.com\/site\/wp-json\/wp\/v2\/posts\/309080\/revisions"}],"predecessor-version":[{"id":309082,"href":"https:\/\/www.notibras.com\/site\/wp-json\/wp\/v2\/posts\/309080\/revisions\/309082"}],"wp:featuredmedia":[{"embeddable":true,"href":"https:\/\/www.notibras.com\/site\/wp-json\/wp\/v2\/media\/309081"}],"wp:attachment":[{"href":"https:\/\/www.notibras.com\/site\/wp-json\/wp\/v2\/media?parent=309080"}],"wp:term":[{"taxonomy":"category","embeddable":true,"href":"https:\/\/www.notibras.com\/site\/wp-json\/wp\/v2\/categories?post=309080"},{"taxonomy":"post_tag","embeddable":true,"href":"https:\/\/www.notibras.com\/site\/wp-json\/wp\/v2\/tags?post=309080"}],"curies":[{"name":"wp","href":"https:\/\/api.w.org\/{rel}","templated":true}]}}