{"id":309083,"date":"2023-07-18T00:00:18","date_gmt":"2023-07-18T03:00:18","guid":{"rendered":"https:\/\/www.notibras.com\/site\/?p=309083"},"modified":"2023-07-18T06:47:58","modified_gmt":"2023-07-18T09:47:58","slug":"idosa-presa-por-injuria-racial-cumprira-medidas-cautelares","status":"publish","type":"post","link":"https:\/\/www.notibras.com\/site\/idosa-presa-por-injuria-racial-cumprira-medidas-cautelares\/","title":{"rendered":"Idosa presa por inj\u00faria racial cumprir\u00e1 medidas cautelares"},"content":{"rendered":"<p>Uma senhora idosa de Bras\u00edlia vai cumprir medidas cautelares por decis\u00e3o judicial, ao ser condenada por inj\u00faria racial. A autuada foi encaminhada para atendimento psicossocial em momento anterior \u00e0 audi\u00eancia de cust\u00f3dia. Ficou constatado que a idosa est\u00e1 em surto psic\u00f3tico, n\u00e3o conseguindo se conter e conversar na audi\u00eancia. Em raz\u00e3o disso, foi dispensada a oitiva dela. O relat\u00f3rio de atendimento do setor psicossocial foi juntado aos autos.<\/p>\n<p>Na audi\u00eancia, foi concedida a autuada uma conversa reservada com sua defesa t\u00e9cnica e, em seguida, o Minist\u00e9rio P\u00fablico do Distrito Federal e Territ\u00f3rios se manifestou pela regularidade do flagrante e pela concess\u00e3o da liberdade provis\u00f3ria com imposi\u00e7\u00e3o de medidas cautelares. A defesa se manifestou pela liberdade provis\u00f3ria. Por sua vez, a Ju\u00edza observou que a pris\u00e3o em flagrante efetuada pela autoridade policial n\u00e3o apresenta, em princ\u00edpio, qualquer ilegalidade, encontrando-se formal e materialmente em ordem, pois foram atendidas todas as determina\u00e7\u00f5es constitucionais e processuais.<\/p>\n<p>Para a magistrada, a conduta da idosa \u00e9 grave por se tratar de crime previsto na Lei 7716. \u201cO fato \u00e9 concretamente grave e a pris\u00e3o inicialmente se mostra necess\u00e1ria\u201d, disse. No entanto, a Ju\u00edza ponderou que a autuada \u00e9 prim\u00e1ria e de bons antecedentes, n\u00e3o h\u00e1 condena\u00e7\u00f5es, possuindo 71 anos e nunca ter se envolvido com nenhuma pr\u00e1tica delitiva. \u201cNesse sentido, entendo ainda ser cab\u00edvel a concess\u00e3o da liberdade, com fixa\u00e7\u00e3o de medidas cautelares diversas da pris\u00e3o, como a proibi\u00e7\u00e3o de contato e aproxima\u00e7\u00e3o com as v\u00edtimas\u201d, decidiu a Ju\u00edza. Assim, Ana Elizabeth dever\u00e1 manter o endere\u00e7o atualizado e n\u00e3o poder\u00e1 se aproximar e ter contato com as v\u00edtimas do fato.<\/p>\n<p>O processo foi encaminhado \u00e0 7\u00aa Vara Criminal de Bras\u00edlia, onde ir\u00e1 prosseguir.<\/p>\n","protected":false},"excerpt":{"rendered":"<p>Uma senhora idosa de Bras\u00edlia vai cumprir medidas cautelares por decis\u00e3o judicial, ao ser condenada por inj\u00faria racial. A autuada foi encaminhada para atendimento psicossocial em momento anterior \u00e0 audi\u00eancia de cust\u00f3dia. Ficou constatado que a idosa est\u00e1 em surto psic\u00f3tico, n\u00e3o conseguindo se conter e conversar na audi\u00eancia. Em raz\u00e3o disso, foi dispensada a [&hellip;]<\/p>\n","protected":false},"author":2,"featured_media":309084,"comment_status":"closed","ping_status":"closed","sticky":false,"template":"","format":"standard","meta":{"_acf_changed":false,"footnotes":""},"categories":[161],"tags":[],"class_list":["post-309083","post","type-post","status-publish","format-standard","has-post-thumbnail","hentry","category-quadradinho-em-foco"],"acf":[],"yoast_head":"<!-- This site is optimized with the Yoast SEO plugin v27.2 - https:\/\/yoast.com\/product\/yoast-seo-wordpress\/ -->\n<title>Idosa presa por inj\u00faria racial cumprir\u00e1 medidas cautelares - Notibras<\/title>\n<meta name=\"robots\" content=\"index, follow, max-snippet:-1, max-image-preview:large, max-video-preview:-1\" \/>\n<link rel=\"canonical\" href=\"https:\/\/www.notibras.com\/site\/idosa-presa-por-injuria-racial-cumprira-medidas-cautelares\/\" \/>\n<meta property=\"og:locale\" content=\"pt_BR\" \/>\n<meta property=\"og:type\" content=\"article\" \/>\n<meta property=\"og:title\" content=\"Idosa presa por inj\u00faria racial cumprir\u00e1 medidas cautelares - Notibras\" \/>\n<meta property=\"og:description\" content=\"Uma senhora idosa de Bras\u00edlia vai cumprir medidas cautelares por decis\u00e3o judicial, ao ser condenada por inj\u00faria racial. A autuada foi encaminhada para atendimento psicossocial em momento anterior \u00e0 audi\u00eancia de cust\u00f3dia. Ficou constatado que a idosa est\u00e1 em surto psic\u00f3tico, n\u00e3o conseguindo se conter e conversar na audi\u00eancia. Em raz\u00e3o disso, foi dispensada a [&hellip;]\" \/>\n<meta property=\"og:url\" content=\"https:\/\/www.notibras.com\/site\/idosa-presa-por-injuria-racial-cumprira-medidas-cautelares\/\" \/>\n<meta property=\"og:site_name\" content=\"Notibras\" \/>\n<meta property=\"article:publisher\" content=\"https:\/\/www.facebook.com\/notibras\/\" \/>\n<meta property=\"article:published_time\" content=\"2023-07-18T03:00:18+00:00\" \/>\n<meta property=\"article:modified_time\" content=\"2023-07-18T09:47:58+00:00\" \/>\n<meta property=\"og:image\" content=\"https:\/\/www.notibras.com\/site\/wp-content\/uploads\/2023\/07\/76e55b09df6fe8d94c40e1becdf49ec8.jpeg\" \/>\n\t<meta property=\"og:image:width\" content=\"1000\" \/>\n\t<meta property=\"og:image:height\" content=\"562\" \/>\n\t<meta property=\"og:image:type\" content=\"image\/jpeg\" \/>\n<meta name=\"author\" content=\"Reda\u00e7\u00e3o\" \/>\n<meta name=\"twitter:card\" content=\"summary_large_image\" \/>\n<meta name=\"twitter:creator\" content=\"@Notibras\" \/>\n<meta name=\"twitter:site\" content=\"@Notibras\" \/>\n<meta name=\"twitter:label1\" content=\"Escrito por\" \/>\n\t<meta name=\"twitter:data1\" content=\"Reda\u00e7\u00e3o\" \/>\n\t<meta name=\"twitter:label2\" content=\"Est. tempo de leitura\" \/>\n\t<meta name=\"twitter:data2\" content=\"2 minutos\" \/>\n<script type=\"application\/ld+json\" class=\"yoast-schema-graph\">{\"@context\":\"https:\/\/schema.org\",\"@graph\":[{\"@type\":\"Article\",\"@id\":\"https:\/\/www.notibras.com\/site\/idosa-presa-por-injuria-racial-cumprira-medidas-cautelares\/#article\",\"isPartOf\":{\"@id\":\"https:\/\/www.notibras.com\/site\/idosa-presa-por-injuria-racial-cumprira-medidas-cautelares\/\"},\"author\":{\"name\":\"Reda\u00e7\u00e3o\",\"@id\":\"https:\/\/www.notibras.com\/site\/#\/schema\/person\/36ab0979449956132d3e5b517ea76ac8\"},\"headline\":\"Idosa presa por inj\u00faria racial cumprir\u00e1 medidas cautelares\",\"datePublished\":\"2023-07-18T03:00:18+00:00\",\"dateModified\":\"2023-07-18T09:47:58+00:00\",\"mainEntityOfPage\":{\"@id\":\"https:\/\/www.notibras.com\/site\/idosa-presa-por-injuria-racial-cumprira-medidas-cautelares\/\"},\"wordCount\":321,\"publisher\":{\"@id\":\"https:\/\/www.notibras.com\/site\/#organization\"},\"image\":{\"@id\":\"https:\/\/www.notibras.com\/site\/idosa-presa-por-injuria-racial-cumprira-medidas-cautelares\/#primaryimage\"},\"thumbnailUrl\":\"https:\/\/www.notibras.com\/site\/wp-content\/uploads\/2023\/07\/76e55b09df6fe8d94c40e1becdf49ec8.jpeg\",\"articleSection\":[\"Quadradinho em Foco\"],\"inLanguage\":\"pt-BR\"},{\"@type\":\"WebPage\",\"@id\":\"https:\/\/www.notibras.com\/site\/idosa-presa-por-injuria-racial-cumprira-medidas-cautelares\/\",\"url\":\"https:\/\/www.notibras.com\/site\/idosa-presa-por-injuria-racial-cumprira-medidas-cautelares\/\",\"name\":\"Idosa presa por inj\u00faria racial cumprir\u00e1 medidas cautelares - Notibras\",\"isPartOf\":{\"@id\":\"https:\/\/www.notibras.com\/site\/#website\"},\"primaryImageOfPage\":{\"@id\":\"https:\/\/www.notibras.com\/site\/idosa-presa-por-injuria-racial-cumprira-medidas-cautelares\/#primaryimage\"},\"image\":{\"@id\":\"https:\/\/www.notibras.com\/site\/idosa-presa-por-injuria-racial-cumprira-medidas-cautelares\/#primaryimage\"},\"thumbnailUrl\":\"https:\/\/www.notibras.com\/site\/wp-content\/uploads\/2023\/07\/76e55b09df6fe8d94c40e1becdf49ec8.jpeg\",\"datePublished\":\"2023-07-18T03:00:18+00:00\",\"dateModified\":\"2023-07-18T09:47:58+00:00\",\"breadcrumb\":{\"@id\":\"https:\/\/www.notibras.com\/site\/idosa-presa-por-injuria-racial-cumprira-medidas-cautelares\/#breadcrumb\"},\"inLanguage\":\"pt-BR\",\"potentialAction\":[{\"@type\":\"ReadAction\",\"target\":[\"https:\/\/www.notibras.com\/site\/idosa-presa-por-injuria-racial-cumprira-medidas-cautelares\/\"]}]},{\"@type\":\"ImageObject\",\"inLanguage\":\"pt-BR\",\"@id\":\"https:\/\/www.notibras.com\/site\/idosa-presa-por-injuria-racial-cumprira-medidas-cautelares\/#primaryimage\",\"url\":\"https:\/\/www.notibras.com\/site\/wp-content\/uploads\/2023\/07\/76e55b09df6fe8d94c40e1becdf49ec8.jpeg\",\"contentUrl\":\"https:\/\/www.notibras.com\/site\/wp-content\/uploads\/2023\/07\/76e55b09df6fe8d94c40e1becdf49ec8.jpeg\",\"width\":1000,\"height\":562},{\"@type\":\"BreadcrumbList\",\"@id\":\"https:\/\/www.notibras.com\/site\/idosa-presa-por-injuria-racial-cumprira-medidas-cautelares\/#breadcrumb\",\"itemListElement\":[{\"@type\":\"ListItem\",\"position\":1,\"name\":\"In\u00edcio\",\"item\":\"https:\/\/www.notibras.com\/site\/\"},{\"@type\":\"ListItem\",\"position\":2,\"name\":\"Idosa presa por inj\u00faria racial cumprir\u00e1 medidas cautelares\"}]},{\"@type\":\"WebSite\",\"@id\":\"https:\/\/www.notibras.com\/site\/#website\",\"url\":\"https:\/\/www.notibras.com\/site\/\",\"name\":\"Notibras\",\"description\":\"Not\u00edcias de Bras\u00edlia, do Brasil e do Mundo\",\"publisher\":{\"@id\":\"https:\/\/www.notibras.com\/site\/#organization\"},\"potentialAction\":[{\"@type\":\"SearchAction\",\"target\":{\"@type\":\"EntryPoint\",\"urlTemplate\":\"https:\/\/www.notibras.com\/site\/?s={search_term_string}\"},\"query-input\":{\"@type\":\"PropertyValueSpecification\",\"valueRequired\":true,\"valueName\":\"search_term_string\"}}],\"inLanguage\":\"pt-BR\"},{\"@type\":\"Organization\",\"@id\":\"https:\/\/www.notibras.com\/site\/#organization\",\"name\":\"Grupo Notibras de Comunica\u00e7\u00e3o\",\"url\":\"https:\/\/www.notibras.com\/site\/\",\"logo\":{\"@type\":\"ImageObject\",\"inLanguage\":\"pt-BR\",\"@id\":\"https:\/\/www.notibras.com\/site\/#\/schema\/logo\/image\/\",\"url\":\"https:\/\/www.notibras.com\/site\/wp-content\/uploads\/2023\/01\/notibras23.png\",\"contentUrl\":\"https:\/\/www.notibras.com\/site\/wp-content\/uploads\/2023\/01\/notibras23.png\",\"width\":350,\"height\":87,\"caption\":\"Grupo Notibras de Comunica\u00e7\u00e3o\"},\"image\":{\"@id\":\"https:\/\/www.notibras.com\/site\/#\/schema\/logo\/image\/\"},\"sameAs\":[\"https:\/\/www.facebook.com\/notibras\/\",\"https:\/\/x.com\/Notibras\",\"https:\/\/www.instagram.com\/notibras\/\"]},{\"@type\":\"Person\",\"@id\":\"https:\/\/www.notibras.com\/site\/#\/schema\/person\/36ab0979449956132d3e5b517ea76ac8\",\"name\":\"Reda\u00e7\u00e3o\",\"image\":{\"@type\":\"ImageObject\",\"inLanguage\":\"pt-BR\",\"@id\":\"https:\/\/secure.gravatar.com\/avatar\/e0a867bdedb85fd243eadf09663511f96fc81e0720a4a42581f334ad4303aa6b?s=96&d=mm&r=g\",\"url\":\"https:\/\/secure.gravatar.com\/avatar\/e0a867bdedb85fd243eadf09663511f96fc81e0720a4a42581f334ad4303aa6b?s=96&d=mm&r=g\",\"contentUrl\":\"https:\/\/secure.gravatar.com\/avatar\/e0a867bdedb85fd243eadf09663511f96fc81e0720a4a42581f334ad4303aa6b?s=96&d=mm&r=g\",\"caption\":\"Reda\u00e7\u00e3o\"}}]}<\/script>\n<!-- \/ Yoast SEO plugin. -->","yoast_head_json":{"title":"Idosa presa por inj\u00faria racial cumprir\u00e1 medidas cautelares - Notibras","robots":{"index":"index","follow":"follow","max-snippet":"max-snippet:-1","max-image-preview":"max-image-preview:large","max-video-preview":"max-video-preview:-1"},"canonical":"https:\/\/www.notibras.com\/site\/idosa-presa-por-injuria-racial-cumprira-medidas-cautelares\/","og_locale":"pt_BR","og_type":"article","og_title":"Idosa presa por inj\u00faria racial cumprir\u00e1 medidas cautelares - Notibras","og_description":"Uma senhora idosa de Bras\u00edlia vai cumprir medidas cautelares por decis\u00e3o judicial, ao ser condenada por inj\u00faria racial. A autuada foi encaminhada para atendimento psicossocial em momento anterior \u00e0 audi\u00eancia de cust\u00f3dia. Ficou constatado que a idosa est\u00e1 em surto psic\u00f3tico, n\u00e3o conseguindo se conter e conversar na audi\u00eancia. Em raz\u00e3o disso, foi dispensada a [&hellip;]","og_url":"https:\/\/www.notibras.com\/site\/idosa-presa-por-injuria-racial-cumprira-medidas-cautelares\/","og_site_name":"Notibras","article_publisher":"https:\/\/www.facebook.com\/notibras\/","article_published_time":"2023-07-18T03:00:18+00:00","article_modified_time":"2023-07-18T09:47:58+00:00","og_image":[{"width":1000,"height":562,"url":"https:\/\/www.notibras.com\/site\/wp-content\/uploads\/2023\/07\/76e55b09df6fe8d94c40e1becdf49ec8.jpeg","type":"image\/jpeg"}],"author":"Reda\u00e7\u00e3o","twitter_card":"summary_large_image","twitter_creator":"@Notibras","twitter_site":"@Notibras","twitter_misc":{"Escrito por":"Reda\u00e7\u00e3o","Est. tempo de leitura":"2 minutos"},"schema":{"@context":"https:\/\/schema.org","@graph":[{"@type":"Article","@id":"https:\/\/www.notibras.com\/site\/idosa-presa-por-injuria-racial-cumprira-medidas-cautelares\/#article","isPartOf":{"@id":"https:\/\/www.notibras.com\/site\/idosa-presa-por-injuria-racial-cumprira-medidas-cautelares\/"},"author":{"name":"Reda\u00e7\u00e3o","@id":"https:\/\/www.notibras.com\/site\/#\/schema\/person\/36ab0979449956132d3e5b517ea76ac8"},"headline":"Idosa presa por inj\u00faria racial cumprir\u00e1 medidas cautelares","datePublished":"2023-07-18T03:00:18+00:00","dateModified":"2023-07-18T09:47:58+00:00","mainEntityOfPage":{"@id":"https:\/\/www.notibras.com\/site\/idosa-presa-por-injuria-racial-cumprira-medidas-cautelares\/"},"wordCount":321,"publisher":{"@id":"https:\/\/www.notibras.com\/site\/#organization"},"image":{"@id":"https:\/\/www.notibras.com\/site\/idosa-presa-por-injuria-racial-cumprira-medidas-cautelares\/#primaryimage"},"thumbnailUrl":"https:\/\/www.notibras.com\/site\/wp-content\/uploads\/2023\/07\/76e55b09df6fe8d94c40e1becdf49ec8.jpeg","articleSection":["Quadradinho em Foco"],"inLanguage":"pt-BR"},{"@type":"WebPage","@id":"https:\/\/www.notibras.com\/site\/idosa-presa-por-injuria-racial-cumprira-medidas-cautelares\/","url":"https:\/\/www.notibras.com\/site\/idosa-presa-por-injuria-racial-cumprira-medidas-cautelares\/","name":"Idosa presa por inj\u00faria racial cumprir\u00e1 medidas cautelares - Notibras","isPartOf":{"@id":"https:\/\/www.notibras.com\/site\/#website"},"primaryImageOfPage":{"@id":"https:\/\/www.notibras.com\/site\/idosa-presa-por-injuria-racial-cumprira-medidas-cautelares\/#primaryimage"},"image":{"@id":"https:\/\/www.notibras.com\/site\/idosa-presa-por-injuria-racial-cumprira-medidas-cautelares\/#primaryimage"},"thumbnailUrl":"https:\/\/www.notibras.com\/site\/wp-content\/uploads\/2023\/07\/76e55b09df6fe8d94c40e1becdf49ec8.jpeg","datePublished":"2023-07-18T03:00:18+00:00","dateModified":"2023-07-18T09:47:58+00:00","breadcrumb":{"@id":"https:\/\/www.notibras.com\/site\/idosa-presa-por-injuria-racial-cumprira-medidas-cautelares\/#breadcrumb"},"inLanguage":"pt-BR","potentialAction":[{"@type":"ReadAction","target":["https:\/\/www.notibras.com\/site\/idosa-presa-por-injuria-racial-cumprira-medidas-cautelares\/"]}]},{"@type":"ImageObject","inLanguage":"pt-BR","@id":"https:\/\/www.notibras.com\/site\/idosa-presa-por-injuria-racial-cumprira-medidas-cautelares\/#primaryimage","url":"https:\/\/www.notibras.com\/site\/wp-content\/uploads\/2023\/07\/76e55b09df6fe8d94c40e1becdf49ec8.jpeg","contentUrl":"https:\/\/www.notibras.com\/site\/wp-content\/uploads\/2023\/07\/76e55b09df6fe8d94c40e1becdf49ec8.jpeg","width":1000,"height":562},{"@type":"BreadcrumbList","@id":"https:\/\/www.notibras.com\/site\/idosa-presa-por-injuria-racial-cumprira-medidas-cautelares\/#breadcrumb","itemListElement":[{"@type":"ListItem","position":1,"name":"In\u00edcio","item":"https:\/\/www.notibras.com\/site\/"},{"@type":"ListItem","position":2,"name":"Idosa presa por inj\u00faria racial cumprir\u00e1 medidas cautelares"}]},{"@type":"WebSite","@id":"https:\/\/www.notibras.com\/site\/#website","url":"https:\/\/www.notibras.com\/site\/","name":"Notibras","description":"Not\u00edcias de Bras\u00edlia, do Brasil e do Mundo","publisher":{"@id":"https:\/\/www.notibras.com\/site\/#organization"},"potentialAction":[{"@type":"SearchAction","target":{"@type":"EntryPoint","urlTemplate":"https:\/\/www.notibras.com\/site\/?s={search_term_string}"},"query-input":{"@type":"PropertyValueSpecification","valueRequired":true,"valueName":"search_term_string"}}],"inLanguage":"pt-BR"},{"@type":"Organization","@id":"https:\/\/www.notibras.com\/site\/#organization","name":"Grupo Notibras de Comunica\u00e7\u00e3o","url":"https:\/\/www.notibras.com\/site\/","logo":{"@type":"ImageObject","inLanguage":"pt-BR","@id":"https:\/\/www.notibras.com\/site\/#\/schema\/logo\/image\/","url":"https:\/\/www.notibras.com\/site\/wp-content\/uploads\/2023\/01\/notibras23.png","contentUrl":"https:\/\/www.notibras.com\/site\/wp-content\/uploads\/2023\/01\/notibras23.png","width":350,"height":87,"caption":"Grupo Notibras de Comunica\u00e7\u00e3o"},"image":{"@id":"https:\/\/www.notibras.com\/site\/#\/schema\/logo\/image\/"},"sameAs":["https:\/\/www.facebook.com\/notibras\/","https:\/\/x.com\/Notibras","https:\/\/www.instagram.com\/notibras\/"]},{"@type":"Person","@id":"https:\/\/www.notibras.com\/site\/#\/schema\/person\/36ab0979449956132d3e5b517ea76ac8","name":"Reda\u00e7\u00e3o","image":{"@type":"ImageObject","inLanguage":"pt-BR","@id":"https:\/\/secure.gravatar.com\/avatar\/e0a867bdedb85fd243eadf09663511f96fc81e0720a4a42581f334ad4303aa6b?s=96&d=mm&r=g","url":"https:\/\/secure.gravatar.com\/avatar\/e0a867bdedb85fd243eadf09663511f96fc81e0720a4a42581f334ad4303aa6b?s=96&d=mm&r=g","contentUrl":"https:\/\/secure.gravatar.com\/avatar\/e0a867bdedb85fd243eadf09663511f96fc81e0720a4a42581f334ad4303aa6b?s=96&d=mm&r=g","caption":"Reda\u00e7\u00e3o"}}]}},"amp_enabled":true,"_links":{"self":[{"href":"https:\/\/www.notibras.com\/site\/wp-json\/wp\/v2\/posts\/309083","targetHints":{"allow":["GET"]}}],"collection":[{"href":"https:\/\/www.notibras.com\/site\/wp-json\/wp\/v2\/posts"}],"about":[{"href":"https:\/\/www.notibras.com\/site\/wp-json\/wp\/v2\/types\/post"}],"author":[{"embeddable":true,"href":"https:\/\/www.notibras.com\/site\/wp-json\/wp\/v2\/users\/2"}],"replies":[{"embeddable":true,"href":"https:\/\/www.notibras.com\/site\/wp-json\/wp\/v2\/comments?post=309083"}],"version-history":[{"count":1,"href":"https:\/\/www.notibras.com\/site\/wp-json\/wp\/v2\/posts\/309083\/revisions"}],"predecessor-version":[{"id":309085,"href":"https:\/\/www.notibras.com\/site\/wp-json\/wp\/v2\/posts\/309083\/revisions\/309085"}],"wp:featuredmedia":[{"embeddable":true,"href":"https:\/\/www.notibras.com\/site\/wp-json\/wp\/v2\/media\/309084"}],"wp:attachment":[{"href":"https:\/\/www.notibras.com\/site\/wp-json\/wp\/v2\/media?parent=309083"}],"wp:term":[{"taxonomy":"category","embeddable":true,"href":"https:\/\/www.notibras.com\/site\/wp-json\/wp\/v2\/categories?post=309083"},{"taxonomy":"post_tag","embeddable":true,"href":"https:\/\/www.notibras.com\/site\/wp-json\/wp\/v2\/tags?post=309083"}],"curies":[{"name":"wp","href":"https:\/\/api.w.org\/{rel}","templated":true}]}}