{"id":309131,"date":"2023-07-19T08:23:32","date_gmt":"2023-07-19T11:23:32","guid":{"rendered":"https:\/\/www.notibras.com\/site\/?p=309131"},"modified":"2023-07-19T08:23:38","modified_gmt":"2023-07-19T11:23:38","slug":"dar-um-jeito-na-vida-nem-todo-mundo-quer","status":"publish","type":"post","link":"https:\/\/www.notibras.com\/site\/dar-um-jeito-na-vida-nem-todo-mundo-quer\/","title":{"rendered":"Crian\u00e7a de beira de fogo morre j\u00e1 velho de frio"},"content":{"rendered":"<p>A \u00fanica pra\u00e7a da cidade do Entorno &#8211; vamos manter o nome sob reserva &#8211; era salpicada por alguns bancos, a maioria quebrada. Nada de bustos de autoridades esquecidas ou de laguinho com chafariz enferrujado. O \u00fanico monumento, se \u00e9 que podemos chamar assim, era o velho Tom\u00e1s, que quase ningu\u00e9m conhecia pelo nome. Todos o chamavam de Caf\u00e9, pois o dito cujo nunca largava a gasta garrafa t\u00e9rmica.<\/p>\n<p>Dependendo dos \u00e2nimos daquela gente, Caf\u00e9 causava pena, repulsa ou medo. Nunca simpatia, nem mesmo pelos mais antigos, que haviam dividido as brincadeiras nos long\u00ednquos tempos de crian\u00e7a. Diziam que Caf\u00e9 passara alguns anos na pris\u00e3o, outros juravam que foi no hosp\u00edcio, tamanha a apar\u00eancia de maluco.<\/p>\n<p>Se possu\u00eda ou n\u00e3o parentes, ningu\u00e9m sabia ao certo. Talvez at\u00e9 tivesse um ou outro, mas nenhum fazia alarde de tal v\u00ednculo sangu\u00edneo. Caf\u00e9 vivia sozinho, sobrevivia \u00e0s custas de m\u00edseras moedas atiradas numa enferrujada lata de goiabada. Gra\u00e7as a essa esmola, todos os dias passava na padaria da esquina. Comprava alguns p\u00e3es e, quando muito, uma ou duas fatias de mortadela. Enchia o bucho.<\/p>\n<p>Fazia o caf\u00e9 em uma pequena fogueira, que tamb\u00e9m o esquentava nas noites frias. Batizava o l\u00edquido preto com uma branquinha para, talvez, esquecer das agruras de outrora. Esse h\u00e1bito, ali\u00e1s, o fazia mais falante e, n\u00e3o raro, era cercado por curiosos, todos desejosos de escutar mais uma hist\u00f3ria do mendigo.<\/p>\n<p>Naquela noite, que a meteorologia prometia geada, meia d\u00fazia se acomodou ao redor do Caf\u00e9. N\u00e3o demorou, o maltrapilho come\u00e7ou a tagarelar sobre um antigo crime ocorrido no vilarejo ao lado. Um sitiante, que teria ficado louco, assassinara toda fam\u00edlia a machadadas, poupando apenas o filho mais novo, ainda beb\u00ea. A verdade, segundo diziam, \u00e9 que o tal homem havia simplesmente se esquecido do filho mais novo, que dormia tranquilamente no pequeno cesto ao lado do fog\u00e3o a lenha.<\/p>\n<p>Caf\u00e9 gostava de observar os olhos arregalados da sua pequena plateia. Fazia pausas estrat\u00e9gicas, enquanto se servia de mais um gole da mistura na garrafa t\u00e9rmica. Sorria aquele sorriso de raros dentes, todos apodrecidos. Os poucos ouvintes que conseguiam encar\u00e1-lo ficavam ainda mais assustados. Caf\u00e9 parecia adorar essa situa\u00e7\u00e3o. As pausas se tornavam ainda mais longas. Ele se deliciava com cada express\u00e3o de terror das pessoas.<\/p>\n<p>Logo ap\u00f3s ouvirem o desfecho daquele banho de sangue ocorrido h\u00e1 d\u00e9cadas, todos voltaram para o aconchego de seus lares. O pobre Caf\u00e9, diante daquele fio de fogueira, tentava se manter aquecido com mais um gole. O moribundo perdeu os sentidos. N\u00e3o se sabe se sonhou com o tempo em que ainda dormia em um cesto aquecido pelo calor do fog\u00e3o a lenha. O certo \u00e9 que o velho Caf\u00e9 n\u00e3o resistiu \u00e0quela geada. Ningu\u00e9m reclamou o corpo, que foi enterrado como indigente.<\/p>\n","protected":false},"excerpt":{"rendered":"<p>A \u00fanica pra\u00e7a da cidade do Entorno &#8211; vamos manter o nome sob reserva &#8211; era salpicada por alguns bancos, a maioria quebrada. Nada de bustos de autoridades esquecidas ou de laguinho com chafariz enferrujado. O \u00fanico monumento, se \u00e9 que podemos chamar assim, era o velho Tom\u00e1s, que quase ningu\u00e9m conhecia pelo nome. Todos [&hellip;]<\/p>\n","protected":false},"author":2,"featured_media":309132,"comment_status":"closed","ping_status":"closed","sticky":false,"template":"","format":"standard","meta":{"_acf_changed":false,"footnotes":""},"categories":[161],"tags":[],"class_list":["post-309131","post","type-post","status-publish","format-standard","has-post-thumbnail","hentry","category-quadradinho-em-foco"],"acf":[],"yoast_head":"<!-- This site is optimized with the Yoast SEO plugin v27.2 - https:\/\/yoast.com\/product\/yoast-seo-wordpress\/ -->\n<title>Crian\u00e7a de beira de fogo morre j\u00e1 velho de frio - Notibras<\/title>\n<meta name=\"robots\" content=\"index, follow, max-snippet:-1, max-image-preview:large, max-video-preview:-1\" \/>\n<link rel=\"canonical\" href=\"https:\/\/www.notibras.com\/site\/dar-um-jeito-na-vida-nem-todo-mundo-quer\/\" \/>\n<meta property=\"og:locale\" content=\"pt_BR\" \/>\n<meta property=\"og:type\" content=\"article\" \/>\n<meta property=\"og:title\" content=\"Crian\u00e7a de beira de fogo morre j\u00e1 velho de frio - Notibras\" \/>\n<meta property=\"og:description\" content=\"A \u00fanica pra\u00e7a da cidade do Entorno &#8211; vamos manter o nome sob reserva &#8211; era salpicada por alguns bancos, a maioria quebrada. Nada de bustos de autoridades esquecidas ou de laguinho com chafariz enferrujado. O \u00fanico monumento, se \u00e9 que podemos chamar assim, era o velho Tom\u00e1s, que quase ningu\u00e9m conhecia pelo nome. Todos [&hellip;]\" \/>\n<meta property=\"og:url\" content=\"https:\/\/www.notibras.com\/site\/dar-um-jeito-na-vida-nem-todo-mundo-quer\/\" \/>\n<meta property=\"og:site_name\" content=\"Notibras\" \/>\n<meta property=\"article:publisher\" content=\"https:\/\/www.facebook.com\/notibras\/\" \/>\n<meta property=\"article:published_time\" content=\"2023-07-19T11:23:32+00:00\" \/>\n<meta property=\"article:modified_time\" content=\"2023-07-19T11:23:38+00:00\" \/>\n<meta property=\"og:image\" content=\"https:\/\/www.notibras.com\/site\/wp-content\/uploads\/2023\/07\/be32de80-1606-451b-bc6c-de631692a437.jpg\" \/>\n\t<meta property=\"og:image:width\" content=\"576\" \/>\n\t<meta property=\"og:image:height\" content=\"1024\" \/>\n\t<meta property=\"og:image:type\" content=\"image\/jpeg\" \/>\n<meta name=\"author\" content=\"Reda\u00e7\u00e3o\" \/>\n<meta name=\"twitter:card\" content=\"summary_large_image\" \/>\n<meta name=\"twitter:creator\" content=\"@Notibras\" \/>\n<meta name=\"twitter:site\" content=\"@Notibras\" \/>\n<meta name=\"twitter:label1\" content=\"Escrito por\" \/>\n\t<meta name=\"twitter:data1\" content=\"Reda\u00e7\u00e3o\" \/>\n\t<meta name=\"twitter:label2\" content=\"Est. tempo de leitura\" \/>\n\t<meta name=\"twitter:data2\" content=\"3 minutos\" \/>\n<script type=\"application\/ld+json\" class=\"yoast-schema-graph\">{\"@context\":\"https:\/\/schema.org\",\"@graph\":[{\"@type\":\"Article\",\"@id\":\"https:\/\/www.notibras.com\/site\/dar-um-jeito-na-vida-nem-todo-mundo-quer\/#article\",\"isPartOf\":{\"@id\":\"https:\/\/www.notibras.com\/site\/dar-um-jeito-na-vida-nem-todo-mundo-quer\/\"},\"author\":{\"name\":\"Reda\u00e7\u00e3o\",\"@id\":\"https:\/\/www.notibras.com\/site\/#\/schema\/person\/36ab0979449956132d3e5b517ea76ac8\"},\"headline\":\"Crian\u00e7a de beira de fogo morre j\u00e1 velho de frio\",\"datePublished\":\"2023-07-19T11:23:32+00:00\",\"dateModified\":\"2023-07-19T11:23:38+00:00\",\"mainEntityOfPage\":{\"@id\":\"https:\/\/www.notibras.com\/site\/dar-um-jeito-na-vida-nem-todo-mundo-quer\/\"},\"wordCount\":507,\"publisher\":{\"@id\":\"https:\/\/www.notibras.com\/site\/#organization\"},\"image\":{\"@id\":\"https:\/\/www.notibras.com\/site\/dar-um-jeito-na-vida-nem-todo-mundo-quer\/#primaryimage\"},\"thumbnailUrl\":\"https:\/\/www.notibras.com\/site\/wp-content\/uploads\/2023\/07\/be32de80-1606-451b-bc6c-de631692a437.jpg\",\"articleSection\":[\"Quadradinho em Foco\"],\"inLanguage\":\"pt-BR\"},{\"@type\":\"WebPage\",\"@id\":\"https:\/\/www.notibras.com\/site\/dar-um-jeito-na-vida-nem-todo-mundo-quer\/\",\"url\":\"https:\/\/www.notibras.com\/site\/dar-um-jeito-na-vida-nem-todo-mundo-quer\/\",\"name\":\"Crian\u00e7a de beira de fogo morre j\u00e1 velho de frio - Notibras\",\"isPartOf\":{\"@id\":\"https:\/\/www.notibras.com\/site\/#website\"},\"primaryImageOfPage\":{\"@id\":\"https:\/\/www.notibras.com\/site\/dar-um-jeito-na-vida-nem-todo-mundo-quer\/#primaryimage\"},\"image\":{\"@id\":\"https:\/\/www.notibras.com\/site\/dar-um-jeito-na-vida-nem-todo-mundo-quer\/#primaryimage\"},\"thumbnailUrl\":\"https:\/\/www.notibras.com\/site\/wp-content\/uploads\/2023\/07\/be32de80-1606-451b-bc6c-de631692a437.jpg\",\"datePublished\":\"2023-07-19T11:23:32+00:00\",\"dateModified\":\"2023-07-19T11:23:38+00:00\",\"breadcrumb\":{\"@id\":\"https:\/\/www.notibras.com\/site\/dar-um-jeito-na-vida-nem-todo-mundo-quer\/#breadcrumb\"},\"inLanguage\":\"pt-BR\",\"potentialAction\":[{\"@type\":\"ReadAction\",\"target\":[\"https:\/\/www.notibras.com\/site\/dar-um-jeito-na-vida-nem-todo-mundo-quer\/\"]}]},{\"@type\":\"ImageObject\",\"inLanguage\":\"pt-BR\",\"@id\":\"https:\/\/www.notibras.com\/site\/dar-um-jeito-na-vida-nem-todo-mundo-quer\/#primaryimage\",\"url\":\"https:\/\/www.notibras.com\/site\/wp-content\/uploads\/2023\/07\/be32de80-1606-451b-bc6c-de631692a437.jpg\",\"contentUrl\":\"https:\/\/www.notibras.com\/site\/wp-content\/uploads\/2023\/07\/be32de80-1606-451b-bc6c-de631692a437.jpg\",\"width\":576,\"height\":1024},{\"@type\":\"BreadcrumbList\",\"@id\":\"https:\/\/www.notibras.com\/site\/dar-um-jeito-na-vida-nem-todo-mundo-quer\/#breadcrumb\",\"itemListElement\":[{\"@type\":\"ListItem\",\"position\":1,\"name\":\"In\u00edcio\",\"item\":\"https:\/\/www.notibras.com\/site\/\"},{\"@type\":\"ListItem\",\"position\":2,\"name\":\"Crian\u00e7a de beira de fogo morre j\u00e1 velho de frio\"}]},{\"@type\":\"WebSite\",\"@id\":\"https:\/\/www.notibras.com\/site\/#website\",\"url\":\"https:\/\/www.notibras.com\/site\/\",\"name\":\"Notibras\",\"description\":\"Not\u00edcias de Bras\u00edlia, do Brasil e do Mundo\",\"publisher\":{\"@id\":\"https:\/\/www.notibras.com\/site\/#organization\"},\"potentialAction\":[{\"@type\":\"SearchAction\",\"target\":{\"@type\":\"EntryPoint\",\"urlTemplate\":\"https:\/\/www.notibras.com\/site\/?s={search_term_string}\"},\"query-input\":{\"@type\":\"PropertyValueSpecification\",\"valueRequired\":true,\"valueName\":\"search_term_string\"}}],\"inLanguage\":\"pt-BR\"},{\"@type\":\"Organization\",\"@id\":\"https:\/\/www.notibras.com\/site\/#organization\",\"name\":\"Grupo Notibras de Comunica\u00e7\u00e3o\",\"url\":\"https:\/\/www.notibras.com\/site\/\",\"logo\":{\"@type\":\"ImageObject\",\"inLanguage\":\"pt-BR\",\"@id\":\"https:\/\/www.notibras.com\/site\/#\/schema\/logo\/image\/\",\"url\":\"https:\/\/www.notibras.com\/site\/wp-content\/uploads\/2023\/01\/notibras23.png\",\"contentUrl\":\"https:\/\/www.notibras.com\/site\/wp-content\/uploads\/2023\/01\/notibras23.png\",\"width\":350,\"height\":87,\"caption\":\"Grupo Notibras de Comunica\u00e7\u00e3o\"},\"image\":{\"@id\":\"https:\/\/www.notibras.com\/site\/#\/schema\/logo\/image\/\"},\"sameAs\":[\"https:\/\/www.facebook.com\/notibras\/\",\"https:\/\/x.com\/Notibras\",\"https:\/\/www.instagram.com\/notibras\/\"]},{\"@type\":\"Person\",\"@id\":\"https:\/\/www.notibras.com\/site\/#\/schema\/person\/36ab0979449956132d3e5b517ea76ac8\",\"name\":\"Reda\u00e7\u00e3o\",\"image\":{\"@type\":\"ImageObject\",\"inLanguage\":\"pt-BR\",\"@id\":\"https:\/\/secure.gravatar.com\/avatar\/e0a867bdedb85fd243eadf09663511f96fc81e0720a4a42581f334ad4303aa6b?s=96&d=mm&r=g\",\"url\":\"https:\/\/secure.gravatar.com\/avatar\/e0a867bdedb85fd243eadf09663511f96fc81e0720a4a42581f334ad4303aa6b?s=96&d=mm&r=g\",\"contentUrl\":\"https:\/\/secure.gravatar.com\/avatar\/e0a867bdedb85fd243eadf09663511f96fc81e0720a4a42581f334ad4303aa6b?s=96&d=mm&r=g\",\"caption\":\"Reda\u00e7\u00e3o\"}}]}<\/script>\n<!-- \/ Yoast SEO plugin. -->","yoast_head_json":{"title":"Crian\u00e7a de beira de fogo morre j\u00e1 velho de frio - Notibras","robots":{"index":"index","follow":"follow","max-snippet":"max-snippet:-1","max-image-preview":"max-image-preview:large","max-video-preview":"max-video-preview:-1"},"canonical":"https:\/\/www.notibras.com\/site\/dar-um-jeito-na-vida-nem-todo-mundo-quer\/","og_locale":"pt_BR","og_type":"article","og_title":"Crian\u00e7a de beira de fogo morre j\u00e1 velho de frio - Notibras","og_description":"A \u00fanica pra\u00e7a da cidade do Entorno &#8211; vamos manter o nome sob reserva &#8211; era salpicada por alguns bancos, a maioria quebrada. Nada de bustos de autoridades esquecidas ou de laguinho com chafariz enferrujado. O \u00fanico monumento, se \u00e9 que podemos chamar assim, era o velho Tom\u00e1s, que quase ningu\u00e9m conhecia pelo nome. Todos [&hellip;]","og_url":"https:\/\/www.notibras.com\/site\/dar-um-jeito-na-vida-nem-todo-mundo-quer\/","og_site_name":"Notibras","article_publisher":"https:\/\/www.facebook.com\/notibras\/","article_published_time":"2023-07-19T11:23:32+00:00","article_modified_time":"2023-07-19T11:23:38+00:00","og_image":[{"width":576,"height":1024,"url":"https:\/\/www.notibras.com\/site\/wp-content\/uploads\/2023\/07\/be32de80-1606-451b-bc6c-de631692a437.jpg","type":"image\/jpeg"}],"author":"Reda\u00e7\u00e3o","twitter_card":"summary_large_image","twitter_creator":"@Notibras","twitter_site":"@Notibras","twitter_misc":{"Escrito por":"Reda\u00e7\u00e3o","Est. tempo de leitura":"3 minutos"},"schema":{"@context":"https:\/\/schema.org","@graph":[{"@type":"Article","@id":"https:\/\/www.notibras.com\/site\/dar-um-jeito-na-vida-nem-todo-mundo-quer\/#article","isPartOf":{"@id":"https:\/\/www.notibras.com\/site\/dar-um-jeito-na-vida-nem-todo-mundo-quer\/"},"author":{"name":"Reda\u00e7\u00e3o","@id":"https:\/\/www.notibras.com\/site\/#\/schema\/person\/36ab0979449956132d3e5b517ea76ac8"},"headline":"Crian\u00e7a de beira de fogo morre j\u00e1 velho de frio","datePublished":"2023-07-19T11:23:32+00:00","dateModified":"2023-07-19T11:23:38+00:00","mainEntityOfPage":{"@id":"https:\/\/www.notibras.com\/site\/dar-um-jeito-na-vida-nem-todo-mundo-quer\/"},"wordCount":507,"publisher":{"@id":"https:\/\/www.notibras.com\/site\/#organization"},"image":{"@id":"https:\/\/www.notibras.com\/site\/dar-um-jeito-na-vida-nem-todo-mundo-quer\/#primaryimage"},"thumbnailUrl":"https:\/\/www.notibras.com\/site\/wp-content\/uploads\/2023\/07\/be32de80-1606-451b-bc6c-de631692a437.jpg","articleSection":["Quadradinho em Foco"],"inLanguage":"pt-BR"},{"@type":"WebPage","@id":"https:\/\/www.notibras.com\/site\/dar-um-jeito-na-vida-nem-todo-mundo-quer\/","url":"https:\/\/www.notibras.com\/site\/dar-um-jeito-na-vida-nem-todo-mundo-quer\/","name":"Crian\u00e7a de beira de fogo morre j\u00e1 velho de frio - Notibras","isPartOf":{"@id":"https:\/\/www.notibras.com\/site\/#website"},"primaryImageOfPage":{"@id":"https:\/\/www.notibras.com\/site\/dar-um-jeito-na-vida-nem-todo-mundo-quer\/#primaryimage"},"image":{"@id":"https:\/\/www.notibras.com\/site\/dar-um-jeito-na-vida-nem-todo-mundo-quer\/#primaryimage"},"thumbnailUrl":"https:\/\/www.notibras.com\/site\/wp-content\/uploads\/2023\/07\/be32de80-1606-451b-bc6c-de631692a437.jpg","datePublished":"2023-07-19T11:23:32+00:00","dateModified":"2023-07-19T11:23:38+00:00","breadcrumb":{"@id":"https:\/\/www.notibras.com\/site\/dar-um-jeito-na-vida-nem-todo-mundo-quer\/#breadcrumb"},"inLanguage":"pt-BR","potentialAction":[{"@type":"ReadAction","target":["https:\/\/www.notibras.com\/site\/dar-um-jeito-na-vida-nem-todo-mundo-quer\/"]}]},{"@type":"ImageObject","inLanguage":"pt-BR","@id":"https:\/\/www.notibras.com\/site\/dar-um-jeito-na-vida-nem-todo-mundo-quer\/#primaryimage","url":"https:\/\/www.notibras.com\/site\/wp-content\/uploads\/2023\/07\/be32de80-1606-451b-bc6c-de631692a437.jpg","contentUrl":"https:\/\/www.notibras.com\/site\/wp-content\/uploads\/2023\/07\/be32de80-1606-451b-bc6c-de631692a437.jpg","width":576,"height":1024},{"@type":"BreadcrumbList","@id":"https:\/\/www.notibras.com\/site\/dar-um-jeito-na-vida-nem-todo-mundo-quer\/#breadcrumb","itemListElement":[{"@type":"ListItem","position":1,"name":"In\u00edcio","item":"https:\/\/www.notibras.com\/site\/"},{"@type":"ListItem","position":2,"name":"Crian\u00e7a de beira de fogo morre j\u00e1 velho de frio"}]},{"@type":"WebSite","@id":"https:\/\/www.notibras.com\/site\/#website","url":"https:\/\/www.notibras.com\/site\/","name":"Notibras","description":"Not\u00edcias de Bras\u00edlia, do Brasil e do Mundo","publisher":{"@id":"https:\/\/www.notibras.com\/site\/#organization"},"potentialAction":[{"@type":"SearchAction","target":{"@type":"EntryPoint","urlTemplate":"https:\/\/www.notibras.com\/site\/?s={search_term_string}"},"query-input":{"@type":"PropertyValueSpecification","valueRequired":true,"valueName":"search_term_string"}}],"inLanguage":"pt-BR"},{"@type":"Organization","@id":"https:\/\/www.notibras.com\/site\/#organization","name":"Grupo Notibras de Comunica\u00e7\u00e3o","url":"https:\/\/www.notibras.com\/site\/","logo":{"@type":"ImageObject","inLanguage":"pt-BR","@id":"https:\/\/www.notibras.com\/site\/#\/schema\/logo\/image\/","url":"https:\/\/www.notibras.com\/site\/wp-content\/uploads\/2023\/01\/notibras23.png","contentUrl":"https:\/\/www.notibras.com\/site\/wp-content\/uploads\/2023\/01\/notibras23.png","width":350,"height":87,"caption":"Grupo Notibras de Comunica\u00e7\u00e3o"},"image":{"@id":"https:\/\/www.notibras.com\/site\/#\/schema\/logo\/image\/"},"sameAs":["https:\/\/www.facebook.com\/notibras\/","https:\/\/x.com\/Notibras","https:\/\/www.instagram.com\/notibras\/"]},{"@type":"Person","@id":"https:\/\/www.notibras.com\/site\/#\/schema\/person\/36ab0979449956132d3e5b517ea76ac8","name":"Reda\u00e7\u00e3o","image":{"@type":"ImageObject","inLanguage":"pt-BR","@id":"https:\/\/secure.gravatar.com\/avatar\/e0a867bdedb85fd243eadf09663511f96fc81e0720a4a42581f334ad4303aa6b?s=96&d=mm&r=g","url":"https:\/\/secure.gravatar.com\/avatar\/e0a867bdedb85fd243eadf09663511f96fc81e0720a4a42581f334ad4303aa6b?s=96&d=mm&r=g","contentUrl":"https:\/\/secure.gravatar.com\/avatar\/e0a867bdedb85fd243eadf09663511f96fc81e0720a4a42581f334ad4303aa6b?s=96&d=mm&r=g","caption":"Reda\u00e7\u00e3o"}}]}},"amp_enabled":true,"_links":{"self":[{"href":"https:\/\/www.notibras.com\/site\/wp-json\/wp\/v2\/posts\/309131","targetHints":{"allow":["GET"]}}],"collection":[{"href":"https:\/\/www.notibras.com\/site\/wp-json\/wp\/v2\/posts"}],"about":[{"href":"https:\/\/www.notibras.com\/site\/wp-json\/wp\/v2\/types\/post"}],"author":[{"embeddable":true,"href":"https:\/\/www.notibras.com\/site\/wp-json\/wp\/v2\/users\/2"}],"replies":[{"embeddable":true,"href":"https:\/\/www.notibras.com\/site\/wp-json\/wp\/v2\/comments?post=309131"}],"version-history":[{"count":3,"href":"https:\/\/www.notibras.com\/site\/wp-json\/wp\/v2\/posts\/309131\/revisions"}],"predecessor-version":[{"id":309156,"href":"https:\/\/www.notibras.com\/site\/wp-json\/wp\/v2\/posts\/309131\/revisions\/309156"}],"wp:featuredmedia":[{"embeddable":true,"href":"https:\/\/www.notibras.com\/site\/wp-json\/wp\/v2\/media\/309132"}],"wp:attachment":[{"href":"https:\/\/www.notibras.com\/site\/wp-json\/wp\/v2\/media?parent=309131"}],"wp:term":[{"taxonomy":"category","embeddable":true,"href":"https:\/\/www.notibras.com\/site\/wp-json\/wp\/v2\/categories?post=309131"},{"taxonomy":"post_tag","embeddable":true,"href":"https:\/\/www.notibras.com\/site\/wp-json\/wp\/v2\/tags?post=309131"}],"curies":[{"name":"wp","href":"https:\/\/api.w.org\/{rel}","templated":true}]}}