{"id":309157,"date":"2023-07-19T00:00:36","date_gmt":"2023-07-19T03:00:36","guid":{"rendered":"https:\/\/www.notibras.com\/site\/?p=309157"},"modified":"2023-07-19T08:43:05","modified_gmt":"2023-07-19T11:43:05","slug":"posto-deve-pagar-indenizacao-por-abastecer-com-combustivel-errado","status":"publish","type":"post","link":"https:\/\/www.notibras.com\/site\/posto-deve-pagar-indenizacao-por-abastecer-com-combustivel-errado\/","title":{"rendered":"Posto deve pagar indeniza\u00e7\u00e3o por abastecer com combust\u00edvel errado"},"content":{"rendered":"<p>A 6\u00aa Turma C\u00edvel do Tribunal de Justi\u00e7a do Distrito Federal e dos Territ\u00f3rios (TJDFT) manteve, por unanimidade, decis\u00e3o que condenou o Autoposto de Combust\u00edvel Flamingo a indenizar por danos materiais propriet\u00e1ria de ve\u00edculo danificado, pois teria sido abastecido com gasolina ao inv\u00e9s de diesel.<\/p>\n<p>A autora conta que, em agosto de 2020, parou no posto r\u00e9u e solicitou \u00e0 frentista que completasse o tanque com diesel. O abastecimento foi conclu\u00eddo e o pagamento finalizado no valor de R$ 349,98. No entanto, aproximadamente cinco minutos ap\u00f3s deixar o local, afirma que o ve\u00edculo parou de funcionar. A motorista ligou para o posto e informou que o problema aconteceu ap\u00f3s o abastecimento. Alega que as imagens do circuito interno foram checadas e constataram que o carro foi abastecido com gasolina. Ap\u00f3s averigua\u00e7\u00e3o da Concession\u00e1ria BMW Eurobike, constatou-se que o abastecimento equivocado causou s\u00e9rios danos mec\u00e2nicos ao autom\u00f3vel.<\/p>\n<p>A dona do carro afirma que, ap\u00f3s cinco meses e sem entrar num acordo com o r\u00e9u, decidiu assumir os preju\u00edzos, que totalizaram R$ 82.583. Gastou, ainda, cerca de R$ 3 mil, cobrado pela desmontagem do ve\u00edculo, na tentativa de um or\u00e7amento menor; R$ 1.399,10 com a produ\u00e7\u00e3o de Ata Notarial; bem como os R$ 349,90 referentes ao abastecimento pago e n\u00e3o utilizado.<\/p>\n<p>O r\u00e9u reconheceu os fatos quanto ao abastecimento com o combust\u00edvel equivocado e os danos sofridos pela autora. Por\u00e9m, contesta os valores dos reparos e demais gastos apontados. Afirma que o laudo pericial \u00e9 inconclusivo e n\u00e3o pode ser utilizado para fundamentar a condena\u00e7\u00e3o.<\/p>\n<p>Segundo avalia\u00e7\u00e3o do Desembargador relator, a autora tem direito ao ressarcimento dos gastos efetivamente comprovados com os reparos indispens\u00e1veis ao pleno funcionamento do ve\u00edculo, que foram realizados de acordo com normatiza\u00e7\u00e3o da BMW. \u201cN\u00e3o h\u00e1 como se afastar a indeniza\u00e7\u00e3o pelo tanque de combust\u00edvel e pela bateria, que foram substitu\u00eddos em raz\u00e3o do tempo que o ve\u00edculo ficou sem funcionamento, devido \u00e0 falta de acordo para ressarcimento dos danos de forma extrajudicial\u201d, explicou o magistrado.<\/p>\n<p>O julgador destacou que, de acordo com a per\u00edcia, os danos informados pela autora decorreram do abastecimento do ve\u00edculo com combust\u00edvel inadequado e foram devidamente comprovados, com correla\u00e7\u00e3o l\u00f3gica entre os recibos e as avarias. Dessa forma, o r\u00e9u ter\u00e1 de pagar \u00e0 autora R$ 87.812 pelos danos materiais causados ao autom\u00f3vel.<\/p>\n","protected":false},"excerpt":{"rendered":"<p>A 6\u00aa Turma C\u00edvel do Tribunal de Justi\u00e7a do Distrito Federal e dos Territ\u00f3rios (TJDFT) manteve, por unanimidade, decis\u00e3o que condenou o Autoposto de Combust\u00edvel Flamingo a indenizar por danos materiais propriet\u00e1ria de ve\u00edculo danificado, pois teria sido abastecido com gasolina ao inv\u00e9s de diesel. A autora conta que, em agosto de 2020, parou no [&hellip;]<\/p>\n","protected":false},"author":2,"featured_media":300056,"comment_status":"closed","ping_status":"closed","sticky":false,"template":"","format":"standard","meta":{"_acf_changed":false,"footnotes":""},"categories":[161],"tags":[],"class_list":["post-309157","post","type-post","status-publish","format-standard","has-post-thumbnail","hentry","category-quadradinho-em-foco"],"acf":[],"yoast_head":"<!-- This site is optimized with the Yoast SEO plugin v27.2 - https:\/\/yoast.com\/product\/yoast-seo-wordpress\/ -->\n<title>Posto deve pagar indeniza\u00e7\u00e3o por abastecer com combust\u00edvel errado - Notibras<\/title>\n<meta name=\"robots\" content=\"index, follow, max-snippet:-1, max-image-preview:large, max-video-preview:-1\" \/>\n<link rel=\"canonical\" href=\"https:\/\/www.notibras.com\/site\/posto-deve-pagar-indenizacao-por-abastecer-com-combustivel-errado\/\" \/>\n<meta property=\"og:locale\" content=\"pt_BR\" \/>\n<meta property=\"og:type\" content=\"article\" \/>\n<meta property=\"og:title\" content=\"Posto deve pagar indeniza\u00e7\u00e3o por abastecer com combust\u00edvel errado - Notibras\" \/>\n<meta property=\"og:description\" content=\"A 6\u00aa Turma C\u00edvel do Tribunal de Justi\u00e7a do Distrito Federal e dos Territ\u00f3rios (TJDFT) manteve, por unanimidade, decis\u00e3o que condenou o Autoposto de Combust\u00edvel Flamingo a indenizar por danos materiais propriet\u00e1ria de ve\u00edculo danificado, pois teria sido abastecido com gasolina ao inv\u00e9s de diesel. A autora conta que, em agosto de 2020, parou no [&hellip;]\" \/>\n<meta property=\"og:url\" content=\"https:\/\/www.notibras.com\/site\/posto-deve-pagar-indenizacao-por-abastecer-com-combustivel-errado\/\" \/>\n<meta property=\"og:site_name\" content=\"Notibras\" \/>\n<meta property=\"article:publisher\" content=\"https:\/\/www.facebook.com\/notibras\/\" \/>\n<meta property=\"article:published_time\" content=\"2023-07-19T03:00:36+00:00\" \/>\n<meta property=\"article:modified_time\" content=\"2023-07-19T11:43:05+00:00\" \/>\n<meta property=\"og:image\" content=\"https:\/\/www.notibras.com\/site\/wp-content\/uploads\/2023\/02\/posto_de_gasolina_jfcrz_abr_0605223809_1.jpg\" \/>\n\t<meta property=\"og:image:width\" content=\"1170\" \/>\n\t<meta property=\"og:image:height\" content=\"700\" \/>\n\t<meta property=\"og:image:type\" content=\"image\/jpeg\" \/>\n<meta name=\"author\" content=\"Reda\u00e7\u00e3o\" \/>\n<meta name=\"twitter:card\" content=\"summary_large_image\" \/>\n<meta name=\"twitter:creator\" content=\"@Notibras\" \/>\n<meta name=\"twitter:site\" content=\"@Notibras\" \/>\n<meta name=\"twitter:label1\" content=\"Escrito por\" \/>\n\t<meta name=\"twitter:data1\" content=\"Reda\u00e7\u00e3o\" \/>\n\t<meta name=\"twitter:label2\" content=\"Est. tempo de leitura\" \/>\n\t<meta name=\"twitter:data2\" content=\"3 minutos\" \/>\n<script type=\"application\/ld+json\" class=\"yoast-schema-graph\">{\"@context\":\"https:\/\/schema.org\",\"@graph\":[{\"@type\":\"Article\",\"@id\":\"https:\/\/www.notibras.com\/site\/posto-deve-pagar-indenizacao-por-abastecer-com-combustivel-errado\/#article\",\"isPartOf\":{\"@id\":\"https:\/\/www.notibras.com\/site\/posto-deve-pagar-indenizacao-por-abastecer-com-combustivel-errado\/\"},\"author\":{\"name\":\"Reda\u00e7\u00e3o\",\"@id\":\"https:\/\/www.notibras.com\/site\/#\/schema\/person\/36ab0979449956132d3e5b517ea76ac8\"},\"headline\":\"Posto deve pagar indeniza\u00e7\u00e3o por abastecer com combust\u00edvel errado\",\"datePublished\":\"2023-07-19T03:00:36+00:00\",\"dateModified\":\"2023-07-19T11:43:05+00:00\",\"mainEntityOfPage\":{\"@id\":\"https:\/\/www.notibras.com\/site\/posto-deve-pagar-indenizacao-por-abastecer-com-combustivel-errado\/\"},\"wordCount\":427,\"publisher\":{\"@id\":\"https:\/\/www.notibras.com\/site\/#organization\"},\"image\":{\"@id\":\"https:\/\/www.notibras.com\/site\/posto-deve-pagar-indenizacao-por-abastecer-com-combustivel-errado\/#primaryimage\"},\"thumbnailUrl\":\"https:\/\/www.notibras.com\/site\/wp-content\/uploads\/2023\/02\/posto_de_gasolina_jfcrz_abr_0605223809_1.jpg\",\"articleSection\":[\"Quadradinho em Foco\"],\"inLanguage\":\"pt-BR\"},{\"@type\":\"WebPage\",\"@id\":\"https:\/\/www.notibras.com\/site\/posto-deve-pagar-indenizacao-por-abastecer-com-combustivel-errado\/\",\"url\":\"https:\/\/www.notibras.com\/site\/posto-deve-pagar-indenizacao-por-abastecer-com-combustivel-errado\/\",\"name\":\"Posto deve pagar indeniza\u00e7\u00e3o por abastecer com combust\u00edvel errado - Notibras\",\"isPartOf\":{\"@id\":\"https:\/\/www.notibras.com\/site\/#website\"},\"primaryImageOfPage\":{\"@id\":\"https:\/\/www.notibras.com\/site\/posto-deve-pagar-indenizacao-por-abastecer-com-combustivel-errado\/#primaryimage\"},\"image\":{\"@id\":\"https:\/\/www.notibras.com\/site\/posto-deve-pagar-indenizacao-por-abastecer-com-combustivel-errado\/#primaryimage\"},\"thumbnailUrl\":\"https:\/\/www.notibras.com\/site\/wp-content\/uploads\/2023\/02\/posto_de_gasolina_jfcrz_abr_0605223809_1.jpg\",\"datePublished\":\"2023-07-19T03:00:36+00:00\",\"dateModified\":\"2023-07-19T11:43:05+00:00\",\"breadcrumb\":{\"@id\":\"https:\/\/www.notibras.com\/site\/posto-deve-pagar-indenizacao-por-abastecer-com-combustivel-errado\/#breadcrumb\"},\"inLanguage\":\"pt-BR\",\"potentialAction\":[{\"@type\":\"ReadAction\",\"target\":[\"https:\/\/www.notibras.com\/site\/posto-deve-pagar-indenizacao-por-abastecer-com-combustivel-errado\/\"]}]},{\"@type\":\"ImageObject\",\"inLanguage\":\"pt-BR\",\"@id\":\"https:\/\/www.notibras.com\/site\/posto-deve-pagar-indenizacao-por-abastecer-com-combustivel-errado\/#primaryimage\",\"url\":\"https:\/\/www.notibras.com\/site\/wp-content\/uploads\/2023\/02\/posto_de_gasolina_jfcrz_abr_0605223809_1.jpg\",\"contentUrl\":\"https:\/\/www.notibras.com\/site\/wp-content\/uploads\/2023\/02\/posto_de_gasolina_jfcrz_abr_0605223809_1.jpg\",\"width\":1170,\"height\":700,\"caption\":\"Posto de combust\u00edvel\"},{\"@type\":\"BreadcrumbList\",\"@id\":\"https:\/\/www.notibras.com\/site\/posto-deve-pagar-indenizacao-por-abastecer-com-combustivel-errado\/#breadcrumb\",\"itemListElement\":[{\"@type\":\"ListItem\",\"position\":1,\"name\":\"In\u00edcio\",\"item\":\"https:\/\/www.notibras.com\/site\/\"},{\"@type\":\"ListItem\",\"position\":2,\"name\":\"Posto deve pagar indeniza\u00e7\u00e3o por abastecer com combust\u00edvel errado\"}]},{\"@type\":\"WebSite\",\"@id\":\"https:\/\/www.notibras.com\/site\/#website\",\"url\":\"https:\/\/www.notibras.com\/site\/\",\"name\":\"Notibras\",\"description\":\"Not\u00edcias de Bras\u00edlia, do Brasil e do Mundo\",\"publisher\":{\"@id\":\"https:\/\/www.notibras.com\/site\/#organization\"},\"potentialAction\":[{\"@type\":\"SearchAction\",\"target\":{\"@type\":\"EntryPoint\",\"urlTemplate\":\"https:\/\/www.notibras.com\/site\/?s={search_term_string}\"},\"query-input\":{\"@type\":\"PropertyValueSpecification\",\"valueRequired\":true,\"valueName\":\"search_term_string\"}}],\"inLanguage\":\"pt-BR\"},{\"@type\":\"Organization\",\"@id\":\"https:\/\/www.notibras.com\/site\/#organization\",\"name\":\"Grupo Notibras de Comunica\u00e7\u00e3o\",\"url\":\"https:\/\/www.notibras.com\/site\/\",\"logo\":{\"@type\":\"ImageObject\",\"inLanguage\":\"pt-BR\",\"@id\":\"https:\/\/www.notibras.com\/site\/#\/schema\/logo\/image\/\",\"url\":\"https:\/\/www.notibras.com\/site\/wp-content\/uploads\/2023\/01\/notibras23.png\",\"contentUrl\":\"https:\/\/www.notibras.com\/site\/wp-content\/uploads\/2023\/01\/notibras23.png\",\"width\":350,\"height\":87,\"caption\":\"Grupo Notibras de Comunica\u00e7\u00e3o\"},\"image\":{\"@id\":\"https:\/\/www.notibras.com\/site\/#\/schema\/logo\/image\/\"},\"sameAs\":[\"https:\/\/www.facebook.com\/notibras\/\",\"https:\/\/x.com\/Notibras\",\"https:\/\/www.instagram.com\/notibras\/\"]},{\"@type\":\"Person\",\"@id\":\"https:\/\/www.notibras.com\/site\/#\/schema\/person\/36ab0979449956132d3e5b517ea76ac8\",\"name\":\"Reda\u00e7\u00e3o\",\"image\":{\"@type\":\"ImageObject\",\"inLanguage\":\"pt-BR\",\"@id\":\"https:\/\/secure.gravatar.com\/avatar\/e0a867bdedb85fd243eadf09663511f96fc81e0720a4a42581f334ad4303aa6b?s=96&d=mm&r=g\",\"url\":\"https:\/\/secure.gravatar.com\/avatar\/e0a867bdedb85fd243eadf09663511f96fc81e0720a4a42581f334ad4303aa6b?s=96&d=mm&r=g\",\"contentUrl\":\"https:\/\/secure.gravatar.com\/avatar\/e0a867bdedb85fd243eadf09663511f96fc81e0720a4a42581f334ad4303aa6b?s=96&d=mm&r=g\",\"caption\":\"Reda\u00e7\u00e3o\"}}]}<\/script>\n<!-- \/ Yoast SEO plugin. -->","yoast_head_json":{"title":"Posto deve pagar indeniza\u00e7\u00e3o por abastecer com combust\u00edvel errado - Notibras","robots":{"index":"index","follow":"follow","max-snippet":"max-snippet:-1","max-image-preview":"max-image-preview:large","max-video-preview":"max-video-preview:-1"},"canonical":"https:\/\/www.notibras.com\/site\/posto-deve-pagar-indenizacao-por-abastecer-com-combustivel-errado\/","og_locale":"pt_BR","og_type":"article","og_title":"Posto deve pagar indeniza\u00e7\u00e3o por abastecer com combust\u00edvel errado - Notibras","og_description":"A 6\u00aa Turma C\u00edvel do Tribunal de Justi\u00e7a do Distrito Federal e dos Territ\u00f3rios (TJDFT) manteve, por unanimidade, decis\u00e3o que condenou o Autoposto de Combust\u00edvel Flamingo a indenizar por danos materiais propriet\u00e1ria de ve\u00edculo danificado, pois teria sido abastecido com gasolina ao inv\u00e9s de diesel. A autora conta que, em agosto de 2020, parou no [&hellip;]","og_url":"https:\/\/www.notibras.com\/site\/posto-deve-pagar-indenizacao-por-abastecer-com-combustivel-errado\/","og_site_name":"Notibras","article_publisher":"https:\/\/www.facebook.com\/notibras\/","article_published_time":"2023-07-19T03:00:36+00:00","article_modified_time":"2023-07-19T11:43:05+00:00","og_image":[{"width":1170,"height":700,"url":"https:\/\/www.notibras.com\/site\/wp-content\/uploads\/2023\/02\/posto_de_gasolina_jfcrz_abr_0605223809_1.jpg","type":"image\/jpeg"}],"author":"Reda\u00e7\u00e3o","twitter_card":"summary_large_image","twitter_creator":"@Notibras","twitter_site":"@Notibras","twitter_misc":{"Escrito por":"Reda\u00e7\u00e3o","Est. tempo de leitura":"3 minutos"},"schema":{"@context":"https:\/\/schema.org","@graph":[{"@type":"Article","@id":"https:\/\/www.notibras.com\/site\/posto-deve-pagar-indenizacao-por-abastecer-com-combustivel-errado\/#article","isPartOf":{"@id":"https:\/\/www.notibras.com\/site\/posto-deve-pagar-indenizacao-por-abastecer-com-combustivel-errado\/"},"author":{"name":"Reda\u00e7\u00e3o","@id":"https:\/\/www.notibras.com\/site\/#\/schema\/person\/36ab0979449956132d3e5b517ea76ac8"},"headline":"Posto deve pagar indeniza\u00e7\u00e3o por abastecer com combust\u00edvel errado","datePublished":"2023-07-19T03:00:36+00:00","dateModified":"2023-07-19T11:43:05+00:00","mainEntityOfPage":{"@id":"https:\/\/www.notibras.com\/site\/posto-deve-pagar-indenizacao-por-abastecer-com-combustivel-errado\/"},"wordCount":427,"publisher":{"@id":"https:\/\/www.notibras.com\/site\/#organization"},"image":{"@id":"https:\/\/www.notibras.com\/site\/posto-deve-pagar-indenizacao-por-abastecer-com-combustivel-errado\/#primaryimage"},"thumbnailUrl":"https:\/\/www.notibras.com\/site\/wp-content\/uploads\/2023\/02\/posto_de_gasolina_jfcrz_abr_0605223809_1.jpg","articleSection":["Quadradinho em Foco"],"inLanguage":"pt-BR"},{"@type":"WebPage","@id":"https:\/\/www.notibras.com\/site\/posto-deve-pagar-indenizacao-por-abastecer-com-combustivel-errado\/","url":"https:\/\/www.notibras.com\/site\/posto-deve-pagar-indenizacao-por-abastecer-com-combustivel-errado\/","name":"Posto deve pagar indeniza\u00e7\u00e3o por abastecer com combust\u00edvel errado - Notibras","isPartOf":{"@id":"https:\/\/www.notibras.com\/site\/#website"},"primaryImageOfPage":{"@id":"https:\/\/www.notibras.com\/site\/posto-deve-pagar-indenizacao-por-abastecer-com-combustivel-errado\/#primaryimage"},"image":{"@id":"https:\/\/www.notibras.com\/site\/posto-deve-pagar-indenizacao-por-abastecer-com-combustivel-errado\/#primaryimage"},"thumbnailUrl":"https:\/\/www.notibras.com\/site\/wp-content\/uploads\/2023\/02\/posto_de_gasolina_jfcrz_abr_0605223809_1.jpg","datePublished":"2023-07-19T03:00:36+00:00","dateModified":"2023-07-19T11:43:05+00:00","breadcrumb":{"@id":"https:\/\/www.notibras.com\/site\/posto-deve-pagar-indenizacao-por-abastecer-com-combustivel-errado\/#breadcrumb"},"inLanguage":"pt-BR","potentialAction":[{"@type":"ReadAction","target":["https:\/\/www.notibras.com\/site\/posto-deve-pagar-indenizacao-por-abastecer-com-combustivel-errado\/"]}]},{"@type":"ImageObject","inLanguage":"pt-BR","@id":"https:\/\/www.notibras.com\/site\/posto-deve-pagar-indenizacao-por-abastecer-com-combustivel-errado\/#primaryimage","url":"https:\/\/www.notibras.com\/site\/wp-content\/uploads\/2023\/02\/posto_de_gasolina_jfcrz_abr_0605223809_1.jpg","contentUrl":"https:\/\/www.notibras.com\/site\/wp-content\/uploads\/2023\/02\/posto_de_gasolina_jfcrz_abr_0605223809_1.jpg","width":1170,"height":700,"caption":"Posto de combust\u00edvel"},{"@type":"BreadcrumbList","@id":"https:\/\/www.notibras.com\/site\/posto-deve-pagar-indenizacao-por-abastecer-com-combustivel-errado\/#breadcrumb","itemListElement":[{"@type":"ListItem","position":1,"name":"In\u00edcio","item":"https:\/\/www.notibras.com\/site\/"},{"@type":"ListItem","position":2,"name":"Posto deve pagar indeniza\u00e7\u00e3o por abastecer com combust\u00edvel errado"}]},{"@type":"WebSite","@id":"https:\/\/www.notibras.com\/site\/#website","url":"https:\/\/www.notibras.com\/site\/","name":"Notibras","description":"Not\u00edcias de Bras\u00edlia, do Brasil e do Mundo","publisher":{"@id":"https:\/\/www.notibras.com\/site\/#organization"},"potentialAction":[{"@type":"SearchAction","target":{"@type":"EntryPoint","urlTemplate":"https:\/\/www.notibras.com\/site\/?s={search_term_string}"},"query-input":{"@type":"PropertyValueSpecification","valueRequired":true,"valueName":"search_term_string"}}],"inLanguage":"pt-BR"},{"@type":"Organization","@id":"https:\/\/www.notibras.com\/site\/#organization","name":"Grupo Notibras de Comunica\u00e7\u00e3o","url":"https:\/\/www.notibras.com\/site\/","logo":{"@type":"ImageObject","inLanguage":"pt-BR","@id":"https:\/\/www.notibras.com\/site\/#\/schema\/logo\/image\/","url":"https:\/\/www.notibras.com\/site\/wp-content\/uploads\/2023\/01\/notibras23.png","contentUrl":"https:\/\/www.notibras.com\/site\/wp-content\/uploads\/2023\/01\/notibras23.png","width":350,"height":87,"caption":"Grupo Notibras de Comunica\u00e7\u00e3o"},"image":{"@id":"https:\/\/www.notibras.com\/site\/#\/schema\/logo\/image\/"},"sameAs":["https:\/\/www.facebook.com\/notibras\/","https:\/\/x.com\/Notibras","https:\/\/www.instagram.com\/notibras\/"]},{"@type":"Person","@id":"https:\/\/www.notibras.com\/site\/#\/schema\/person\/36ab0979449956132d3e5b517ea76ac8","name":"Reda\u00e7\u00e3o","image":{"@type":"ImageObject","inLanguage":"pt-BR","@id":"https:\/\/secure.gravatar.com\/avatar\/e0a867bdedb85fd243eadf09663511f96fc81e0720a4a42581f334ad4303aa6b?s=96&d=mm&r=g","url":"https:\/\/secure.gravatar.com\/avatar\/e0a867bdedb85fd243eadf09663511f96fc81e0720a4a42581f334ad4303aa6b?s=96&d=mm&r=g","contentUrl":"https:\/\/secure.gravatar.com\/avatar\/e0a867bdedb85fd243eadf09663511f96fc81e0720a4a42581f334ad4303aa6b?s=96&d=mm&r=g","caption":"Reda\u00e7\u00e3o"}}]}},"amp_enabled":true,"_links":{"self":[{"href":"https:\/\/www.notibras.com\/site\/wp-json\/wp\/v2\/posts\/309157","targetHints":{"allow":["GET"]}}],"collection":[{"href":"https:\/\/www.notibras.com\/site\/wp-json\/wp\/v2\/posts"}],"about":[{"href":"https:\/\/www.notibras.com\/site\/wp-json\/wp\/v2\/types\/post"}],"author":[{"embeddable":true,"href":"https:\/\/www.notibras.com\/site\/wp-json\/wp\/v2\/users\/2"}],"replies":[{"embeddable":true,"href":"https:\/\/www.notibras.com\/site\/wp-json\/wp\/v2\/comments?post=309157"}],"version-history":[{"count":1,"href":"https:\/\/www.notibras.com\/site\/wp-json\/wp\/v2\/posts\/309157\/revisions"}],"predecessor-version":[{"id":309158,"href":"https:\/\/www.notibras.com\/site\/wp-json\/wp\/v2\/posts\/309157\/revisions\/309158"}],"wp:featuredmedia":[{"embeddable":true,"href":"https:\/\/www.notibras.com\/site\/wp-json\/wp\/v2\/media\/300056"}],"wp:attachment":[{"href":"https:\/\/www.notibras.com\/site\/wp-json\/wp\/v2\/media?parent=309157"}],"wp:term":[{"taxonomy":"category","embeddable":true,"href":"https:\/\/www.notibras.com\/site\/wp-json\/wp\/v2\/categories?post=309157"},{"taxonomy":"post_tag","embeddable":true,"href":"https:\/\/www.notibras.com\/site\/wp-json\/wp\/v2\/tags?post=309157"}],"curies":[{"name":"wp","href":"https:\/\/api.w.org\/{rel}","templated":true}]}}