{"id":309161,"date":"2023-07-19T00:00:34","date_gmt":"2023-07-19T03:00:34","guid":{"rendered":"https:\/\/www.notibras.com\/site\/?p=309161"},"modified":"2023-07-19T08:53:15","modified_gmt":"2023-07-19T11:53:15","slug":"casal-tera-indenizacao-de-hospital-que-atrasou-diagnostico","status":"publish","type":"post","link":"https:\/\/www.notibras.com\/site\/casal-tera-indenizacao-de-hospital-que-atrasou-diagnostico\/","title":{"rendered":"Casal ter\u00e1 indeniza\u00e7\u00e3o de hospital que atrasou diagn\u00f3stico"},"content":{"rendered":"<p>A 5\u00aa Turma C\u00edvel do Tribunal de Justi\u00e7a do Distrito Federal e dos Territ\u00f3rios (TJDFT) manteve decis\u00e3o que condenou, por unanimidade, o Hospital Lago Sul ao pagamento de indeniza\u00e7\u00e3o a um casal, em raz\u00e3o de atraso no diagn\u00f3stico e tratamento de enfermidade. A decis\u00e3o estabeleceu a quantia de R$ 15 mil, a ser paga \u00e0 mulher, e de R$ 6 mil, a ser paga ao seu marido, ambas, a t\u00edtulo de danos morais.<\/p>\n<p>De acordo com o processo, em 14 de janeiro de 2020, a mulher foi encaminhada ao hospital da r\u00e9, queixando-se de forte dor abdominal. Consta que a autora foi submetida a exames, por\u00e9m o exame f\u00edsico ginecol\u00f3gico completo da paciente n\u00e3o foi realizado.<\/p>\n<p>Os autores afirmam que, no dia 16 de janeiro de 2020, as dores ainda n\u00e3o haviam cessado e o tratamento da paciente se limitava \u00e0 ingest\u00e3o de medicamento para al\u00edvio da dor e das n\u00e1useas. Contam que o m\u00e9dico do hospital r\u00e9u, no dia 18 do mesmo m\u00eas, informou \u00e0 acompanhante do dia que o laudo da resson\u00e2ncia apontou que a paciente n\u00e3o tinha nada e que suas dores eram psicol\u00f3gicas. Por fim, o c\u00f4njuge da paciente solicitou parecer de m\u00e9dica, n\u00e3o pertencente ao hospital r\u00e9u, ocasi\u00e3o em que foi informado de que o caso exigia tratamento cir\u00fargico urgente.<\/p>\n<p>Na defesa, o r\u00e9u sustenta que n\u00e3o houve falha na presta\u00e7\u00e3o dos servi\u00e7os m\u00e9dicos e que n\u00e3o se pode concluir neglig\u00eancia na defini\u00e7\u00e3o do diagn\u00f3stico. Argumenta que tamb\u00e9m n\u00e3o negligenciou a aplica\u00e7\u00e3o do tratamento no tempo certo e que a paciente foi amplamente investigada com a realiza\u00e7\u00e3o de in\u00fameros exames.<\/p>\n<p>Na decis\u00e3o, o colegiado afirmou que o caso \u00e9 de clara neglig\u00eancia m\u00e9dica por parte do hospital r\u00e9u. Explicou que os profissionais deram excessiva import\u00e2ncia a exames de imagem e laboratoriais e se esqueceram de fazer o b\u00e1sico, que seria o exame f\u00edsico ginecol\u00f3gico. Disse, ainda, que com a ado\u00e7\u00e3o desse procedimento b\u00e1sico a doen\u00e7a poderia ter disso diagn\u00f3stica, conforme atesta a per\u00edcia.<\/p>\n<p>Por fim, a Turma destacou o fato de ter sido necess\u00e1rio buscar outro m\u00e9dico, fora do estabelecimento hospitalar, que levasse a s\u00e9rio a sintomatologia apresentada pela paciente. Diante disso, o exame f\u00edsico ginecol\u00f3gico realizado por outro profissional \u00e9 que permitiu que fosse feito o diagn\u00f3stico e tratamento adequado, com melhora r\u00e1pida e expressiva da autora. Assim, \u201ca neglig\u00eancia do hospital r\u00e9u ao n\u00e3o realizar o exame f\u00edsico ginecol\u00f3gico na autora [&#8230;] enseja repara\u00e7\u00e3o por danos extrapatrimoniais a ela e a seu esposo (por ricochete), porquanto tiveram por violadas de maneira grave a integridade psicof\u00edsica\u201d, concluiu.<\/p>\n","protected":false},"excerpt":{"rendered":"<p>A 5\u00aa Turma C\u00edvel do Tribunal de Justi\u00e7a do Distrito Federal e dos Territ\u00f3rios (TJDFT) manteve decis\u00e3o que condenou, por unanimidade, o Hospital Lago Sul ao pagamento de indeniza\u00e7\u00e3o a um casal, em raz\u00e3o de atraso no diagn\u00f3stico e tratamento de enfermidade. A decis\u00e3o estabeleceu a quantia de R$ 15 mil, a ser paga \u00e0 [&hellip;]<\/p>\n","protected":false},"author":2,"featured_media":296640,"comment_status":"closed","ping_status":"closed","sticky":false,"template":"","format":"standard","meta":{"_acf_changed":false,"footnotes":""},"categories":[161],"tags":[],"class_list":["post-309161","post","type-post","status-publish","format-standard","has-post-thumbnail","hentry","category-quadradinho-em-foco"],"acf":[],"yoast_head":"<!-- This site is optimized with the Yoast SEO plugin v27.2 - https:\/\/yoast.com\/product\/yoast-seo-wordpress\/ -->\n<title>Casal ter\u00e1 indeniza\u00e7\u00e3o de hospital que atrasou diagn\u00f3stico - Notibras<\/title>\n<meta name=\"robots\" content=\"index, follow, max-snippet:-1, max-image-preview:large, max-video-preview:-1\" \/>\n<link rel=\"canonical\" href=\"https:\/\/www.notibras.com\/site\/casal-tera-indenizacao-de-hospital-que-atrasou-diagnostico\/\" \/>\n<meta property=\"og:locale\" content=\"pt_BR\" \/>\n<meta property=\"og:type\" content=\"article\" \/>\n<meta property=\"og:title\" content=\"Casal ter\u00e1 indeniza\u00e7\u00e3o de hospital que atrasou diagn\u00f3stico - Notibras\" \/>\n<meta property=\"og:description\" content=\"A 5\u00aa Turma C\u00edvel do Tribunal de Justi\u00e7a do Distrito Federal e dos Territ\u00f3rios (TJDFT) manteve decis\u00e3o que condenou, por unanimidade, o Hospital Lago Sul ao pagamento de indeniza\u00e7\u00e3o a um casal, em raz\u00e3o de atraso no diagn\u00f3stico e tratamento de enfermidade. A decis\u00e3o estabeleceu a quantia de R$ 15 mil, a ser paga \u00e0 [&hellip;]\" \/>\n<meta property=\"og:url\" content=\"https:\/\/www.notibras.com\/site\/casal-tera-indenizacao-de-hospital-que-atrasou-diagnostico\/\" \/>\n<meta property=\"og:site_name\" content=\"Notibras\" \/>\n<meta property=\"article:publisher\" content=\"https:\/\/www.facebook.com\/notibras\/\" \/>\n<meta property=\"article:published_time\" content=\"2023-07-19T03:00:34+00:00\" \/>\n<meta property=\"article:modified_time\" content=\"2023-07-19T11:53:15+00:00\" \/>\n<meta property=\"og:image\" content=\"https:\/\/www.notibras.com\/site\/wp-content\/uploads\/2022\/12\/real_moeda_50_reais020120a84t47165203.jpg\" \/>\n\t<meta property=\"og:image:width\" content=\"770\" \/>\n\t<meta property=\"og:image:height\" content=\"513\" \/>\n\t<meta property=\"og:image:type\" content=\"image\/jpeg\" \/>\n<meta name=\"author\" content=\"Reda\u00e7\u00e3o\" \/>\n<meta name=\"twitter:card\" content=\"summary_large_image\" \/>\n<meta name=\"twitter:creator\" content=\"@Notibras\" \/>\n<meta name=\"twitter:site\" content=\"@Notibras\" \/>\n<meta name=\"twitter:label1\" content=\"Escrito por\" \/>\n\t<meta name=\"twitter:data1\" content=\"Reda\u00e7\u00e3o\" \/>\n\t<meta name=\"twitter:label2\" content=\"Est. tempo de leitura\" \/>\n\t<meta name=\"twitter:data2\" content=\"3 minutos\" \/>\n<script type=\"application\/ld+json\" class=\"yoast-schema-graph\">{\"@context\":\"https:\/\/schema.org\",\"@graph\":[{\"@type\":\"Article\",\"@id\":\"https:\/\/www.notibras.com\/site\/casal-tera-indenizacao-de-hospital-que-atrasou-diagnostico\/#article\",\"isPartOf\":{\"@id\":\"https:\/\/www.notibras.com\/site\/casal-tera-indenizacao-de-hospital-que-atrasou-diagnostico\/\"},\"author\":{\"name\":\"Reda\u00e7\u00e3o\",\"@id\":\"https:\/\/www.notibras.com\/site\/#\/schema\/person\/36ab0979449956132d3e5b517ea76ac8\"},\"headline\":\"Casal ter\u00e1 indeniza\u00e7\u00e3o de hospital que atrasou diagn\u00f3stico\",\"datePublished\":\"2023-07-19T03:00:34+00:00\",\"dateModified\":\"2023-07-19T11:53:15+00:00\",\"mainEntityOfPage\":{\"@id\":\"https:\/\/www.notibras.com\/site\/casal-tera-indenizacao-de-hospital-que-atrasou-diagnostico\/\"},\"wordCount\":489,\"publisher\":{\"@id\":\"https:\/\/www.notibras.com\/site\/#organization\"},\"image\":{\"@id\":\"https:\/\/www.notibras.com\/site\/casal-tera-indenizacao-de-hospital-que-atrasou-diagnostico\/#primaryimage\"},\"thumbnailUrl\":\"https:\/\/www.notibras.com\/site\/wp-content\/uploads\/2022\/12\/real_moeda_50_reais020120a84t47165203.jpg\",\"articleSection\":[\"Quadradinho em Foco\"],\"inLanguage\":\"pt-BR\"},{\"@type\":\"WebPage\",\"@id\":\"https:\/\/www.notibras.com\/site\/casal-tera-indenizacao-de-hospital-que-atrasou-diagnostico\/\",\"url\":\"https:\/\/www.notibras.com\/site\/casal-tera-indenizacao-de-hospital-que-atrasou-diagnostico\/\",\"name\":\"Casal ter\u00e1 indeniza\u00e7\u00e3o de hospital que atrasou diagn\u00f3stico - Notibras\",\"isPartOf\":{\"@id\":\"https:\/\/www.notibras.com\/site\/#website\"},\"primaryImageOfPage\":{\"@id\":\"https:\/\/www.notibras.com\/site\/casal-tera-indenizacao-de-hospital-que-atrasou-diagnostico\/#primaryimage\"},\"image\":{\"@id\":\"https:\/\/www.notibras.com\/site\/casal-tera-indenizacao-de-hospital-que-atrasou-diagnostico\/#primaryimage\"},\"thumbnailUrl\":\"https:\/\/www.notibras.com\/site\/wp-content\/uploads\/2022\/12\/real_moeda_50_reais020120a84t47165203.jpg\",\"datePublished\":\"2023-07-19T03:00:34+00:00\",\"dateModified\":\"2023-07-19T11:53:15+00:00\",\"breadcrumb\":{\"@id\":\"https:\/\/www.notibras.com\/site\/casal-tera-indenizacao-de-hospital-que-atrasou-diagnostico\/#breadcrumb\"},\"inLanguage\":\"pt-BR\",\"potentialAction\":[{\"@type\":\"ReadAction\",\"target\":[\"https:\/\/www.notibras.com\/site\/casal-tera-indenizacao-de-hospital-que-atrasou-diagnostico\/\"]}]},{\"@type\":\"ImageObject\",\"inLanguage\":\"pt-BR\",\"@id\":\"https:\/\/www.notibras.com\/site\/casal-tera-indenizacao-de-hospital-que-atrasou-diagnostico\/#primaryimage\",\"url\":\"https:\/\/www.notibras.com\/site\/wp-content\/uploads\/2022\/12\/real_moeda_50_reais020120a84t47165203.jpg\",\"contentUrl\":\"https:\/\/www.notibras.com\/site\/wp-content\/uploads\/2022\/12\/real_moeda_50_reais020120a84t47165203.jpg\",\"width\":770,\"height\":513,\"caption\":\"Moeda Nacional, Real, Dinheiro, notas de real\"},{\"@type\":\"BreadcrumbList\",\"@id\":\"https:\/\/www.notibras.com\/site\/casal-tera-indenizacao-de-hospital-que-atrasou-diagnostico\/#breadcrumb\",\"itemListElement\":[{\"@type\":\"ListItem\",\"position\":1,\"name\":\"In\u00edcio\",\"item\":\"https:\/\/www.notibras.com\/site\/\"},{\"@type\":\"ListItem\",\"position\":2,\"name\":\"Casal ter\u00e1 indeniza\u00e7\u00e3o de hospital que atrasou diagn\u00f3stico\"}]},{\"@type\":\"WebSite\",\"@id\":\"https:\/\/www.notibras.com\/site\/#website\",\"url\":\"https:\/\/www.notibras.com\/site\/\",\"name\":\"Notibras\",\"description\":\"Not\u00edcias de Bras\u00edlia, do Brasil e do Mundo\",\"publisher\":{\"@id\":\"https:\/\/www.notibras.com\/site\/#organization\"},\"potentialAction\":[{\"@type\":\"SearchAction\",\"target\":{\"@type\":\"EntryPoint\",\"urlTemplate\":\"https:\/\/www.notibras.com\/site\/?s={search_term_string}\"},\"query-input\":{\"@type\":\"PropertyValueSpecification\",\"valueRequired\":true,\"valueName\":\"search_term_string\"}}],\"inLanguage\":\"pt-BR\"},{\"@type\":\"Organization\",\"@id\":\"https:\/\/www.notibras.com\/site\/#organization\",\"name\":\"Grupo Notibras de Comunica\u00e7\u00e3o\",\"url\":\"https:\/\/www.notibras.com\/site\/\",\"logo\":{\"@type\":\"ImageObject\",\"inLanguage\":\"pt-BR\",\"@id\":\"https:\/\/www.notibras.com\/site\/#\/schema\/logo\/image\/\",\"url\":\"https:\/\/www.notibras.com\/site\/wp-content\/uploads\/2023\/01\/notibras23.png\",\"contentUrl\":\"https:\/\/www.notibras.com\/site\/wp-content\/uploads\/2023\/01\/notibras23.png\",\"width\":350,\"height\":87,\"caption\":\"Grupo Notibras de Comunica\u00e7\u00e3o\"},\"image\":{\"@id\":\"https:\/\/www.notibras.com\/site\/#\/schema\/logo\/image\/\"},\"sameAs\":[\"https:\/\/www.facebook.com\/notibras\/\",\"https:\/\/x.com\/Notibras\",\"https:\/\/www.instagram.com\/notibras\/\"]},{\"@type\":\"Person\",\"@id\":\"https:\/\/www.notibras.com\/site\/#\/schema\/person\/36ab0979449956132d3e5b517ea76ac8\",\"name\":\"Reda\u00e7\u00e3o\",\"image\":{\"@type\":\"ImageObject\",\"inLanguage\":\"pt-BR\",\"@id\":\"https:\/\/secure.gravatar.com\/avatar\/e0a867bdedb85fd243eadf09663511f96fc81e0720a4a42581f334ad4303aa6b?s=96&d=mm&r=g\",\"url\":\"https:\/\/secure.gravatar.com\/avatar\/e0a867bdedb85fd243eadf09663511f96fc81e0720a4a42581f334ad4303aa6b?s=96&d=mm&r=g\",\"contentUrl\":\"https:\/\/secure.gravatar.com\/avatar\/e0a867bdedb85fd243eadf09663511f96fc81e0720a4a42581f334ad4303aa6b?s=96&d=mm&r=g\",\"caption\":\"Reda\u00e7\u00e3o\"}}]}<\/script>\n<!-- \/ Yoast SEO plugin. -->","yoast_head_json":{"title":"Casal ter\u00e1 indeniza\u00e7\u00e3o de hospital que atrasou diagn\u00f3stico - Notibras","robots":{"index":"index","follow":"follow","max-snippet":"max-snippet:-1","max-image-preview":"max-image-preview:large","max-video-preview":"max-video-preview:-1"},"canonical":"https:\/\/www.notibras.com\/site\/casal-tera-indenizacao-de-hospital-que-atrasou-diagnostico\/","og_locale":"pt_BR","og_type":"article","og_title":"Casal ter\u00e1 indeniza\u00e7\u00e3o de hospital que atrasou diagn\u00f3stico - Notibras","og_description":"A 5\u00aa Turma C\u00edvel do Tribunal de Justi\u00e7a do Distrito Federal e dos Territ\u00f3rios (TJDFT) manteve decis\u00e3o que condenou, por unanimidade, o Hospital Lago Sul ao pagamento de indeniza\u00e7\u00e3o a um casal, em raz\u00e3o de atraso no diagn\u00f3stico e tratamento de enfermidade. A decis\u00e3o estabeleceu a quantia de R$ 15 mil, a ser paga \u00e0 [&hellip;]","og_url":"https:\/\/www.notibras.com\/site\/casal-tera-indenizacao-de-hospital-que-atrasou-diagnostico\/","og_site_name":"Notibras","article_publisher":"https:\/\/www.facebook.com\/notibras\/","article_published_time":"2023-07-19T03:00:34+00:00","article_modified_time":"2023-07-19T11:53:15+00:00","og_image":[{"width":770,"height":513,"url":"https:\/\/www.notibras.com\/site\/wp-content\/uploads\/2022\/12\/real_moeda_50_reais020120a84t47165203.jpg","type":"image\/jpeg"}],"author":"Reda\u00e7\u00e3o","twitter_card":"summary_large_image","twitter_creator":"@Notibras","twitter_site":"@Notibras","twitter_misc":{"Escrito por":"Reda\u00e7\u00e3o","Est. tempo de leitura":"3 minutos"},"schema":{"@context":"https:\/\/schema.org","@graph":[{"@type":"Article","@id":"https:\/\/www.notibras.com\/site\/casal-tera-indenizacao-de-hospital-que-atrasou-diagnostico\/#article","isPartOf":{"@id":"https:\/\/www.notibras.com\/site\/casal-tera-indenizacao-de-hospital-que-atrasou-diagnostico\/"},"author":{"name":"Reda\u00e7\u00e3o","@id":"https:\/\/www.notibras.com\/site\/#\/schema\/person\/36ab0979449956132d3e5b517ea76ac8"},"headline":"Casal ter\u00e1 indeniza\u00e7\u00e3o de hospital que atrasou diagn\u00f3stico","datePublished":"2023-07-19T03:00:34+00:00","dateModified":"2023-07-19T11:53:15+00:00","mainEntityOfPage":{"@id":"https:\/\/www.notibras.com\/site\/casal-tera-indenizacao-de-hospital-que-atrasou-diagnostico\/"},"wordCount":489,"publisher":{"@id":"https:\/\/www.notibras.com\/site\/#organization"},"image":{"@id":"https:\/\/www.notibras.com\/site\/casal-tera-indenizacao-de-hospital-que-atrasou-diagnostico\/#primaryimage"},"thumbnailUrl":"https:\/\/www.notibras.com\/site\/wp-content\/uploads\/2022\/12\/real_moeda_50_reais020120a84t47165203.jpg","articleSection":["Quadradinho em Foco"],"inLanguage":"pt-BR"},{"@type":"WebPage","@id":"https:\/\/www.notibras.com\/site\/casal-tera-indenizacao-de-hospital-que-atrasou-diagnostico\/","url":"https:\/\/www.notibras.com\/site\/casal-tera-indenizacao-de-hospital-que-atrasou-diagnostico\/","name":"Casal ter\u00e1 indeniza\u00e7\u00e3o de hospital que atrasou diagn\u00f3stico - Notibras","isPartOf":{"@id":"https:\/\/www.notibras.com\/site\/#website"},"primaryImageOfPage":{"@id":"https:\/\/www.notibras.com\/site\/casal-tera-indenizacao-de-hospital-que-atrasou-diagnostico\/#primaryimage"},"image":{"@id":"https:\/\/www.notibras.com\/site\/casal-tera-indenizacao-de-hospital-que-atrasou-diagnostico\/#primaryimage"},"thumbnailUrl":"https:\/\/www.notibras.com\/site\/wp-content\/uploads\/2022\/12\/real_moeda_50_reais020120a84t47165203.jpg","datePublished":"2023-07-19T03:00:34+00:00","dateModified":"2023-07-19T11:53:15+00:00","breadcrumb":{"@id":"https:\/\/www.notibras.com\/site\/casal-tera-indenizacao-de-hospital-que-atrasou-diagnostico\/#breadcrumb"},"inLanguage":"pt-BR","potentialAction":[{"@type":"ReadAction","target":["https:\/\/www.notibras.com\/site\/casal-tera-indenizacao-de-hospital-que-atrasou-diagnostico\/"]}]},{"@type":"ImageObject","inLanguage":"pt-BR","@id":"https:\/\/www.notibras.com\/site\/casal-tera-indenizacao-de-hospital-que-atrasou-diagnostico\/#primaryimage","url":"https:\/\/www.notibras.com\/site\/wp-content\/uploads\/2022\/12\/real_moeda_50_reais020120a84t47165203.jpg","contentUrl":"https:\/\/www.notibras.com\/site\/wp-content\/uploads\/2022\/12\/real_moeda_50_reais020120a84t47165203.jpg","width":770,"height":513,"caption":"Moeda Nacional, Real, Dinheiro, notas de real"},{"@type":"BreadcrumbList","@id":"https:\/\/www.notibras.com\/site\/casal-tera-indenizacao-de-hospital-que-atrasou-diagnostico\/#breadcrumb","itemListElement":[{"@type":"ListItem","position":1,"name":"In\u00edcio","item":"https:\/\/www.notibras.com\/site\/"},{"@type":"ListItem","position":2,"name":"Casal ter\u00e1 indeniza\u00e7\u00e3o de hospital que atrasou diagn\u00f3stico"}]},{"@type":"WebSite","@id":"https:\/\/www.notibras.com\/site\/#website","url":"https:\/\/www.notibras.com\/site\/","name":"Notibras","description":"Not\u00edcias de Bras\u00edlia, do Brasil e do Mundo","publisher":{"@id":"https:\/\/www.notibras.com\/site\/#organization"},"potentialAction":[{"@type":"SearchAction","target":{"@type":"EntryPoint","urlTemplate":"https:\/\/www.notibras.com\/site\/?s={search_term_string}"},"query-input":{"@type":"PropertyValueSpecification","valueRequired":true,"valueName":"search_term_string"}}],"inLanguage":"pt-BR"},{"@type":"Organization","@id":"https:\/\/www.notibras.com\/site\/#organization","name":"Grupo Notibras de Comunica\u00e7\u00e3o","url":"https:\/\/www.notibras.com\/site\/","logo":{"@type":"ImageObject","inLanguage":"pt-BR","@id":"https:\/\/www.notibras.com\/site\/#\/schema\/logo\/image\/","url":"https:\/\/www.notibras.com\/site\/wp-content\/uploads\/2023\/01\/notibras23.png","contentUrl":"https:\/\/www.notibras.com\/site\/wp-content\/uploads\/2023\/01\/notibras23.png","width":350,"height":87,"caption":"Grupo Notibras de Comunica\u00e7\u00e3o"},"image":{"@id":"https:\/\/www.notibras.com\/site\/#\/schema\/logo\/image\/"},"sameAs":["https:\/\/www.facebook.com\/notibras\/","https:\/\/x.com\/Notibras","https:\/\/www.instagram.com\/notibras\/"]},{"@type":"Person","@id":"https:\/\/www.notibras.com\/site\/#\/schema\/person\/36ab0979449956132d3e5b517ea76ac8","name":"Reda\u00e7\u00e3o","image":{"@type":"ImageObject","inLanguage":"pt-BR","@id":"https:\/\/secure.gravatar.com\/avatar\/e0a867bdedb85fd243eadf09663511f96fc81e0720a4a42581f334ad4303aa6b?s=96&d=mm&r=g","url":"https:\/\/secure.gravatar.com\/avatar\/e0a867bdedb85fd243eadf09663511f96fc81e0720a4a42581f334ad4303aa6b?s=96&d=mm&r=g","contentUrl":"https:\/\/secure.gravatar.com\/avatar\/e0a867bdedb85fd243eadf09663511f96fc81e0720a4a42581f334ad4303aa6b?s=96&d=mm&r=g","caption":"Reda\u00e7\u00e3o"}}]}},"amp_enabled":true,"_links":{"self":[{"href":"https:\/\/www.notibras.com\/site\/wp-json\/wp\/v2\/posts\/309161","targetHints":{"allow":["GET"]}}],"collection":[{"href":"https:\/\/www.notibras.com\/site\/wp-json\/wp\/v2\/posts"}],"about":[{"href":"https:\/\/www.notibras.com\/site\/wp-json\/wp\/v2\/types\/post"}],"author":[{"embeddable":true,"href":"https:\/\/www.notibras.com\/site\/wp-json\/wp\/v2\/users\/2"}],"replies":[{"embeddable":true,"href":"https:\/\/www.notibras.com\/site\/wp-json\/wp\/v2\/comments?post=309161"}],"version-history":[{"count":1,"href":"https:\/\/www.notibras.com\/site\/wp-json\/wp\/v2\/posts\/309161\/revisions"}],"predecessor-version":[{"id":309162,"href":"https:\/\/www.notibras.com\/site\/wp-json\/wp\/v2\/posts\/309161\/revisions\/309162"}],"wp:featuredmedia":[{"embeddable":true,"href":"https:\/\/www.notibras.com\/site\/wp-json\/wp\/v2\/media\/296640"}],"wp:attachment":[{"href":"https:\/\/www.notibras.com\/site\/wp-json\/wp\/v2\/media?parent=309161"}],"wp:term":[{"taxonomy":"category","embeddable":true,"href":"https:\/\/www.notibras.com\/site\/wp-json\/wp\/v2\/categories?post=309161"},{"taxonomy":"post_tag","embeddable":true,"href":"https:\/\/www.notibras.com\/site\/wp-json\/wp\/v2\/tags?post=309161"}],"curies":[{"name":"wp","href":"https:\/\/api.w.org\/{rel}","templated":true}]}}