{"id":309231,"date":"2023-07-20T08:27:24","date_gmt":"2023-07-20T11:27:24","guid":{"rendered":"https:\/\/www.notibras.com\/site\/?p=309231"},"modified":"2023-07-20T08:27:24","modified_gmt":"2023-07-20T11:27:24","slug":"dentista-que-trabalhar-mais-ganhara-mais","status":"publish","type":"post","link":"https:\/\/www.notibras.com\/site\/dentista-que-trabalhar-mais-ganhara-mais\/","title":{"rendered":"Dentista que trabalhar mais, ganhar\u00e1 mais"},"content":{"rendered":"<p>Uma portaria do Minist\u00e9rio da Sa\u00fade, publicada nesta ter\u00e7a-feira (18) no Di\u00e1rio Oficial da Uni\u00e3o (DOU), instituiu o pagamento por desempenho na aten\u00e7\u00e3o prim\u00e1ria do Sistema \u00danico de Sa\u00fade (SUS) para as equipes que fazem atendimentos bucais em todo o pa\u00eds. Com isso, munic\u00edpios e Distrito Federal receber\u00e3o, todo m\u00eas, um adicional com base em resultados obtidos a partir do monitoramento de 12 indicadores, al\u00e9m do custeio mensal regular. Segundo a pasta, a mudan\u00e7a vai incrementar em R$ 1 bilh\u00e3o o financiamento federal das equipes de Sa\u00fade Bucal (eSB) em 2023 e 2024.<\/p>\n<p>\u201c\u00c9 um incentivo para melhorar a oferta dos servi\u00e7os existentes e, principalmente, reconhecer o bom trabalho desenvolvido pelas equipes de sa\u00fade bucal\u201d, afirma a coordenadora-geral de Sa\u00fade Bucal do Minist\u00e9rio da Sa\u00fade, Doralice Severo Cruz. O pagamento por desempenho ser\u00e1 aplicado \u00e0s eSB das modalidades I e II, de 40 horas semanais, vinculadas \u00e0s equipes da Estrat\u00e9gia Sa\u00fade da Fam\u00edlia (ESF) e cofinanciadas pelo Minist\u00e9rio da Sa\u00fade.<\/p>\n<p>A modalidade I \u00e9 a equipe formada por dois profissionais, sendo um cirurgi\u00e3o-dentista e um auxiliar ou t\u00e9cnico em sa\u00fade bucal. J\u00e1 a modalidade II \u00e9 composta por tr\u00eas servidores p\u00fablicos, sendo um cirurgi\u00e3o-dentista, al\u00e9m de um t\u00e9cnico e um auxiliar. O adicional ser\u00e1 de at\u00e9 R$ 2.449 (modalidade 1) e R$ 3.267 (modalidade 2) mensalmente por equipe.<\/p>\n<p>Os indicadores envolvem realiza\u00e7\u00e3o de atendimentos diversos, incluindo propor\u00e7\u00e3o de crian\u00e7as e gestantes atendidas, e realiza\u00e7\u00e3o de procedimentos preventivos e de repara\u00e7\u00e3o dental. As metas e par\u00e2metros dos indicadores est\u00e3o em desenvolvimento e ser\u00e3o publicados em nota t\u00e9cnica pela Secretaria de Aten\u00e7\u00e3o Prim\u00e1ria \u00e0 Sa\u00fade.<\/p>\n<p>Em 2023, durante o per\u00edodo de adapta\u00e7\u00e3o, entre julho e agosto, ser\u00e1 pago o valor fixo de R$ 900 mensais para munic\u00edpios e o DF utilizarem com as equipes de sa\u00fade bucal. De setembro a dezembro, o pagamento ser\u00e1 feito a partir dos resultados de julho e agosto, sendo que fica garantido o valor m\u00ednimo de R$ 900 a todas as equipes. A partir de janeiro de 2024, os valores passar\u00e3o a ser calculados, exclusivamente, de acordo com o alcance dos resultados dos quatro meses anteriores.<\/p>\n<p>O Minist\u00e9rio da Sa\u00fade disponibilizar\u00e1, tamb\u00e9m, um painel para monitoramento e avalia\u00e7\u00e3o no portal da pasta e, at\u00e9 que ele esteja em funcionamento, os indicadores ser\u00e3o considerados integralmente cumpridos.<\/p>\n","protected":false},"excerpt":{"rendered":"<p>Uma portaria do Minist\u00e9rio da Sa\u00fade, publicada nesta ter\u00e7a-feira (18) no Di\u00e1rio Oficial da Uni\u00e3o (DOU), instituiu o pagamento por desempenho na aten\u00e7\u00e3o prim\u00e1ria do Sistema \u00danico de Sa\u00fade (SUS) para as equipes que fazem atendimentos bucais em todo o pa\u00eds. Com isso, munic\u00edpios e Distrito Federal receber\u00e3o, todo m\u00eas, um adicional com base em [&hellip;]<\/p>\n","protected":false},"author":2,"featured_media":309232,"comment_status":"closed","ping_status":"closed","sticky":false,"template":"","format":"standard","meta":{"_acf_changed":false,"footnotes":""},"categories":[161],"tags":[],"class_list":["post-309231","post","type-post","status-publish","format-standard","has-post-thumbnail","hentry","category-quadradinho-em-foco"],"acf":[],"yoast_head":"<!-- This site is optimized with the Yoast SEO plugin v27.2 - https:\/\/yoast.com\/product\/yoast-seo-wordpress\/ -->\n<title>Dentista que trabalhar mais, ganhar\u00e1 mais - Notibras<\/title>\n<meta name=\"robots\" content=\"index, follow, max-snippet:-1, max-image-preview:large, max-video-preview:-1\" \/>\n<link rel=\"canonical\" href=\"https:\/\/www.notibras.com\/site\/dentista-que-trabalhar-mais-ganhara-mais\/\" \/>\n<meta property=\"og:locale\" content=\"pt_BR\" \/>\n<meta property=\"og:type\" content=\"article\" \/>\n<meta property=\"og:title\" content=\"Dentista que trabalhar mais, ganhar\u00e1 mais - Notibras\" \/>\n<meta property=\"og:description\" content=\"Uma portaria do Minist\u00e9rio da Sa\u00fade, publicada nesta ter\u00e7a-feira (18) no Di\u00e1rio Oficial da Uni\u00e3o (DOU), instituiu o pagamento por desempenho na aten\u00e7\u00e3o prim\u00e1ria do Sistema \u00danico de Sa\u00fade (SUS) para as equipes que fazem atendimentos bucais em todo o pa\u00eds. Com isso, munic\u00edpios e Distrito Federal receber\u00e3o, todo m\u00eas, um adicional com base em [&hellip;]\" \/>\n<meta property=\"og:url\" content=\"https:\/\/www.notibras.com\/site\/dentista-que-trabalhar-mais-ganhara-mais\/\" \/>\n<meta property=\"og:site_name\" content=\"Notibras\" \/>\n<meta property=\"article:publisher\" content=\"https:\/\/www.facebook.com\/notibras\/\" \/>\n<meta property=\"article:published_time\" content=\"2023-07-20T11:27:24+00:00\" \/>\n<meta property=\"og:image\" content=\"https:\/\/www.notibras.com\/site\/wp-content\/uploads\/2023\/07\/dentista.jpg\" \/>\n\t<meta property=\"og:image:width\" content=\"1170\" \/>\n\t<meta property=\"og:image:height\" content=\"700\" \/>\n\t<meta property=\"og:image:type\" content=\"image\/jpeg\" \/>\n<meta name=\"author\" content=\"Reda\u00e7\u00e3o\" \/>\n<meta name=\"twitter:card\" content=\"summary_large_image\" \/>\n<meta name=\"twitter:creator\" content=\"@Notibras\" \/>\n<meta name=\"twitter:site\" content=\"@Notibras\" \/>\n<meta name=\"twitter:label1\" content=\"Escrito por\" \/>\n\t<meta name=\"twitter:data1\" content=\"Reda\u00e7\u00e3o\" \/>\n\t<meta name=\"twitter:label2\" content=\"Est. tempo de leitura\" \/>\n\t<meta name=\"twitter:data2\" content=\"3 minutos\" \/>\n<script type=\"application\/ld+json\" class=\"yoast-schema-graph\">{\"@context\":\"https:\/\/schema.org\",\"@graph\":[{\"@type\":\"Article\",\"@id\":\"https:\/\/www.notibras.com\/site\/dentista-que-trabalhar-mais-ganhara-mais\/#article\",\"isPartOf\":{\"@id\":\"https:\/\/www.notibras.com\/site\/dentista-que-trabalhar-mais-ganhara-mais\/\"},\"author\":{\"name\":\"Reda\u00e7\u00e3o\",\"@id\":\"https:\/\/www.notibras.com\/site\/#\/schema\/person\/36ab0979449956132d3e5b517ea76ac8\"},\"headline\":\"Dentista que trabalhar mais, ganhar\u00e1 mais\",\"datePublished\":\"2023-07-20T11:27:24+00:00\",\"mainEntityOfPage\":{\"@id\":\"https:\/\/www.notibras.com\/site\/dentista-que-trabalhar-mais-ganhara-mais\/\"},\"wordCount\":423,\"publisher\":{\"@id\":\"https:\/\/www.notibras.com\/site\/#organization\"},\"image\":{\"@id\":\"https:\/\/www.notibras.com\/site\/dentista-que-trabalhar-mais-ganhara-mais\/#primaryimage\"},\"thumbnailUrl\":\"https:\/\/www.notibras.com\/site\/wp-content\/uploads\/2023\/07\/dentista.jpg\",\"articleSection\":[\"Quadradinho em Foco\"],\"inLanguage\":\"pt-BR\"},{\"@type\":\"WebPage\",\"@id\":\"https:\/\/www.notibras.com\/site\/dentista-que-trabalhar-mais-ganhara-mais\/\",\"url\":\"https:\/\/www.notibras.com\/site\/dentista-que-trabalhar-mais-ganhara-mais\/\",\"name\":\"Dentista que trabalhar mais, ganhar\u00e1 mais - Notibras\",\"isPartOf\":{\"@id\":\"https:\/\/www.notibras.com\/site\/#website\"},\"primaryImageOfPage\":{\"@id\":\"https:\/\/www.notibras.com\/site\/dentista-que-trabalhar-mais-ganhara-mais\/#primaryimage\"},\"image\":{\"@id\":\"https:\/\/www.notibras.com\/site\/dentista-que-trabalhar-mais-ganhara-mais\/#primaryimage\"},\"thumbnailUrl\":\"https:\/\/www.notibras.com\/site\/wp-content\/uploads\/2023\/07\/dentista.jpg\",\"datePublished\":\"2023-07-20T11:27:24+00:00\",\"breadcrumb\":{\"@id\":\"https:\/\/www.notibras.com\/site\/dentista-que-trabalhar-mais-ganhara-mais\/#breadcrumb\"},\"inLanguage\":\"pt-BR\",\"potentialAction\":[{\"@type\":\"ReadAction\",\"target\":[\"https:\/\/www.notibras.com\/site\/dentista-que-trabalhar-mais-ganhara-mais\/\"]}]},{\"@type\":\"ImageObject\",\"inLanguage\":\"pt-BR\",\"@id\":\"https:\/\/www.notibras.com\/site\/dentista-que-trabalhar-mais-ganhara-mais\/#primaryimage\",\"url\":\"https:\/\/www.notibras.com\/site\/wp-content\/uploads\/2023\/07\/dentista.jpg\",\"contentUrl\":\"https:\/\/www.notibras.com\/site\/wp-content\/uploads\/2023\/07\/dentista.jpg\",\"width\":1170,\"height\":700},{\"@type\":\"BreadcrumbList\",\"@id\":\"https:\/\/www.notibras.com\/site\/dentista-que-trabalhar-mais-ganhara-mais\/#breadcrumb\",\"itemListElement\":[{\"@type\":\"ListItem\",\"position\":1,\"name\":\"In\u00edcio\",\"item\":\"https:\/\/www.notibras.com\/site\/\"},{\"@type\":\"ListItem\",\"position\":2,\"name\":\"Dentista que trabalhar mais, ganhar\u00e1 mais\"}]},{\"@type\":\"WebSite\",\"@id\":\"https:\/\/www.notibras.com\/site\/#website\",\"url\":\"https:\/\/www.notibras.com\/site\/\",\"name\":\"Notibras\",\"description\":\"Not\u00edcias de Bras\u00edlia, do Brasil e do Mundo\",\"publisher\":{\"@id\":\"https:\/\/www.notibras.com\/site\/#organization\"},\"potentialAction\":[{\"@type\":\"SearchAction\",\"target\":{\"@type\":\"EntryPoint\",\"urlTemplate\":\"https:\/\/www.notibras.com\/site\/?s={search_term_string}\"},\"query-input\":{\"@type\":\"PropertyValueSpecification\",\"valueRequired\":true,\"valueName\":\"search_term_string\"}}],\"inLanguage\":\"pt-BR\"},{\"@type\":\"Organization\",\"@id\":\"https:\/\/www.notibras.com\/site\/#organization\",\"name\":\"Grupo Notibras de Comunica\u00e7\u00e3o\",\"url\":\"https:\/\/www.notibras.com\/site\/\",\"logo\":{\"@type\":\"ImageObject\",\"inLanguage\":\"pt-BR\",\"@id\":\"https:\/\/www.notibras.com\/site\/#\/schema\/logo\/image\/\",\"url\":\"https:\/\/www.notibras.com\/site\/wp-content\/uploads\/2023\/01\/notibras23.png\",\"contentUrl\":\"https:\/\/www.notibras.com\/site\/wp-content\/uploads\/2023\/01\/notibras23.png\",\"width\":350,\"height\":87,\"caption\":\"Grupo Notibras de Comunica\u00e7\u00e3o\"},\"image\":{\"@id\":\"https:\/\/www.notibras.com\/site\/#\/schema\/logo\/image\/\"},\"sameAs\":[\"https:\/\/www.facebook.com\/notibras\/\",\"https:\/\/x.com\/Notibras\",\"https:\/\/www.instagram.com\/notibras\/\"]},{\"@type\":\"Person\",\"@id\":\"https:\/\/www.notibras.com\/site\/#\/schema\/person\/36ab0979449956132d3e5b517ea76ac8\",\"name\":\"Reda\u00e7\u00e3o\",\"image\":{\"@type\":\"ImageObject\",\"inLanguage\":\"pt-BR\",\"@id\":\"https:\/\/secure.gravatar.com\/avatar\/e0a867bdedb85fd243eadf09663511f96fc81e0720a4a42581f334ad4303aa6b?s=96&d=mm&r=g\",\"url\":\"https:\/\/secure.gravatar.com\/avatar\/e0a867bdedb85fd243eadf09663511f96fc81e0720a4a42581f334ad4303aa6b?s=96&d=mm&r=g\",\"contentUrl\":\"https:\/\/secure.gravatar.com\/avatar\/e0a867bdedb85fd243eadf09663511f96fc81e0720a4a42581f334ad4303aa6b?s=96&d=mm&r=g\",\"caption\":\"Reda\u00e7\u00e3o\"}}]}<\/script>\n<!-- \/ Yoast SEO plugin. -->","yoast_head_json":{"title":"Dentista que trabalhar mais, ganhar\u00e1 mais - Notibras","robots":{"index":"index","follow":"follow","max-snippet":"max-snippet:-1","max-image-preview":"max-image-preview:large","max-video-preview":"max-video-preview:-1"},"canonical":"https:\/\/www.notibras.com\/site\/dentista-que-trabalhar-mais-ganhara-mais\/","og_locale":"pt_BR","og_type":"article","og_title":"Dentista que trabalhar mais, ganhar\u00e1 mais - Notibras","og_description":"Uma portaria do Minist\u00e9rio da Sa\u00fade, publicada nesta ter\u00e7a-feira (18) no Di\u00e1rio Oficial da Uni\u00e3o (DOU), instituiu o pagamento por desempenho na aten\u00e7\u00e3o prim\u00e1ria do Sistema \u00danico de Sa\u00fade (SUS) para as equipes que fazem atendimentos bucais em todo o pa\u00eds. Com isso, munic\u00edpios e Distrito Federal receber\u00e3o, todo m\u00eas, um adicional com base em [&hellip;]","og_url":"https:\/\/www.notibras.com\/site\/dentista-que-trabalhar-mais-ganhara-mais\/","og_site_name":"Notibras","article_publisher":"https:\/\/www.facebook.com\/notibras\/","article_published_time":"2023-07-20T11:27:24+00:00","og_image":[{"width":1170,"height":700,"url":"https:\/\/www.notibras.com\/site\/wp-content\/uploads\/2023\/07\/dentista.jpg","type":"image\/jpeg"}],"author":"Reda\u00e7\u00e3o","twitter_card":"summary_large_image","twitter_creator":"@Notibras","twitter_site":"@Notibras","twitter_misc":{"Escrito por":"Reda\u00e7\u00e3o","Est. tempo de leitura":"3 minutos"},"schema":{"@context":"https:\/\/schema.org","@graph":[{"@type":"Article","@id":"https:\/\/www.notibras.com\/site\/dentista-que-trabalhar-mais-ganhara-mais\/#article","isPartOf":{"@id":"https:\/\/www.notibras.com\/site\/dentista-que-trabalhar-mais-ganhara-mais\/"},"author":{"name":"Reda\u00e7\u00e3o","@id":"https:\/\/www.notibras.com\/site\/#\/schema\/person\/36ab0979449956132d3e5b517ea76ac8"},"headline":"Dentista que trabalhar mais, ganhar\u00e1 mais","datePublished":"2023-07-20T11:27:24+00:00","mainEntityOfPage":{"@id":"https:\/\/www.notibras.com\/site\/dentista-que-trabalhar-mais-ganhara-mais\/"},"wordCount":423,"publisher":{"@id":"https:\/\/www.notibras.com\/site\/#organization"},"image":{"@id":"https:\/\/www.notibras.com\/site\/dentista-que-trabalhar-mais-ganhara-mais\/#primaryimage"},"thumbnailUrl":"https:\/\/www.notibras.com\/site\/wp-content\/uploads\/2023\/07\/dentista.jpg","articleSection":["Quadradinho em Foco"],"inLanguage":"pt-BR"},{"@type":"WebPage","@id":"https:\/\/www.notibras.com\/site\/dentista-que-trabalhar-mais-ganhara-mais\/","url":"https:\/\/www.notibras.com\/site\/dentista-que-trabalhar-mais-ganhara-mais\/","name":"Dentista que trabalhar mais, ganhar\u00e1 mais - Notibras","isPartOf":{"@id":"https:\/\/www.notibras.com\/site\/#website"},"primaryImageOfPage":{"@id":"https:\/\/www.notibras.com\/site\/dentista-que-trabalhar-mais-ganhara-mais\/#primaryimage"},"image":{"@id":"https:\/\/www.notibras.com\/site\/dentista-que-trabalhar-mais-ganhara-mais\/#primaryimage"},"thumbnailUrl":"https:\/\/www.notibras.com\/site\/wp-content\/uploads\/2023\/07\/dentista.jpg","datePublished":"2023-07-20T11:27:24+00:00","breadcrumb":{"@id":"https:\/\/www.notibras.com\/site\/dentista-que-trabalhar-mais-ganhara-mais\/#breadcrumb"},"inLanguage":"pt-BR","potentialAction":[{"@type":"ReadAction","target":["https:\/\/www.notibras.com\/site\/dentista-que-trabalhar-mais-ganhara-mais\/"]}]},{"@type":"ImageObject","inLanguage":"pt-BR","@id":"https:\/\/www.notibras.com\/site\/dentista-que-trabalhar-mais-ganhara-mais\/#primaryimage","url":"https:\/\/www.notibras.com\/site\/wp-content\/uploads\/2023\/07\/dentista.jpg","contentUrl":"https:\/\/www.notibras.com\/site\/wp-content\/uploads\/2023\/07\/dentista.jpg","width":1170,"height":700},{"@type":"BreadcrumbList","@id":"https:\/\/www.notibras.com\/site\/dentista-que-trabalhar-mais-ganhara-mais\/#breadcrumb","itemListElement":[{"@type":"ListItem","position":1,"name":"In\u00edcio","item":"https:\/\/www.notibras.com\/site\/"},{"@type":"ListItem","position":2,"name":"Dentista que trabalhar mais, ganhar\u00e1 mais"}]},{"@type":"WebSite","@id":"https:\/\/www.notibras.com\/site\/#website","url":"https:\/\/www.notibras.com\/site\/","name":"Notibras","description":"Not\u00edcias de Bras\u00edlia, do Brasil e do Mundo","publisher":{"@id":"https:\/\/www.notibras.com\/site\/#organization"},"potentialAction":[{"@type":"SearchAction","target":{"@type":"EntryPoint","urlTemplate":"https:\/\/www.notibras.com\/site\/?s={search_term_string}"},"query-input":{"@type":"PropertyValueSpecification","valueRequired":true,"valueName":"search_term_string"}}],"inLanguage":"pt-BR"},{"@type":"Organization","@id":"https:\/\/www.notibras.com\/site\/#organization","name":"Grupo Notibras de Comunica\u00e7\u00e3o","url":"https:\/\/www.notibras.com\/site\/","logo":{"@type":"ImageObject","inLanguage":"pt-BR","@id":"https:\/\/www.notibras.com\/site\/#\/schema\/logo\/image\/","url":"https:\/\/www.notibras.com\/site\/wp-content\/uploads\/2023\/01\/notibras23.png","contentUrl":"https:\/\/www.notibras.com\/site\/wp-content\/uploads\/2023\/01\/notibras23.png","width":350,"height":87,"caption":"Grupo Notibras de Comunica\u00e7\u00e3o"},"image":{"@id":"https:\/\/www.notibras.com\/site\/#\/schema\/logo\/image\/"},"sameAs":["https:\/\/www.facebook.com\/notibras\/","https:\/\/x.com\/Notibras","https:\/\/www.instagram.com\/notibras\/"]},{"@type":"Person","@id":"https:\/\/www.notibras.com\/site\/#\/schema\/person\/36ab0979449956132d3e5b517ea76ac8","name":"Reda\u00e7\u00e3o","image":{"@type":"ImageObject","inLanguage":"pt-BR","@id":"https:\/\/secure.gravatar.com\/avatar\/e0a867bdedb85fd243eadf09663511f96fc81e0720a4a42581f334ad4303aa6b?s=96&d=mm&r=g","url":"https:\/\/secure.gravatar.com\/avatar\/e0a867bdedb85fd243eadf09663511f96fc81e0720a4a42581f334ad4303aa6b?s=96&d=mm&r=g","contentUrl":"https:\/\/secure.gravatar.com\/avatar\/e0a867bdedb85fd243eadf09663511f96fc81e0720a4a42581f334ad4303aa6b?s=96&d=mm&r=g","caption":"Reda\u00e7\u00e3o"}}]}},"amp_enabled":true,"_links":{"self":[{"href":"https:\/\/www.notibras.com\/site\/wp-json\/wp\/v2\/posts\/309231","targetHints":{"allow":["GET"]}}],"collection":[{"href":"https:\/\/www.notibras.com\/site\/wp-json\/wp\/v2\/posts"}],"about":[{"href":"https:\/\/www.notibras.com\/site\/wp-json\/wp\/v2\/types\/post"}],"author":[{"embeddable":true,"href":"https:\/\/www.notibras.com\/site\/wp-json\/wp\/v2\/users\/2"}],"replies":[{"embeddable":true,"href":"https:\/\/www.notibras.com\/site\/wp-json\/wp\/v2\/comments?post=309231"}],"version-history":[{"count":1,"href":"https:\/\/www.notibras.com\/site\/wp-json\/wp\/v2\/posts\/309231\/revisions"}],"predecessor-version":[{"id":309233,"href":"https:\/\/www.notibras.com\/site\/wp-json\/wp\/v2\/posts\/309231\/revisions\/309233"}],"wp:featuredmedia":[{"embeddable":true,"href":"https:\/\/www.notibras.com\/site\/wp-json\/wp\/v2\/media\/309232"}],"wp:attachment":[{"href":"https:\/\/www.notibras.com\/site\/wp-json\/wp\/v2\/media?parent=309231"}],"wp:term":[{"taxonomy":"category","embeddable":true,"href":"https:\/\/www.notibras.com\/site\/wp-json\/wp\/v2\/categories?post=309231"},{"taxonomy":"post_tag","embeddable":true,"href":"https:\/\/www.notibras.com\/site\/wp-json\/wp\/v2\/tags?post=309231"}],"curies":[{"name":"wp","href":"https:\/\/api.w.org\/{rel}","templated":true}]}}