{"id":309237,"date":"2023-07-20T00:39:31","date_gmt":"2023-07-20T03:39:31","guid":{"rendered":"https:\/\/www.notibras.com\/site\/?p=309237"},"modified":"2023-07-20T08:41:05","modified_gmt":"2023-07-20T11:41:05","slug":"uso-de-transporte-publico-pode-servir-como-prova-de-vida","status":"publish","type":"post","link":"https:\/\/www.notibras.com\/site\/uso-de-transporte-publico-pode-servir-como-prova-de-vida\/","title":{"rendered":"Uso de transporte p\u00fablico pode servir como prova de vida"},"content":{"rendered":"<p>O Instituto Nacional do Seguro Social (INSS) estuda usar os equipamentos de controle biom\u00e9trico de sistemas de transporte p\u00fablico para que aposentados, pensionistas e demais benefici\u00e1rios de aux\u00edlios federais provem que est\u00e3o vivos.<\/p>\n<p>\u201cEstamos nos articulando com a Secretaria de Transporte e Mobilidade do Distrito Federal (DF) para que um assegurado nosso, ao passar por uma catraca [de \u00f4nibus ou metr\u00f4] em que haja identifica\u00e7\u00e3o biom\u00e9trica, fa\u00e7a sua prova de vida\u201d, revelou o presidente do instituto, Alessandro Stefanutto, na manh\u00e3 desta quarta-feira (19).<\/p>\n<p>A proposta, ainda em an\u00e1lise, seria futuramente ampliada para outras localidades. O objetivo, segundo Stefanutto, seria tornar a prova de vida menos burocr\u00e1tica, ampliando as formas dos segurados comprovarem que est\u00e3o vivos para continuar recebendo os benef\u00edcios previdenci\u00e1rios.<\/p>\n<p>Este ano, a prova de vida passou a ser feita pelo pr\u00f3prio INSS, por meio do cruzamento de informa\u00e7\u00f5es registradas em bases de dados do pr\u00f3prio instituto ou de outros \u00f3rg\u00e3os e entes federais. No come\u00e7o de fevereiro, o INSS publicou portaria detalhando os procedimentos considerados v\u00e1lidos para atestar que o benefici\u00e1rio est\u00e1 vivo.<\/p>\n<p>Os procedimentos s\u00e3o os seguintes:<\/p>\n<p>1 \u2013 Acesso ao aplicativo Meu INSS com o selo ouro ou a outros aplicativos e sistemas dos \u00f3rg\u00e3os e entidades p\u00fablicas que possuam certifica\u00e7\u00e3o e controle de acesso, no Brasil ou no exterior;<\/p>\n<p>2 &#8211; Realiza\u00e7\u00e3o de empr\u00e9stimo consignado, efetuado por reconhecimento biom\u00e9trico;<\/p>\n<p>3 \u2013 Atendimento presencial nas ag\u00eancias do INSS e nas entidades ou institui\u00e7\u00f5es parceiras, desde que feito o reconhecimento biom\u00e9trico e tamb\u00e9m no sistema p\u00fablico de sa\u00fade;<\/p>\n<p>4 \u2013 Vacina\u00e7\u00e3o;<\/p>\n<p>5 &#8211; Cadastro ou recadastramento nos \u00f3rg\u00e3os de tr\u00e2nsito ou seguran\u00e7a p\u00fablica;<\/p>\n<p>6 &#8211; Atualiza\u00e7\u00f5es no Cad\u00danico<\/p>\n<p>7 &#8211; Vota\u00e7\u00e3o nas elei\u00e7\u00f5es;<\/p>\n<p>8 &#8211; Emiss\u00e3o\/renova\u00e7\u00e3o de passaporte; carteira de motorista; carteira de trabalho; alistamento militar; carteira de identidade (RG) ou outros documentos oficiais que necessitem da presen\u00e7a f\u00edsica do usu\u00e1rio ou reconhecimento biom\u00e9trico;<\/p>\n<p>9 &#8211; Recebimento do pagamento de benef\u00edcio com reconhecimento biom\u00e9trico;<\/p>\n<p>10 -Declara\u00e7\u00e3o de Imposto de Renda, como titular ou dependente.<\/p>\n","protected":false},"excerpt":{"rendered":"<p>O Instituto Nacional do Seguro Social (INSS) estuda usar os equipamentos de controle biom\u00e9trico de sistemas de transporte p\u00fablico para que aposentados, pensionistas e demais benefici\u00e1rios de aux\u00edlios federais provem que est\u00e3o vivos. \u201cEstamos nos articulando com a Secretaria de Transporte e Mobilidade do Distrito Federal (DF) para que um assegurado nosso, ao passar por [&hellip;]<\/p>\n","protected":false},"author":2,"featured_media":309238,"comment_status":"closed","ping_status":"closed","sticky":false,"template":"","format":"standard","meta":{"_acf_changed":false,"footnotes":""},"categories":[161],"tags":[],"class_list":["post-309237","post","type-post","status-publish","format-standard","has-post-thumbnail","hentry","category-quadradinho-em-foco"],"acf":[],"yoast_head":"<!-- This site is optimized with the Yoast SEO plugin v27.2 - https:\/\/yoast.com\/product\/yoast-seo-wordpress\/ -->\n<title>Uso de transporte p\u00fablico pode servir como prova de vida - Notibras<\/title>\n<meta name=\"robots\" content=\"index, follow, max-snippet:-1, max-image-preview:large, max-video-preview:-1\" \/>\n<link rel=\"canonical\" href=\"https:\/\/www.notibras.com\/site\/uso-de-transporte-publico-pode-servir-como-prova-de-vida\/\" \/>\n<meta property=\"og:locale\" content=\"pt_BR\" \/>\n<meta property=\"og:type\" content=\"article\" \/>\n<meta property=\"og:title\" content=\"Uso de transporte p\u00fablico pode servir como prova de vida - Notibras\" \/>\n<meta property=\"og:description\" content=\"O Instituto Nacional do Seguro Social (INSS) estuda usar os equipamentos de controle biom\u00e9trico de sistemas de transporte p\u00fablico para que aposentados, pensionistas e demais benefici\u00e1rios de aux\u00edlios federais provem que est\u00e3o vivos. \u201cEstamos nos articulando com a Secretaria de Transporte e Mobilidade do Distrito Federal (DF) para que um assegurado nosso, ao passar por [&hellip;]\" \/>\n<meta property=\"og:url\" content=\"https:\/\/www.notibras.com\/site\/uso-de-transporte-publico-pode-servir-como-prova-de-vida\/\" \/>\n<meta property=\"og:site_name\" content=\"Notibras\" \/>\n<meta property=\"article:publisher\" content=\"https:\/\/www.facebook.com\/notibras\/\" \/>\n<meta property=\"article:published_time\" content=\"2023-07-20T03:39:31+00:00\" \/>\n<meta property=\"article:modified_time\" content=\"2023-07-20T11:41:05+00:00\" \/>\n<meta property=\"og:image\" content=\"https:\/\/www.notibras.com\/site\/wp-content\/uploads\/2023\/07\/banco_de_imagens_da_agencia_brasil_mcajr_abr_20220729_0922-1.jpg\" \/>\n\t<meta property=\"og:image:width\" content=\"1170\" \/>\n\t<meta property=\"og:image:height\" content=\"700\" \/>\n\t<meta property=\"og:image:type\" content=\"image\/jpeg\" \/>\n<meta name=\"author\" content=\"Reda\u00e7\u00e3o\" \/>\n<meta name=\"twitter:card\" content=\"summary_large_image\" \/>\n<meta name=\"twitter:creator\" content=\"@Notibras\" \/>\n<meta name=\"twitter:site\" content=\"@Notibras\" \/>\n<meta name=\"twitter:label1\" content=\"Escrito por\" \/>\n\t<meta name=\"twitter:data1\" content=\"Reda\u00e7\u00e3o\" \/>\n\t<meta name=\"twitter:label2\" content=\"Est. tempo de leitura\" \/>\n\t<meta name=\"twitter:data2\" content=\"2 minutos\" \/>\n<script type=\"application\/ld+json\" class=\"yoast-schema-graph\">{\"@context\":\"https:\/\/schema.org\",\"@graph\":[{\"@type\":\"Article\",\"@id\":\"https:\/\/www.notibras.com\/site\/uso-de-transporte-publico-pode-servir-como-prova-de-vida\/#article\",\"isPartOf\":{\"@id\":\"https:\/\/www.notibras.com\/site\/uso-de-transporte-publico-pode-servir-como-prova-de-vida\/\"},\"author\":{\"name\":\"Reda\u00e7\u00e3o\",\"@id\":\"https:\/\/www.notibras.com\/site\/#\/schema\/person\/36ab0979449956132d3e5b517ea76ac8\"},\"headline\":\"Uso de transporte p\u00fablico pode servir como prova de vida\",\"datePublished\":\"2023-07-20T03:39:31+00:00\",\"dateModified\":\"2023-07-20T11:41:05+00:00\",\"mainEntityOfPage\":{\"@id\":\"https:\/\/www.notibras.com\/site\/uso-de-transporte-publico-pode-servir-como-prova-de-vida\/\"},\"wordCount\":376,\"publisher\":{\"@id\":\"https:\/\/www.notibras.com\/site\/#organization\"},\"image\":{\"@id\":\"https:\/\/www.notibras.com\/site\/uso-de-transporte-publico-pode-servir-como-prova-de-vida\/#primaryimage\"},\"thumbnailUrl\":\"https:\/\/www.notibras.com\/site\/wp-content\/uploads\/2023\/07\/banco_de_imagens_da_agencia_brasil_mcajr_abr_20220729_0922-1.jpg\",\"articleSection\":[\"Quadradinho em Foco\"],\"inLanguage\":\"pt-BR\"},{\"@type\":\"WebPage\",\"@id\":\"https:\/\/www.notibras.com\/site\/uso-de-transporte-publico-pode-servir-como-prova-de-vida\/\",\"url\":\"https:\/\/www.notibras.com\/site\/uso-de-transporte-publico-pode-servir-como-prova-de-vida\/\",\"name\":\"Uso de transporte p\u00fablico pode servir como prova de vida - Notibras\",\"isPartOf\":{\"@id\":\"https:\/\/www.notibras.com\/site\/#website\"},\"primaryImageOfPage\":{\"@id\":\"https:\/\/www.notibras.com\/site\/uso-de-transporte-publico-pode-servir-como-prova-de-vida\/#primaryimage\"},\"image\":{\"@id\":\"https:\/\/www.notibras.com\/site\/uso-de-transporte-publico-pode-servir-como-prova-de-vida\/#primaryimage\"},\"thumbnailUrl\":\"https:\/\/www.notibras.com\/site\/wp-content\/uploads\/2023\/07\/banco_de_imagens_da_agencia_brasil_mcajr_abr_20220729_0922-1.jpg\",\"datePublished\":\"2023-07-20T03:39:31+00:00\",\"dateModified\":\"2023-07-20T11:41:05+00:00\",\"breadcrumb\":{\"@id\":\"https:\/\/www.notibras.com\/site\/uso-de-transporte-publico-pode-servir-como-prova-de-vida\/#breadcrumb\"},\"inLanguage\":\"pt-BR\",\"potentialAction\":[{\"@type\":\"ReadAction\",\"target\":[\"https:\/\/www.notibras.com\/site\/uso-de-transporte-publico-pode-servir-como-prova-de-vida\/\"]}]},{\"@type\":\"ImageObject\",\"inLanguage\":\"pt-BR\",\"@id\":\"https:\/\/www.notibras.com\/site\/uso-de-transporte-publico-pode-servir-como-prova-de-vida\/#primaryimage\",\"url\":\"https:\/\/www.notibras.com\/site\/wp-content\/uploads\/2023\/07\/banco_de_imagens_da_agencia_brasil_mcajr_abr_20220729_0922-1.jpg\",\"contentUrl\":\"https:\/\/www.notibras.com\/site\/wp-content\/uploads\/2023\/07\/banco_de_imagens_da_agencia_brasil_mcajr_abr_20220729_0922-1.jpg\",\"width\":1170,\"height\":700,\"caption\":\"Transporte p\u00fablico em Bras\u00edlia\"},{\"@type\":\"BreadcrumbList\",\"@id\":\"https:\/\/www.notibras.com\/site\/uso-de-transporte-publico-pode-servir-como-prova-de-vida\/#breadcrumb\",\"itemListElement\":[{\"@type\":\"ListItem\",\"position\":1,\"name\":\"In\u00edcio\",\"item\":\"https:\/\/www.notibras.com\/site\/\"},{\"@type\":\"ListItem\",\"position\":2,\"name\":\"Uso de transporte p\u00fablico pode servir como prova de vida\"}]},{\"@type\":\"WebSite\",\"@id\":\"https:\/\/www.notibras.com\/site\/#website\",\"url\":\"https:\/\/www.notibras.com\/site\/\",\"name\":\"Notibras\",\"description\":\"Not\u00edcias de Bras\u00edlia, do Brasil e do Mundo\",\"publisher\":{\"@id\":\"https:\/\/www.notibras.com\/site\/#organization\"},\"potentialAction\":[{\"@type\":\"SearchAction\",\"target\":{\"@type\":\"EntryPoint\",\"urlTemplate\":\"https:\/\/www.notibras.com\/site\/?s={search_term_string}\"},\"query-input\":{\"@type\":\"PropertyValueSpecification\",\"valueRequired\":true,\"valueName\":\"search_term_string\"}}],\"inLanguage\":\"pt-BR\"},{\"@type\":\"Organization\",\"@id\":\"https:\/\/www.notibras.com\/site\/#organization\",\"name\":\"Grupo Notibras de Comunica\u00e7\u00e3o\",\"url\":\"https:\/\/www.notibras.com\/site\/\",\"logo\":{\"@type\":\"ImageObject\",\"inLanguage\":\"pt-BR\",\"@id\":\"https:\/\/www.notibras.com\/site\/#\/schema\/logo\/image\/\",\"url\":\"https:\/\/www.notibras.com\/site\/wp-content\/uploads\/2023\/01\/notibras23.png\",\"contentUrl\":\"https:\/\/www.notibras.com\/site\/wp-content\/uploads\/2023\/01\/notibras23.png\",\"width\":350,\"height\":87,\"caption\":\"Grupo Notibras de Comunica\u00e7\u00e3o\"},\"image\":{\"@id\":\"https:\/\/www.notibras.com\/site\/#\/schema\/logo\/image\/\"},\"sameAs\":[\"https:\/\/www.facebook.com\/notibras\/\",\"https:\/\/x.com\/Notibras\",\"https:\/\/www.instagram.com\/notibras\/\"]},{\"@type\":\"Person\",\"@id\":\"https:\/\/www.notibras.com\/site\/#\/schema\/person\/36ab0979449956132d3e5b517ea76ac8\",\"name\":\"Reda\u00e7\u00e3o\",\"image\":{\"@type\":\"ImageObject\",\"inLanguage\":\"pt-BR\",\"@id\":\"https:\/\/secure.gravatar.com\/avatar\/e0a867bdedb85fd243eadf09663511f96fc81e0720a4a42581f334ad4303aa6b?s=96&d=mm&r=g\",\"url\":\"https:\/\/secure.gravatar.com\/avatar\/e0a867bdedb85fd243eadf09663511f96fc81e0720a4a42581f334ad4303aa6b?s=96&d=mm&r=g\",\"contentUrl\":\"https:\/\/secure.gravatar.com\/avatar\/e0a867bdedb85fd243eadf09663511f96fc81e0720a4a42581f334ad4303aa6b?s=96&d=mm&r=g\",\"caption\":\"Reda\u00e7\u00e3o\"}}]}<\/script>\n<!-- \/ Yoast SEO plugin. -->","yoast_head_json":{"title":"Uso de transporte p\u00fablico pode servir como prova de vida - Notibras","robots":{"index":"index","follow":"follow","max-snippet":"max-snippet:-1","max-image-preview":"max-image-preview:large","max-video-preview":"max-video-preview:-1"},"canonical":"https:\/\/www.notibras.com\/site\/uso-de-transporte-publico-pode-servir-como-prova-de-vida\/","og_locale":"pt_BR","og_type":"article","og_title":"Uso de transporte p\u00fablico pode servir como prova de vida - Notibras","og_description":"O Instituto Nacional do Seguro Social (INSS) estuda usar os equipamentos de controle biom\u00e9trico de sistemas de transporte p\u00fablico para que aposentados, pensionistas e demais benefici\u00e1rios de aux\u00edlios federais provem que est\u00e3o vivos. \u201cEstamos nos articulando com a Secretaria de Transporte e Mobilidade do Distrito Federal (DF) para que um assegurado nosso, ao passar por [&hellip;]","og_url":"https:\/\/www.notibras.com\/site\/uso-de-transporte-publico-pode-servir-como-prova-de-vida\/","og_site_name":"Notibras","article_publisher":"https:\/\/www.facebook.com\/notibras\/","article_published_time":"2023-07-20T03:39:31+00:00","article_modified_time":"2023-07-20T11:41:05+00:00","og_image":[{"width":1170,"height":700,"url":"https:\/\/www.notibras.com\/site\/wp-content\/uploads\/2023\/07\/banco_de_imagens_da_agencia_brasil_mcajr_abr_20220729_0922-1.jpg","type":"image\/jpeg"}],"author":"Reda\u00e7\u00e3o","twitter_card":"summary_large_image","twitter_creator":"@Notibras","twitter_site":"@Notibras","twitter_misc":{"Escrito por":"Reda\u00e7\u00e3o","Est. tempo de leitura":"2 minutos"},"schema":{"@context":"https:\/\/schema.org","@graph":[{"@type":"Article","@id":"https:\/\/www.notibras.com\/site\/uso-de-transporte-publico-pode-servir-como-prova-de-vida\/#article","isPartOf":{"@id":"https:\/\/www.notibras.com\/site\/uso-de-transporte-publico-pode-servir-como-prova-de-vida\/"},"author":{"name":"Reda\u00e7\u00e3o","@id":"https:\/\/www.notibras.com\/site\/#\/schema\/person\/36ab0979449956132d3e5b517ea76ac8"},"headline":"Uso de transporte p\u00fablico pode servir como prova de vida","datePublished":"2023-07-20T03:39:31+00:00","dateModified":"2023-07-20T11:41:05+00:00","mainEntityOfPage":{"@id":"https:\/\/www.notibras.com\/site\/uso-de-transporte-publico-pode-servir-como-prova-de-vida\/"},"wordCount":376,"publisher":{"@id":"https:\/\/www.notibras.com\/site\/#organization"},"image":{"@id":"https:\/\/www.notibras.com\/site\/uso-de-transporte-publico-pode-servir-como-prova-de-vida\/#primaryimage"},"thumbnailUrl":"https:\/\/www.notibras.com\/site\/wp-content\/uploads\/2023\/07\/banco_de_imagens_da_agencia_brasil_mcajr_abr_20220729_0922-1.jpg","articleSection":["Quadradinho em Foco"],"inLanguage":"pt-BR"},{"@type":"WebPage","@id":"https:\/\/www.notibras.com\/site\/uso-de-transporte-publico-pode-servir-como-prova-de-vida\/","url":"https:\/\/www.notibras.com\/site\/uso-de-transporte-publico-pode-servir-como-prova-de-vida\/","name":"Uso de transporte p\u00fablico pode servir como prova de vida - Notibras","isPartOf":{"@id":"https:\/\/www.notibras.com\/site\/#website"},"primaryImageOfPage":{"@id":"https:\/\/www.notibras.com\/site\/uso-de-transporte-publico-pode-servir-como-prova-de-vida\/#primaryimage"},"image":{"@id":"https:\/\/www.notibras.com\/site\/uso-de-transporte-publico-pode-servir-como-prova-de-vida\/#primaryimage"},"thumbnailUrl":"https:\/\/www.notibras.com\/site\/wp-content\/uploads\/2023\/07\/banco_de_imagens_da_agencia_brasil_mcajr_abr_20220729_0922-1.jpg","datePublished":"2023-07-20T03:39:31+00:00","dateModified":"2023-07-20T11:41:05+00:00","breadcrumb":{"@id":"https:\/\/www.notibras.com\/site\/uso-de-transporte-publico-pode-servir-como-prova-de-vida\/#breadcrumb"},"inLanguage":"pt-BR","potentialAction":[{"@type":"ReadAction","target":["https:\/\/www.notibras.com\/site\/uso-de-transporte-publico-pode-servir-como-prova-de-vida\/"]}]},{"@type":"ImageObject","inLanguage":"pt-BR","@id":"https:\/\/www.notibras.com\/site\/uso-de-transporte-publico-pode-servir-como-prova-de-vida\/#primaryimage","url":"https:\/\/www.notibras.com\/site\/wp-content\/uploads\/2023\/07\/banco_de_imagens_da_agencia_brasil_mcajr_abr_20220729_0922-1.jpg","contentUrl":"https:\/\/www.notibras.com\/site\/wp-content\/uploads\/2023\/07\/banco_de_imagens_da_agencia_brasil_mcajr_abr_20220729_0922-1.jpg","width":1170,"height":700,"caption":"Transporte p\u00fablico em Bras\u00edlia"},{"@type":"BreadcrumbList","@id":"https:\/\/www.notibras.com\/site\/uso-de-transporte-publico-pode-servir-como-prova-de-vida\/#breadcrumb","itemListElement":[{"@type":"ListItem","position":1,"name":"In\u00edcio","item":"https:\/\/www.notibras.com\/site\/"},{"@type":"ListItem","position":2,"name":"Uso de transporte p\u00fablico pode servir como prova de vida"}]},{"@type":"WebSite","@id":"https:\/\/www.notibras.com\/site\/#website","url":"https:\/\/www.notibras.com\/site\/","name":"Notibras","description":"Not\u00edcias de Bras\u00edlia, do Brasil e do Mundo","publisher":{"@id":"https:\/\/www.notibras.com\/site\/#organization"},"potentialAction":[{"@type":"SearchAction","target":{"@type":"EntryPoint","urlTemplate":"https:\/\/www.notibras.com\/site\/?s={search_term_string}"},"query-input":{"@type":"PropertyValueSpecification","valueRequired":true,"valueName":"search_term_string"}}],"inLanguage":"pt-BR"},{"@type":"Organization","@id":"https:\/\/www.notibras.com\/site\/#organization","name":"Grupo Notibras de Comunica\u00e7\u00e3o","url":"https:\/\/www.notibras.com\/site\/","logo":{"@type":"ImageObject","inLanguage":"pt-BR","@id":"https:\/\/www.notibras.com\/site\/#\/schema\/logo\/image\/","url":"https:\/\/www.notibras.com\/site\/wp-content\/uploads\/2023\/01\/notibras23.png","contentUrl":"https:\/\/www.notibras.com\/site\/wp-content\/uploads\/2023\/01\/notibras23.png","width":350,"height":87,"caption":"Grupo Notibras de Comunica\u00e7\u00e3o"},"image":{"@id":"https:\/\/www.notibras.com\/site\/#\/schema\/logo\/image\/"},"sameAs":["https:\/\/www.facebook.com\/notibras\/","https:\/\/x.com\/Notibras","https:\/\/www.instagram.com\/notibras\/"]},{"@type":"Person","@id":"https:\/\/www.notibras.com\/site\/#\/schema\/person\/36ab0979449956132d3e5b517ea76ac8","name":"Reda\u00e7\u00e3o","image":{"@type":"ImageObject","inLanguage":"pt-BR","@id":"https:\/\/secure.gravatar.com\/avatar\/e0a867bdedb85fd243eadf09663511f96fc81e0720a4a42581f334ad4303aa6b?s=96&d=mm&r=g","url":"https:\/\/secure.gravatar.com\/avatar\/e0a867bdedb85fd243eadf09663511f96fc81e0720a4a42581f334ad4303aa6b?s=96&d=mm&r=g","contentUrl":"https:\/\/secure.gravatar.com\/avatar\/e0a867bdedb85fd243eadf09663511f96fc81e0720a4a42581f334ad4303aa6b?s=96&d=mm&r=g","caption":"Reda\u00e7\u00e3o"}}]}},"amp_enabled":true,"_links":{"self":[{"href":"https:\/\/www.notibras.com\/site\/wp-json\/wp\/v2\/posts\/309237","targetHints":{"allow":["GET"]}}],"collection":[{"href":"https:\/\/www.notibras.com\/site\/wp-json\/wp\/v2\/posts"}],"about":[{"href":"https:\/\/www.notibras.com\/site\/wp-json\/wp\/v2\/types\/post"}],"author":[{"embeddable":true,"href":"https:\/\/www.notibras.com\/site\/wp-json\/wp\/v2\/users\/2"}],"replies":[{"embeddable":true,"href":"https:\/\/www.notibras.com\/site\/wp-json\/wp\/v2\/comments?post=309237"}],"version-history":[{"count":1,"href":"https:\/\/www.notibras.com\/site\/wp-json\/wp\/v2\/posts\/309237\/revisions"}],"predecessor-version":[{"id":309239,"href":"https:\/\/www.notibras.com\/site\/wp-json\/wp\/v2\/posts\/309237\/revisions\/309239"}],"wp:featuredmedia":[{"embeddable":true,"href":"https:\/\/www.notibras.com\/site\/wp-json\/wp\/v2\/media\/309238"}],"wp:attachment":[{"href":"https:\/\/www.notibras.com\/site\/wp-json\/wp\/v2\/media?parent=309237"}],"wp:term":[{"taxonomy":"category","embeddable":true,"href":"https:\/\/www.notibras.com\/site\/wp-json\/wp\/v2\/categories?post=309237"},{"taxonomy":"post_tag","embeddable":true,"href":"https:\/\/www.notibras.com\/site\/wp-json\/wp\/v2\/tags?post=309237"}],"curies":[{"name":"wp","href":"https:\/\/api.w.org\/{rel}","templated":true}]}}