{"id":309249,"date":"2023-07-20T11:09:24","date_gmt":"2023-07-20T14:09:24","guid":{"rendered":"https:\/\/www.notibras.com\/site\/?p=309249"},"modified":"2023-07-20T12:11:19","modified_gmt":"2023-07-20T15:11:19","slug":"rede-dor-escolhida-pela-para-ser-novo-centro-de-treinamento","status":"publish","type":"post","link":"https:\/\/www.notibras.com\/site\/rede-dor-escolhida-pela-para-ser-novo-centro-de-treinamento\/","title":{"rendered":"Rede D\u2019Or escolhida pela para ser novo Centro de Treinamento"},"content":{"rendered":"<p>Os quatro hospitais da Rede D\u2019Or em Bras\u00edlia &#8211; Hospital DF Star, Hospital Santa Luzia, Hospital Santa Helena e Hospital do Cora\u00e7\u00e3o do Brasil &#8211; far\u00e3o parte do centro de treinamento, que ter\u00e1 como coordenadores os m\u00e9dicos Liliana Mendes e Fl\u00e1vio Hayato Ejima. \u201cAs equipes de gastroenterologia, hepatologia e endoscopia atuam em cen\u00e1rios de interna\u00e7\u00e3o e ambulatoriais. No Centro de Treinamento ser\u00e3o discutidas condutas m\u00e9dicas diagn\u00f3sticas e terap\u00eauticas e ser\u00e1 fornecida a oportunidade de acompanhar e observar pacientes nos nossos quatro hospitais do DF\u201d, explica a diretora do Centro de Treinamento, Liliana Mendes.<\/p>\n<p>Pr\u00e1ticas em condutas de portadores de doen\u00e7as complexas do aparelho digestivo, joints, meetings, speaker training e din\u00e2micas em procedimentos de alta complexidade ser\u00e3o apresentados aos m\u00e9dicos que participarem do treinamento. Os profissionais interessados devem buscar a Federa\u00e7\u00e3o Brasileira de Gastroenterologia (FBG) ou a World Gastroenterology Organisation (WGO) onde ser\u00e3o direcionados ao centro para treinamentos, que podem variar de um a 12 meses.<\/p>\n<p>A cerim\u00f4nia de lan\u00e7amento do projeto, que contou com a presen\u00e7a dos diretores do Centro de Treinamento, Liliana Mendes e Fl\u00e1vio Hayato Ejima, do presidente da World Gastroenterology Organisation (WGO), Guilherme Macedo, do diretor regional da Rede D\u2019Or, Raul Sturari, do diretor do Hospital Santa Helena, Luciano Louren\u00e7o, do diretor do Hospital DF Star, Allisson Borges e do diretor do Hospital Santa Luzia, Guilherme Meyer.<\/p>\n<p>Na ocasi\u00e3o, a coordenadora do Centro de Treinamento, Liliana Mendes, relatou a experi\u00eancia que teve quando fez um treinamento do WGO, e que lhe deu vis\u00e3o para almejar algo semelhante no Distrito Federal. \u201cAl\u00e9m de se preocupar com a metodologia de ensino e fazer o conhecimento ser decifrado, o WGO tem uma miss\u00e3o maior, a de levar o conhecimento a \u00e1reas mais remotas do mundo. Eu sa\u00ed do treinamento extasiada e pensei, eu n\u00e3o posso ficar com isso s\u00f3 para mim\u201d, conta Liliana, que procurou o endoscopista Fl\u00e1vio Ejima para contar sobre a sua experi\u00eancia e dividir a ideia de formar um centro de treinamento com Rede D\u2019Or de Bras\u00edlia. \u201cO Fl\u00e1vio ficou animado e juntos apresentamos a ideia para o diretor regional e para os diretores dos hospitais, que nos apoiaram. Atualmente, a Rede D\u2019Or tem o maior complexo hospitalar da Am\u00e9rica Latina. N\u00f3s temos a oportunidade de desenvolver todos os procedimentos mais complexos dentro das \u00e1reas de hepatologia, endoscopia e gastroenterologia. Fomos acolhidos pela Federa\u00e7\u00e3o Brasileira de Gastroenterologia, para que convers\u00e1ssemos com a WGO. Grandes projetos nunca s\u00e3o individuais. Eles sempre trazem a conflu\u00eancia de v\u00e1rias pessoas pensando no mesmo rumo, no mesmo objetivo\u201d, afirma Liliana Mendes.<\/p>\n<p>O presidente da World Gastroenterology Organisation (WGO), Guilherme Macedo, destacou a import\u00e2ncia do novo centro de treinamento em Bras\u00edlia. \u201cN\u00f3s, da Organiza\u00e7\u00e3o Mundial de Gastroenterologia, tivemos a \u00faltima inaugura\u00e7\u00e3o em 2015. Simplesmente porque n\u00e3o t\u00ednhamos tido ainda a oportunidade de sentir, de compreender e de acreditar que era o momento de ter um novo centro de treinamento. Isto foi uma conjun\u00e7\u00e3o feliz n\u00e3o s\u00f3 cronol\u00f3gica, mas de vontades e de movimento interior, que representa aquilo que a Liliana fez e que n\u00f3s temos a oportunidade de fazer na Organiza\u00e7\u00e3o Mundial de Gastronomia. Um centro de treinamento da WGO \u00e9 uma esp\u00e9cie de farol do conhecimento, da melhor forma de ensinar e ministrar aquilo que n\u00f3s fazemos todos os dias. N\u00f3s cuidamos da sa\u00fade. A cria\u00e7\u00e3o do centro neste momento em Bras\u00edlia \u00e9 uma enorme honra para n\u00f3s. \u00c9 com muito orgulho e muita satisfa\u00e7\u00e3o que a Organiza\u00e7\u00e3o Mundial de Gastrologia est\u00e1 aqui hoje\u201d, afirmou Macedo.<\/p>\n<p>O diretor regional da Rede D\u2019Or, Raul Sturari, parabenizou os diretores do Centro de Treinamento pela conquista. \u201cEstou muito feliz de estar aqui hoje representando a Rede D\u2019Or. Quero agradecer e parabenizar a Liliana Mendes e o Fl\u00e1vio Ejima. Tenham na Rede D\u2019Or sempre um parceiro para este empreendimento e atividades. Esse \u00e9 o primeiro centro de treinamento de outros que vir\u00e3o. Fico feliz de t\u00ea-los no comando\u201d, afirmou. O Centro de Treinamento em Bras\u00edlia tem previs\u00e3o de in\u00edcio de atividades em agosto.<\/p>\n","protected":false},"excerpt":{"rendered":"<p>Os quatro hospitais da Rede D\u2019Or em Bras\u00edlia &#8211; Hospital DF Star, Hospital Santa Luzia, Hospital Santa Helena e Hospital do Cora\u00e7\u00e3o do Brasil &#8211; far\u00e3o parte do centro de treinamento, que ter\u00e1 como coordenadores os m\u00e9dicos Liliana Mendes e Fl\u00e1vio Hayato Ejima. \u201cAs equipes de gastroenterologia, hepatologia e endoscopia atuam em cen\u00e1rios de interna\u00e7\u00e3o [&hellip;]<\/p>\n","protected":false},"author":2,"featured_media":309250,"comment_status":"closed","ping_status":"closed","sticky":false,"template":"","format":"standard","meta":{"_acf_changed":false,"footnotes":""},"categories":[161],"tags":[],"class_list":["post-309249","post","type-post","status-publish","format-standard","has-post-thumbnail","hentry","category-quadradinho-em-foco"],"acf":[],"yoast_head":"<!-- This site is optimized with the Yoast SEO plugin v27.2 - https:\/\/yoast.com\/product\/yoast-seo-wordpress\/ -->\n<title>Rede D\u2019Or escolhida pela para ser novo Centro de Treinamento - Notibras<\/title>\n<meta name=\"robots\" content=\"index, follow, max-snippet:-1, max-image-preview:large, max-video-preview:-1\" \/>\n<link rel=\"canonical\" href=\"https:\/\/www.notibras.com\/site\/rede-dor-escolhida-pela-para-ser-novo-centro-de-treinamento\/\" \/>\n<meta property=\"og:locale\" content=\"pt_BR\" \/>\n<meta property=\"og:type\" content=\"article\" \/>\n<meta property=\"og:title\" content=\"Rede D\u2019Or escolhida pela para ser novo Centro de Treinamento - Notibras\" \/>\n<meta property=\"og:description\" content=\"Os quatro hospitais da Rede D\u2019Or em Bras\u00edlia &#8211; Hospital DF Star, Hospital Santa Luzia, Hospital Santa Helena e Hospital do Cora\u00e7\u00e3o do Brasil &#8211; far\u00e3o parte do centro de treinamento, que ter\u00e1 como coordenadores os m\u00e9dicos Liliana Mendes e Fl\u00e1vio Hayato Ejima. \u201cAs equipes de gastroenterologia, hepatologia e endoscopia atuam em cen\u00e1rios de interna\u00e7\u00e3o [&hellip;]\" \/>\n<meta property=\"og:url\" content=\"https:\/\/www.notibras.com\/site\/rede-dor-escolhida-pela-para-ser-novo-centro-de-treinamento\/\" \/>\n<meta property=\"og:site_name\" content=\"Notibras\" \/>\n<meta property=\"article:publisher\" content=\"https:\/\/www.facebook.com\/notibras\/\" \/>\n<meta property=\"article:published_time\" content=\"2023-07-20T14:09:24+00:00\" \/>\n<meta property=\"article:modified_time\" content=\"2023-07-20T15:11:19+00:00\" \/>\n<meta property=\"og:image\" content=\"https:\/\/www.notibras.com\/site\/wp-content\/uploads\/2023\/07\/unnamed-83.jpg\" \/>\n\t<meta property=\"og:image:width\" content=\"660\" \/>\n\t<meta property=\"og:image:height\" content=\"400\" \/>\n\t<meta property=\"og:image:type\" content=\"image\/jpeg\" \/>\n<meta name=\"author\" content=\"Reda\u00e7\u00e3o\" \/>\n<meta name=\"twitter:card\" content=\"summary_large_image\" \/>\n<meta name=\"twitter:creator\" content=\"@Notibras\" \/>\n<meta name=\"twitter:site\" content=\"@Notibras\" \/>\n<meta name=\"twitter:label1\" content=\"Escrito por\" \/>\n\t<meta name=\"twitter:data1\" content=\"Reda\u00e7\u00e3o\" \/>\n\t<meta name=\"twitter:label2\" content=\"Est. tempo de leitura\" \/>\n\t<meta name=\"twitter:data2\" content=\"4 minutos\" \/>\n<script type=\"application\/ld+json\" class=\"yoast-schema-graph\">{\"@context\":\"https:\/\/schema.org\",\"@graph\":[{\"@type\":\"Article\",\"@id\":\"https:\/\/www.notibras.com\/site\/rede-dor-escolhida-pela-para-ser-novo-centro-de-treinamento\/#article\",\"isPartOf\":{\"@id\":\"https:\/\/www.notibras.com\/site\/rede-dor-escolhida-pela-para-ser-novo-centro-de-treinamento\/\"},\"author\":{\"name\":\"Reda\u00e7\u00e3o\",\"@id\":\"https:\/\/www.notibras.com\/site\/#\/schema\/person\/36ab0979449956132d3e5b517ea76ac8\"},\"headline\":\"Rede D\u2019Or escolhida pela para ser novo Centro de Treinamento\",\"datePublished\":\"2023-07-20T14:09:24+00:00\",\"dateModified\":\"2023-07-20T15:11:19+00:00\",\"mainEntityOfPage\":{\"@id\":\"https:\/\/www.notibras.com\/site\/rede-dor-escolhida-pela-para-ser-novo-centro-de-treinamento\/\"},\"wordCount\":736,\"publisher\":{\"@id\":\"https:\/\/www.notibras.com\/site\/#organization\"},\"image\":{\"@id\":\"https:\/\/www.notibras.com\/site\/rede-dor-escolhida-pela-para-ser-novo-centro-de-treinamento\/#primaryimage\"},\"thumbnailUrl\":\"https:\/\/www.notibras.com\/site\/wp-content\/uploads\/2023\/07\/unnamed-83.jpg\",\"articleSection\":[\"Quadradinho em Foco\"],\"inLanguage\":\"pt-BR\"},{\"@type\":\"WebPage\",\"@id\":\"https:\/\/www.notibras.com\/site\/rede-dor-escolhida-pela-para-ser-novo-centro-de-treinamento\/\",\"url\":\"https:\/\/www.notibras.com\/site\/rede-dor-escolhida-pela-para-ser-novo-centro-de-treinamento\/\",\"name\":\"Rede D\u2019Or escolhida pela para ser novo Centro de Treinamento - Notibras\",\"isPartOf\":{\"@id\":\"https:\/\/www.notibras.com\/site\/#website\"},\"primaryImageOfPage\":{\"@id\":\"https:\/\/www.notibras.com\/site\/rede-dor-escolhida-pela-para-ser-novo-centro-de-treinamento\/#primaryimage\"},\"image\":{\"@id\":\"https:\/\/www.notibras.com\/site\/rede-dor-escolhida-pela-para-ser-novo-centro-de-treinamento\/#primaryimage\"},\"thumbnailUrl\":\"https:\/\/www.notibras.com\/site\/wp-content\/uploads\/2023\/07\/unnamed-83.jpg\",\"datePublished\":\"2023-07-20T14:09:24+00:00\",\"dateModified\":\"2023-07-20T15:11:19+00:00\",\"breadcrumb\":{\"@id\":\"https:\/\/www.notibras.com\/site\/rede-dor-escolhida-pela-para-ser-novo-centro-de-treinamento\/#breadcrumb\"},\"inLanguage\":\"pt-BR\",\"potentialAction\":[{\"@type\":\"ReadAction\",\"target\":[\"https:\/\/www.notibras.com\/site\/rede-dor-escolhida-pela-para-ser-novo-centro-de-treinamento\/\"]}]},{\"@type\":\"ImageObject\",\"inLanguage\":\"pt-BR\",\"@id\":\"https:\/\/www.notibras.com\/site\/rede-dor-escolhida-pela-para-ser-novo-centro-de-treinamento\/#primaryimage\",\"url\":\"https:\/\/www.notibras.com\/site\/wp-content\/uploads\/2023\/07\/unnamed-83.jpg\",\"contentUrl\":\"https:\/\/www.notibras.com\/site\/wp-content\/uploads\/2023\/07\/unnamed-83.jpg\",\"width\":660,\"height\":400},{\"@type\":\"BreadcrumbList\",\"@id\":\"https:\/\/www.notibras.com\/site\/rede-dor-escolhida-pela-para-ser-novo-centro-de-treinamento\/#breadcrumb\",\"itemListElement\":[{\"@type\":\"ListItem\",\"position\":1,\"name\":\"In\u00edcio\",\"item\":\"https:\/\/www.notibras.com\/site\/\"},{\"@type\":\"ListItem\",\"position\":2,\"name\":\"Rede D\u2019Or escolhida pela para ser novo Centro de Treinamento\"}]},{\"@type\":\"WebSite\",\"@id\":\"https:\/\/www.notibras.com\/site\/#website\",\"url\":\"https:\/\/www.notibras.com\/site\/\",\"name\":\"Notibras\",\"description\":\"Not\u00edcias de Bras\u00edlia, do Brasil e do Mundo\",\"publisher\":{\"@id\":\"https:\/\/www.notibras.com\/site\/#organization\"},\"potentialAction\":[{\"@type\":\"SearchAction\",\"target\":{\"@type\":\"EntryPoint\",\"urlTemplate\":\"https:\/\/www.notibras.com\/site\/?s={search_term_string}\"},\"query-input\":{\"@type\":\"PropertyValueSpecification\",\"valueRequired\":true,\"valueName\":\"search_term_string\"}}],\"inLanguage\":\"pt-BR\"},{\"@type\":\"Organization\",\"@id\":\"https:\/\/www.notibras.com\/site\/#organization\",\"name\":\"Grupo Notibras de Comunica\u00e7\u00e3o\",\"url\":\"https:\/\/www.notibras.com\/site\/\",\"logo\":{\"@type\":\"ImageObject\",\"inLanguage\":\"pt-BR\",\"@id\":\"https:\/\/www.notibras.com\/site\/#\/schema\/logo\/image\/\",\"url\":\"https:\/\/www.notibras.com\/site\/wp-content\/uploads\/2023\/01\/notibras23.png\",\"contentUrl\":\"https:\/\/www.notibras.com\/site\/wp-content\/uploads\/2023\/01\/notibras23.png\",\"width\":350,\"height\":87,\"caption\":\"Grupo Notibras de Comunica\u00e7\u00e3o\"},\"image\":{\"@id\":\"https:\/\/www.notibras.com\/site\/#\/schema\/logo\/image\/\"},\"sameAs\":[\"https:\/\/www.facebook.com\/notibras\/\",\"https:\/\/x.com\/Notibras\",\"https:\/\/www.instagram.com\/notibras\/\"]},{\"@type\":\"Person\",\"@id\":\"https:\/\/www.notibras.com\/site\/#\/schema\/person\/36ab0979449956132d3e5b517ea76ac8\",\"name\":\"Reda\u00e7\u00e3o\",\"image\":{\"@type\":\"ImageObject\",\"inLanguage\":\"pt-BR\",\"@id\":\"https:\/\/secure.gravatar.com\/avatar\/e0a867bdedb85fd243eadf09663511f96fc81e0720a4a42581f334ad4303aa6b?s=96&d=mm&r=g\",\"url\":\"https:\/\/secure.gravatar.com\/avatar\/e0a867bdedb85fd243eadf09663511f96fc81e0720a4a42581f334ad4303aa6b?s=96&d=mm&r=g\",\"contentUrl\":\"https:\/\/secure.gravatar.com\/avatar\/e0a867bdedb85fd243eadf09663511f96fc81e0720a4a42581f334ad4303aa6b?s=96&d=mm&r=g\",\"caption\":\"Reda\u00e7\u00e3o\"}}]}<\/script>\n<!-- \/ Yoast SEO plugin. -->","yoast_head_json":{"title":"Rede D\u2019Or escolhida pela para ser novo Centro de Treinamento - Notibras","robots":{"index":"index","follow":"follow","max-snippet":"max-snippet:-1","max-image-preview":"max-image-preview:large","max-video-preview":"max-video-preview:-1"},"canonical":"https:\/\/www.notibras.com\/site\/rede-dor-escolhida-pela-para-ser-novo-centro-de-treinamento\/","og_locale":"pt_BR","og_type":"article","og_title":"Rede D\u2019Or escolhida pela para ser novo Centro de Treinamento - Notibras","og_description":"Os quatro hospitais da Rede D\u2019Or em Bras\u00edlia &#8211; Hospital DF Star, Hospital Santa Luzia, Hospital Santa Helena e Hospital do Cora\u00e7\u00e3o do Brasil &#8211; far\u00e3o parte do centro de treinamento, que ter\u00e1 como coordenadores os m\u00e9dicos Liliana Mendes e Fl\u00e1vio Hayato Ejima. \u201cAs equipes de gastroenterologia, hepatologia e endoscopia atuam em cen\u00e1rios de interna\u00e7\u00e3o [&hellip;]","og_url":"https:\/\/www.notibras.com\/site\/rede-dor-escolhida-pela-para-ser-novo-centro-de-treinamento\/","og_site_name":"Notibras","article_publisher":"https:\/\/www.facebook.com\/notibras\/","article_published_time":"2023-07-20T14:09:24+00:00","article_modified_time":"2023-07-20T15:11:19+00:00","og_image":[{"width":660,"height":400,"url":"https:\/\/www.notibras.com\/site\/wp-content\/uploads\/2023\/07\/unnamed-83.jpg","type":"image\/jpeg"}],"author":"Reda\u00e7\u00e3o","twitter_card":"summary_large_image","twitter_creator":"@Notibras","twitter_site":"@Notibras","twitter_misc":{"Escrito por":"Reda\u00e7\u00e3o","Est. tempo de leitura":"4 minutos"},"schema":{"@context":"https:\/\/schema.org","@graph":[{"@type":"Article","@id":"https:\/\/www.notibras.com\/site\/rede-dor-escolhida-pela-para-ser-novo-centro-de-treinamento\/#article","isPartOf":{"@id":"https:\/\/www.notibras.com\/site\/rede-dor-escolhida-pela-para-ser-novo-centro-de-treinamento\/"},"author":{"name":"Reda\u00e7\u00e3o","@id":"https:\/\/www.notibras.com\/site\/#\/schema\/person\/36ab0979449956132d3e5b517ea76ac8"},"headline":"Rede D\u2019Or escolhida pela para ser novo Centro de Treinamento","datePublished":"2023-07-20T14:09:24+00:00","dateModified":"2023-07-20T15:11:19+00:00","mainEntityOfPage":{"@id":"https:\/\/www.notibras.com\/site\/rede-dor-escolhida-pela-para-ser-novo-centro-de-treinamento\/"},"wordCount":736,"publisher":{"@id":"https:\/\/www.notibras.com\/site\/#organization"},"image":{"@id":"https:\/\/www.notibras.com\/site\/rede-dor-escolhida-pela-para-ser-novo-centro-de-treinamento\/#primaryimage"},"thumbnailUrl":"https:\/\/www.notibras.com\/site\/wp-content\/uploads\/2023\/07\/unnamed-83.jpg","articleSection":["Quadradinho em Foco"],"inLanguage":"pt-BR"},{"@type":"WebPage","@id":"https:\/\/www.notibras.com\/site\/rede-dor-escolhida-pela-para-ser-novo-centro-de-treinamento\/","url":"https:\/\/www.notibras.com\/site\/rede-dor-escolhida-pela-para-ser-novo-centro-de-treinamento\/","name":"Rede D\u2019Or escolhida pela para ser novo Centro de Treinamento - Notibras","isPartOf":{"@id":"https:\/\/www.notibras.com\/site\/#website"},"primaryImageOfPage":{"@id":"https:\/\/www.notibras.com\/site\/rede-dor-escolhida-pela-para-ser-novo-centro-de-treinamento\/#primaryimage"},"image":{"@id":"https:\/\/www.notibras.com\/site\/rede-dor-escolhida-pela-para-ser-novo-centro-de-treinamento\/#primaryimage"},"thumbnailUrl":"https:\/\/www.notibras.com\/site\/wp-content\/uploads\/2023\/07\/unnamed-83.jpg","datePublished":"2023-07-20T14:09:24+00:00","dateModified":"2023-07-20T15:11:19+00:00","breadcrumb":{"@id":"https:\/\/www.notibras.com\/site\/rede-dor-escolhida-pela-para-ser-novo-centro-de-treinamento\/#breadcrumb"},"inLanguage":"pt-BR","potentialAction":[{"@type":"ReadAction","target":["https:\/\/www.notibras.com\/site\/rede-dor-escolhida-pela-para-ser-novo-centro-de-treinamento\/"]}]},{"@type":"ImageObject","inLanguage":"pt-BR","@id":"https:\/\/www.notibras.com\/site\/rede-dor-escolhida-pela-para-ser-novo-centro-de-treinamento\/#primaryimage","url":"https:\/\/www.notibras.com\/site\/wp-content\/uploads\/2023\/07\/unnamed-83.jpg","contentUrl":"https:\/\/www.notibras.com\/site\/wp-content\/uploads\/2023\/07\/unnamed-83.jpg","width":660,"height":400},{"@type":"BreadcrumbList","@id":"https:\/\/www.notibras.com\/site\/rede-dor-escolhida-pela-para-ser-novo-centro-de-treinamento\/#breadcrumb","itemListElement":[{"@type":"ListItem","position":1,"name":"In\u00edcio","item":"https:\/\/www.notibras.com\/site\/"},{"@type":"ListItem","position":2,"name":"Rede D\u2019Or escolhida pela para ser novo Centro de Treinamento"}]},{"@type":"WebSite","@id":"https:\/\/www.notibras.com\/site\/#website","url":"https:\/\/www.notibras.com\/site\/","name":"Notibras","description":"Not\u00edcias de Bras\u00edlia, do Brasil e do Mundo","publisher":{"@id":"https:\/\/www.notibras.com\/site\/#organization"},"potentialAction":[{"@type":"SearchAction","target":{"@type":"EntryPoint","urlTemplate":"https:\/\/www.notibras.com\/site\/?s={search_term_string}"},"query-input":{"@type":"PropertyValueSpecification","valueRequired":true,"valueName":"search_term_string"}}],"inLanguage":"pt-BR"},{"@type":"Organization","@id":"https:\/\/www.notibras.com\/site\/#organization","name":"Grupo Notibras de Comunica\u00e7\u00e3o","url":"https:\/\/www.notibras.com\/site\/","logo":{"@type":"ImageObject","inLanguage":"pt-BR","@id":"https:\/\/www.notibras.com\/site\/#\/schema\/logo\/image\/","url":"https:\/\/www.notibras.com\/site\/wp-content\/uploads\/2023\/01\/notibras23.png","contentUrl":"https:\/\/www.notibras.com\/site\/wp-content\/uploads\/2023\/01\/notibras23.png","width":350,"height":87,"caption":"Grupo Notibras de Comunica\u00e7\u00e3o"},"image":{"@id":"https:\/\/www.notibras.com\/site\/#\/schema\/logo\/image\/"},"sameAs":["https:\/\/www.facebook.com\/notibras\/","https:\/\/x.com\/Notibras","https:\/\/www.instagram.com\/notibras\/"]},{"@type":"Person","@id":"https:\/\/www.notibras.com\/site\/#\/schema\/person\/36ab0979449956132d3e5b517ea76ac8","name":"Reda\u00e7\u00e3o","image":{"@type":"ImageObject","inLanguage":"pt-BR","@id":"https:\/\/secure.gravatar.com\/avatar\/e0a867bdedb85fd243eadf09663511f96fc81e0720a4a42581f334ad4303aa6b?s=96&d=mm&r=g","url":"https:\/\/secure.gravatar.com\/avatar\/e0a867bdedb85fd243eadf09663511f96fc81e0720a4a42581f334ad4303aa6b?s=96&d=mm&r=g","contentUrl":"https:\/\/secure.gravatar.com\/avatar\/e0a867bdedb85fd243eadf09663511f96fc81e0720a4a42581f334ad4303aa6b?s=96&d=mm&r=g","caption":"Reda\u00e7\u00e3o"}}]}},"amp_enabled":true,"_links":{"self":[{"href":"https:\/\/www.notibras.com\/site\/wp-json\/wp\/v2\/posts\/309249","targetHints":{"allow":["GET"]}}],"collection":[{"href":"https:\/\/www.notibras.com\/site\/wp-json\/wp\/v2\/posts"}],"about":[{"href":"https:\/\/www.notibras.com\/site\/wp-json\/wp\/v2\/types\/post"}],"author":[{"embeddable":true,"href":"https:\/\/www.notibras.com\/site\/wp-json\/wp\/v2\/users\/2"}],"replies":[{"embeddable":true,"href":"https:\/\/www.notibras.com\/site\/wp-json\/wp\/v2\/comments?post=309249"}],"version-history":[{"count":1,"href":"https:\/\/www.notibras.com\/site\/wp-json\/wp\/v2\/posts\/309249\/revisions"}],"predecessor-version":[{"id":309251,"href":"https:\/\/www.notibras.com\/site\/wp-json\/wp\/v2\/posts\/309249\/revisions\/309251"}],"wp:featuredmedia":[{"embeddable":true,"href":"https:\/\/www.notibras.com\/site\/wp-json\/wp\/v2\/media\/309250"}],"wp:attachment":[{"href":"https:\/\/www.notibras.com\/site\/wp-json\/wp\/v2\/media?parent=309249"}],"wp:term":[{"taxonomy":"category","embeddable":true,"href":"https:\/\/www.notibras.com\/site\/wp-json\/wp\/v2\/categories?post=309249"},{"taxonomy":"post_tag","embeddable":true,"href":"https:\/\/www.notibras.com\/site\/wp-json\/wp\/v2\/tags?post=309249"}],"curies":[{"name":"wp","href":"https:\/\/api.w.org\/{rel}","templated":true}]}}