{"id":309271,"date":"2023-07-21T08:43:07","date_gmt":"2023-07-21T11:43:07","guid":{"rendered":"https:\/\/www.notibras.com\/site\/?p=309271"},"modified":"2023-07-21T08:44:13","modified_gmt":"2023-07-21T11:44:13","slug":"solto-fumando-belarmino-fica-preso-ao-passado","status":"publish","type":"post","link":"https:\/\/www.notibras.com\/site\/solto-fumando-belarmino-fica-preso-ao-passado\/","title":{"rendered":"Solto, fumando, Belarmino fica preso ao passado"},"content":{"rendered":"<p>Belarmino, mal saiu pelo enorme port\u00e3o de ferro, teve os olhos ofuscados pelos raios solares. Apertou as vistas e, em seguida, quis abri-las para sentir ao m\u00e1ximo toda aquela liberdade. Aos 42, ele havia passado mais da metade da vida atr\u00e1s das grades, sendo que, os \u00faltimos 17, sem qualquer direito a sa\u00eddas. Ou, no linguajar dos detentos, o homem havia puxado 17 anos no arame.<\/p>\n<p>Sem muito estudo, acabou conseguindo um emprego de ajudante de pedreiro. O sal\u00e1rio mal dava para as despesas. N\u00e3o que fossem tantas, pois Belarmino fora morar no quartinho de fundos da casa de uma sobrinha, a Dolores, que era casada com Marcos, um pr\u00f3spero corretor de im\u00f3veis da regi\u00e3o de Taguatinga. Todavia, apesar dos gastos n\u00e3o serem tantos, a necessidade era tamanha, que logo sentiu desejo de viver, em um ano, tanto tempo perdido.<\/p>\n<p>N\u00e3o raro, Belarmino acordava suado durante as madrugadas. Era dif\u00edcil aceitar que n\u00e3o precisava mais se esquivar da navalha de um desafeto. Corpo teso, adrenalina corria nas veias saltadas dos seus bra\u00e7os. Sentado na cama, puxava um cigarro barato do ma\u00e7o. Fumava um, dois, \u00e0s vezes at\u00e9 cinco, enquanto lembran\u00e7as o atormentavam.<\/p>\n<p>O pensamento o levou a uma noite quente na cela, que dividia com exatos 42 detentos. Ele, que era um dos mais antigos, estava deitado pr\u00f3ximo \u00e0s grades, uma posi\u00e7\u00e3o privilegiada, que aplacava aquele estado deplor\u00e1vel. At\u00e9 uma leve brisa corria pelo corredor da pris\u00e3o naquele dia e, relaxado, adormeceu. Um erro.<\/p>\n<p>Uma dor intensa no peito o despertou. Calango Doido, que buscava alcan\u00e7ar o topo da pir\u00e2mide, havia esfaqueado Belarmino. Por sorte, a faca encontrou o esterno do homem. Partiu-se, momento em que, agora de olhos bem abertos, Belarmino arrancou o peda\u00e7o espetado em seu peito e, sem pensar, o enfiou direto no pesco\u00e7o do seu algoz.<\/p>\n<p>Calango Doido levou as m\u00e3os ao pr\u00f3prio pesco\u00e7o, mas j\u00e1 era tarde para se fazer algo. N\u00e3o conseguiu gritar, pois foi sufocado pelo pr\u00f3prio sangue, que jorrou. Agonizou por n\u00e3o mais de dois minutos. Morreu ali diante daqueles 42 homens. Por coincid\u00eancia, a mesma idade de Belarmino hoje, que continua preso ao seu passado.<\/p>\n","protected":false},"excerpt":{"rendered":"<p>Belarmino, mal saiu pelo enorme port\u00e3o de ferro, teve os olhos ofuscados pelos raios solares. Apertou as vistas e, em seguida, quis abri-las para sentir ao m\u00e1ximo toda aquela liberdade. Aos 42, ele havia passado mais da metade da vida atr\u00e1s das grades, sendo que, os \u00faltimos 17, sem qualquer direito a sa\u00eddas. Ou, no [&hellip;]<\/p>\n","protected":false},"author":2,"featured_media":309272,"comment_status":"closed","ping_status":"closed","sticky":false,"template":"","format":"standard","meta":{"_acf_changed":false,"footnotes":""},"categories":[161],"tags":[],"class_list":["post-309271","post","type-post","status-publish","format-standard","has-post-thumbnail","hentry","category-quadradinho-em-foco"],"acf":[],"yoast_head":"<!-- This site is optimized with the Yoast SEO plugin v27.2 - https:\/\/yoast.com\/product\/yoast-seo-wordpress\/ -->\n<title>Solto, fumando, Belarmino fica preso ao passado - Notibras<\/title>\n<meta name=\"robots\" content=\"index, follow, max-snippet:-1, max-image-preview:large, max-video-preview:-1\" \/>\n<link rel=\"canonical\" href=\"https:\/\/www.notibras.com\/site\/solto-fumando-belarmino-fica-preso-ao-passado\/\" \/>\n<meta property=\"og:locale\" content=\"pt_BR\" \/>\n<meta property=\"og:type\" content=\"article\" \/>\n<meta property=\"og:title\" content=\"Solto, fumando, Belarmino fica preso ao passado - Notibras\" \/>\n<meta property=\"og:description\" content=\"Belarmino, mal saiu pelo enorme port\u00e3o de ferro, teve os olhos ofuscados pelos raios solares. Apertou as vistas e, em seguida, quis abri-las para sentir ao m\u00e1ximo toda aquela liberdade. Aos 42, ele havia passado mais da metade da vida atr\u00e1s das grades, sendo que, os \u00faltimos 17, sem qualquer direito a sa\u00eddas. Ou, no [&hellip;]\" \/>\n<meta property=\"og:url\" content=\"https:\/\/www.notibras.com\/site\/solto-fumando-belarmino-fica-preso-ao-passado\/\" \/>\n<meta property=\"og:site_name\" content=\"Notibras\" \/>\n<meta property=\"article:publisher\" content=\"https:\/\/www.facebook.com\/notibras\/\" \/>\n<meta property=\"article:published_time\" content=\"2023-07-21T11:43:07+00:00\" \/>\n<meta property=\"article:modified_time\" content=\"2023-07-21T11:44:13+00:00\" \/>\n<meta property=\"og:image\" content=\"https:\/\/www.notibras.com\/site\/wp-content\/uploads\/2023\/07\/desktop-wallpaper-light-smoke-silhouette-male-smoking-for-boys-smoking.jpg\" \/>\n\t<meta property=\"og:image:width\" content=\"850\" \/>\n\t<meta property=\"og:image:height\" content=\"542\" \/>\n\t<meta property=\"og:image:type\" content=\"image\/jpeg\" \/>\n<meta name=\"author\" content=\"Reda\u00e7\u00e3o\" \/>\n<meta name=\"twitter:card\" content=\"summary_large_image\" \/>\n<meta name=\"twitter:creator\" content=\"@Notibras\" \/>\n<meta name=\"twitter:site\" content=\"@Notibras\" \/>\n<meta name=\"twitter:label1\" content=\"Escrito por\" \/>\n\t<meta name=\"twitter:data1\" content=\"Reda\u00e7\u00e3o\" \/>\n\t<meta name=\"twitter:label2\" content=\"Est. tempo de leitura\" \/>\n\t<meta name=\"twitter:data2\" content=\"2 minutos\" \/>\n<script type=\"application\/ld+json\" class=\"yoast-schema-graph\">{\"@context\":\"https:\/\/schema.org\",\"@graph\":[{\"@type\":\"Article\",\"@id\":\"https:\/\/www.notibras.com\/site\/solto-fumando-belarmino-fica-preso-ao-passado\/#article\",\"isPartOf\":{\"@id\":\"https:\/\/www.notibras.com\/site\/solto-fumando-belarmino-fica-preso-ao-passado\/\"},\"author\":{\"name\":\"Reda\u00e7\u00e3o\",\"@id\":\"https:\/\/www.notibras.com\/site\/#\/schema\/person\/36ab0979449956132d3e5b517ea76ac8\"},\"headline\":\"Solto, fumando, Belarmino fica preso ao passado\",\"datePublished\":\"2023-07-21T11:43:07+00:00\",\"dateModified\":\"2023-07-21T11:44:13+00:00\",\"mainEntityOfPage\":{\"@id\":\"https:\/\/www.notibras.com\/site\/solto-fumando-belarmino-fica-preso-ao-passado\/\"},\"wordCount\":387,\"publisher\":{\"@id\":\"https:\/\/www.notibras.com\/site\/#organization\"},\"image\":{\"@id\":\"https:\/\/www.notibras.com\/site\/solto-fumando-belarmino-fica-preso-ao-passado\/#primaryimage\"},\"thumbnailUrl\":\"https:\/\/www.notibras.com\/site\/wp-content\/uploads\/2023\/07\/desktop-wallpaper-light-smoke-silhouette-male-smoking-for-boys-smoking.jpg\",\"articleSection\":[\"Quadradinho em Foco\"],\"inLanguage\":\"pt-BR\"},{\"@type\":\"WebPage\",\"@id\":\"https:\/\/www.notibras.com\/site\/solto-fumando-belarmino-fica-preso-ao-passado\/\",\"url\":\"https:\/\/www.notibras.com\/site\/solto-fumando-belarmino-fica-preso-ao-passado\/\",\"name\":\"Solto, fumando, Belarmino fica preso ao passado - Notibras\",\"isPartOf\":{\"@id\":\"https:\/\/www.notibras.com\/site\/#website\"},\"primaryImageOfPage\":{\"@id\":\"https:\/\/www.notibras.com\/site\/solto-fumando-belarmino-fica-preso-ao-passado\/#primaryimage\"},\"image\":{\"@id\":\"https:\/\/www.notibras.com\/site\/solto-fumando-belarmino-fica-preso-ao-passado\/#primaryimage\"},\"thumbnailUrl\":\"https:\/\/www.notibras.com\/site\/wp-content\/uploads\/2023\/07\/desktop-wallpaper-light-smoke-silhouette-male-smoking-for-boys-smoking.jpg\",\"datePublished\":\"2023-07-21T11:43:07+00:00\",\"dateModified\":\"2023-07-21T11:44:13+00:00\",\"breadcrumb\":{\"@id\":\"https:\/\/www.notibras.com\/site\/solto-fumando-belarmino-fica-preso-ao-passado\/#breadcrumb\"},\"inLanguage\":\"pt-BR\",\"potentialAction\":[{\"@type\":\"ReadAction\",\"target\":[\"https:\/\/www.notibras.com\/site\/solto-fumando-belarmino-fica-preso-ao-passado\/\"]}]},{\"@type\":\"ImageObject\",\"inLanguage\":\"pt-BR\",\"@id\":\"https:\/\/www.notibras.com\/site\/solto-fumando-belarmino-fica-preso-ao-passado\/#primaryimage\",\"url\":\"https:\/\/www.notibras.com\/site\/wp-content\/uploads\/2023\/07\/desktop-wallpaper-light-smoke-silhouette-male-smoking-for-boys-smoking.jpg\",\"contentUrl\":\"https:\/\/www.notibras.com\/site\/wp-content\/uploads\/2023\/07\/desktop-wallpaper-light-smoke-silhouette-male-smoking-for-boys-smoking.jpg\",\"width\":850,\"height\":542},{\"@type\":\"BreadcrumbList\",\"@id\":\"https:\/\/www.notibras.com\/site\/solto-fumando-belarmino-fica-preso-ao-passado\/#breadcrumb\",\"itemListElement\":[{\"@type\":\"ListItem\",\"position\":1,\"name\":\"In\u00edcio\",\"item\":\"https:\/\/www.notibras.com\/site\/\"},{\"@type\":\"ListItem\",\"position\":2,\"name\":\"Solto, fumando, Belarmino fica preso ao passado\"}]},{\"@type\":\"WebSite\",\"@id\":\"https:\/\/www.notibras.com\/site\/#website\",\"url\":\"https:\/\/www.notibras.com\/site\/\",\"name\":\"Notibras\",\"description\":\"Not\u00edcias de Bras\u00edlia, do Brasil e do Mundo\",\"publisher\":{\"@id\":\"https:\/\/www.notibras.com\/site\/#organization\"},\"potentialAction\":[{\"@type\":\"SearchAction\",\"target\":{\"@type\":\"EntryPoint\",\"urlTemplate\":\"https:\/\/www.notibras.com\/site\/?s={search_term_string}\"},\"query-input\":{\"@type\":\"PropertyValueSpecification\",\"valueRequired\":true,\"valueName\":\"search_term_string\"}}],\"inLanguage\":\"pt-BR\"},{\"@type\":\"Organization\",\"@id\":\"https:\/\/www.notibras.com\/site\/#organization\",\"name\":\"Grupo Notibras de Comunica\u00e7\u00e3o\",\"url\":\"https:\/\/www.notibras.com\/site\/\",\"logo\":{\"@type\":\"ImageObject\",\"inLanguage\":\"pt-BR\",\"@id\":\"https:\/\/www.notibras.com\/site\/#\/schema\/logo\/image\/\",\"url\":\"https:\/\/www.notibras.com\/site\/wp-content\/uploads\/2023\/01\/notibras23.png\",\"contentUrl\":\"https:\/\/www.notibras.com\/site\/wp-content\/uploads\/2023\/01\/notibras23.png\",\"width\":350,\"height\":87,\"caption\":\"Grupo Notibras de Comunica\u00e7\u00e3o\"},\"image\":{\"@id\":\"https:\/\/www.notibras.com\/site\/#\/schema\/logo\/image\/\"},\"sameAs\":[\"https:\/\/www.facebook.com\/notibras\/\",\"https:\/\/x.com\/Notibras\",\"https:\/\/www.instagram.com\/notibras\/\"]},{\"@type\":\"Person\",\"@id\":\"https:\/\/www.notibras.com\/site\/#\/schema\/person\/36ab0979449956132d3e5b517ea76ac8\",\"name\":\"Reda\u00e7\u00e3o\",\"image\":{\"@type\":\"ImageObject\",\"inLanguage\":\"pt-BR\",\"@id\":\"https:\/\/secure.gravatar.com\/avatar\/e0a867bdedb85fd243eadf09663511f96fc81e0720a4a42581f334ad4303aa6b?s=96&d=mm&r=g\",\"url\":\"https:\/\/secure.gravatar.com\/avatar\/e0a867bdedb85fd243eadf09663511f96fc81e0720a4a42581f334ad4303aa6b?s=96&d=mm&r=g\",\"contentUrl\":\"https:\/\/secure.gravatar.com\/avatar\/e0a867bdedb85fd243eadf09663511f96fc81e0720a4a42581f334ad4303aa6b?s=96&d=mm&r=g\",\"caption\":\"Reda\u00e7\u00e3o\"}}]}<\/script>\n<!-- \/ Yoast SEO plugin. -->","yoast_head_json":{"title":"Solto, fumando, Belarmino fica preso ao passado - Notibras","robots":{"index":"index","follow":"follow","max-snippet":"max-snippet:-1","max-image-preview":"max-image-preview:large","max-video-preview":"max-video-preview:-1"},"canonical":"https:\/\/www.notibras.com\/site\/solto-fumando-belarmino-fica-preso-ao-passado\/","og_locale":"pt_BR","og_type":"article","og_title":"Solto, fumando, Belarmino fica preso ao passado - Notibras","og_description":"Belarmino, mal saiu pelo enorme port\u00e3o de ferro, teve os olhos ofuscados pelos raios solares. Apertou as vistas e, em seguida, quis abri-las para sentir ao m\u00e1ximo toda aquela liberdade. Aos 42, ele havia passado mais da metade da vida atr\u00e1s das grades, sendo que, os \u00faltimos 17, sem qualquer direito a sa\u00eddas. Ou, no [&hellip;]","og_url":"https:\/\/www.notibras.com\/site\/solto-fumando-belarmino-fica-preso-ao-passado\/","og_site_name":"Notibras","article_publisher":"https:\/\/www.facebook.com\/notibras\/","article_published_time":"2023-07-21T11:43:07+00:00","article_modified_time":"2023-07-21T11:44:13+00:00","og_image":[{"width":850,"height":542,"url":"https:\/\/www.notibras.com\/site\/wp-content\/uploads\/2023\/07\/desktop-wallpaper-light-smoke-silhouette-male-smoking-for-boys-smoking.jpg","type":"image\/jpeg"}],"author":"Reda\u00e7\u00e3o","twitter_card":"summary_large_image","twitter_creator":"@Notibras","twitter_site":"@Notibras","twitter_misc":{"Escrito por":"Reda\u00e7\u00e3o","Est. tempo de leitura":"2 minutos"},"schema":{"@context":"https:\/\/schema.org","@graph":[{"@type":"Article","@id":"https:\/\/www.notibras.com\/site\/solto-fumando-belarmino-fica-preso-ao-passado\/#article","isPartOf":{"@id":"https:\/\/www.notibras.com\/site\/solto-fumando-belarmino-fica-preso-ao-passado\/"},"author":{"name":"Reda\u00e7\u00e3o","@id":"https:\/\/www.notibras.com\/site\/#\/schema\/person\/36ab0979449956132d3e5b517ea76ac8"},"headline":"Solto, fumando, Belarmino fica preso ao passado","datePublished":"2023-07-21T11:43:07+00:00","dateModified":"2023-07-21T11:44:13+00:00","mainEntityOfPage":{"@id":"https:\/\/www.notibras.com\/site\/solto-fumando-belarmino-fica-preso-ao-passado\/"},"wordCount":387,"publisher":{"@id":"https:\/\/www.notibras.com\/site\/#organization"},"image":{"@id":"https:\/\/www.notibras.com\/site\/solto-fumando-belarmino-fica-preso-ao-passado\/#primaryimage"},"thumbnailUrl":"https:\/\/www.notibras.com\/site\/wp-content\/uploads\/2023\/07\/desktop-wallpaper-light-smoke-silhouette-male-smoking-for-boys-smoking.jpg","articleSection":["Quadradinho em Foco"],"inLanguage":"pt-BR"},{"@type":"WebPage","@id":"https:\/\/www.notibras.com\/site\/solto-fumando-belarmino-fica-preso-ao-passado\/","url":"https:\/\/www.notibras.com\/site\/solto-fumando-belarmino-fica-preso-ao-passado\/","name":"Solto, fumando, Belarmino fica preso ao passado - Notibras","isPartOf":{"@id":"https:\/\/www.notibras.com\/site\/#website"},"primaryImageOfPage":{"@id":"https:\/\/www.notibras.com\/site\/solto-fumando-belarmino-fica-preso-ao-passado\/#primaryimage"},"image":{"@id":"https:\/\/www.notibras.com\/site\/solto-fumando-belarmino-fica-preso-ao-passado\/#primaryimage"},"thumbnailUrl":"https:\/\/www.notibras.com\/site\/wp-content\/uploads\/2023\/07\/desktop-wallpaper-light-smoke-silhouette-male-smoking-for-boys-smoking.jpg","datePublished":"2023-07-21T11:43:07+00:00","dateModified":"2023-07-21T11:44:13+00:00","breadcrumb":{"@id":"https:\/\/www.notibras.com\/site\/solto-fumando-belarmino-fica-preso-ao-passado\/#breadcrumb"},"inLanguage":"pt-BR","potentialAction":[{"@type":"ReadAction","target":["https:\/\/www.notibras.com\/site\/solto-fumando-belarmino-fica-preso-ao-passado\/"]}]},{"@type":"ImageObject","inLanguage":"pt-BR","@id":"https:\/\/www.notibras.com\/site\/solto-fumando-belarmino-fica-preso-ao-passado\/#primaryimage","url":"https:\/\/www.notibras.com\/site\/wp-content\/uploads\/2023\/07\/desktop-wallpaper-light-smoke-silhouette-male-smoking-for-boys-smoking.jpg","contentUrl":"https:\/\/www.notibras.com\/site\/wp-content\/uploads\/2023\/07\/desktop-wallpaper-light-smoke-silhouette-male-smoking-for-boys-smoking.jpg","width":850,"height":542},{"@type":"BreadcrumbList","@id":"https:\/\/www.notibras.com\/site\/solto-fumando-belarmino-fica-preso-ao-passado\/#breadcrumb","itemListElement":[{"@type":"ListItem","position":1,"name":"In\u00edcio","item":"https:\/\/www.notibras.com\/site\/"},{"@type":"ListItem","position":2,"name":"Solto, fumando, Belarmino fica preso ao passado"}]},{"@type":"WebSite","@id":"https:\/\/www.notibras.com\/site\/#website","url":"https:\/\/www.notibras.com\/site\/","name":"Notibras","description":"Not\u00edcias de Bras\u00edlia, do Brasil e do Mundo","publisher":{"@id":"https:\/\/www.notibras.com\/site\/#organization"},"potentialAction":[{"@type":"SearchAction","target":{"@type":"EntryPoint","urlTemplate":"https:\/\/www.notibras.com\/site\/?s={search_term_string}"},"query-input":{"@type":"PropertyValueSpecification","valueRequired":true,"valueName":"search_term_string"}}],"inLanguage":"pt-BR"},{"@type":"Organization","@id":"https:\/\/www.notibras.com\/site\/#organization","name":"Grupo Notibras de Comunica\u00e7\u00e3o","url":"https:\/\/www.notibras.com\/site\/","logo":{"@type":"ImageObject","inLanguage":"pt-BR","@id":"https:\/\/www.notibras.com\/site\/#\/schema\/logo\/image\/","url":"https:\/\/www.notibras.com\/site\/wp-content\/uploads\/2023\/01\/notibras23.png","contentUrl":"https:\/\/www.notibras.com\/site\/wp-content\/uploads\/2023\/01\/notibras23.png","width":350,"height":87,"caption":"Grupo Notibras de Comunica\u00e7\u00e3o"},"image":{"@id":"https:\/\/www.notibras.com\/site\/#\/schema\/logo\/image\/"},"sameAs":["https:\/\/www.facebook.com\/notibras\/","https:\/\/x.com\/Notibras","https:\/\/www.instagram.com\/notibras\/"]},{"@type":"Person","@id":"https:\/\/www.notibras.com\/site\/#\/schema\/person\/36ab0979449956132d3e5b517ea76ac8","name":"Reda\u00e7\u00e3o","image":{"@type":"ImageObject","inLanguage":"pt-BR","@id":"https:\/\/secure.gravatar.com\/avatar\/e0a867bdedb85fd243eadf09663511f96fc81e0720a4a42581f334ad4303aa6b?s=96&d=mm&r=g","url":"https:\/\/secure.gravatar.com\/avatar\/e0a867bdedb85fd243eadf09663511f96fc81e0720a4a42581f334ad4303aa6b?s=96&d=mm&r=g","contentUrl":"https:\/\/secure.gravatar.com\/avatar\/e0a867bdedb85fd243eadf09663511f96fc81e0720a4a42581f334ad4303aa6b?s=96&d=mm&r=g","caption":"Reda\u00e7\u00e3o"}}]}},"amp_enabled":true,"_links":{"self":[{"href":"https:\/\/www.notibras.com\/site\/wp-json\/wp\/v2\/posts\/309271","targetHints":{"allow":["GET"]}}],"collection":[{"href":"https:\/\/www.notibras.com\/site\/wp-json\/wp\/v2\/posts"}],"about":[{"href":"https:\/\/www.notibras.com\/site\/wp-json\/wp\/v2\/types\/post"}],"author":[{"embeddable":true,"href":"https:\/\/www.notibras.com\/site\/wp-json\/wp\/v2\/users\/2"}],"replies":[{"embeddable":true,"href":"https:\/\/www.notibras.com\/site\/wp-json\/wp\/v2\/comments?post=309271"}],"version-history":[{"count":1,"href":"https:\/\/www.notibras.com\/site\/wp-json\/wp\/v2\/posts\/309271\/revisions"}],"predecessor-version":[{"id":309273,"href":"https:\/\/www.notibras.com\/site\/wp-json\/wp\/v2\/posts\/309271\/revisions\/309273"}],"wp:featuredmedia":[{"embeddable":true,"href":"https:\/\/www.notibras.com\/site\/wp-json\/wp\/v2\/media\/309272"}],"wp:attachment":[{"href":"https:\/\/www.notibras.com\/site\/wp-json\/wp\/v2\/media?parent=309271"}],"wp:term":[{"taxonomy":"category","embeddable":true,"href":"https:\/\/www.notibras.com\/site\/wp-json\/wp\/v2\/categories?post=309271"},{"taxonomy":"post_tag","embeddable":true,"href":"https:\/\/www.notibras.com\/site\/wp-json\/wp\/v2\/tags?post=309271"}],"curies":[{"name":"wp","href":"https:\/\/api.w.org\/{rel}","templated":true}]}}