{"id":309274,"date":"2023-07-21T08:20:25","date_gmt":"2023-07-21T11:20:25","guid":{"rendered":"https:\/\/www.notibras.com\/site\/?p=309274"},"modified":"2023-07-21T08:50:34","modified_gmt":"2023-07-21T11:50:34","slug":"descoberta-precoce-de-cancer-pode-salvar-vida","status":"publish","type":"post","link":"https:\/\/www.notibras.com\/site\/descoberta-precoce-de-cancer-pode-salvar-vida\/","title":{"rendered":"Descoberta precoce de c\u00e2ncer pode salvar vida"},"content":{"rendered":"<p>Os c\u00e2nceres de cabe\u00e7a e pesco\u00e7o s\u00e3o aqueles que incluem um conjunto de neoplasias malignas que acometem a cavidade oral, faringe, laringe, cavidade nasal, seios paranasais, tireoide e gl\u00e2ndulas salivares, sendo mais comum os de tumores de cavidade oral e laringe. De acordo com o Instituto Nacional de C\u00e2ncer (INCA), estima-se para o Brasil, de 2023 a 2025, 15.100 novos casos de c\u00e2ncer de cavidade oral, 16.600 novos casos de c\u00e2ncer de tireoide e 7.790 de laringe, para cada ano do tri\u00eanio.<\/p>\n<p>Sintomas como incha\u00e7o ou ferida que n\u00e3o cicatriza na regi\u00e3o da cabe\u00e7a e do pesco\u00e7o, n\u00f3dulo na boca, pesco\u00e7o ou na mand\u00edbula, manchas vermelhas ou esbranqui\u00e7adas na boca, dificuldades durante a alimenta\u00e7\u00e3o ou respira\u00e7\u00e3o, problemas na fala, rouquid\u00e3o, dificuldades e dores ao mexer a boca e problemas respirat\u00f3rios, podem ajudar no diagn\u00f3stico da doen\u00e7a.<\/p>\n<p>De acordo com a oncologista da Oncologia D\u2019Or, Fabiane Ces\u00e1rio, \u00e9 necess\u00e1rio ficar em alerta, pois quanto antes detectado o c\u00e2ncer, mais chances de cura do paciente. \u201cA detec\u00e7\u00e3o precoce do c\u00e2ncer de cabe\u00e7a e pesco\u00e7o pode salvar a vida do paciente, quanto mais cedo a doen\u00e7a for descoberta, mais f\u00e1cil fica conter o seu avan\u00e7o\u201d, explica. Segundo a oncologista, o c\u00e2ncer de cabe\u00e7a e pesco\u00e7o tem maior incid\u00eancia em adultos homens quando comparado \u00e0s mulheres, com idade m\u00e9dia de diagn\u00f3stico em torno de 50 a 60 anos.<\/p>\n<p>H\u00e1 fatores de risco a serem levados em considera\u00e7\u00e3o em rela\u00e7\u00e3o ao c\u00e2ncer de cabe\u00e7a e pesco\u00e7o. Entre eles, o tabagismo, o HPV e a pr\u00e1tica de sexo sem seguran\u00e7a. O tratamento da doen\u00e7a vai depender da localiza\u00e7\u00e3o e extens\u00e3o do tumor. \u201cPode ser por cirurgia, radioterapia, quimioterapia, imunoterapia, iodoterapia ou a combina\u00e7\u00e3o de algumas dessas modalidades\u201d, explica Fabiane Ces\u00e1rio.<\/p>\n<p>Em 2020, foram a \u00f3bito 12.279 pessoas no Brasil, tendo como causa estes tumores, segundo dados mais recentes do Atlas de Mortalidade por C\u00e2ncer, disponibilizado pelo INCA com n\u00fameros do DATASUS. \u201cAo conscientizar a popula\u00e7\u00e3o sobre os fatores de risco, sinais e sintomas da doen\u00e7a, o diagn\u00f3stico \u00e9 feito precocemente, levando ao tratamento efetivo em tumores iniciais, com progn\u00f3stico de 80% de sobrevida\u201d, afirma a oncologista Fabiane Ces\u00e1rio.<\/p>\n","protected":false},"excerpt":{"rendered":"<p>Os c\u00e2nceres de cabe\u00e7a e pesco\u00e7o s\u00e3o aqueles que incluem um conjunto de neoplasias malignas que acometem a cavidade oral, faringe, laringe, cavidade nasal, seios paranasais, tireoide e gl\u00e2ndulas salivares, sendo mais comum os de tumores de cavidade oral e laringe. De acordo com o Instituto Nacional de C\u00e2ncer (INCA), estima-se para o Brasil, de [&hellip;]<\/p>\n","protected":false},"author":2,"featured_media":309275,"comment_status":"closed","ping_status":"closed","sticky":false,"template":"","format":"standard","meta":{"_acf_changed":false,"footnotes":""},"categories":[161],"tags":[],"class_list":["post-309274","post","type-post","status-publish","format-standard","has-post-thumbnail","hentry","category-quadradinho-em-foco"],"acf":[],"yoast_head":"<!-- This site is optimized with the Yoast SEO plugin v27.2 - https:\/\/yoast.com\/product\/yoast-seo-wordpress\/ -->\n<title>Descoberta precoce de c\u00e2ncer pode salvar vida - Notibras<\/title>\n<meta name=\"robots\" content=\"index, follow, max-snippet:-1, max-image-preview:large, max-video-preview:-1\" \/>\n<link rel=\"canonical\" href=\"https:\/\/www.notibras.com\/site\/descoberta-precoce-de-cancer-pode-salvar-vida\/\" \/>\n<meta property=\"og:locale\" content=\"pt_BR\" \/>\n<meta property=\"og:type\" content=\"article\" \/>\n<meta property=\"og:title\" content=\"Descoberta precoce de c\u00e2ncer pode salvar vida - Notibras\" \/>\n<meta property=\"og:description\" content=\"Os c\u00e2nceres de cabe\u00e7a e pesco\u00e7o s\u00e3o aqueles que incluem um conjunto de neoplasias malignas que acometem a cavidade oral, faringe, laringe, cavidade nasal, seios paranasais, tireoide e gl\u00e2ndulas salivares, sendo mais comum os de tumores de cavidade oral e laringe. De acordo com o Instituto Nacional de C\u00e2ncer (INCA), estima-se para o Brasil, de [&hellip;]\" \/>\n<meta property=\"og:url\" content=\"https:\/\/www.notibras.com\/site\/descoberta-precoce-de-cancer-pode-salvar-vida\/\" \/>\n<meta property=\"og:site_name\" content=\"Notibras\" \/>\n<meta property=\"article:publisher\" content=\"https:\/\/www.facebook.com\/notibras\/\" \/>\n<meta property=\"article:published_time\" content=\"2023-07-21T11:20:25+00:00\" \/>\n<meta property=\"article:modified_time\" content=\"2023-07-21T11:50:34+00:00\" \/>\n<meta property=\"og:image\" content=\"https:\/\/www.notibras.com\/site\/wp-content\/uploads\/2023\/07\/unnamed-84.jpg\" \/>\n\t<meta property=\"og:image:width\" content=\"619\" \/>\n\t<meta property=\"og:image:height\" content=\"413\" \/>\n\t<meta property=\"og:image:type\" content=\"image\/jpeg\" \/>\n<meta name=\"author\" content=\"Reda\u00e7\u00e3o\" \/>\n<meta name=\"twitter:card\" content=\"summary_large_image\" \/>\n<meta name=\"twitter:creator\" content=\"@Notibras\" \/>\n<meta name=\"twitter:site\" content=\"@Notibras\" \/>\n<meta name=\"twitter:label1\" content=\"Escrito por\" \/>\n\t<meta name=\"twitter:data1\" content=\"Reda\u00e7\u00e3o\" \/>\n\t<meta name=\"twitter:label2\" content=\"Est. tempo de leitura\" \/>\n\t<meta name=\"twitter:data2\" content=\"2 minutos\" \/>\n<script type=\"application\/ld+json\" class=\"yoast-schema-graph\">{\"@context\":\"https:\/\/schema.org\",\"@graph\":[{\"@type\":\"Article\",\"@id\":\"https:\/\/www.notibras.com\/site\/descoberta-precoce-de-cancer-pode-salvar-vida\/#article\",\"isPartOf\":{\"@id\":\"https:\/\/www.notibras.com\/site\/descoberta-precoce-de-cancer-pode-salvar-vida\/\"},\"author\":{\"name\":\"Reda\u00e7\u00e3o\",\"@id\":\"https:\/\/www.notibras.com\/site\/#\/schema\/person\/36ab0979449956132d3e5b517ea76ac8\"},\"headline\":\"Descoberta precoce de c\u00e2ncer pode salvar vida\",\"datePublished\":\"2023-07-21T11:20:25+00:00\",\"dateModified\":\"2023-07-21T11:50:34+00:00\",\"mainEntityOfPage\":{\"@id\":\"https:\/\/www.notibras.com\/site\/descoberta-precoce-de-cancer-pode-salvar-vida\/\"},\"wordCount\":408,\"publisher\":{\"@id\":\"https:\/\/www.notibras.com\/site\/#organization\"},\"image\":{\"@id\":\"https:\/\/www.notibras.com\/site\/descoberta-precoce-de-cancer-pode-salvar-vida\/#primaryimage\"},\"thumbnailUrl\":\"https:\/\/www.notibras.com\/site\/wp-content\/uploads\/2023\/07\/unnamed-84.jpg\",\"articleSection\":[\"Quadradinho em Foco\"],\"inLanguage\":\"pt-BR\"},{\"@type\":\"WebPage\",\"@id\":\"https:\/\/www.notibras.com\/site\/descoberta-precoce-de-cancer-pode-salvar-vida\/\",\"url\":\"https:\/\/www.notibras.com\/site\/descoberta-precoce-de-cancer-pode-salvar-vida\/\",\"name\":\"Descoberta precoce de c\u00e2ncer pode salvar vida - Notibras\",\"isPartOf\":{\"@id\":\"https:\/\/www.notibras.com\/site\/#website\"},\"primaryImageOfPage\":{\"@id\":\"https:\/\/www.notibras.com\/site\/descoberta-precoce-de-cancer-pode-salvar-vida\/#primaryimage\"},\"image\":{\"@id\":\"https:\/\/www.notibras.com\/site\/descoberta-precoce-de-cancer-pode-salvar-vida\/#primaryimage\"},\"thumbnailUrl\":\"https:\/\/www.notibras.com\/site\/wp-content\/uploads\/2023\/07\/unnamed-84.jpg\",\"datePublished\":\"2023-07-21T11:20:25+00:00\",\"dateModified\":\"2023-07-21T11:50:34+00:00\",\"breadcrumb\":{\"@id\":\"https:\/\/www.notibras.com\/site\/descoberta-precoce-de-cancer-pode-salvar-vida\/#breadcrumb\"},\"inLanguage\":\"pt-BR\",\"potentialAction\":[{\"@type\":\"ReadAction\",\"target\":[\"https:\/\/www.notibras.com\/site\/descoberta-precoce-de-cancer-pode-salvar-vida\/\"]}]},{\"@type\":\"ImageObject\",\"inLanguage\":\"pt-BR\",\"@id\":\"https:\/\/www.notibras.com\/site\/descoberta-precoce-de-cancer-pode-salvar-vida\/#primaryimage\",\"url\":\"https:\/\/www.notibras.com\/site\/wp-content\/uploads\/2023\/07\/unnamed-84.jpg\",\"contentUrl\":\"https:\/\/www.notibras.com\/site\/wp-content\/uploads\/2023\/07\/unnamed-84.jpg\",\"width\":619,\"height\":413},{\"@type\":\"BreadcrumbList\",\"@id\":\"https:\/\/www.notibras.com\/site\/descoberta-precoce-de-cancer-pode-salvar-vida\/#breadcrumb\",\"itemListElement\":[{\"@type\":\"ListItem\",\"position\":1,\"name\":\"In\u00edcio\",\"item\":\"https:\/\/www.notibras.com\/site\/\"},{\"@type\":\"ListItem\",\"position\":2,\"name\":\"Descoberta precoce de c\u00e2ncer pode salvar vida\"}]},{\"@type\":\"WebSite\",\"@id\":\"https:\/\/www.notibras.com\/site\/#website\",\"url\":\"https:\/\/www.notibras.com\/site\/\",\"name\":\"Notibras\",\"description\":\"Not\u00edcias de Bras\u00edlia, do Brasil e do Mundo\",\"publisher\":{\"@id\":\"https:\/\/www.notibras.com\/site\/#organization\"},\"potentialAction\":[{\"@type\":\"SearchAction\",\"target\":{\"@type\":\"EntryPoint\",\"urlTemplate\":\"https:\/\/www.notibras.com\/site\/?s={search_term_string}\"},\"query-input\":{\"@type\":\"PropertyValueSpecification\",\"valueRequired\":true,\"valueName\":\"search_term_string\"}}],\"inLanguage\":\"pt-BR\"},{\"@type\":\"Organization\",\"@id\":\"https:\/\/www.notibras.com\/site\/#organization\",\"name\":\"Grupo Notibras de Comunica\u00e7\u00e3o\",\"url\":\"https:\/\/www.notibras.com\/site\/\",\"logo\":{\"@type\":\"ImageObject\",\"inLanguage\":\"pt-BR\",\"@id\":\"https:\/\/www.notibras.com\/site\/#\/schema\/logo\/image\/\",\"url\":\"https:\/\/www.notibras.com\/site\/wp-content\/uploads\/2023\/01\/notibras23.png\",\"contentUrl\":\"https:\/\/www.notibras.com\/site\/wp-content\/uploads\/2023\/01\/notibras23.png\",\"width\":350,\"height\":87,\"caption\":\"Grupo Notibras de Comunica\u00e7\u00e3o\"},\"image\":{\"@id\":\"https:\/\/www.notibras.com\/site\/#\/schema\/logo\/image\/\"},\"sameAs\":[\"https:\/\/www.facebook.com\/notibras\/\",\"https:\/\/x.com\/Notibras\",\"https:\/\/www.instagram.com\/notibras\/\"]},{\"@type\":\"Person\",\"@id\":\"https:\/\/www.notibras.com\/site\/#\/schema\/person\/36ab0979449956132d3e5b517ea76ac8\",\"name\":\"Reda\u00e7\u00e3o\",\"image\":{\"@type\":\"ImageObject\",\"inLanguage\":\"pt-BR\",\"@id\":\"https:\/\/secure.gravatar.com\/avatar\/e0a867bdedb85fd243eadf09663511f96fc81e0720a4a42581f334ad4303aa6b?s=96&d=mm&r=g\",\"url\":\"https:\/\/secure.gravatar.com\/avatar\/e0a867bdedb85fd243eadf09663511f96fc81e0720a4a42581f334ad4303aa6b?s=96&d=mm&r=g\",\"contentUrl\":\"https:\/\/secure.gravatar.com\/avatar\/e0a867bdedb85fd243eadf09663511f96fc81e0720a4a42581f334ad4303aa6b?s=96&d=mm&r=g\",\"caption\":\"Reda\u00e7\u00e3o\"}}]}<\/script>\n<!-- \/ Yoast SEO plugin. -->","yoast_head_json":{"title":"Descoberta precoce de c\u00e2ncer pode salvar vida - Notibras","robots":{"index":"index","follow":"follow","max-snippet":"max-snippet:-1","max-image-preview":"max-image-preview:large","max-video-preview":"max-video-preview:-1"},"canonical":"https:\/\/www.notibras.com\/site\/descoberta-precoce-de-cancer-pode-salvar-vida\/","og_locale":"pt_BR","og_type":"article","og_title":"Descoberta precoce de c\u00e2ncer pode salvar vida - Notibras","og_description":"Os c\u00e2nceres de cabe\u00e7a e pesco\u00e7o s\u00e3o aqueles que incluem um conjunto de neoplasias malignas que acometem a cavidade oral, faringe, laringe, cavidade nasal, seios paranasais, tireoide e gl\u00e2ndulas salivares, sendo mais comum os de tumores de cavidade oral e laringe. De acordo com o Instituto Nacional de C\u00e2ncer (INCA), estima-se para o Brasil, de [&hellip;]","og_url":"https:\/\/www.notibras.com\/site\/descoberta-precoce-de-cancer-pode-salvar-vida\/","og_site_name":"Notibras","article_publisher":"https:\/\/www.facebook.com\/notibras\/","article_published_time":"2023-07-21T11:20:25+00:00","article_modified_time":"2023-07-21T11:50:34+00:00","og_image":[{"width":619,"height":413,"url":"https:\/\/www.notibras.com\/site\/wp-content\/uploads\/2023\/07\/unnamed-84.jpg","type":"image\/jpeg"}],"author":"Reda\u00e7\u00e3o","twitter_card":"summary_large_image","twitter_creator":"@Notibras","twitter_site":"@Notibras","twitter_misc":{"Escrito por":"Reda\u00e7\u00e3o","Est. tempo de leitura":"2 minutos"},"schema":{"@context":"https:\/\/schema.org","@graph":[{"@type":"Article","@id":"https:\/\/www.notibras.com\/site\/descoberta-precoce-de-cancer-pode-salvar-vida\/#article","isPartOf":{"@id":"https:\/\/www.notibras.com\/site\/descoberta-precoce-de-cancer-pode-salvar-vida\/"},"author":{"name":"Reda\u00e7\u00e3o","@id":"https:\/\/www.notibras.com\/site\/#\/schema\/person\/36ab0979449956132d3e5b517ea76ac8"},"headline":"Descoberta precoce de c\u00e2ncer pode salvar vida","datePublished":"2023-07-21T11:20:25+00:00","dateModified":"2023-07-21T11:50:34+00:00","mainEntityOfPage":{"@id":"https:\/\/www.notibras.com\/site\/descoberta-precoce-de-cancer-pode-salvar-vida\/"},"wordCount":408,"publisher":{"@id":"https:\/\/www.notibras.com\/site\/#organization"},"image":{"@id":"https:\/\/www.notibras.com\/site\/descoberta-precoce-de-cancer-pode-salvar-vida\/#primaryimage"},"thumbnailUrl":"https:\/\/www.notibras.com\/site\/wp-content\/uploads\/2023\/07\/unnamed-84.jpg","articleSection":["Quadradinho em Foco"],"inLanguage":"pt-BR"},{"@type":"WebPage","@id":"https:\/\/www.notibras.com\/site\/descoberta-precoce-de-cancer-pode-salvar-vida\/","url":"https:\/\/www.notibras.com\/site\/descoberta-precoce-de-cancer-pode-salvar-vida\/","name":"Descoberta precoce de c\u00e2ncer pode salvar vida - Notibras","isPartOf":{"@id":"https:\/\/www.notibras.com\/site\/#website"},"primaryImageOfPage":{"@id":"https:\/\/www.notibras.com\/site\/descoberta-precoce-de-cancer-pode-salvar-vida\/#primaryimage"},"image":{"@id":"https:\/\/www.notibras.com\/site\/descoberta-precoce-de-cancer-pode-salvar-vida\/#primaryimage"},"thumbnailUrl":"https:\/\/www.notibras.com\/site\/wp-content\/uploads\/2023\/07\/unnamed-84.jpg","datePublished":"2023-07-21T11:20:25+00:00","dateModified":"2023-07-21T11:50:34+00:00","breadcrumb":{"@id":"https:\/\/www.notibras.com\/site\/descoberta-precoce-de-cancer-pode-salvar-vida\/#breadcrumb"},"inLanguage":"pt-BR","potentialAction":[{"@type":"ReadAction","target":["https:\/\/www.notibras.com\/site\/descoberta-precoce-de-cancer-pode-salvar-vida\/"]}]},{"@type":"ImageObject","inLanguage":"pt-BR","@id":"https:\/\/www.notibras.com\/site\/descoberta-precoce-de-cancer-pode-salvar-vida\/#primaryimage","url":"https:\/\/www.notibras.com\/site\/wp-content\/uploads\/2023\/07\/unnamed-84.jpg","contentUrl":"https:\/\/www.notibras.com\/site\/wp-content\/uploads\/2023\/07\/unnamed-84.jpg","width":619,"height":413},{"@type":"BreadcrumbList","@id":"https:\/\/www.notibras.com\/site\/descoberta-precoce-de-cancer-pode-salvar-vida\/#breadcrumb","itemListElement":[{"@type":"ListItem","position":1,"name":"In\u00edcio","item":"https:\/\/www.notibras.com\/site\/"},{"@type":"ListItem","position":2,"name":"Descoberta precoce de c\u00e2ncer pode salvar vida"}]},{"@type":"WebSite","@id":"https:\/\/www.notibras.com\/site\/#website","url":"https:\/\/www.notibras.com\/site\/","name":"Notibras","description":"Not\u00edcias de Bras\u00edlia, do Brasil e do Mundo","publisher":{"@id":"https:\/\/www.notibras.com\/site\/#organization"},"potentialAction":[{"@type":"SearchAction","target":{"@type":"EntryPoint","urlTemplate":"https:\/\/www.notibras.com\/site\/?s={search_term_string}"},"query-input":{"@type":"PropertyValueSpecification","valueRequired":true,"valueName":"search_term_string"}}],"inLanguage":"pt-BR"},{"@type":"Organization","@id":"https:\/\/www.notibras.com\/site\/#organization","name":"Grupo Notibras de Comunica\u00e7\u00e3o","url":"https:\/\/www.notibras.com\/site\/","logo":{"@type":"ImageObject","inLanguage":"pt-BR","@id":"https:\/\/www.notibras.com\/site\/#\/schema\/logo\/image\/","url":"https:\/\/www.notibras.com\/site\/wp-content\/uploads\/2023\/01\/notibras23.png","contentUrl":"https:\/\/www.notibras.com\/site\/wp-content\/uploads\/2023\/01\/notibras23.png","width":350,"height":87,"caption":"Grupo Notibras de Comunica\u00e7\u00e3o"},"image":{"@id":"https:\/\/www.notibras.com\/site\/#\/schema\/logo\/image\/"},"sameAs":["https:\/\/www.facebook.com\/notibras\/","https:\/\/x.com\/Notibras","https:\/\/www.instagram.com\/notibras\/"]},{"@type":"Person","@id":"https:\/\/www.notibras.com\/site\/#\/schema\/person\/36ab0979449956132d3e5b517ea76ac8","name":"Reda\u00e7\u00e3o","image":{"@type":"ImageObject","inLanguage":"pt-BR","@id":"https:\/\/secure.gravatar.com\/avatar\/e0a867bdedb85fd243eadf09663511f96fc81e0720a4a42581f334ad4303aa6b?s=96&d=mm&r=g","url":"https:\/\/secure.gravatar.com\/avatar\/e0a867bdedb85fd243eadf09663511f96fc81e0720a4a42581f334ad4303aa6b?s=96&d=mm&r=g","contentUrl":"https:\/\/secure.gravatar.com\/avatar\/e0a867bdedb85fd243eadf09663511f96fc81e0720a4a42581f334ad4303aa6b?s=96&d=mm&r=g","caption":"Reda\u00e7\u00e3o"}}]}},"amp_enabled":true,"_links":{"self":[{"href":"https:\/\/www.notibras.com\/site\/wp-json\/wp\/v2\/posts\/309274","targetHints":{"allow":["GET"]}}],"collection":[{"href":"https:\/\/www.notibras.com\/site\/wp-json\/wp\/v2\/posts"}],"about":[{"href":"https:\/\/www.notibras.com\/site\/wp-json\/wp\/v2\/types\/post"}],"author":[{"embeddable":true,"href":"https:\/\/www.notibras.com\/site\/wp-json\/wp\/v2\/users\/2"}],"replies":[{"embeddable":true,"href":"https:\/\/www.notibras.com\/site\/wp-json\/wp\/v2\/comments?post=309274"}],"version-history":[{"count":1,"href":"https:\/\/www.notibras.com\/site\/wp-json\/wp\/v2\/posts\/309274\/revisions"}],"predecessor-version":[{"id":309276,"href":"https:\/\/www.notibras.com\/site\/wp-json\/wp\/v2\/posts\/309274\/revisions\/309276"}],"wp:featuredmedia":[{"embeddable":true,"href":"https:\/\/www.notibras.com\/site\/wp-json\/wp\/v2\/media\/309275"}],"wp:attachment":[{"href":"https:\/\/www.notibras.com\/site\/wp-json\/wp\/v2\/media?parent=309274"}],"wp:term":[{"taxonomy":"category","embeddable":true,"href":"https:\/\/www.notibras.com\/site\/wp-json\/wp\/v2\/categories?post=309274"},{"taxonomy":"post_tag","embeddable":true,"href":"https:\/\/www.notibras.com\/site\/wp-json\/wp\/v2\/tags?post=309274"}],"curies":[{"name":"wp","href":"https:\/\/api.w.org\/{rel}","templated":true}]}}