{"id":309306,"date":"2023-07-22T07:51:45","date_gmt":"2023-07-22T10:51:45","guid":{"rendered":"https:\/\/www.notibras.com\/site\/?p=309306"},"modified":"2023-07-22T07:50:40","modified_gmt":"2023-07-22T10:50:40","slug":"bicudo-o-mestre-das-artes-cinicas-nao-cenicas","status":"publish","type":"post","link":"https:\/\/www.notibras.com\/site\/bicudo-o-mestre-das-artes-cinicas-nao-cenicas\/","title":{"rendered":"Bicudo, o mestre das artes c\u00ednicas, n\u00e3o c\u00eanicas"},"content":{"rendered":"<p>L\u00e1 estava aquele garoto espevitado, a cara do pai, o humor do av\u00f4, o xod\u00f3 da av\u00f3. Bastava entrar em um recinto, todos j\u00e1 o olhavam esperando que algo inesperado fosse acontecer. E, para falar a verdade, geralmente acontecia. Ah, o seu nome era Gabriel, mas todos o chamavam de Bicudo. E essa hist\u00f3ria sobre esse menino aconteceu no \u00faltimo Natal, quando alguns familiares estavam reunidos na casa de uma tia, a Salete.<\/p>\n<p>J\u00e1 na entrada, Bicudo tomou a dianteira e passou pela tia sem perceb\u00ea-la, enquanto o pai e a irm\u00e3 cumprimentavam a anfitri\u00e3. Salete n\u00e3o deixou tal situa\u00e7\u00e3o passar e foi logo questionando o sobrinho:<\/p>\n<p>&#8211; U\u00e9, voc\u00ea n\u00e3o me viu aqui?<\/p>\n<p>&#8211; Claro que vi! Tanto \u00e9 que at\u00e9 falei &#8220;Tudo bem por aqui? Como v\u00e3o as coisas? Feliz Natal!&#8221;<\/p>\n<p>Salete ficou confusa. Talvez, ela, ansiosa por receber tanta gente em casa naquele dia, n\u00e3o tenha mesmo percebido. Seja como for, logo estavam todos na varanda, onde os assuntos eram diversos, at\u00e9 que o pai do Bicudo, demonstrando certo orgulho, contou que o filho havia passado de ano direto, e todas notas eram excelentes. Ali\u00e1s, quase todas!<\/p>\n<p>&#8211; Parab\u00e9ns, Bicudo!, exclamou a av\u00f3, que sempre bajulava o neto.<\/p>\n<p>&#8211; Voc\u00ea pode at\u00e9 ser m\u00e9dico!, falou o av\u00f4.<\/p>\n<p>&#8211; O que precisa para ser m\u00e9dico, v\u00f4?, perguntou o Bicudo.<\/p>\n<p>&#8211; Em primeiro lugar, precisa estudar muito!<\/p>\n<p>&#8211; Ih, v\u00f4, ent\u00e3o, t\u00f4 fora!<\/p>\n<p>Todos riram, at\u00e9 que o pai do Bicudo mostrou o boletim do menino. L\u00e1 estavam aquelas men\u00e7\u00f5es altas: 10, 10, 9, 10, 10&#8230; At\u00e9 que surgiu um 5 em artes. O tio, para n\u00e3o perder a piada, perguntou para o Bicudo quanto ele havia tirado em artes. O Bicudo, talvez pela primeira vez na vida, respondeu meio envergonhado. O pai, percebendo que o filho estava em apuros, disse que o Bicudo n\u00e3o era das artes pl\u00e1sticas, mas das c\u00eanicas. No entanto, a irm\u00e3 do Bicudo, quase muda durante toda a festa, saiu com essa:<\/p>\n<p>&#8211; S\u00f3 se for das artes c\u00ednicas!<\/p>\n","protected":false},"excerpt":{"rendered":"<p>L\u00e1 estava aquele garoto espevitado, a cara do pai, o humor do av\u00f4, o xod\u00f3 da av\u00f3. Bastava entrar em um recinto, todos j\u00e1 o olhavam esperando que algo inesperado fosse acontecer. E, para falar a verdade, geralmente acontecia. Ah, o seu nome era Gabriel, mas todos o chamavam de Bicudo. E essa hist\u00f3ria sobre [&hellip;]<\/p>\n","protected":false},"author":2,"featured_media":309308,"comment_status":"closed","ping_status":"closed","sticky":false,"template":"","format":"standard","meta":{"_acf_changed":false,"footnotes":""},"categories":[161],"tags":[],"class_list":["post-309306","post","type-post","status-publish","format-standard","has-post-thumbnail","hentry","category-quadradinho-em-foco"],"acf":[],"yoast_head":"<!-- This site is optimized with the Yoast SEO plugin v27.2 - https:\/\/yoast.com\/product\/yoast-seo-wordpress\/ -->\n<title>Bicudo, o mestre das artes c\u00ednicas, n\u00e3o c\u00eanicas - Notibras<\/title>\n<meta name=\"robots\" content=\"index, follow, max-snippet:-1, max-image-preview:large, max-video-preview:-1\" \/>\n<link rel=\"canonical\" href=\"https:\/\/www.notibras.com\/site\/bicudo-o-mestre-das-artes-cinicas-nao-cenicas\/\" \/>\n<meta property=\"og:locale\" content=\"pt_BR\" \/>\n<meta property=\"og:type\" content=\"article\" \/>\n<meta property=\"og:title\" content=\"Bicudo, o mestre das artes c\u00ednicas, n\u00e3o c\u00eanicas - Notibras\" \/>\n<meta property=\"og:description\" content=\"L\u00e1 estava aquele garoto espevitado, a cara do pai, o humor do av\u00f4, o xod\u00f3 da av\u00f3. Bastava entrar em um recinto, todos j\u00e1 o olhavam esperando que algo inesperado fosse acontecer. E, para falar a verdade, geralmente acontecia. Ah, o seu nome era Gabriel, mas todos o chamavam de Bicudo. E essa hist\u00f3ria sobre [&hellip;]\" \/>\n<meta property=\"og:url\" content=\"https:\/\/www.notibras.com\/site\/bicudo-o-mestre-das-artes-cinicas-nao-cenicas\/\" \/>\n<meta property=\"og:site_name\" content=\"Notibras\" \/>\n<meta property=\"article:publisher\" content=\"https:\/\/www.facebook.com\/notibras\/\" \/>\n<meta property=\"article:published_time\" content=\"2023-07-22T10:51:45+00:00\" \/>\n<meta property=\"og:image\" content=\"https:\/\/www.notibras.com\/site\/wp-content\/uploads\/2023\/07\/5257a9c2-3945-49f8-b217-0a4e37786c7f.jpg\" \/>\n\t<meta property=\"og:image:width\" content=\"768\" \/>\n\t<meta property=\"og:image:height\" content=\"1024\" \/>\n\t<meta property=\"og:image:type\" content=\"image\/jpeg\" \/>\n<meta name=\"author\" content=\"Reda\u00e7\u00e3o\" \/>\n<meta name=\"twitter:card\" content=\"summary_large_image\" \/>\n<meta name=\"twitter:creator\" content=\"@Notibras\" \/>\n<meta name=\"twitter:site\" content=\"@Notibras\" \/>\n<meta name=\"twitter:label1\" content=\"Escrito por\" \/>\n\t<meta name=\"twitter:data1\" content=\"Reda\u00e7\u00e3o\" \/>\n\t<meta name=\"twitter:label2\" content=\"Est. tempo de leitura\" \/>\n\t<meta name=\"twitter:data2\" content=\"2 minutos\" \/>\n<script type=\"application\/ld+json\" class=\"yoast-schema-graph\">{\"@context\":\"https:\/\/schema.org\",\"@graph\":[{\"@type\":\"Article\",\"@id\":\"https:\/\/www.notibras.com\/site\/bicudo-o-mestre-das-artes-cinicas-nao-cenicas\/#article\",\"isPartOf\":{\"@id\":\"https:\/\/www.notibras.com\/site\/bicudo-o-mestre-das-artes-cinicas-nao-cenicas\/\"},\"author\":{\"name\":\"Reda\u00e7\u00e3o\",\"@id\":\"https:\/\/www.notibras.com\/site\/#\/schema\/person\/36ab0979449956132d3e5b517ea76ac8\"},\"headline\":\"Bicudo, o mestre das artes c\u00ednicas, n\u00e3o c\u00eanicas\",\"datePublished\":\"2023-07-22T10:51:45+00:00\",\"mainEntityOfPage\":{\"@id\":\"https:\/\/www.notibras.com\/site\/bicudo-o-mestre-das-artes-cinicas-nao-cenicas\/\"},\"wordCount\":357,\"publisher\":{\"@id\":\"https:\/\/www.notibras.com\/site\/#organization\"},\"image\":{\"@id\":\"https:\/\/www.notibras.com\/site\/bicudo-o-mestre-das-artes-cinicas-nao-cenicas\/#primaryimage\"},\"thumbnailUrl\":\"https:\/\/www.notibras.com\/site\/wp-content\/uploads\/2023\/07\/5257a9c2-3945-49f8-b217-0a4e37786c7f.jpg\",\"articleSection\":[\"Quadradinho em Foco\"],\"inLanguage\":\"pt-BR\"},{\"@type\":\"WebPage\",\"@id\":\"https:\/\/www.notibras.com\/site\/bicudo-o-mestre-das-artes-cinicas-nao-cenicas\/\",\"url\":\"https:\/\/www.notibras.com\/site\/bicudo-o-mestre-das-artes-cinicas-nao-cenicas\/\",\"name\":\"Bicudo, o mestre das artes c\u00ednicas, n\u00e3o c\u00eanicas - Notibras\",\"isPartOf\":{\"@id\":\"https:\/\/www.notibras.com\/site\/#website\"},\"primaryImageOfPage\":{\"@id\":\"https:\/\/www.notibras.com\/site\/bicudo-o-mestre-das-artes-cinicas-nao-cenicas\/#primaryimage\"},\"image\":{\"@id\":\"https:\/\/www.notibras.com\/site\/bicudo-o-mestre-das-artes-cinicas-nao-cenicas\/#primaryimage\"},\"thumbnailUrl\":\"https:\/\/www.notibras.com\/site\/wp-content\/uploads\/2023\/07\/5257a9c2-3945-49f8-b217-0a4e37786c7f.jpg\",\"datePublished\":\"2023-07-22T10:51:45+00:00\",\"breadcrumb\":{\"@id\":\"https:\/\/www.notibras.com\/site\/bicudo-o-mestre-das-artes-cinicas-nao-cenicas\/#breadcrumb\"},\"inLanguage\":\"pt-BR\",\"potentialAction\":[{\"@type\":\"ReadAction\",\"target\":[\"https:\/\/www.notibras.com\/site\/bicudo-o-mestre-das-artes-cinicas-nao-cenicas\/\"]}]},{\"@type\":\"ImageObject\",\"inLanguage\":\"pt-BR\",\"@id\":\"https:\/\/www.notibras.com\/site\/bicudo-o-mestre-das-artes-cinicas-nao-cenicas\/#primaryimage\",\"url\":\"https:\/\/www.notibras.com\/site\/wp-content\/uploads\/2023\/07\/5257a9c2-3945-49f8-b217-0a4e37786c7f.jpg\",\"contentUrl\":\"https:\/\/www.notibras.com\/site\/wp-content\/uploads\/2023\/07\/5257a9c2-3945-49f8-b217-0a4e37786c7f.jpg\",\"width\":768,\"height\":1024},{\"@type\":\"BreadcrumbList\",\"@id\":\"https:\/\/www.notibras.com\/site\/bicudo-o-mestre-das-artes-cinicas-nao-cenicas\/#breadcrumb\",\"itemListElement\":[{\"@type\":\"ListItem\",\"position\":1,\"name\":\"In\u00edcio\",\"item\":\"https:\/\/www.notibras.com\/site\/\"},{\"@type\":\"ListItem\",\"position\":2,\"name\":\"Bicudo, o mestre das artes c\u00ednicas, n\u00e3o c\u00eanicas\"}]},{\"@type\":\"WebSite\",\"@id\":\"https:\/\/www.notibras.com\/site\/#website\",\"url\":\"https:\/\/www.notibras.com\/site\/\",\"name\":\"Notibras\",\"description\":\"Not\u00edcias de Bras\u00edlia, do Brasil e do Mundo\",\"publisher\":{\"@id\":\"https:\/\/www.notibras.com\/site\/#organization\"},\"potentialAction\":[{\"@type\":\"SearchAction\",\"target\":{\"@type\":\"EntryPoint\",\"urlTemplate\":\"https:\/\/www.notibras.com\/site\/?s={search_term_string}\"},\"query-input\":{\"@type\":\"PropertyValueSpecification\",\"valueRequired\":true,\"valueName\":\"search_term_string\"}}],\"inLanguage\":\"pt-BR\"},{\"@type\":\"Organization\",\"@id\":\"https:\/\/www.notibras.com\/site\/#organization\",\"name\":\"Grupo Notibras de Comunica\u00e7\u00e3o\",\"url\":\"https:\/\/www.notibras.com\/site\/\",\"logo\":{\"@type\":\"ImageObject\",\"inLanguage\":\"pt-BR\",\"@id\":\"https:\/\/www.notibras.com\/site\/#\/schema\/logo\/image\/\",\"url\":\"https:\/\/www.notibras.com\/site\/wp-content\/uploads\/2023\/01\/notibras23.png\",\"contentUrl\":\"https:\/\/www.notibras.com\/site\/wp-content\/uploads\/2023\/01\/notibras23.png\",\"width\":350,\"height\":87,\"caption\":\"Grupo Notibras de Comunica\u00e7\u00e3o\"},\"image\":{\"@id\":\"https:\/\/www.notibras.com\/site\/#\/schema\/logo\/image\/\"},\"sameAs\":[\"https:\/\/www.facebook.com\/notibras\/\",\"https:\/\/x.com\/Notibras\",\"https:\/\/www.instagram.com\/notibras\/\"]},{\"@type\":\"Person\",\"@id\":\"https:\/\/www.notibras.com\/site\/#\/schema\/person\/36ab0979449956132d3e5b517ea76ac8\",\"name\":\"Reda\u00e7\u00e3o\",\"image\":{\"@type\":\"ImageObject\",\"inLanguage\":\"pt-BR\",\"@id\":\"https:\/\/secure.gravatar.com\/avatar\/e0a867bdedb85fd243eadf09663511f96fc81e0720a4a42581f334ad4303aa6b?s=96&d=mm&r=g\",\"url\":\"https:\/\/secure.gravatar.com\/avatar\/e0a867bdedb85fd243eadf09663511f96fc81e0720a4a42581f334ad4303aa6b?s=96&d=mm&r=g\",\"contentUrl\":\"https:\/\/secure.gravatar.com\/avatar\/e0a867bdedb85fd243eadf09663511f96fc81e0720a4a42581f334ad4303aa6b?s=96&d=mm&r=g\",\"caption\":\"Reda\u00e7\u00e3o\"}}]}<\/script>\n<!-- \/ Yoast SEO plugin. -->","yoast_head_json":{"title":"Bicudo, o mestre das artes c\u00ednicas, n\u00e3o c\u00eanicas - Notibras","robots":{"index":"index","follow":"follow","max-snippet":"max-snippet:-1","max-image-preview":"max-image-preview:large","max-video-preview":"max-video-preview:-1"},"canonical":"https:\/\/www.notibras.com\/site\/bicudo-o-mestre-das-artes-cinicas-nao-cenicas\/","og_locale":"pt_BR","og_type":"article","og_title":"Bicudo, o mestre das artes c\u00ednicas, n\u00e3o c\u00eanicas - Notibras","og_description":"L\u00e1 estava aquele garoto espevitado, a cara do pai, o humor do av\u00f4, o xod\u00f3 da av\u00f3. Bastava entrar em um recinto, todos j\u00e1 o olhavam esperando que algo inesperado fosse acontecer. E, para falar a verdade, geralmente acontecia. Ah, o seu nome era Gabriel, mas todos o chamavam de Bicudo. E essa hist\u00f3ria sobre [&hellip;]","og_url":"https:\/\/www.notibras.com\/site\/bicudo-o-mestre-das-artes-cinicas-nao-cenicas\/","og_site_name":"Notibras","article_publisher":"https:\/\/www.facebook.com\/notibras\/","article_published_time":"2023-07-22T10:51:45+00:00","og_image":[{"width":768,"height":1024,"url":"https:\/\/www.notibras.com\/site\/wp-content\/uploads\/2023\/07\/5257a9c2-3945-49f8-b217-0a4e37786c7f.jpg","type":"image\/jpeg"}],"author":"Reda\u00e7\u00e3o","twitter_card":"summary_large_image","twitter_creator":"@Notibras","twitter_site":"@Notibras","twitter_misc":{"Escrito por":"Reda\u00e7\u00e3o","Est. tempo de leitura":"2 minutos"},"schema":{"@context":"https:\/\/schema.org","@graph":[{"@type":"Article","@id":"https:\/\/www.notibras.com\/site\/bicudo-o-mestre-das-artes-cinicas-nao-cenicas\/#article","isPartOf":{"@id":"https:\/\/www.notibras.com\/site\/bicudo-o-mestre-das-artes-cinicas-nao-cenicas\/"},"author":{"name":"Reda\u00e7\u00e3o","@id":"https:\/\/www.notibras.com\/site\/#\/schema\/person\/36ab0979449956132d3e5b517ea76ac8"},"headline":"Bicudo, o mestre das artes c\u00ednicas, n\u00e3o c\u00eanicas","datePublished":"2023-07-22T10:51:45+00:00","mainEntityOfPage":{"@id":"https:\/\/www.notibras.com\/site\/bicudo-o-mestre-das-artes-cinicas-nao-cenicas\/"},"wordCount":357,"publisher":{"@id":"https:\/\/www.notibras.com\/site\/#organization"},"image":{"@id":"https:\/\/www.notibras.com\/site\/bicudo-o-mestre-das-artes-cinicas-nao-cenicas\/#primaryimage"},"thumbnailUrl":"https:\/\/www.notibras.com\/site\/wp-content\/uploads\/2023\/07\/5257a9c2-3945-49f8-b217-0a4e37786c7f.jpg","articleSection":["Quadradinho em Foco"],"inLanguage":"pt-BR"},{"@type":"WebPage","@id":"https:\/\/www.notibras.com\/site\/bicudo-o-mestre-das-artes-cinicas-nao-cenicas\/","url":"https:\/\/www.notibras.com\/site\/bicudo-o-mestre-das-artes-cinicas-nao-cenicas\/","name":"Bicudo, o mestre das artes c\u00ednicas, n\u00e3o c\u00eanicas - Notibras","isPartOf":{"@id":"https:\/\/www.notibras.com\/site\/#website"},"primaryImageOfPage":{"@id":"https:\/\/www.notibras.com\/site\/bicudo-o-mestre-das-artes-cinicas-nao-cenicas\/#primaryimage"},"image":{"@id":"https:\/\/www.notibras.com\/site\/bicudo-o-mestre-das-artes-cinicas-nao-cenicas\/#primaryimage"},"thumbnailUrl":"https:\/\/www.notibras.com\/site\/wp-content\/uploads\/2023\/07\/5257a9c2-3945-49f8-b217-0a4e37786c7f.jpg","datePublished":"2023-07-22T10:51:45+00:00","breadcrumb":{"@id":"https:\/\/www.notibras.com\/site\/bicudo-o-mestre-das-artes-cinicas-nao-cenicas\/#breadcrumb"},"inLanguage":"pt-BR","potentialAction":[{"@type":"ReadAction","target":["https:\/\/www.notibras.com\/site\/bicudo-o-mestre-das-artes-cinicas-nao-cenicas\/"]}]},{"@type":"ImageObject","inLanguage":"pt-BR","@id":"https:\/\/www.notibras.com\/site\/bicudo-o-mestre-das-artes-cinicas-nao-cenicas\/#primaryimage","url":"https:\/\/www.notibras.com\/site\/wp-content\/uploads\/2023\/07\/5257a9c2-3945-49f8-b217-0a4e37786c7f.jpg","contentUrl":"https:\/\/www.notibras.com\/site\/wp-content\/uploads\/2023\/07\/5257a9c2-3945-49f8-b217-0a4e37786c7f.jpg","width":768,"height":1024},{"@type":"BreadcrumbList","@id":"https:\/\/www.notibras.com\/site\/bicudo-o-mestre-das-artes-cinicas-nao-cenicas\/#breadcrumb","itemListElement":[{"@type":"ListItem","position":1,"name":"In\u00edcio","item":"https:\/\/www.notibras.com\/site\/"},{"@type":"ListItem","position":2,"name":"Bicudo, o mestre das artes c\u00ednicas, n\u00e3o c\u00eanicas"}]},{"@type":"WebSite","@id":"https:\/\/www.notibras.com\/site\/#website","url":"https:\/\/www.notibras.com\/site\/","name":"Notibras","description":"Not\u00edcias de Bras\u00edlia, do Brasil e do Mundo","publisher":{"@id":"https:\/\/www.notibras.com\/site\/#organization"},"potentialAction":[{"@type":"SearchAction","target":{"@type":"EntryPoint","urlTemplate":"https:\/\/www.notibras.com\/site\/?s={search_term_string}"},"query-input":{"@type":"PropertyValueSpecification","valueRequired":true,"valueName":"search_term_string"}}],"inLanguage":"pt-BR"},{"@type":"Organization","@id":"https:\/\/www.notibras.com\/site\/#organization","name":"Grupo Notibras de Comunica\u00e7\u00e3o","url":"https:\/\/www.notibras.com\/site\/","logo":{"@type":"ImageObject","inLanguage":"pt-BR","@id":"https:\/\/www.notibras.com\/site\/#\/schema\/logo\/image\/","url":"https:\/\/www.notibras.com\/site\/wp-content\/uploads\/2023\/01\/notibras23.png","contentUrl":"https:\/\/www.notibras.com\/site\/wp-content\/uploads\/2023\/01\/notibras23.png","width":350,"height":87,"caption":"Grupo Notibras de Comunica\u00e7\u00e3o"},"image":{"@id":"https:\/\/www.notibras.com\/site\/#\/schema\/logo\/image\/"},"sameAs":["https:\/\/www.facebook.com\/notibras\/","https:\/\/x.com\/Notibras","https:\/\/www.instagram.com\/notibras\/"]},{"@type":"Person","@id":"https:\/\/www.notibras.com\/site\/#\/schema\/person\/36ab0979449956132d3e5b517ea76ac8","name":"Reda\u00e7\u00e3o","image":{"@type":"ImageObject","inLanguage":"pt-BR","@id":"https:\/\/secure.gravatar.com\/avatar\/e0a867bdedb85fd243eadf09663511f96fc81e0720a4a42581f334ad4303aa6b?s=96&d=mm&r=g","url":"https:\/\/secure.gravatar.com\/avatar\/e0a867bdedb85fd243eadf09663511f96fc81e0720a4a42581f334ad4303aa6b?s=96&d=mm&r=g","contentUrl":"https:\/\/secure.gravatar.com\/avatar\/e0a867bdedb85fd243eadf09663511f96fc81e0720a4a42581f334ad4303aa6b?s=96&d=mm&r=g","caption":"Reda\u00e7\u00e3o"}}]}},"amp_enabled":true,"_links":{"self":[{"href":"https:\/\/www.notibras.com\/site\/wp-json\/wp\/v2\/posts\/309306","targetHints":{"allow":["GET"]}}],"collection":[{"href":"https:\/\/www.notibras.com\/site\/wp-json\/wp\/v2\/posts"}],"about":[{"href":"https:\/\/www.notibras.com\/site\/wp-json\/wp\/v2\/types\/post"}],"author":[{"embeddable":true,"href":"https:\/\/www.notibras.com\/site\/wp-json\/wp\/v2\/users\/2"}],"replies":[{"embeddable":true,"href":"https:\/\/www.notibras.com\/site\/wp-json\/wp\/v2\/comments?post=309306"}],"version-history":[{"count":1,"href":"https:\/\/www.notibras.com\/site\/wp-json\/wp\/v2\/posts\/309306\/revisions"}],"predecessor-version":[{"id":309309,"href":"https:\/\/www.notibras.com\/site\/wp-json\/wp\/v2\/posts\/309306\/revisions\/309309"}],"wp:featuredmedia":[{"embeddable":true,"href":"https:\/\/www.notibras.com\/site\/wp-json\/wp\/v2\/media\/309308"}],"wp:attachment":[{"href":"https:\/\/www.notibras.com\/site\/wp-json\/wp\/v2\/media?parent=309306"}],"wp:term":[{"taxonomy":"category","embeddable":true,"href":"https:\/\/www.notibras.com\/site\/wp-json\/wp\/v2\/categories?post=309306"},{"taxonomy":"post_tag","embeddable":true,"href":"https:\/\/www.notibras.com\/site\/wp-json\/wp\/v2\/tags?post=309306"}],"curies":[{"name":"wp","href":"https:\/\/api.w.org\/{rel}","templated":true}]}}