{"id":309330,"date":"2023-07-22T07:00:31","date_gmt":"2023-07-22T10:00:31","guid":{"rendered":"https:\/\/www.notibras.com\/site\/?p=309330"},"modified":"2023-07-22T07:47:05","modified_gmt":"2023-07-22T10:47:05","slug":"capital-moto-week-faz-20-anos-com-facetas-do-rock","status":"publish","type":"post","link":"https:\/\/www.notibras.com\/site\/capital-moto-week-faz-20-anos-com-facetas-do-rock\/","title":{"rendered":"Capital Moto Week faz 20 anos com facetas do rock"},"content":{"rendered":"<p>Motociclistas de todo o Brasil e de outros pa\u00edses come\u00e7aram a tomar as ruas de Bras\u00edlia. Eles fazem parte de 1.800 motoclubes e participam da edi\u00e7\u00e3o que comemora os 20 anos do Capital Moto Week, considerado o maior evento de motociclismo da Am\u00e9rica Latina e o terceiro maior do mundo.<\/p>\n<p>\u201cO grande foco \u00e9 na hist\u00f3ria das pessoas e na m\u00fasica\u201d, disse o produtor cultural Pedro Franco, um dos organizadores do Capital Moto Week. \u201cA inten\u00e7\u00e3o \u00e9 ter o rock como trilha sonora de todo o espa\u00e7o. A gente passa por todas as vertentes do rock. Mais punk com o Supla, mais pop com o Jota Quest, mais light com o Nando Reis e mais pesado com o Angra\u201d.<\/p>\n<p>As 71 bandas escaladas para esta edi\u00e7\u00e3o v\u00e3o se dividir em cinco palcos: o principal e quatro tem\u00e1ticos. Um dos tem\u00e1ticos \u00e9 exclusivo para grupos femininos. Al\u00e9m do rock, o festival recebe artistas de jazz, blues e hip hop. \u201cAo tempo que eu tenho um determinado tipo de rock tocando no palco principal, os outros fazem um contraponto musical, justamente para que todos os dias todos os gostos sejam atendidos\u201d, detalha Pedro Franco.<\/p>\n<p>Ao todo, 49 bandas de Bras\u00edlia v\u00e3o se apresentar no Capital Moto Week. \u201cO Moto Week acabou se tornando uma vitrine para o rock de todo o Brasil, mas sempre valorizando a cena do rock de Bras\u00edlia\u201d, disse o produtor Pedro Franco.<\/p>\n<p>\u201cPara abrir um headliner [atra\u00e7\u00f5es do palco principal] a banda obrigatoriamente tem que ser de Bras\u00edlia e ter um trabalho autoral. A inten\u00e7\u00e3o disso \u00e9 promover encontros no backstage entre os artistas locais e os empres\u00e1rios das bandas j\u00e1 consagradas na ind\u00fastria fonogr\u00e1fica\u201d, explica o produtor.<\/p>\n<p>A expectativa \u00e9 de receber 800 mil pessoas nos dez dias de festival, que come\u00e7ou nessa quinta-feira (20) e vai at\u00e9 o pr\u00f3ximo s\u00e1bado (29). Pelo menos 20 mil motociclistas v\u00e3o acampar na Cidade da Moto, que ocupa uma \u00e1rea de 298 mil metros quadrados, a 12 quil\u00f4metros da regi\u00e3o central de Bras\u00edlia. O local funciona 24 horas durante todos os dias do evento.<\/p>\n","protected":false},"excerpt":{"rendered":"<p>Motociclistas de todo o Brasil e de outros pa\u00edses come\u00e7aram a tomar as ruas de Bras\u00edlia. Eles fazem parte de 1.800 motoclubes e participam da edi\u00e7\u00e3o que comemora os 20 anos do Capital Moto Week, considerado o maior evento de motociclismo da Am\u00e9rica Latina e o terceiro maior do mundo. \u201cO grande foco \u00e9 na [&hellip;]<\/p>\n","protected":false},"author":2,"featured_media":309331,"comment_status":"closed","ping_status":"closed","sticky":false,"template":"","format":"standard","meta":{"_acf_changed":false,"footnotes":""},"categories":[161],"tags":[95],"class_list":["post-309330","post","type-post","status-publish","format-standard","has-post-thumbnail","hentry","category-quadradinho-em-foco","tag-capa"],"acf":[],"yoast_head":"<!-- This site is optimized with the Yoast SEO plugin v27.2 - https:\/\/yoast.com\/product\/yoast-seo-wordpress\/ -->\n<title>Capital Moto Week faz 20 anos com facetas do rock - Notibras<\/title>\n<meta name=\"robots\" content=\"index, follow, max-snippet:-1, max-image-preview:large, max-video-preview:-1\" \/>\n<link rel=\"canonical\" href=\"https:\/\/www.notibras.com\/site\/capital-moto-week-faz-20-anos-com-facetas-do-rock\/\" \/>\n<meta property=\"og:locale\" content=\"pt_BR\" \/>\n<meta property=\"og:type\" content=\"article\" \/>\n<meta property=\"og:title\" content=\"Capital Moto Week faz 20 anos com facetas do rock - Notibras\" \/>\n<meta property=\"og:description\" content=\"Motociclistas de todo o Brasil e de outros pa\u00edses come\u00e7aram a tomar as ruas de Bras\u00edlia. Eles fazem parte de 1.800 motoclubes e participam da edi\u00e7\u00e3o que comemora os 20 anos do Capital Moto Week, considerado o maior evento de motociclismo da Am\u00e9rica Latina e o terceiro maior do mundo. \u201cO grande foco \u00e9 na [&hellip;]\" \/>\n<meta property=\"og:url\" content=\"https:\/\/www.notibras.com\/site\/capital-moto-week-faz-20-anos-com-facetas-do-rock\/\" \/>\n<meta property=\"og:site_name\" content=\"Notibras\" \/>\n<meta property=\"article:publisher\" content=\"https:\/\/www.facebook.com\/notibras\/\" \/>\n<meta property=\"article:published_time\" content=\"2023-07-22T10:00:31+00:00\" \/>\n<meta property=\"article:modified_time\" content=\"2023-07-22T10:47:05+00:00\" \/>\n<meta property=\"og:image\" content=\"https:\/\/www.notibras.com\/site\/wp-content\/uploads\/2023\/07\/004_cmw23_pccavera_cvr_3089.jpg\" \/>\n\t<meta property=\"og:image:width\" content=\"1170\" \/>\n\t<meta property=\"og:image:height\" content=\"700\" \/>\n\t<meta property=\"og:image:type\" content=\"image\/jpeg\" \/>\n<meta name=\"author\" content=\"Reda\u00e7\u00e3o\" \/>\n<meta name=\"twitter:card\" content=\"summary_large_image\" \/>\n<meta name=\"twitter:creator\" content=\"@Notibras\" \/>\n<meta name=\"twitter:site\" content=\"@Notibras\" \/>\n<meta name=\"twitter:label1\" content=\"Escrito por\" \/>\n\t<meta name=\"twitter:data1\" content=\"Reda\u00e7\u00e3o\" \/>\n\t<meta name=\"twitter:label2\" content=\"Est. tempo de leitura\" \/>\n\t<meta name=\"twitter:data2\" content=\"2 minutos\" \/>\n<script type=\"application\/ld+json\" class=\"yoast-schema-graph\">{\"@context\":\"https:\/\/schema.org\",\"@graph\":[{\"@type\":\"Article\",\"@id\":\"https:\/\/www.notibras.com\/site\/capital-moto-week-faz-20-anos-com-facetas-do-rock\/#article\",\"isPartOf\":{\"@id\":\"https:\/\/www.notibras.com\/site\/capital-moto-week-faz-20-anos-com-facetas-do-rock\/\"},\"author\":{\"name\":\"Reda\u00e7\u00e3o\",\"@id\":\"https:\/\/www.notibras.com\/site\/#\/schema\/person\/36ab0979449956132d3e5b517ea76ac8\"},\"headline\":\"Capital Moto Week faz 20 anos com facetas do rock\",\"datePublished\":\"2023-07-22T10:00:31+00:00\",\"dateModified\":\"2023-07-22T10:47:05+00:00\",\"mainEntityOfPage\":{\"@id\":\"https:\/\/www.notibras.com\/site\/capital-moto-week-faz-20-anos-com-facetas-do-rock\/\"},\"wordCount\":367,\"publisher\":{\"@id\":\"https:\/\/www.notibras.com\/site\/#organization\"},\"image\":{\"@id\":\"https:\/\/www.notibras.com\/site\/capital-moto-week-faz-20-anos-com-facetas-do-rock\/#primaryimage\"},\"thumbnailUrl\":\"https:\/\/www.notibras.com\/site\/wp-content\/uploads\/2023\/07\/004_cmw23_pccavera_cvr_3089.jpg\",\"keywords\":[\"capa\"],\"articleSection\":[\"Quadradinho em Foco\"],\"inLanguage\":\"pt-BR\"},{\"@type\":\"WebPage\",\"@id\":\"https:\/\/www.notibras.com\/site\/capital-moto-week-faz-20-anos-com-facetas-do-rock\/\",\"url\":\"https:\/\/www.notibras.com\/site\/capital-moto-week-faz-20-anos-com-facetas-do-rock\/\",\"name\":\"Capital Moto Week faz 20 anos com facetas do rock - Notibras\",\"isPartOf\":{\"@id\":\"https:\/\/www.notibras.com\/site\/#website\"},\"primaryImageOfPage\":{\"@id\":\"https:\/\/www.notibras.com\/site\/capital-moto-week-faz-20-anos-com-facetas-do-rock\/#primaryimage\"},\"image\":{\"@id\":\"https:\/\/www.notibras.com\/site\/capital-moto-week-faz-20-anos-com-facetas-do-rock\/#primaryimage\"},\"thumbnailUrl\":\"https:\/\/www.notibras.com\/site\/wp-content\/uploads\/2023\/07\/004_cmw23_pccavera_cvr_3089.jpg\",\"datePublished\":\"2023-07-22T10:00:31+00:00\",\"dateModified\":\"2023-07-22T10:47:05+00:00\",\"breadcrumb\":{\"@id\":\"https:\/\/www.notibras.com\/site\/capital-moto-week-faz-20-anos-com-facetas-do-rock\/#breadcrumb\"},\"inLanguage\":\"pt-BR\",\"potentialAction\":[{\"@type\":\"ReadAction\",\"target\":[\"https:\/\/www.notibras.com\/site\/capital-moto-week-faz-20-anos-com-facetas-do-rock\/\"]}]},{\"@type\":\"ImageObject\",\"inLanguage\":\"pt-BR\",\"@id\":\"https:\/\/www.notibras.com\/site\/capital-moto-week-faz-20-anos-com-facetas-do-rock\/#primaryimage\",\"url\":\"https:\/\/www.notibras.com\/site\/wp-content\/uploads\/2023\/07\/004_cmw23_pccavera_cvr_3089.jpg\",\"contentUrl\":\"https:\/\/www.notibras.com\/site\/wp-content\/uploads\/2023\/07\/004_cmw23_pccavera_cvr_3089.jpg\",\"width\":1170,\"height\":700,\"caption\":\"Bras\u00edlia, 20\/07\/2023, Show no palco principal, na abertura do Capital Moto Week 2023. Foto: CMW\/Divulga\u00e7\u00e3o\"},{\"@type\":\"BreadcrumbList\",\"@id\":\"https:\/\/www.notibras.com\/site\/capital-moto-week-faz-20-anos-com-facetas-do-rock\/#breadcrumb\",\"itemListElement\":[{\"@type\":\"ListItem\",\"position\":1,\"name\":\"In\u00edcio\",\"item\":\"https:\/\/www.notibras.com\/site\/\"},{\"@type\":\"ListItem\",\"position\":2,\"name\":\"Capital Moto Week faz 20 anos com facetas do rock\"}]},{\"@type\":\"WebSite\",\"@id\":\"https:\/\/www.notibras.com\/site\/#website\",\"url\":\"https:\/\/www.notibras.com\/site\/\",\"name\":\"Notibras\",\"description\":\"Not\u00edcias de Bras\u00edlia, do Brasil e do Mundo\",\"publisher\":{\"@id\":\"https:\/\/www.notibras.com\/site\/#organization\"},\"potentialAction\":[{\"@type\":\"SearchAction\",\"target\":{\"@type\":\"EntryPoint\",\"urlTemplate\":\"https:\/\/www.notibras.com\/site\/?s={search_term_string}\"},\"query-input\":{\"@type\":\"PropertyValueSpecification\",\"valueRequired\":true,\"valueName\":\"search_term_string\"}}],\"inLanguage\":\"pt-BR\"},{\"@type\":\"Organization\",\"@id\":\"https:\/\/www.notibras.com\/site\/#organization\",\"name\":\"Grupo Notibras de Comunica\u00e7\u00e3o\",\"url\":\"https:\/\/www.notibras.com\/site\/\",\"logo\":{\"@type\":\"ImageObject\",\"inLanguage\":\"pt-BR\",\"@id\":\"https:\/\/www.notibras.com\/site\/#\/schema\/logo\/image\/\",\"url\":\"https:\/\/www.notibras.com\/site\/wp-content\/uploads\/2023\/01\/notibras23.png\",\"contentUrl\":\"https:\/\/www.notibras.com\/site\/wp-content\/uploads\/2023\/01\/notibras23.png\",\"width\":350,\"height\":87,\"caption\":\"Grupo Notibras de Comunica\u00e7\u00e3o\"},\"image\":{\"@id\":\"https:\/\/www.notibras.com\/site\/#\/schema\/logo\/image\/\"},\"sameAs\":[\"https:\/\/www.facebook.com\/notibras\/\",\"https:\/\/x.com\/Notibras\",\"https:\/\/www.instagram.com\/notibras\/\"]},{\"@type\":\"Person\",\"@id\":\"https:\/\/www.notibras.com\/site\/#\/schema\/person\/36ab0979449956132d3e5b517ea76ac8\",\"name\":\"Reda\u00e7\u00e3o\",\"image\":{\"@type\":\"ImageObject\",\"inLanguage\":\"pt-BR\",\"@id\":\"https:\/\/secure.gravatar.com\/avatar\/e0a867bdedb85fd243eadf09663511f96fc81e0720a4a42581f334ad4303aa6b?s=96&d=mm&r=g\",\"url\":\"https:\/\/secure.gravatar.com\/avatar\/e0a867bdedb85fd243eadf09663511f96fc81e0720a4a42581f334ad4303aa6b?s=96&d=mm&r=g\",\"contentUrl\":\"https:\/\/secure.gravatar.com\/avatar\/e0a867bdedb85fd243eadf09663511f96fc81e0720a4a42581f334ad4303aa6b?s=96&d=mm&r=g\",\"caption\":\"Reda\u00e7\u00e3o\"}}]}<\/script>\n<!-- \/ Yoast SEO plugin. -->","yoast_head_json":{"title":"Capital Moto Week faz 20 anos com facetas do rock - Notibras","robots":{"index":"index","follow":"follow","max-snippet":"max-snippet:-1","max-image-preview":"max-image-preview:large","max-video-preview":"max-video-preview:-1"},"canonical":"https:\/\/www.notibras.com\/site\/capital-moto-week-faz-20-anos-com-facetas-do-rock\/","og_locale":"pt_BR","og_type":"article","og_title":"Capital Moto Week faz 20 anos com facetas do rock - Notibras","og_description":"Motociclistas de todo o Brasil e de outros pa\u00edses come\u00e7aram a tomar as ruas de Bras\u00edlia. Eles fazem parte de 1.800 motoclubes e participam da edi\u00e7\u00e3o que comemora os 20 anos do Capital Moto Week, considerado o maior evento de motociclismo da Am\u00e9rica Latina e o terceiro maior do mundo. \u201cO grande foco \u00e9 na [&hellip;]","og_url":"https:\/\/www.notibras.com\/site\/capital-moto-week-faz-20-anos-com-facetas-do-rock\/","og_site_name":"Notibras","article_publisher":"https:\/\/www.facebook.com\/notibras\/","article_published_time":"2023-07-22T10:00:31+00:00","article_modified_time":"2023-07-22T10:47:05+00:00","og_image":[{"width":1170,"height":700,"url":"https:\/\/www.notibras.com\/site\/wp-content\/uploads\/2023\/07\/004_cmw23_pccavera_cvr_3089.jpg","type":"image\/jpeg"}],"author":"Reda\u00e7\u00e3o","twitter_card":"summary_large_image","twitter_creator":"@Notibras","twitter_site":"@Notibras","twitter_misc":{"Escrito por":"Reda\u00e7\u00e3o","Est. tempo de leitura":"2 minutos"},"schema":{"@context":"https:\/\/schema.org","@graph":[{"@type":"Article","@id":"https:\/\/www.notibras.com\/site\/capital-moto-week-faz-20-anos-com-facetas-do-rock\/#article","isPartOf":{"@id":"https:\/\/www.notibras.com\/site\/capital-moto-week-faz-20-anos-com-facetas-do-rock\/"},"author":{"name":"Reda\u00e7\u00e3o","@id":"https:\/\/www.notibras.com\/site\/#\/schema\/person\/36ab0979449956132d3e5b517ea76ac8"},"headline":"Capital Moto Week faz 20 anos com facetas do rock","datePublished":"2023-07-22T10:00:31+00:00","dateModified":"2023-07-22T10:47:05+00:00","mainEntityOfPage":{"@id":"https:\/\/www.notibras.com\/site\/capital-moto-week-faz-20-anos-com-facetas-do-rock\/"},"wordCount":367,"publisher":{"@id":"https:\/\/www.notibras.com\/site\/#organization"},"image":{"@id":"https:\/\/www.notibras.com\/site\/capital-moto-week-faz-20-anos-com-facetas-do-rock\/#primaryimage"},"thumbnailUrl":"https:\/\/www.notibras.com\/site\/wp-content\/uploads\/2023\/07\/004_cmw23_pccavera_cvr_3089.jpg","keywords":["capa"],"articleSection":["Quadradinho em Foco"],"inLanguage":"pt-BR"},{"@type":"WebPage","@id":"https:\/\/www.notibras.com\/site\/capital-moto-week-faz-20-anos-com-facetas-do-rock\/","url":"https:\/\/www.notibras.com\/site\/capital-moto-week-faz-20-anos-com-facetas-do-rock\/","name":"Capital Moto Week faz 20 anos com facetas do rock - Notibras","isPartOf":{"@id":"https:\/\/www.notibras.com\/site\/#website"},"primaryImageOfPage":{"@id":"https:\/\/www.notibras.com\/site\/capital-moto-week-faz-20-anos-com-facetas-do-rock\/#primaryimage"},"image":{"@id":"https:\/\/www.notibras.com\/site\/capital-moto-week-faz-20-anos-com-facetas-do-rock\/#primaryimage"},"thumbnailUrl":"https:\/\/www.notibras.com\/site\/wp-content\/uploads\/2023\/07\/004_cmw23_pccavera_cvr_3089.jpg","datePublished":"2023-07-22T10:00:31+00:00","dateModified":"2023-07-22T10:47:05+00:00","breadcrumb":{"@id":"https:\/\/www.notibras.com\/site\/capital-moto-week-faz-20-anos-com-facetas-do-rock\/#breadcrumb"},"inLanguage":"pt-BR","potentialAction":[{"@type":"ReadAction","target":["https:\/\/www.notibras.com\/site\/capital-moto-week-faz-20-anos-com-facetas-do-rock\/"]}]},{"@type":"ImageObject","inLanguage":"pt-BR","@id":"https:\/\/www.notibras.com\/site\/capital-moto-week-faz-20-anos-com-facetas-do-rock\/#primaryimage","url":"https:\/\/www.notibras.com\/site\/wp-content\/uploads\/2023\/07\/004_cmw23_pccavera_cvr_3089.jpg","contentUrl":"https:\/\/www.notibras.com\/site\/wp-content\/uploads\/2023\/07\/004_cmw23_pccavera_cvr_3089.jpg","width":1170,"height":700,"caption":"Bras\u00edlia, 20\/07\/2023, Show no palco principal, na abertura do Capital Moto Week 2023. Foto: CMW\/Divulga\u00e7\u00e3o"},{"@type":"BreadcrumbList","@id":"https:\/\/www.notibras.com\/site\/capital-moto-week-faz-20-anos-com-facetas-do-rock\/#breadcrumb","itemListElement":[{"@type":"ListItem","position":1,"name":"In\u00edcio","item":"https:\/\/www.notibras.com\/site\/"},{"@type":"ListItem","position":2,"name":"Capital Moto Week faz 20 anos com facetas do rock"}]},{"@type":"WebSite","@id":"https:\/\/www.notibras.com\/site\/#website","url":"https:\/\/www.notibras.com\/site\/","name":"Notibras","description":"Not\u00edcias de Bras\u00edlia, do Brasil e do Mundo","publisher":{"@id":"https:\/\/www.notibras.com\/site\/#organization"},"potentialAction":[{"@type":"SearchAction","target":{"@type":"EntryPoint","urlTemplate":"https:\/\/www.notibras.com\/site\/?s={search_term_string}"},"query-input":{"@type":"PropertyValueSpecification","valueRequired":true,"valueName":"search_term_string"}}],"inLanguage":"pt-BR"},{"@type":"Organization","@id":"https:\/\/www.notibras.com\/site\/#organization","name":"Grupo Notibras de Comunica\u00e7\u00e3o","url":"https:\/\/www.notibras.com\/site\/","logo":{"@type":"ImageObject","inLanguage":"pt-BR","@id":"https:\/\/www.notibras.com\/site\/#\/schema\/logo\/image\/","url":"https:\/\/www.notibras.com\/site\/wp-content\/uploads\/2023\/01\/notibras23.png","contentUrl":"https:\/\/www.notibras.com\/site\/wp-content\/uploads\/2023\/01\/notibras23.png","width":350,"height":87,"caption":"Grupo Notibras de Comunica\u00e7\u00e3o"},"image":{"@id":"https:\/\/www.notibras.com\/site\/#\/schema\/logo\/image\/"},"sameAs":["https:\/\/www.facebook.com\/notibras\/","https:\/\/x.com\/Notibras","https:\/\/www.instagram.com\/notibras\/"]},{"@type":"Person","@id":"https:\/\/www.notibras.com\/site\/#\/schema\/person\/36ab0979449956132d3e5b517ea76ac8","name":"Reda\u00e7\u00e3o","image":{"@type":"ImageObject","inLanguage":"pt-BR","@id":"https:\/\/secure.gravatar.com\/avatar\/e0a867bdedb85fd243eadf09663511f96fc81e0720a4a42581f334ad4303aa6b?s=96&d=mm&r=g","url":"https:\/\/secure.gravatar.com\/avatar\/e0a867bdedb85fd243eadf09663511f96fc81e0720a4a42581f334ad4303aa6b?s=96&d=mm&r=g","contentUrl":"https:\/\/secure.gravatar.com\/avatar\/e0a867bdedb85fd243eadf09663511f96fc81e0720a4a42581f334ad4303aa6b?s=96&d=mm&r=g","caption":"Reda\u00e7\u00e3o"}}]}},"amp_enabled":true,"_links":{"self":[{"href":"https:\/\/www.notibras.com\/site\/wp-json\/wp\/v2\/posts\/309330","targetHints":{"allow":["GET"]}}],"collection":[{"href":"https:\/\/www.notibras.com\/site\/wp-json\/wp\/v2\/posts"}],"about":[{"href":"https:\/\/www.notibras.com\/site\/wp-json\/wp\/v2\/types\/post"}],"author":[{"embeddable":true,"href":"https:\/\/www.notibras.com\/site\/wp-json\/wp\/v2\/users\/2"}],"replies":[{"embeddable":true,"href":"https:\/\/www.notibras.com\/site\/wp-json\/wp\/v2\/comments?post=309330"}],"version-history":[{"count":1,"href":"https:\/\/www.notibras.com\/site\/wp-json\/wp\/v2\/posts\/309330\/revisions"}],"predecessor-version":[{"id":309332,"href":"https:\/\/www.notibras.com\/site\/wp-json\/wp\/v2\/posts\/309330\/revisions\/309332"}],"wp:featuredmedia":[{"embeddable":true,"href":"https:\/\/www.notibras.com\/site\/wp-json\/wp\/v2\/media\/309331"}],"wp:attachment":[{"href":"https:\/\/www.notibras.com\/site\/wp-json\/wp\/v2\/media?parent=309330"}],"wp:term":[{"taxonomy":"category","embeddable":true,"href":"https:\/\/www.notibras.com\/site\/wp-json\/wp\/v2\/categories?post=309330"},{"taxonomy":"post_tag","embeddable":true,"href":"https:\/\/www.notibras.com\/site\/wp-json\/wp\/v2\/tags?post=309330"}],"curies":[{"name":"wp","href":"https:\/\/api.w.org\/{rel}","templated":true}]}}