{"id":309333,"date":"2023-07-22T00:00:08","date_gmt":"2023-07-22T03:00:08","guid":{"rendered":"https:\/\/www.notibras.com\/site\/?p=309333"},"modified":"2023-07-22T08:41:42","modified_gmt":"2023-07-22T11:41:42","slug":"estudo-aponta-situacao-precaria-no-trabalho-de-frilas","status":"publish","type":"post","link":"https:\/\/www.notibras.com\/site\/estudo-aponta-situacao-precaria-no-trabalho-de-frilas\/","title":{"rendered":"Estudo aponta situa\u00e7\u00e3o prec\u00e1ria no trabalho de &#8220;frilas&#8221;"},"content":{"rendered":"<p>Embora as plataformas online de vagas freelance possam facilitar a conquista de oportunidades, ainda deixam a desejar quando se trata de oferecer trabalho digno. Esta \u00e9 a conclus\u00e3o de uma pesquisa conduzida pelo Projeto Fairwork, desenvolvido por equipes da institui\u00e7\u00e3o brit\u00e2nica Oxford Internet Institute e do instituto alem\u00e3o WZB Berlin Social Science Center. O relat\u00f3rio, chamado de Fairwork Cloudwork Ratings 2023, foi lan\u00e7ado nesta quinta-feira (20). Freelancer \u00e9 o profissional que presta servi\u00e7os em diferentes empresas, sem v\u00ednculo empregat\u00edcio.<\/p>\n<p>Al\u00e9m de selecionar quais plataformas entrariam na an\u00e1lise e de dialogar com gerentes das plataformas, a fim de entender se as pr\u00e1ticas se alinham com o discurso que as empresas disseminam, os autores do estudo entrevistaram 752 trabalhadores de 94 pa\u00edses.<\/p>\n<p>A avalia\u00e7\u00e3o das plataformas levou em considera\u00e7\u00e3o cinco aspectos: se elas oferecem remunera\u00e7\u00e3o justa; quais as condi\u00e7\u00f5es de trabalho; os termos dos contratos firmados com o profissional; o gerenciamento e a representa\u00e7\u00e3o dos trabalhadores, no sentido de facilitar, ou n\u00e3o, sua organiza\u00e7\u00e3o coletiva, com o objetivo de defender seus direitos. O conjunto de princ\u00edpios foi delineado em 2018, durante um workshop com diversos atores, da Organiza\u00e7\u00e3o Internacional do Trabalho (OIT).<\/p>\n<p>A nota m\u00e1xima a ser conferida era 10, e a mais alta foi de 5 pontos, marcada pelas plataformas ComeUp, Prolific e erawork. Quatro plataformas \u2013 Amazon Mechanical Turk, Freelancer, Microworkers e Workana \u2013 tiraram zero. As plataformas Appen, SouFreelancer, Upwork, Clickworker, Elharefa, Fiverr, PeoplePerHour e Scale\/Remotasks alcan\u00e7aram notas intermedi\u00e1rias, mas ainda baixas, j\u00e1 que variaram de 1 a 4.<\/p>\n<p>Com o prop\u00f3sito de estimular as companhias a seguir os par\u00e2metros que caracterizam o trabalho digno, o Fairwork adota uma estrat\u00e9gia: tentar promover as mudan\u00e7as necess\u00e1rias em um contato mais direto com os gerentes das plataformas. A t\u00e1tica teve efeitos, em alguns casos, como o das empresas ComeUp e Terawork, que se comprometeram a adotar medidas para garantir aos trabalhadores um pagamento que respeitasse o sal\u00e1rio m\u00ednimo fixado, conforme sua localidade.<\/p>\n<p><strong>Isolamento, anonimato e desumaniza\u00e7\u00e3o<\/strong><br \/>\nOs autores do relat\u00f3rio destacam ainda que o tipo de rela\u00e7\u00e3o que se estabelece nas plataformas pode evoluir para a insensibilidade com os trabalhadores e contribuir para a precariza\u00e7\u00e3o do trabalho e mesmo sua desumaniza\u00e7\u00e3o. &#8220;O processo de trabalho pode, com frequ\u00eancia, ser despersonalizado e oculto. Quando um trabalhador est\u00e1 no outro lado do mundo e \u00e9 representado apenas por um perfil na interface da plataforma, sua hist\u00f3ria e suas experi\u00eancias tornam-se obscuras&#8221;, ponderam os pesquisadores, que ressaltam tamb\u00e9m o isolamento dos profissionais como caracter\u00edstica que marca o relacionamento com a plataforma mediadora e empregadores.<\/p>\n<p>&#8220;\u00c0s vezes, nenhuma informa\u00e7\u00e3o sobre o trabalhador \u00e9 revelada a um cliente. A relativa facilidade com que se pode solicitar o trabalho nas plataformas pode ajudar a dissociar e desconectar o trabalho de sua origem, que \u00e9 o trabalhador, alimentando a ilus\u00e3o de que as tarefas s\u00e3o completadas automaticamente. Essa falta de clareza pode dificultar a forma\u00e7\u00e3o de solidariedades entre os trabalhadores, diante de condi\u00e7\u00f5es injustas de trabalho, ou dificultar que clientes se identifiquem com as condi\u00e7\u00f5es que os trabalhadores vivenciam nas plataformas&#8221;, acrescentam os autores do estudo.<\/p>\n<p><strong>Amea\u00e7as da intelig\u00eancia artificial<\/strong><br \/>\nOutro aspecto que intriga os pesquisadores do Fairwork \u00e9 a influ\u00eancia de recursos de intelig\u00eancia artificial, resumidos como tecnologias que procuram fazer com que computadores realizem atividades que a mente \u00e9 capaz de realizar. O que se constatou, no contexto do estudo, \u00e9 que a incorpora\u00e7\u00e3o desse tipo de ferramenta, em uso pelas empresas, mais do que dobrou, de 2017 para 2022.<\/p>\n<p>Na avalia\u00e7\u00e3o da equipe, h\u00e1, ainda, &#8220;pouco escrut\u00ednio&#8221; e &#8220;pouco reconhecimento do p\u00fablico em geral&#8221;, em rela\u00e7\u00e3o ao que o avan\u00e7o da intelig\u00eancia artificial representa para o mundo do trabalho.<\/p>\n","protected":false},"excerpt":{"rendered":"<p>Embora as plataformas online de vagas freelance possam facilitar a conquista de oportunidades, ainda deixam a desejar quando se trata de oferecer trabalho digno. Esta \u00e9 a conclus\u00e3o de uma pesquisa conduzida pelo Projeto Fairwork, desenvolvido por equipes da institui\u00e7\u00e3o brit\u00e2nica Oxford Internet Institute e do instituto alem\u00e3o WZB Berlin Social Science Center. O relat\u00f3rio, [&hellip;]<\/p>\n","protected":false},"author":2,"featured_media":258275,"comment_status":"closed","ping_status":"closed","sticky":false,"template":"","format":"standard","meta":{"_acf_changed":false,"footnotes":""},"categories":[161],"tags":[],"class_list":["post-309333","post","type-post","status-publish","format-standard","has-post-thumbnail","hentry","category-quadradinho-em-foco"],"acf":[],"yoast_head":"<!-- This site is optimized with the Yoast SEO plugin v27.2 - https:\/\/yoast.com\/product\/yoast-seo-wordpress\/ -->\n<title>Estudo aponta situa\u00e7\u00e3o prec\u00e1ria no trabalho de &quot;frilas&quot; - Notibras<\/title>\n<meta name=\"robots\" content=\"index, follow, max-snippet:-1, max-image-preview:large, max-video-preview:-1\" \/>\n<link rel=\"canonical\" href=\"https:\/\/www.notibras.com\/site\/estudo-aponta-situacao-precaria-no-trabalho-de-frilas\/\" \/>\n<meta property=\"og:locale\" content=\"pt_BR\" \/>\n<meta property=\"og:type\" content=\"article\" \/>\n<meta property=\"og:title\" content=\"Estudo aponta situa\u00e7\u00e3o prec\u00e1ria no trabalho de &quot;frilas&quot; - Notibras\" \/>\n<meta property=\"og:description\" content=\"Embora as plataformas online de vagas freelance possam facilitar a conquista de oportunidades, ainda deixam a desejar quando se trata de oferecer trabalho digno. Esta \u00e9 a conclus\u00e3o de uma pesquisa conduzida pelo Projeto Fairwork, desenvolvido por equipes da institui\u00e7\u00e3o brit\u00e2nica Oxford Internet Institute e do instituto alem\u00e3o WZB Berlin Social Science Center. O relat\u00f3rio, [&hellip;]\" \/>\n<meta property=\"og:url\" content=\"https:\/\/www.notibras.com\/site\/estudo-aponta-situacao-precaria-no-trabalho-de-frilas\/\" \/>\n<meta property=\"og:site_name\" content=\"Notibras\" \/>\n<meta property=\"article:publisher\" content=\"https:\/\/www.facebook.com\/notibras\/\" \/>\n<meta property=\"article:published_time\" content=\"2023-07-22T03:00:08+00:00\" \/>\n<meta property=\"article:modified_time\" content=\"2023-07-22T11:41:42+00:00\" \/>\n<meta property=\"og:image\" content=\"https:\/\/www.notibras.com\/site\/wp-content\/uploads\/2021\/06\/depositphotos_124344680-stock-photo-job-search-on-the-internet.jpg\" \/>\n\t<meta property=\"og:image:width\" content=\"1023\" \/>\n\t<meta property=\"og:image:height\" content=\"640\" \/>\n\t<meta property=\"og:image:type\" content=\"image\/jpeg\" \/>\n<meta name=\"author\" content=\"Reda\u00e7\u00e3o\" \/>\n<meta name=\"twitter:card\" content=\"summary_large_image\" \/>\n<meta name=\"twitter:creator\" content=\"@Notibras\" \/>\n<meta name=\"twitter:site\" content=\"@Notibras\" \/>\n<meta name=\"twitter:label1\" content=\"Escrito por\" \/>\n\t<meta name=\"twitter:data1\" content=\"Reda\u00e7\u00e3o\" \/>\n\t<meta name=\"twitter:label2\" content=\"Est. tempo de leitura\" \/>\n\t<meta name=\"twitter:data2\" content=\"4 minutos\" \/>\n<script type=\"application\/ld+json\" class=\"yoast-schema-graph\">{\"@context\":\"https:\/\/schema.org\",\"@graph\":[{\"@type\":\"Article\",\"@id\":\"https:\/\/www.notibras.com\/site\/estudo-aponta-situacao-precaria-no-trabalho-de-frilas\/#article\",\"isPartOf\":{\"@id\":\"https:\/\/www.notibras.com\/site\/estudo-aponta-situacao-precaria-no-trabalho-de-frilas\/\"},\"author\":{\"name\":\"Reda\u00e7\u00e3o\",\"@id\":\"https:\/\/www.notibras.com\/site\/#\/schema\/person\/36ab0979449956132d3e5b517ea76ac8\"},\"headline\":\"Estudo aponta situa\u00e7\u00e3o prec\u00e1ria no trabalho de &#8220;frilas&#8221;\",\"datePublished\":\"2023-07-22T03:00:08+00:00\",\"dateModified\":\"2023-07-22T11:41:42+00:00\",\"mainEntityOfPage\":{\"@id\":\"https:\/\/www.notibras.com\/site\/estudo-aponta-situacao-precaria-no-trabalho-de-frilas\/\"},\"wordCount\":654,\"publisher\":{\"@id\":\"https:\/\/www.notibras.com\/site\/#organization\"},\"image\":{\"@id\":\"https:\/\/www.notibras.com\/site\/estudo-aponta-situacao-precaria-no-trabalho-de-frilas\/#primaryimage\"},\"thumbnailUrl\":\"https:\/\/www.notibras.com\/site\/wp-content\/uploads\/2021\/06\/depositphotos_124344680-stock-photo-job-search-on-the-internet.jpg\",\"articleSection\":[\"Quadradinho em Foco\"],\"inLanguage\":\"pt-BR\"},{\"@type\":\"WebPage\",\"@id\":\"https:\/\/www.notibras.com\/site\/estudo-aponta-situacao-precaria-no-trabalho-de-frilas\/\",\"url\":\"https:\/\/www.notibras.com\/site\/estudo-aponta-situacao-precaria-no-trabalho-de-frilas\/\",\"name\":\"Estudo aponta situa\u00e7\u00e3o prec\u00e1ria no trabalho de \\\"frilas\\\" - Notibras\",\"isPartOf\":{\"@id\":\"https:\/\/www.notibras.com\/site\/#website\"},\"primaryImageOfPage\":{\"@id\":\"https:\/\/www.notibras.com\/site\/estudo-aponta-situacao-precaria-no-trabalho-de-frilas\/#primaryimage\"},\"image\":{\"@id\":\"https:\/\/www.notibras.com\/site\/estudo-aponta-situacao-precaria-no-trabalho-de-frilas\/#primaryimage\"},\"thumbnailUrl\":\"https:\/\/www.notibras.com\/site\/wp-content\/uploads\/2021\/06\/depositphotos_124344680-stock-photo-job-search-on-the-internet.jpg\",\"datePublished\":\"2023-07-22T03:00:08+00:00\",\"dateModified\":\"2023-07-22T11:41:42+00:00\",\"breadcrumb\":{\"@id\":\"https:\/\/www.notibras.com\/site\/estudo-aponta-situacao-precaria-no-trabalho-de-frilas\/#breadcrumb\"},\"inLanguage\":\"pt-BR\",\"potentialAction\":[{\"@type\":\"ReadAction\",\"target\":[\"https:\/\/www.notibras.com\/site\/estudo-aponta-situacao-precaria-no-trabalho-de-frilas\/\"]}]},{\"@type\":\"ImageObject\",\"inLanguage\":\"pt-BR\",\"@id\":\"https:\/\/www.notibras.com\/site\/estudo-aponta-situacao-precaria-no-trabalho-de-frilas\/#primaryimage\",\"url\":\"https:\/\/www.notibras.com\/site\/wp-content\/uploads\/2021\/06\/depositphotos_124344680-stock-photo-job-search-on-the-internet.jpg\",\"contentUrl\":\"https:\/\/www.notibras.com\/site\/wp-content\/uploads\/2021\/06\/depositphotos_124344680-stock-photo-job-search-on-the-internet.jpg\",\"width\":1023,\"height\":640},{\"@type\":\"BreadcrumbList\",\"@id\":\"https:\/\/www.notibras.com\/site\/estudo-aponta-situacao-precaria-no-trabalho-de-frilas\/#breadcrumb\",\"itemListElement\":[{\"@type\":\"ListItem\",\"position\":1,\"name\":\"In\u00edcio\",\"item\":\"https:\/\/www.notibras.com\/site\/\"},{\"@type\":\"ListItem\",\"position\":2,\"name\":\"Estudo aponta situa\u00e7\u00e3o prec\u00e1ria no trabalho de &#8220;frilas&#8221;\"}]},{\"@type\":\"WebSite\",\"@id\":\"https:\/\/www.notibras.com\/site\/#website\",\"url\":\"https:\/\/www.notibras.com\/site\/\",\"name\":\"Notibras\",\"description\":\"Not\u00edcias de Bras\u00edlia, do Brasil e do Mundo\",\"publisher\":{\"@id\":\"https:\/\/www.notibras.com\/site\/#organization\"},\"potentialAction\":[{\"@type\":\"SearchAction\",\"target\":{\"@type\":\"EntryPoint\",\"urlTemplate\":\"https:\/\/www.notibras.com\/site\/?s={search_term_string}\"},\"query-input\":{\"@type\":\"PropertyValueSpecification\",\"valueRequired\":true,\"valueName\":\"search_term_string\"}}],\"inLanguage\":\"pt-BR\"},{\"@type\":\"Organization\",\"@id\":\"https:\/\/www.notibras.com\/site\/#organization\",\"name\":\"Grupo Notibras de Comunica\u00e7\u00e3o\",\"url\":\"https:\/\/www.notibras.com\/site\/\",\"logo\":{\"@type\":\"ImageObject\",\"inLanguage\":\"pt-BR\",\"@id\":\"https:\/\/www.notibras.com\/site\/#\/schema\/logo\/image\/\",\"url\":\"https:\/\/www.notibras.com\/site\/wp-content\/uploads\/2023\/01\/notibras23.png\",\"contentUrl\":\"https:\/\/www.notibras.com\/site\/wp-content\/uploads\/2023\/01\/notibras23.png\",\"width\":350,\"height\":87,\"caption\":\"Grupo Notibras de Comunica\u00e7\u00e3o\"},\"image\":{\"@id\":\"https:\/\/www.notibras.com\/site\/#\/schema\/logo\/image\/\"},\"sameAs\":[\"https:\/\/www.facebook.com\/notibras\/\",\"https:\/\/x.com\/Notibras\",\"https:\/\/www.instagram.com\/notibras\/\"]},{\"@type\":\"Person\",\"@id\":\"https:\/\/www.notibras.com\/site\/#\/schema\/person\/36ab0979449956132d3e5b517ea76ac8\",\"name\":\"Reda\u00e7\u00e3o\",\"image\":{\"@type\":\"ImageObject\",\"inLanguage\":\"pt-BR\",\"@id\":\"https:\/\/secure.gravatar.com\/avatar\/e0a867bdedb85fd243eadf09663511f96fc81e0720a4a42581f334ad4303aa6b?s=96&d=mm&r=g\",\"url\":\"https:\/\/secure.gravatar.com\/avatar\/e0a867bdedb85fd243eadf09663511f96fc81e0720a4a42581f334ad4303aa6b?s=96&d=mm&r=g\",\"contentUrl\":\"https:\/\/secure.gravatar.com\/avatar\/e0a867bdedb85fd243eadf09663511f96fc81e0720a4a42581f334ad4303aa6b?s=96&d=mm&r=g\",\"caption\":\"Reda\u00e7\u00e3o\"}}]}<\/script>\n<!-- \/ Yoast SEO plugin. -->","yoast_head_json":{"title":"Estudo aponta situa\u00e7\u00e3o prec\u00e1ria no trabalho de \"frilas\" - Notibras","robots":{"index":"index","follow":"follow","max-snippet":"max-snippet:-1","max-image-preview":"max-image-preview:large","max-video-preview":"max-video-preview:-1"},"canonical":"https:\/\/www.notibras.com\/site\/estudo-aponta-situacao-precaria-no-trabalho-de-frilas\/","og_locale":"pt_BR","og_type":"article","og_title":"Estudo aponta situa\u00e7\u00e3o prec\u00e1ria no trabalho de \"frilas\" - Notibras","og_description":"Embora as plataformas online de vagas freelance possam facilitar a conquista de oportunidades, ainda deixam a desejar quando se trata de oferecer trabalho digno. Esta \u00e9 a conclus\u00e3o de uma pesquisa conduzida pelo Projeto Fairwork, desenvolvido por equipes da institui\u00e7\u00e3o brit\u00e2nica Oxford Internet Institute e do instituto alem\u00e3o WZB Berlin Social Science Center. O relat\u00f3rio, [&hellip;]","og_url":"https:\/\/www.notibras.com\/site\/estudo-aponta-situacao-precaria-no-trabalho-de-frilas\/","og_site_name":"Notibras","article_publisher":"https:\/\/www.facebook.com\/notibras\/","article_published_time":"2023-07-22T03:00:08+00:00","article_modified_time":"2023-07-22T11:41:42+00:00","og_image":[{"width":1023,"height":640,"url":"https:\/\/www.notibras.com\/site\/wp-content\/uploads\/2021\/06\/depositphotos_124344680-stock-photo-job-search-on-the-internet.jpg","type":"image\/jpeg"}],"author":"Reda\u00e7\u00e3o","twitter_card":"summary_large_image","twitter_creator":"@Notibras","twitter_site":"@Notibras","twitter_misc":{"Escrito por":"Reda\u00e7\u00e3o","Est. tempo de leitura":"4 minutos"},"schema":{"@context":"https:\/\/schema.org","@graph":[{"@type":"Article","@id":"https:\/\/www.notibras.com\/site\/estudo-aponta-situacao-precaria-no-trabalho-de-frilas\/#article","isPartOf":{"@id":"https:\/\/www.notibras.com\/site\/estudo-aponta-situacao-precaria-no-trabalho-de-frilas\/"},"author":{"name":"Reda\u00e7\u00e3o","@id":"https:\/\/www.notibras.com\/site\/#\/schema\/person\/36ab0979449956132d3e5b517ea76ac8"},"headline":"Estudo aponta situa\u00e7\u00e3o prec\u00e1ria no trabalho de &#8220;frilas&#8221;","datePublished":"2023-07-22T03:00:08+00:00","dateModified":"2023-07-22T11:41:42+00:00","mainEntityOfPage":{"@id":"https:\/\/www.notibras.com\/site\/estudo-aponta-situacao-precaria-no-trabalho-de-frilas\/"},"wordCount":654,"publisher":{"@id":"https:\/\/www.notibras.com\/site\/#organization"},"image":{"@id":"https:\/\/www.notibras.com\/site\/estudo-aponta-situacao-precaria-no-trabalho-de-frilas\/#primaryimage"},"thumbnailUrl":"https:\/\/www.notibras.com\/site\/wp-content\/uploads\/2021\/06\/depositphotos_124344680-stock-photo-job-search-on-the-internet.jpg","articleSection":["Quadradinho em Foco"],"inLanguage":"pt-BR"},{"@type":"WebPage","@id":"https:\/\/www.notibras.com\/site\/estudo-aponta-situacao-precaria-no-trabalho-de-frilas\/","url":"https:\/\/www.notibras.com\/site\/estudo-aponta-situacao-precaria-no-trabalho-de-frilas\/","name":"Estudo aponta situa\u00e7\u00e3o prec\u00e1ria no trabalho de \"frilas\" - Notibras","isPartOf":{"@id":"https:\/\/www.notibras.com\/site\/#website"},"primaryImageOfPage":{"@id":"https:\/\/www.notibras.com\/site\/estudo-aponta-situacao-precaria-no-trabalho-de-frilas\/#primaryimage"},"image":{"@id":"https:\/\/www.notibras.com\/site\/estudo-aponta-situacao-precaria-no-trabalho-de-frilas\/#primaryimage"},"thumbnailUrl":"https:\/\/www.notibras.com\/site\/wp-content\/uploads\/2021\/06\/depositphotos_124344680-stock-photo-job-search-on-the-internet.jpg","datePublished":"2023-07-22T03:00:08+00:00","dateModified":"2023-07-22T11:41:42+00:00","breadcrumb":{"@id":"https:\/\/www.notibras.com\/site\/estudo-aponta-situacao-precaria-no-trabalho-de-frilas\/#breadcrumb"},"inLanguage":"pt-BR","potentialAction":[{"@type":"ReadAction","target":["https:\/\/www.notibras.com\/site\/estudo-aponta-situacao-precaria-no-trabalho-de-frilas\/"]}]},{"@type":"ImageObject","inLanguage":"pt-BR","@id":"https:\/\/www.notibras.com\/site\/estudo-aponta-situacao-precaria-no-trabalho-de-frilas\/#primaryimage","url":"https:\/\/www.notibras.com\/site\/wp-content\/uploads\/2021\/06\/depositphotos_124344680-stock-photo-job-search-on-the-internet.jpg","contentUrl":"https:\/\/www.notibras.com\/site\/wp-content\/uploads\/2021\/06\/depositphotos_124344680-stock-photo-job-search-on-the-internet.jpg","width":1023,"height":640},{"@type":"BreadcrumbList","@id":"https:\/\/www.notibras.com\/site\/estudo-aponta-situacao-precaria-no-trabalho-de-frilas\/#breadcrumb","itemListElement":[{"@type":"ListItem","position":1,"name":"In\u00edcio","item":"https:\/\/www.notibras.com\/site\/"},{"@type":"ListItem","position":2,"name":"Estudo aponta situa\u00e7\u00e3o prec\u00e1ria no trabalho de &#8220;frilas&#8221;"}]},{"@type":"WebSite","@id":"https:\/\/www.notibras.com\/site\/#website","url":"https:\/\/www.notibras.com\/site\/","name":"Notibras","description":"Not\u00edcias de Bras\u00edlia, do Brasil e do Mundo","publisher":{"@id":"https:\/\/www.notibras.com\/site\/#organization"},"potentialAction":[{"@type":"SearchAction","target":{"@type":"EntryPoint","urlTemplate":"https:\/\/www.notibras.com\/site\/?s={search_term_string}"},"query-input":{"@type":"PropertyValueSpecification","valueRequired":true,"valueName":"search_term_string"}}],"inLanguage":"pt-BR"},{"@type":"Organization","@id":"https:\/\/www.notibras.com\/site\/#organization","name":"Grupo Notibras de Comunica\u00e7\u00e3o","url":"https:\/\/www.notibras.com\/site\/","logo":{"@type":"ImageObject","inLanguage":"pt-BR","@id":"https:\/\/www.notibras.com\/site\/#\/schema\/logo\/image\/","url":"https:\/\/www.notibras.com\/site\/wp-content\/uploads\/2023\/01\/notibras23.png","contentUrl":"https:\/\/www.notibras.com\/site\/wp-content\/uploads\/2023\/01\/notibras23.png","width":350,"height":87,"caption":"Grupo Notibras de Comunica\u00e7\u00e3o"},"image":{"@id":"https:\/\/www.notibras.com\/site\/#\/schema\/logo\/image\/"},"sameAs":["https:\/\/www.facebook.com\/notibras\/","https:\/\/x.com\/Notibras","https:\/\/www.instagram.com\/notibras\/"]},{"@type":"Person","@id":"https:\/\/www.notibras.com\/site\/#\/schema\/person\/36ab0979449956132d3e5b517ea76ac8","name":"Reda\u00e7\u00e3o","image":{"@type":"ImageObject","inLanguage":"pt-BR","@id":"https:\/\/secure.gravatar.com\/avatar\/e0a867bdedb85fd243eadf09663511f96fc81e0720a4a42581f334ad4303aa6b?s=96&d=mm&r=g","url":"https:\/\/secure.gravatar.com\/avatar\/e0a867bdedb85fd243eadf09663511f96fc81e0720a4a42581f334ad4303aa6b?s=96&d=mm&r=g","contentUrl":"https:\/\/secure.gravatar.com\/avatar\/e0a867bdedb85fd243eadf09663511f96fc81e0720a4a42581f334ad4303aa6b?s=96&d=mm&r=g","caption":"Reda\u00e7\u00e3o"}}]}},"amp_enabled":true,"_links":{"self":[{"href":"https:\/\/www.notibras.com\/site\/wp-json\/wp\/v2\/posts\/309333","targetHints":{"allow":["GET"]}}],"collection":[{"href":"https:\/\/www.notibras.com\/site\/wp-json\/wp\/v2\/posts"}],"about":[{"href":"https:\/\/www.notibras.com\/site\/wp-json\/wp\/v2\/types\/post"}],"author":[{"embeddable":true,"href":"https:\/\/www.notibras.com\/site\/wp-json\/wp\/v2\/users\/2"}],"replies":[{"embeddable":true,"href":"https:\/\/www.notibras.com\/site\/wp-json\/wp\/v2\/comments?post=309333"}],"version-history":[{"count":1,"href":"https:\/\/www.notibras.com\/site\/wp-json\/wp\/v2\/posts\/309333\/revisions"}],"predecessor-version":[{"id":309334,"href":"https:\/\/www.notibras.com\/site\/wp-json\/wp\/v2\/posts\/309333\/revisions\/309334"}],"wp:featuredmedia":[{"embeddable":true,"href":"https:\/\/www.notibras.com\/site\/wp-json\/wp\/v2\/media\/258275"}],"wp:attachment":[{"href":"https:\/\/www.notibras.com\/site\/wp-json\/wp\/v2\/media?parent=309333"}],"wp:term":[{"taxonomy":"category","embeddable":true,"href":"https:\/\/www.notibras.com\/site\/wp-json\/wp\/v2\/categories?post=309333"},{"taxonomy":"post_tag","embeddable":true,"href":"https:\/\/www.notibras.com\/site\/wp-json\/wp\/v2\/tags?post=309333"}],"curies":[{"name":"wp","href":"https:\/\/api.w.org\/{rel}","templated":true}]}}