{"id":309408,"date":"2023-07-23T06:09:10","date_gmt":"2023-07-23T09:09:10","guid":{"rendered":"https:\/\/www.notibras.com\/site\/?p=309408"},"modified":"2023-07-24T10:50:24","modified_gmt":"2023-07-24T13:50:24","slug":"saindo-do-maranhao-para-brasilia-via-rio-de-janeiro","status":"publish","type":"post","link":"https:\/\/www.notibras.com\/site\/saindo-do-maranhao-para-brasilia-via-rio-de-janeiro\/","title":{"rendered":"Saindo do Maranh\u00e3o para Bras\u00edlia, via Rio de Janeiro"},"content":{"rendered":"<p>Luzia nasceu pequena, cresceu menos que a maioria, tornou-se uma mulher de pouco mais de 1,50 m. Parecia n\u00e3o se incomodar com as diversas piadas da fam\u00edlia e dos amigos, mesmo que boa parte deles nem chegasse a 1,60 m. At\u00e9 ria da situa\u00e7\u00e3o, e acabou gostando quando algu\u00e9m lhe disse que os melhores perfumes vinham sempre em frascos menores.<\/p>\n<p>Da sua pequena cidade natal no Maranh\u00e3o, foi ainda bem jovem tentar a sorte no Rio de Janeiro. Arrumou um emprego em uma loja de couros ali na rua da Passagem, em Botafogo. Toda sorriso, logo conquistou os clientes, que s\u00f3 queriam ser atendidos por ela. O patr\u00e3o, obviamente, gostou, j\u00e1 que os lucros aumentaram substancialmente.<\/p>\n<p>N\u00e3o demorou, a maranhense passou a ser conhecida naquela parte do bairro. Dessa forma, toda vez que sa\u00eda para fazer algo na rua, era parada para uma conversa, mesmo que fugaz, com algu\u00e9m, seja o porteiro de um dos edif\u00edcios, seja o atendente da lanchonete na esquina, seja at\u00e9 mesmo um dos ambulantes ali pertinho do metr\u00f4. De t\u00e3o enturmada, Luzia j\u00e1 se sentia parte daquele lugar, apesar da saudade da sua terra ainda lhe fazer companhia, especialmente nas noites solit\u00e1rias.<\/p>\n<p>Naquela manh\u00e3, tudo parecia como nos dias anteriores. Cal\u00e7ou a sua rasteirinha e foi trabalhar. J\u00e1 na loja, Luzia andava de um lado para o outro, tentava dar aten\u00e7\u00e3o a toda aquela gente, que parecia s\u00f3 querer ser atendida por ela. Que correria! Todavia, pareceu valer a pena, pois, quase no final do expediente, eis que a maranhense recebeu uma polpuda gorjeta de um senhor, que nem era fregu\u00eas de longa data, mas que de cara se simpatizou pelo largo sorriso da jovem mulher.<\/p>\n<p>Final de expediente, Luzia foi caminhar pela cal\u00e7ada da rua Volunt\u00e1rios da P\u00e1tria, quando se deparou com uma vitrine cheia de manequins usando vestidos, saias e blusinhas. Diante do vidro, bem que se imaginou com aquelas roupas. Com certeza algumas lhe cairiam muito bem, pois formosura era o que n\u00e3o faltava naquele corpo trigueiro.<\/p>\n<p>Quase decidida a gastar a sua pequena loteria, eis que ela desviou o olhar para o canto. Ficou encantada por aquele sapato de salto alto. Vermelho! Totalmente vermelho, caso n\u00e3o fossem pelas pequenas fivelas prateadas que lhe conferiam um ar de sofistica\u00e7\u00e3o ainda maior. N\u00e3o teve d\u00favida! Comprou aquele mimo!<\/p>\n<p>Mal chegou ao seu pequeno apartamento, jogou a rasteirinha para debaixo do sof\u00e1. Seus p\u00e9s deslizaram por aquela forma delicada, como se fosse uma crian\u00e7a brincando no escorrega de um parquinho qualquer. Ergueu-se de tal forma, que todas as v\u00e9rtebras de sua coluna pareceram estalar. Caminhou at\u00e9 o enorme espelho do seu quarto. No entanto, antes que pudesse se apreciar, a campainha tocou.<\/p>\n<p>Era Josivaldo, o porteiro. Ele, que at\u00e9 era alguns mil\u00edmetros mais alto que Luzia, se surpreendeu quando ela o atendeu. Gra\u00e7as aos quase 15 cent\u00edmetros de salto, a maranhense o olhava de cima para baixo. Luzia se sentiu poderosa!<\/p>\n<p>O cliente da gorjeta voltou mais vezes. Ela foi mudando para melhor. E os dois se mudaram para Bras\u00edlia, onde a prole cresce todo ano.<\/p>\n","protected":false},"excerpt":{"rendered":"<p>Luzia nasceu pequena, cresceu menos que a maioria, tornou-se uma mulher de pouco mais de 1,50 m. Parecia n\u00e3o se incomodar com as diversas piadas da fam\u00edlia e dos amigos, mesmo que boa parte deles nem chegasse a 1,60 m. At\u00e9 ria da situa\u00e7\u00e3o, e acabou gostando quando algu\u00e9m lhe disse que os melhores perfumes [&hellip;]<\/p>\n","protected":false},"author":2,"featured_media":309409,"comment_status":"closed","ping_status":"closed","sticky":false,"template":"","format":"standard","meta":{"_acf_changed":false,"footnotes":""},"categories":[161],"tags":[],"class_list":["post-309408","post","type-post","status-publish","format-standard","has-post-thumbnail","hentry","category-quadradinho-em-foco"],"acf":[],"yoast_head":"<!-- This site is optimized with the Yoast SEO plugin v27.2 - https:\/\/yoast.com\/product\/yoast-seo-wordpress\/ -->\n<title>Saindo do Maranh\u00e3o para Bras\u00edlia, via Rio de Janeiro - Notibras<\/title>\n<meta name=\"robots\" content=\"index, follow, max-snippet:-1, max-image-preview:large, max-video-preview:-1\" \/>\n<link rel=\"canonical\" href=\"https:\/\/www.notibras.com\/site\/saindo-do-maranhao-para-brasilia-via-rio-de-janeiro\/\" \/>\n<meta property=\"og:locale\" content=\"pt_BR\" \/>\n<meta property=\"og:type\" content=\"article\" \/>\n<meta property=\"og:title\" content=\"Saindo do Maranh\u00e3o para Bras\u00edlia, via Rio de Janeiro - Notibras\" \/>\n<meta property=\"og:description\" content=\"Luzia nasceu pequena, cresceu menos que a maioria, tornou-se uma mulher de pouco mais de 1,50 m. Parecia n\u00e3o se incomodar com as diversas piadas da fam\u00edlia e dos amigos, mesmo que boa parte deles nem chegasse a 1,60 m. At\u00e9 ria da situa\u00e7\u00e3o, e acabou gostando quando algu\u00e9m lhe disse que os melhores perfumes [&hellip;]\" \/>\n<meta property=\"og:url\" content=\"https:\/\/www.notibras.com\/site\/saindo-do-maranhao-para-brasilia-via-rio-de-janeiro\/\" \/>\n<meta property=\"og:site_name\" content=\"Notibras\" \/>\n<meta property=\"article:publisher\" content=\"https:\/\/www.facebook.com\/notibras\/\" \/>\n<meta property=\"article:published_time\" content=\"2023-07-23T09:09:10+00:00\" \/>\n<meta property=\"article:modified_time\" content=\"2023-07-24T13:50:24+00:00\" \/>\n<meta property=\"og:image\" content=\"https:\/\/www.notibras.com\/site\/wp-content\/uploads\/2023\/07\/121561670_bd4b58f7-603b-45cd-8cf7-82ac0558bc9d.jpg\" \/>\n\t<meta property=\"og:image:width\" content=\"800\" \/>\n\t<meta property=\"og:image:height\" content=\"444\" \/>\n\t<meta property=\"og:image:type\" content=\"image\/jpeg\" \/>\n<meta name=\"author\" content=\"Reda\u00e7\u00e3o\" \/>\n<meta name=\"twitter:card\" content=\"summary_large_image\" \/>\n<meta name=\"twitter:creator\" content=\"@Notibras\" \/>\n<meta name=\"twitter:site\" content=\"@Notibras\" \/>\n<meta name=\"twitter:label1\" content=\"Escrito por\" \/>\n\t<meta name=\"twitter:data1\" content=\"Reda\u00e7\u00e3o\" \/>\n\t<meta name=\"twitter:label2\" content=\"Est. tempo de leitura\" \/>\n\t<meta name=\"twitter:data2\" content=\"3 minutos\" \/>\n<script type=\"application\/ld+json\" class=\"yoast-schema-graph\">{\"@context\":\"https:\/\/schema.org\",\"@graph\":[{\"@type\":\"Article\",\"@id\":\"https:\/\/www.notibras.com\/site\/saindo-do-maranhao-para-brasilia-via-rio-de-janeiro\/#article\",\"isPartOf\":{\"@id\":\"https:\/\/www.notibras.com\/site\/saindo-do-maranhao-para-brasilia-via-rio-de-janeiro\/\"},\"author\":{\"name\":\"Reda\u00e7\u00e3o\",\"@id\":\"https:\/\/www.notibras.com\/site\/#\/schema\/person\/36ab0979449956132d3e5b517ea76ac8\"},\"headline\":\"Saindo do Maranh\u00e3o para Bras\u00edlia, via Rio de Janeiro\",\"datePublished\":\"2023-07-23T09:09:10+00:00\",\"dateModified\":\"2023-07-24T13:50:24+00:00\",\"mainEntityOfPage\":{\"@id\":\"https:\/\/www.notibras.com\/site\/saindo-do-maranhao-para-brasilia-via-rio-de-janeiro\/\"},\"wordCount\":550,\"publisher\":{\"@id\":\"https:\/\/www.notibras.com\/site\/#organization\"},\"image\":{\"@id\":\"https:\/\/www.notibras.com\/site\/saindo-do-maranhao-para-brasilia-via-rio-de-janeiro\/#primaryimage\"},\"thumbnailUrl\":\"https:\/\/www.notibras.com\/site\/wp-content\/uploads\/2023\/07\/121561670_bd4b58f7-603b-45cd-8cf7-82ac0558bc9d.jpg\",\"articleSection\":[\"Quadradinho em Foco\"],\"inLanguage\":\"pt-BR\"},{\"@type\":\"WebPage\",\"@id\":\"https:\/\/www.notibras.com\/site\/saindo-do-maranhao-para-brasilia-via-rio-de-janeiro\/\",\"url\":\"https:\/\/www.notibras.com\/site\/saindo-do-maranhao-para-brasilia-via-rio-de-janeiro\/\",\"name\":\"Saindo do Maranh\u00e3o para Bras\u00edlia, via Rio de Janeiro - Notibras\",\"isPartOf\":{\"@id\":\"https:\/\/www.notibras.com\/site\/#website\"},\"primaryImageOfPage\":{\"@id\":\"https:\/\/www.notibras.com\/site\/saindo-do-maranhao-para-brasilia-via-rio-de-janeiro\/#primaryimage\"},\"image\":{\"@id\":\"https:\/\/www.notibras.com\/site\/saindo-do-maranhao-para-brasilia-via-rio-de-janeiro\/#primaryimage\"},\"thumbnailUrl\":\"https:\/\/www.notibras.com\/site\/wp-content\/uploads\/2023\/07\/121561670_bd4b58f7-603b-45cd-8cf7-82ac0558bc9d.jpg\",\"datePublished\":\"2023-07-23T09:09:10+00:00\",\"dateModified\":\"2023-07-24T13:50:24+00:00\",\"breadcrumb\":{\"@id\":\"https:\/\/www.notibras.com\/site\/saindo-do-maranhao-para-brasilia-via-rio-de-janeiro\/#breadcrumb\"},\"inLanguage\":\"pt-BR\",\"potentialAction\":[{\"@type\":\"ReadAction\",\"target\":[\"https:\/\/www.notibras.com\/site\/saindo-do-maranhao-para-brasilia-via-rio-de-janeiro\/\"]}]},{\"@type\":\"ImageObject\",\"inLanguage\":\"pt-BR\",\"@id\":\"https:\/\/www.notibras.com\/site\/saindo-do-maranhao-para-brasilia-via-rio-de-janeiro\/#primaryimage\",\"url\":\"https:\/\/www.notibras.com\/site\/wp-content\/uploads\/2023\/07\/121561670_bd4b58f7-603b-45cd-8cf7-82ac0558bc9d.jpg\",\"contentUrl\":\"https:\/\/www.notibras.com\/site\/wp-content\/uploads\/2023\/07\/121561670_bd4b58f7-603b-45cd-8cf7-82ac0558bc9d.jpg\",\"width\":800,\"height\":444},{\"@type\":\"BreadcrumbList\",\"@id\":\"https:\/\/www.notibras.com\/site\/saindo-do-maranhao-para-brasilia-via-rio-de-janeiro\/#breadcrumb\",\"itemListElement\":[{\"@type\":\"ListItem\",\"position\":1,\"name\":\"In\u00edcio\",\"item\":\"https:\/\/www.notibras.com\/site\/\"},{\"@type\":\"ListItem\",\"position\":2,\"name\":\"Saindo do Maranh\u00e3o para Bras\u00edlia, via Rio de Janeiro\"}]},{\"@type\":\"WebSite\",\"@id\":\"https:\/\/www.notibras.com\/site\/#website\",\"url\":\"https:\/\/www.notibras.com\/site\/\",\"name\":\"Notibras\",\"description\":\"Not\u00edcias de Bras\u00edlia, do Brasil e do Mundo\",\"publisher\":{\"@id\":\"https:\/\/www.notibras.com\/site\/#organization\"},\"potentialAction\":[{\"@type\":\"SearchAction\",\"target\":{\"@type\":\"EntryPoint\",\"urlTemplate\":\"https:\/\/www.notibras.com\/site\/?s={search_term_string}\"},\"query-input\":{\"@type\":\"PropertyValueSpecification\",\"valueRequired\":true,\"valueName\":\"search_term_string\"}}],\"inLanguage\":\"pt-BR\"},{\"@type\":\"Organization\",\"@id\":\"https:\/\/www.notibras.com\/site\/#organization\",\"name\":\"Grupo Notibras de Comunica\u00e7\u00e3o\",\"url\":\"https:\/\/www.notibras.com\/site\/\",\"logo\":{\"@type\":\"ImageObject\",\"inLanguage\":\"pt-BR\",\"@id\":\"https:\/\/www.notibras.com\/site\/#\/schema\/logo\/image\/\",\"url\":\"https:\/\/www.notibras.com\/site\/wp-content\/uploads\/2023\/01\/notibras23.png\",\"contentUrl\":\"https:\/\/www.notibras.com\/site\/wp-content\/uploads\/2023\/01\/notibras23.png\",\"width\":350,\"height\":87,\"caption\":\"Grupo Notibras de Comunica\u00e7\u00e3o\"},\"image\":{\"@id\":\"https:\/\/www.notibras.com\/site\/#\/schema\/logo\/image\/\"},\"sameAs\":[\"https:\/\/www.facebook.com\/notibras\/\",\"https:\/\/x.com\/Notibras\",\"https:\/\/www.instagram.com\/notibras\/\"]},{\"@type\":\"Person\",\"@id\":\"https:\/\/www.notibras.com\/site\/#\/schema\/person\/36ab0979449956132d3e5b517ea76ac8\",\"name\":\"Reda\u00e7\u00e3o\",\"image\":{\"@type\":\"ImageObject\",\"inLanguage\":\"pt-BR\",\"@id\":\"https:\/\/secure.gravatar.com\/avatar\/e0a867bdedb85fd243eadf09663511f96fc81e0720a4a42581f334ad4303aa6b?s=96&d=mm&r=g\",\"url\":\"https:\/\/secure.gravatar.com\/avatar\/e0a867bdedb85fd243eadf09663511f96fc81e0720a4a42581f334ad4303aa6b?s=96&d=mm&r=g\",\"contentUrl\":\"https:\/\/secure.gravatar.com\/avatar\/e0a867bdedb85fd243eadf09663511f96fc81e0720a4a42581f334ad4303aa6b?s=96&d=mm&r=g\",\"caption\":\"Reda\u00e7\u00e3o\"}}]}<\/script>\n<!-- \/ Yoast SEO plugin. -->","yoast_head_json":{"title":"Saindo do Maranh\u00e3o para Bras\u00edlia, via Rio de Janeiro - Notibras","robots":{"index":"index","follow":"follow","max-snippet":"max-snippet:-1","max-image-preview":"max-image-preview:large","max-video-preview":"max-video-preview:-1"},"canonical":"https:\/\/www.notibras.com\/site\/saindo-do-maranhao-para-brasilia-via-rio-de-janeiro\/","og_locale":"pt_BR","og_type":"article","og_title":"Saindo do Maranh\u00e3o para Bras\u00edlia, via Rio de Janeiro - Notibras","og_description":"Luzia nasceu pequena, cresceu menos que a maioria, tornou-se uma mulher de pouco mais de 1,50 m. Parecia n\u00e3o se incomodar com as diversas piadas da fam\u00edlia e dos amigos, mesmo que boa parte deles nem chegasse a 1,60 m. At\u00e9 ria da situa\u00e7\u00e3o, e acabou gostando quando algu\u00e9m lhe disse que os melhores perfumes [&hellip;]","og_url":"https:\/\/www.notibras.com\/site\/saindo-do-maranhao-para-brasilia-via-rio-de-janeiro\/","og_site_name":"Notibras","article_publisher":"https:\/\/www.facebook.com\/notibras\/","article_published_time":"2023-07-23T09:09:10+00:00","article_modified_time":"2023-07-24T13:50:24+00:00","og_image":[{"width":800,"height":444,"url":"https:\/\/www.notibras.com\/site\/wp-content\/uploads\/2023\/07\/121561670_bd4b58f7-603b-45cd-8cf7-82ac0558bc9d.jpg","type":"image\/jpeg"}],"author":"Reda\u00e7\u00e3o","twitter_card":"summary_large_image","twitter_creator":"@Notibras","twitter_site":"@Notibras","twitter_misc":{"Escrito por":"Reda\u00e7\u00e3o","Est. tempo de leitura":"3 minutos"},"schema":{"@context":"https:\/\/schema.org","@graph":[{"@type":"Article","@id":"https:\/\/www.notibras.com\/site\/saindo-do-maranhao-para-brasilia-via-rio-de-janeiro\/#article","isPartOf":{"@id":"https:\/\/www.notibras.com\/site\/saindo-do-maranhao-para-brasilia-via-rio-de-janeiro\/"},"author":{"name":"Reda\u00e7\u00e3o","@id":"https:\/\/www.notibras.com\/site\/#\/schema\/person\/36ab0979449956132d3e5b517ea76ac8"},"headline":"Saindo do Maranh\u00e3o para Bras\u00edlia, via Rio de Janeiro","datePublished":"2023-07-23T09:09:10+00:00","dateModified":"2023-07-24T13:50:24+00:00","mainEntityOfPage":{"@id":"https:\/\/www.notibras.com\/site\/saindo-do-maranhao-para-brasilia-via-rio-de-janeiro\/"},"wordCount":550,"publisher":{"@id":"https:\/\/www.notibras.com\/site\/#organization"},"image":{"@id":"https:\/\/www.notibras.com\/site\/saindo-do-maranhao-para-brasilia-via-rio-de-janeiro\/#primaryimage"},"thumbnailUrl":"https:\/\/www.notibras.com\/site\/wp-content\/uploads\/2023\/07\/121561670_bd4b58f7-603b-45cd-8cf7-82ac0558bc9d.jpg","articleSection":["Quadradinho em Foco"],"inLanguage":"pt-BR"},{"@type":"WebPage","@id":"https:\/\/www.notibras.com\/site\/saindo-do-maranhao-para-brasilia-via-rio-de-janeiro\/","url":"https:\/\/www.notibras.com\/site\/saindo-do-maranhao-para-brasilia-via-rio-de-janeiro\/","name":"Saindo do Maranh\u00e3o para Bras\u00edlia, via Rio de Janeiro - Notibras","isPartOf":{"@id":"https:\/\/www.notibras.com\/site\/#website"},"primaryImageOfPage":{"@id":"https:\/\/www.notibras.com\/site\/saindo-do-maranhao-para-brasilia-via-rio-de-janeiro\/#primaryimage"},"image":{"@id":"https:\/\/www.notibras.com\/site\/saindo-do-maranhao-para-brasilia-via-rio-de-janeiro\/#primaryimage"},"thumbnailUrl":"https:\/\/www.notibras.com\/site\/wp-content\/uploads\/2023\/07\/121561670_bd4b58f7-603b-45cd-8cf7-82ac0558bc9d.jpg","datePublished":"2023-07-23T09:09:10+00:00","dateModified":"2023-07-24T13:50:24+00:00","breadcrumb":{"@id":"https:\/\/www.notibras.com\/site\/saindo-do-maranhao-para-brasilia-via-rio-de-janeiro\/#breadcrumb"},"inLanguage":"pt-BR","potentialAction":[{"@type":"ReadAction","target":["https:\/\/www.notibras.com\/site\/saindo-do-maranhao-para-brasilia-via-rio-de-janeiro\/"]}]},{"@type":"ImageObject","inLanguage":"pt-BR","@id":"https:\/\/www.notibras.com\/site\/saindo-do-maranhao-para-brasilia-via-rio-de-janeiro\/#primaryimage","url":"https:\/\/www.notibras.com\/site\/wp-content\/uploads\/2023\/07\/121561670_bd4b58f7-603b-45cd-8cf7-82ac0558bc9d.jpg","contentUrl":"https:\/\/www.notibras.com\/site\/wp-content\/uploads\/2023\/07\/121561670_bd4b58f7-603b-45cd-8cf7-82ac0558bc9d.jpg","width":800,"height":444},{"@type":"BreadcrumbList","@id":"https:\/\/www.notibras.com\/site\/saindo-do-maranhao-para-brasilia-via-rio-de-janeiro\/#breadcrumb","itemListElement":[{"@type":"ListItem","position":1,"name":"In\u00edcio","item":"https:\/\/www.notibras.com\/site\/"},{"@type":"ListItem","position":2,"name":"Saindo do Maranh\u00e3o para Bras\u00edlia, via Rio de Janeiro"}]},{"@type":"WebSite","@id":"https:\/\/www.notibras.com\/site\/#website","url":"https:\/\/www.notibras.com\/site\/","name":"Notibras","description":"Not\u00edcias de Bras\u00edlia, do Brasil e do Mundo","publisher":{"@id":"https:\/\/www.notibras.com\/site\/#organization"},"potentialAction":[{"@type":"SearchAction","target":{"@type":"EntryPoint","urlTemplate":"https:\/\/www.notibras.com\/site\/?s={search_term_string}"},"query-input":{"@type":"PropertyValueSpecification","valueRequired":true,"valueName":"search_term_string"}}],"inLanguage":"pt-BR"},{"@type":"Organization","@id":"https:\/\/www.notibras.com\/site\/#organization","name":"Grupo Notibras de Comunica\u00e7\u00e3o","url":"https:\/\/www.notibras.com\/site\/","logo":{"@type":"ImageObject","inLanguage":"pt-BR","@id":"https:\/\/www.notibras.com\/site\/#\/schema\/logo\/image\/","url":"https:\/\/www.notibras.com\/site\/wp-content\/uploads\/2023\/01\/notibras23.png","contentUrl":"https:\/\/www.notibras.com\/site\/wp-content\/uploads\/2023\/01\/notibras23.png","width":350,"height":87,"caption":"Grupo Notibras de Comunica\u00e7\u00e3o"},"image":{"@id":"https:\/\/www.notibras.com\/site\/#\/schema\/logo\/image\/"},"sameAs":["https:\/\/www.facebook.com\/notibras\/","https:\/\/x.com\/Notibras","https:\/\/www.instagram.com\/notibras\/"]},{"@type":"Person","@id":"https:\/\/www.notibras.com\/site\/#\/schema\/person\/36ab0979449956132d3e5b517ea76ac8","name":"Reda\u00e7\u00e3o","image":{"@type":"ImageObject","inLanguage":"pt-BR","@id":"https:\/\/secure.gravatar.com\/avatar\/e0a867bdedb85fd243eadf09663511f96fc81e0720a4a42581f334ad4303aa6b?s=96&d=mm&r=g","url":"https:\/\/secure.gravatar.com\/avatar\/e0a867bdedb85fd243eadf09663511f96fc81e0720a4a42581f334ad4303aa6b?s=96&d=mm&r=g","contentUrl":"https:\/\/secure.gravatar.com\/avatar\/e0a867bdedb85fd243eadf09663511f96fc81e0720a4a42581f334ad4303aa6b?s=96&d=mm&r=g","caption":"Reda\u00e7\u00e3o"}}]}},"amp_enabled":true,"_links":{"self":[{"href":"https:\/\/www.notibras.com\/site\/wp-json\/wp\/v2\/posts\/309408","targetHints":{"allow":["GET"]}}],"collection":[{"href":"https:\/\/www.notibras.com\/site\/wp-json\/wp\/v2\/posts"}],"about":[{"href":"https:\/\/www.notibras.com\/site\/wp-json\/wp\/v2\/types\/post"}],"author":[{"embeddable":true,"href":"https:\/\/www.notibras.com\/site\/wp-json\/wp\/v2\/users\/2"}],"replies":[{"embeddable":true,"href":"https:\/\/www.notibras.com\/site\/wp-json\/wp\/v2\/comments?post=309408"}],"version-history":[{"count":1,"href":"https:\/\/www.notibras.com\/site\/wp-json\/wp\/v2\/posts\/309408\/revisions"}],"predecessor-version":[{"id":309410,"href":"https:\/\/www.notibras.com\/site\/wp-json\/wp\/v2\/posts\/309408\/revisions\/309410"}],"wp:featuredmedia":[{"embeddable":true,"href":"https:\/\/www.notibras.com\/site\/wp-json\/wp\/v2\/media\/309409"}],"wp:attachment":[{"href":"https:\/\/www.notibras.com\/site\/wp-json\/wp\/v2\/media?parent=309408"}],"wp:term":[{"taxonomy":"category","embeddable":true,"href":"https:\/\/www.notibras.com\/site\/wp-json\/wp\/v2\/categories?post=309408"},{"taxonomy":"post_tag","embeddable":true,"href":"https:\/\/www.notibras.com\/site\/wp-json\/wp\/v2\/tags?post=309408"}],"curies":[{"name":"wp","href":"https:\/\/api.w.org\/{rel}","templated":true}]}}