{"id":309417,"date":"2023-07-23T00:10:11","date_gmt":"2023-07-23T03:10:11","guid":{"rendered":"https:\/\/www.notibras.com\/site\/?p=309417"},"modified":"2023-07-23T07:12:38","modified_gmt":"2023-07-23T10:12:38","slug":"crimes-sexuais-contra-criancas-e-adolescentes-crescem-15","status":"publish","type":"post","link":"https:\/\/www.notibras.com\/site\/crimes-sexuais-contra-criancas-e-adolescentes-crescem-15\/","title":{"rendered":"Crimes sexuais contra crian\u00e7as e adolescentes crescem 15%"},"content":{"rendered":"<p>O n\u00famero de mortes violentas intencionais de crian\u00e7as e adolescentes (MVI) caiu no Brasil. No entanto, os crimes sexuais contra os menores apresentaram altas expressivas, superiores a 15%. De acordo com os dados, o n\u00famero desse tipo de morte de crian\u00e7as e adolescentes no pa\u00eds caiu de 2.556, em 2021, para 2.489 em 2022, uma redu\u00e7\u00e3o de 2,6%. J\u00e1 os estupros subiram 15,3% e explora\u00e7\u00e3o sexual, 16,4%.<\/p>\n<p>Os dados s\u00e3o do Anu\u00e1rio Brasileiro de Seguran\u00e7a P\u00fablica 2023, do F\u00f3rum Brasileiro de Seguran\u00e7a P\u00fablica (FBSP). A entidade considera mortes violentas intencionais aquelas causadas por homic\u00eddio, feminic\u00eddio, latroc\u00ednio, les\u00e3o corporal seguida de morte e morte decorrente de interven\u00e7\u00e3o policial.<\/p>\n<p>Do total de 2.489 crian\u00e7as e adolescentes v\u00edtimas de mortes violentas intencionais no ano passado, 2.011 foram v\u00edtimas de homic\u00eddio doloso (80,7%); 75 de feminic\u00eddio (3%); 20 de latroc\u00ednio (0,8%); 22 de les\u00e3o corporal seguida de morte (0,8%); e 361 de morte decorrente de interven\u00e7\u00e3o policial (14,5%).<\/p>\n<p>O anu\u00e1rio revela que, dentre as v\u00edtimas de zero a 11 anos em 2022, 45,9% eram do sexo feminino e 54,1% do sexo masculino. Essas mortes, segundo o FBSP, foram decorrentes, sobretudo, da viol\u00eancia dom\u00e9stica e intrafamiliar. J\u00e1 dentre as v\u00edtimas de 12 a 17 anos, 89,7% eram do sexo masculino e apenas 10,3%, do sexo feminino.<\/p>\n<p>\u201cO g\u00eanero como um fator de risco para os meninos, portanto, s\u00f3 se imp\u00f5e entre os adolescentes quando as mortes ocorrem prioritariamente como consequ\u00eancia da viol\u00eancia urbana\u201d, diz o anu\u00e1rio.<\/p>\n<p>Os dados &#8211; referentes a 2022 \u2013 mostram, ainda, que 67,1% das v\u00edtimas de zero a 11 anos eram negras, e 85,1% na faixa et\u00e1ria de 12 a 17 anos, \u201cevidenciando que a desigualdade racial \u00e9 parte estruturante da problem\u00e1tica das mortes violentas no pa\u00eds e que se acentua na medida em que os anos passam na vida do sujeito\u201d.<\/p>\n<p>Segundo o anu\u00e1rio, as armas de fogo foram os principais instrumentos do crime contra crian\u00e7as e adolescentes em 2022: foram causadoras de 55,8% das mortes de crian\u00e7as de zero a 11 anos, e de 90,8% das mortes de adolescentes jovens de 12 a 17 anos.<\/p>\n<p><strong>Crimes sexuais<\/strong><br \/>\nSe as mortes violentas intencionais de crian\u00e7as e adolescentes em 2022 tiveram queda de 2,6%, os crimes sexuais registraram forte alta: os estupros saltaram de 45.076 em 2021 para 51.971 em 2022, uma alta de 15,3%.<\/p>\n<p>Por faixa et\u00e1ria, foram quase 41 mil v\u00edtimas de zero a 13 anos, das quais quase sete mil tinham entre zero e quatro anos; mais de 11 mil v\u00edtimas entre 5 e 9 anos; mais de 22 mil entre 10 e 13 anos; e mais de 11 mil entre 14 e 17 anos. As v\u00edtimas negras (pretas e pardas) foram a maior parte em praticamente todas as idades, principalmente na faixa et\u00e1ria dos 11 aos 14 anos, em que representam aproximadamente 59% do total.<\/p>\n<p>A explora\u00e7\u00e3o sexual tamb\u00e9m aumentou passando de 764 casos registrados em 2021 para 889 em 2022, uma eleva\u00e7\u00e3o de 16,4%. E os casos de pornografia infanto-juvenil cresceram de 1.523 casos em 2021 para 1.630 em 2022, um crescimento de 7%.<\/p>\n<p>Demais crimes n\u00e3o letais contra crian\u00e7as e adolescentes tamb\u00e9m tiveram expans\u00e3o: abandono de incapaz cresceu de 8.197 casos em 2021 para 9.348 em 2022, um salto de 14%; ocorr\u00eancias de maus tratos subiram de 19.799 casos (2021) para 22.527 (2022), alta de 13,8%; e les\u00e3o corporal em viol\u00eancia dom\u00e9stica teve eleva\u00e7\u00e3o de 14.856 casos (2021) para 15.370 (2022), aumento de 3,5%.<\/p>\n<p><strong>Interna\u00e7\u00f5es<\/strong><br \/>\nOs dados do Anu\u00e1rio do FBSP 2023 mostram ainda que o n\u00famero de adolescentes cumprindo medida socioeducativa em meio fechado no pa\u00eds continua caindo: em 2022, eram 12.154 nessa condi\u00e7\u00e3o, 6,3% a menos que em 2021. Em 2020 eram 14.944; em 2019, 22.031; e em 2018, 24.510.<\/p>\n<p>\u201cEsse movimento j\u00e1 vem sendo indicado por pesquisadores, ativistas e servidores da \u00e1rea, mas ainda n\u00e3o possui causas expl\u00edcitas comprovadas, apesar de estar ocorrendo um esfor\u00e7o cont\u00ednuo desses atores em apresentar explica\u00e7\u00f5es para o fen\u00f4meno\u201d, diz o texto do anu\u00e1rio.<\/p>\n<p>Entre as hip\u00f3teses apontadas pelo FBSP, est\u00e3o a queda nos registros de roubos, um dos atos infracionais de maior incid\u00eancia nas medidas privativas de liberdade; a diminui\u00e7\u00e3o do n\u00famero de apreens\u00e3o de adolescentes pelas for\u00e7as policiais nos estados do S\u00e3o Paulo e Rio de Janeiro; e a decis\u00e3o da justi\u00e7a que determinou que as unidades onde os menores cumprem as medidas socioeducativas n\u00e3o ultrapassem a capacidade de lota\u00e7\u00e3o.<\/p>\n<p>\u201cA queda do n\u00famero de interna\u00e7\u00f5es em patamares t\u00e3o elevados implica em um cen\u00e1rio de maiores possibilidades para a melhoria do sistema, com o aproveitamento dos recursos humanos e f\u00edsicos n\u00e3o t\u00e3o sobrecarregados e com maior capacidade para a efetiva\u00e7\u00e3o dos direitos previstos na Constitui\u00e7\u00e3o Federal\u201d, diz o anu\u00e1rio.<\/p>\n<p>\u201cEnquanto as pesquisas que buscam as causas explicativas para o fen\u00f4meno est\u00e3o em andamento, abre-se uma janela de oportunidade para que a gest\u00e3o do atendimento socioeducativo se modernize para que os profissionais sejam mais valorizados, para que os recursos humanos e f\u00edsicos sejam modernizados\u201d, finaliza.<\/p>\n","protected":false},"excerpt":{"rendered":"<p>O n\u00famero de mortes violentas intencionais de crian\u00e7as e adolescentes (MVI) caiu no Brasil. No entanto, os crimes sexuais contra os menores apresentaram altas expressivas, superiores a 15%. De acordo com os dados, o n\u00famero desse tipo de morte de crian\u00e7as e adolescentes no pa\u00eds caiu de 2.556, em 2021, para 2.489 em 2022, uma [&hellip;]<\/p>\n","protected":false},"author":2,"featured_media":309418,"comment_status":"closed","ping_status":"closed","sticky":false,"template":"","format":"standard","meta":{"_acf_changed":false,"footnotes":""},"categories":[161],"tags":[],"class_list":["post-309417","post","type-post","status-publish","format-standard","has-post-thumbnail","hentry","category-quadradinho-em-foco"],"acf":[],"yoast_head":"<!-- This site is optimized with the Yoast SEO plugin v27.2 - https:\/\/yoast.com\/product\/yoast-seo-wordpress\/ -->\n<title>Crimes sexuais contra crian\u00e7as e adolescentes crescem 15% - Notibras<\/title>\n<meta name=\"robots\" content=\"index, follow, max-snippet:-1, max-image-preview:large, max-video-preview:-1\" \/>\n<link rel=\"canonical\" href=\"https:\/\/www.notibras.com\/site\/crimes-sexuais-contra-criancas-e-adolescentes-crescem-15\/\" \/>\n<meta property=\"og:locale\" content=\"pt_BR\" \/>\n<meta property=\"og:type\" content=\"article\" \/>\n<meta property=\"og:title\" content=\"Crimes sexuais contra crian\u00e7as e adolescentes crescem 15% - Notibras\" \/>\n<meta property=\"og:description\" content=\"O n\u00famero de mortes violentas intencionais de crian\u00e7as e adolescentes (MVI) caiu no Brasil. No entanto, os crimes sexuais contra os menores apresentaram altas expressivas, superiores a 15%. De acordo com os dados, o n\u00famero desse tipo de morte de crian\u00e7as e adolescentes no pa\u00eds caiu de 2.556, em 2021, para 2.489 em 2022, uma [&hellip;]\" \/>\n<meta property=\"og:url\" content=\"https:\/\/www.notibras.com\/site\/crimes-sexuais-contra-criancas-e-adolescentes-crescem-15\/\" \/>\n<meta property=\"og:site_name\" content=\"Notibras\" \/>\n<meta property=\"article:publisher\" content=\"https:\/\/www.facebook.com\/notibras\/\" \/>\n<meta property=\"article:published_time\" content=\"2023-07-23T03:10:11+00:00\" \/>\n<meta property=\"article:modified_time\" content=\"2023-07-23T10:12:38+00:00\" \/>\n<meta property=\"og:image\" content=\"https:\/\/www.notibras.com\/site\/wp-content\/uploads\/2023\/07\/2019-07-31t144935z_2057559524_rc1d349a9f00_rtrmadp_3_brazil-violence.jpg\" \/>\n\t<meta property=\"og:image:width\" content=\"1170\" \/>\n\t<meta property=\"og:image:height\" content=\"700\" \/>\n\t<meta property=\"og:image:type\" content=\"image\/jpeg\" \/>\n<meta name=\"author\" content=\"Reda\u00e7\u00e3o\" \/>\n<meta name=\"twitter:card\" content=\"summary_large_image\" \/>\n<meta name=\"twitter:creator\" content=\"@Notibras\" \/>\n<meta name=\"twitter:site\" content=\"@Notibras\" \/>\n<meta name=\"twitter:label1\" content=\"Escrito por\" \/>\n\t<meta name=\"twitter:data1\" content=\"Reda\u00e7\u00e3o\" \/>\n\t<meta name=\"twitter:label2\" content=\"Est. tempo de leitura\" \/>\n\t<meta name=\"twitter:data2\" content=\"5 minutos\" \/>\n<script type=\"application\/ld+json\" class=\"yoast-schema-graph\">{\"@context\":\"https:\/\/schema.org\",\"@graph\":[{\"@type\":\"Article\",\"@id\":\"https:\/\/www.notibras.com\/site\/crimes-sexuais-contra-criancas-e-adolescentes-crescem-15\/#article\",\"isPartOf\":{\"@id\":\"https:\/\/www.notibras.com\/site\/crimes-sexuais-contra-criancas-e-adolescentes-crescem-15\/\"},\"author\":{\"name\":\"Reda\u00e7\u00e3o\",\"@id\":\"https:\/\/www.notibras.com\/site\/#\/schema\/person\/36ab0979449956132d3e5b517ea76ac8\"},\"headline\":\"Crimes sexuais contra crian\u00e7as e adolescentes crescem 15%\",\"datePublished\":\"2023-07-23T03:10:11+00:00\",\"dateModified\":\"2023-07-23T10:12:38+00:00\",\"mainEntityOfPage\":{\"@id\":\"https:\/\/www.notibras.com\/site\/crimes-sexuais-contra-criancas-e-adolescentes-crescem-15\/\"},\"wordCount\":828,\"publisher\":{\"@id\":\"https:\/\/www.notibras.com\/site\/#organization\"},\"image\":{\"@id\":\"https:\/\/www.notibras.com\/site\/crimes-sexuais-contra-criancas-e-adolescentes-crescem-15\/#primaryimage\"},\"thumbnailUrl\":\"https:\/\/www.notibras.com\/site\/wp-content\/uploads\/2023\/07\/2019-07-31t144935z_2057559524_rc1d349a9f00_rtrmadp_3_brazil-violence.jpg\",\"articleSection\":[\"Quadradinho em Foco\"],\"inLanguage\":\"pt-BR\"},{\"@type\":\"WebPage\",\"@id\":\"https:\/\/www.notibras.com\/site\/crimes-sexuais-contra-criancas-e-adolescentes-crescem-15\/\",\"url\":\"https:\/\/www.notibras.com\/site\/crimes-sexuais-contra-criancas-e-adolescentes-crescem-15\/\",\"name\":\"Crimes sexuais contra crian\u00e7as e adolescentes crescem 15% - Notibras\",\"isPartOf\":{\"@id\":\"https:\/\/www.notibras.com\/site\/#website\"},\"primaryImageOfPage\":{\"@id\":\"https:\/\/www.notibras.com\/site\/crimes-sexuais-contra-criancas-e-adolescentes-crescem-15\/#primaryimage\"},\"image\":{\"@id\":\"https:\/\/www.notibras.com\/site\/crimes-sexuais-contra-criancas-e-adolescentes-crescem-15\/#primaryimage\"},\"thumbnailUrl\":\"https:\/\/www.notibras.com\/site\/wp-content\/uploads\/2023\/07\/2019-07-31t144935z_2057559524_rc1d349a9f00_rtrmadp_3_brazil-violence.jpg\",\"datePublished\":\"2023-07-23T03:10:11+00:00\",\"dateModified\":\"2023-07-23T10:12:38+00:00\",\"breadcrumb\":{\"@id\":\"https:\/\/www.notibras.com\/site\/crimes-sexuais-contra-criancas-e-adolescentes-crescem-15\/#breadcrumb\"},\"inLanguage\":\"pt-BR\",\"potentialAction\":[{\"@type\":\"ReadAction\",\"target\":[\"https:\/\/www.notibras.com\/site\/crimes-sexuais-contra-criancas-e-adolescentes-crescem-15\/\"]}]},{\"@type\":\"ImageObject\",\"inLanguage\":\"pt-BR\",\"@id\":\"https:\/\/www.notibras.com\/site\/crimes-sexuais-contra-criancas-e-adolescentes-crescem-15\/#primaryimage\",\"url\":\"https:\/\/www.notibras.com\/site\/wp-content\/uploads\/2023\/07\/2019-07-31t144935z_2057559524_rc1d349a9f00_rtrmadp_3_brazil-violence.jpg\",\"contentUrl\":\"https:\/\/www.notibras.com\/site\/wp-content\/uploads\/2023\/07\/2019-07-31t144935z_2057559524_rc1d349a9f00_rtrmadp_3_brazil-violence.jpg\",\"width\":1170,\"height\":700,\"caption\":\"Parentes assistem ao funeral de um dos presos que morreram durante um motim na pris\u00e3o, no cemit\u00e9rio de S\u00e3o Sebasti\u00e3o, em Altamira, Brasil, em 31 de julho de 2019\"},{\"@type\":\"BreadcrumbList\",\"@id\":\"https:\/\/www.notibras.com\/site\/crimes-sexuais-contra-criancas-e-adolescentes-crescem-15\/#breadcrumb\",\"itemListElement\":[{\"@type\":\"ListItem\",\"position\":1,\"name\":\"In\u00edcio\",\"item\":\"https:\/\/www.notibras.com\/site\/\"},{\"@type\":\"ListItem\",\"position\":2,\"name\":\"Crimes sexuais contra crian\u00e7as e adolescentes crescem 15%\"}]},{\"@type\":\"WebSite\",\"@id\":\"https:\/\/www.notibras.com\/site\/#website\",\"url\":\"https:\/\/www.notibras.com\/site\/\",\"name\":\"Notibras\",\"description\":\"Not\u00edcias de Bras\u00edlia, do Brasil e do Mundo\",\"publisher\":{\"@id\":\"https:\/\/www.notibras.com\/site\/#organization\"},\"potentialAction\":[{\"@type\":\"SearchAction\",\"target\":{\"@type\":\"EntryPoint\",\"urlTemplate\":\"https:\/\/www.notibras.com\/site\/?s={search_term_string}\"},\"query-input\":{\"@type\":\"PropertyValueSpecification\",\"valueRequired\":true,\"valueName\":\"search_term_string\"}}],\"inLanguage\":\"pt-BR\"},{\"@type\":\"Organization\",\"@id\":\"https:\/\/www.notibras.com\/site\/#organization\",\"name\":\"Grupo Notibras de Comunica\u00e7\u00e3o\",\"url\":\"https:\/\/www.notibras.com\/site\/\",\"logo\":{\"@type\":\"ImageObject\",\"inLanguage\":\"pt-BR\",\"@id\":\"https:\/\/www.notibras.com\/site\/#\/schema\/logo\/image\/\",\"url\":\"https:\/\/www.notibras.com\/site\/wp-content\/uploads\/2023\/01\/notibras23.png\",\"contentUrl\":\"https:\/\/www.notibras.com\/site\/wp-content\/uploads\/2023\/01\/notibras23.png\",\"width\":350,\"height\":87,\"caption\":\"Grupo Notibras de Comunica\u00e7\u00e3o\"},\"image\":{\"@id\":\"https:\/\/www.notibras.com\/site\/#\/schema\/logo\/image\/\"},\"sameAs\":[\"https:\/\/www.facebook.com\/notibras\/\",\"https:\/\/x.com\/Notibras\",\"https:\/\/www.instagram.com\/notibras\/\"]},{\"@type\":\"Person\",\"@id\":\"https:\/\/www.notibras.com\/site\/#\/schema\/person\/36ab0979449956132d3e5b517ea76ac8\",\"name\":\"Reda\u00e7\u00e3o\",\"image\":{\"@type\":\"ImageObject\",\"inLanguage\":\"pt-BR\",\"@id\":\"https:\/\/secure.gravatar.com\/avatar\/e0a867bdedb85fd243eadf09663511f96fc81e0720a4a42581f334ad4303aa6b?s=96&d=mm&r=g\",\"url\":\"https:\/\/secure.gravatar.com\/avatar\/e0a867bdedb85fd243eadf09663511f96fc81e0720a4a42581f334ad4303aa6b?s=96&d=mm&r=g\",\"contentUrl\":\"https:\/\/secure.gravatar.com\/avatar\/e0a867bdedb85fd243eadf09663511f96fc81e0720a4a42581f334ad4303aa6b?s=96&d=mm&r=g\",\"caption\":\"Reda\u00e7\u00e3o\"}}]}<\/script>\n<!-- \/ Yoast SEO plugin. -->","yoast_head_json":{"title":"Crimes sexuais contra crian\u00e7as e adolescentes crescem 15% - Notibras","robots":{"index":"index","follow":"follow","max-snippet":"max-snippet:-1","max-image-preview":"max-image-preview:large","max-video-preview":"max-video-preview:-1"},"canonical":"https:\/\/www.notibras.com\/site\/crimes-sexuais-contra-criancas-e-adolescentes-crescem-15\/","og_locale":"pt_BR","og_type":"article","og_title":"Crimes sexuais contra crian\u00e7as e adolescentes crescem 15% - Notibras","og_description":"O n\u00famero de mortes violentas intencionais de crian\u00e7as e adolescentes (MVI) caiu no Brasil. No entanto, os crimes sexuais contra os menores apresentaram altas expressivas, superiores a 15%. De acordo com os dados, o n\u00famero desse tipo de morte de crian\u00e7as e adolescentes no pa\u00eds caiu de 2.556, em 2021, para 2.489 em 2022, uma [&hellip;]","og_url":"https:\/\/www.notibras.com\/site\/crimes-sexuais-contra-criancas-e-adolescentes-crescem-15\/","og_site_name":"Notibras","article_publisher":"https:\/\/www.facebook.com\/notibras\/","article_published_time":"2023-07-23T03:10:11+00:00","article_modified_time":"2023-07-23T10:12:38+00:00","og_image":[{"width":1170,"height":700,"url":"https:\/\/www.notibras.com\/site\/wp-content\/uploads\/2023\/07\/2019-07-31t144935z_2057559524_rc1d349a9f00_rtrmadp_3_brazil-violence.jpg","type":"image\/jpeg"}],"author":"Reda\u00e7\u00e3o","twitter_card":"summary_large_image","twitter_creator":"@Notibras","twitter_site":"@Notibras","twitter_misc":{"Escrito por":"Reda\u00e7\u00e3o","Est. tempo de leitura":"5 minutos"},"schema":{"@context":"https:\/\/schema.org","@graph":[{"@type":"Article","@id":"https:\/\/www.notibras.com\/site\/crimes-sexuais-contra-criancas-e-adolescentes-crescem-15\/#article","isPartOf":{"@id":"https:\/\/www.notibras.com\/site\/crimes-sexuais-contra-criancas-e-adolescentes-crescem-15\/"},"author":{"name":"Reda\u00e7\u00e3o","@id":"https:\/\/www.notibras.com\/site\/#\/schema\/person\/36ab0979449956132d3e5b517ea76ac8"},"headline":"Crimes sexuais contra crian\u00e7as e adolescentes crescem 15%","datePublished":"2023-07-23T03:10:11+00:00","dateModified":"2023-07-23T10:12:38+00:00","mainEntityOfPage":{"@id":"https:\/\/www.notibras.com\/site\/crimes-sexuais-contra-criancas-e-adolescentes-crescem-15\/"},"wordCount":828,"publisher":{"@id":"https:\/\/www.notibras.com\/site\/#organization"},"image":{"@id":"https:\/\/www.notibras.com\/site\/crimes-sexuais-contra-criancas-e-adolescentes-crescem-15\/#primaryimage"},"thumbnailUrl":"https:\/\/www.notibras.com\/site\/wp-content\/uploads\/2023\/07\/2019-07-31t144935z_2057559524_rc1d349a9f00_rtrmadp_3_brazil-violence.jpg","articleSection":["Quadradinho em Foco"],"inLanguage":"pt-BR"},{"@type":"WebPage","@id":"https:\/\/www.notibras.com\/site\/crimes-sexuais-contra-criancas-e-adolescentes-crescem-15\/","url":"https:\/\/www.notibras.com\/site\/crimes-sexuais-contra-criancas-e-adolescentes-crescem-15\/","name":"Crimes sexuais contra crian\u00e7as e adolescentes crescem 15% - Notibras","isPartOf":{"@id":"https:\/\/www.notibras.com\/site\/#website"},"primaryImageOfPage":{"@id":"https:\/\/www.notibras.com\/site\/crimes-sexuais-contra-criancas-e-adolescentes-crescem-15\/#primaryimage"},"image":{"@id":"https:\/\/www.notibras.com\/site\/crimes-sexuais-contra-criancas-e-adolescentes-crescem-15\/#primaryimage"},"thumbnailUrl":"https:\/\/www.notibras.com\/site\/wp-content\/uploads\/2023\/07\/2019-07-31t144935z_2057559524_rc1d349a9f00_rtrmadp_3_brazil-violence.jpg","datePublished":"2023-07-23T03:10:11+00:00","dateModified":"2023-07-23T10:12:38+00:00","breadcrumb":{"@id":"https:\/\/www.notibras.com\/site\/crimes-sexuais-contra-criancas-e-adolescentes-crescem-15\/#breadcrumb"},"inLanguage":"pt-BR","potentialAction":[{"@type":"ReadAction","target":["https:\/\/www.notibras.com\/site\/crimes-sexuais-contra-criancas-e-adolescentes-crescem-15\/"]}]},{"@type":"ImageObject","inLanguage":"pt-BR","@id":"https:\/\/www.notibras.com\/site\/crimes-sexuais-contra-criancas-e-adolescentes-crescem-15\/#primaryimage","url":"https:\/\/www.notibras.com\/site\/wp-content\/uploads\/2023\/07\/2019-07-31t144935z_2057559524_rc1d349a9f00_rtrmadp_3_brazil-violence.jpg","contentUrl":"https:\/\/www.notibras.com\/site\/wp-content\/uploads\/2023\/07\/2019-07-31t144935z_2057559524_rc1d349a9f00_rtrmadp_3_brazil-violence.jpg","width":1170,"height":700,"caption":"Parentes assistem ao funeral de um dos presos que morreram durante um motim na pris\u00e3o, no cemit\u00e9rio de S\u00e3o Sebasti\u00e3o, em Altamira, Brasil, em 31 de julho de 2019"},{"@type":"BreadcrumbList","@id":"https:\/\/www.notibras.com\/site\/crimes-sexuais-contra-criancas-e-adolescentes-crescem-15\/#breadcrumb","itemListElement":[{"@type":"ListItem","position":1,"name":"In\u00edcio","item":"https:\/\/www.notibras.com\/site\/"},{"@type":"ListItem","position":2,"name":"Crimes sexuais contra crian\u00e7as e adolescentes crescem 15%"}]},{"@type":"WebSite","@id":"https:\/\/www.notibras.com\/site\/#website","url":"https:\/\/www.notibras.com\/site\/","name":"Notibras","description":"Not\u00edcias de Bras\u00edlia, do Brasil e do Mundo","publisher":{"@id":"https:\/\/www.notibras.com\/site\/#organization"},"potentialAction":[{"@type":"SearchAction","target":{"@type":"EntryPoint","urlTemplate":"https:\/\/www.notibras.com\/site\/?s={search_term_string}"},"query-input":{"@type":"PropertyValueSpecification","valueRequired":true,"valueName":"search_term_string"}}],"inLanguage":"pt-BR"},{"@type":"Organization","@id":"https:\/\/www.notibras.com\/site\/#organization","name":"Grupo Notibras de Comunica\u00e7\u00e3o","url":"https:\/\/www.notibras.com\/site\/","logo":{"@type":"ImageObject","inLanguage":"pt-BR","@id":"https:\/\/www.notibras.com\/site\/#\/schema\/logo\/image\/","url":"https:\/\/www.notibras.com\/site\/wp-content\/uploads\/2023\/01\/notibras23.png","contentUrl":"https:\/\/www.notibras.com\/site\/wp-content\/uploads\/2023\/01\/notibras23.png","width":350,"height":87,"caption":"Grupo Notibras de Comunica\u00e7\u00e3o"},"image":{"@id":"https:\/\/www.notibras.com\/site\/#\/schema\/logo\/image\/"},"sameAs":["https:\/\/www.facebook.com\/notibras\/","https:\/\/x.com\/Notibras","https:\/\/www.instagram.com\/notibras\/"]},{"@type":"Person","@id":"https:\/\/www.notibras.com\/site\/#\/schema\/person\/36ab0979449956132d3e5b517ea76ac8","name":"Reda\u00e7\u00e3o","image":{"@type":"ImageObject","inLanguage":"pt-BR","@id":"https:\/\/secure.gravatar.com\/avatar\/e0a867bdedb85fd243eadf09663511f96fc81e0720a4a42581f334ad4303aa6b?s=96&d=mm&r=g","url":"https:\/\/secure.gravatar.com\/avatar\/e0a867bdedb85fd243eadf09663511f96fc81e0720a4a42581f334ad4303aa6b?s=96&d=mm&r=g","contentUrl":"https:\/\/secure.gravatar.com\/avatar\/e0a867bdedb85fd243eadf09663511f96fc81e0720a4a42581f334ad4303aa6b?s=96&d=mm&r=g","caption":"Reda\u00e7\u00e3o"}}]}},"amp_enabled":true,"_links":{"self":[{"href":"https:\/\/www.notibras.com\/site\/wp-json\/wp\/v2\/posts\/309417","targetHints":{"allow":["GET"]}}],"collection":[{"href":"https:\/\/www.notibras.com\/site\/wp-json\/wp\/v2\/posts"}],"about":[{"href":"https:\/\/www.notibras.com\/site\/wp-json\/wp\/v2\/types\/post"}],"author":[{"embeddable":true,"href":"https:\/\/www.notibras.com\/site\/wp-json\/wp\/v2\/users\/2"}],"replies":[{"embeddable":true,"href":"https:\/\/www.notibras.com\/site\/wp-json\/wp\/v2\/comments?post=309417"}],"version-history":[{"count":1,"href":"https:\/\/www.notibras.com\/site\/wp-json\/wp\/v2\/posts\/309417\/revisions"}],"predecessor-version":[{"id":309419,"href":"https:\/\/www.notibras.com\/site\/wp-json\/wp\/v2\/posts\/309417\/revisions\/309419"}],"wp:featuredmedia":[{"embeddable":true,"href":"https:\/\/www.notibras.com\/site\/wp-json\/wp\/v2\/media\/309418"}],"wp:attachment":[{"href":"https:\/\/www.notibras.com\/site\/wp-json\/wp\/v2\/media?parent=309417"}],"wp:term":[{"taxonomy":"category","embeddable":true,"href":"https:\/\/www.notibras.com\/site\/wp-json\/wp\/v2\/categories?post=309417"},{"taxonomy":"post_tag","embeddable":true,"href":"https:\/\/www.notibras.com\/site\/wp-json\/wp\/v2\/tags?post=309417"}],"curies":[{"name":"wp","href":"https:\/\/api.w.org\/{rel}","templated":true}]}}