{"id":309497,"date":"2023-07-24T08:41:05","date_gmt":"2023-07-24T11:41:05","guid":{"rendered":"https:\/\/www.notibras.com\/site\/?p=309497"},"modified":"2023-07-24T08:44:06","modified_gmt":"2023-07-24T11:44:06","slug":"conheca-cocota-surda-ao-chamado-da-floresta","status":"publish","type":"post","link":"https:\/\/www.notibras.com\/site\/conheca-cocota-surda-ao-chamado-da-floresta\/","title":{"rendered":"Conhe\u00e7a Cocota, surda ao chamado da floresta"},"content":{"rendered":"<p>Cheia de energia, Cocota acordava com a corda toda. Aquela buldogue era t\u00e3o agitada, que a sua m\u00e3e humana, Mirtes, tentava adivinhar o que se passava naquela cabe\u00e7a ornada com duas orelhas de morcego. N\u00e3o era poss\u00edvel que toda aquela correria fosse apenas fruto de simples vontade de correr quase sem parar, se n\u00e3o fossem pelas paradinhas estrat\u00e9gicas para beber \u00e1gua geladinha na vasilha de alum\u00ednio.<\/p>\n<p>Os grandes olhos escuros fitavam os claros de Mirtes. A enorme l\u00edngua pendia para o lado, os dentes alvos sorriam. A mulher tinha certeza de que novas travessuras estavam por vir. E vinham! A cachorra chegava a jogar o corpo contra a parede, voltava como mola e ia de encontro \u00e0 outra logo adiante.<\/p>\n<p>&#8211; Se aquieta, doida!<\/p>\n<p>Tais palavras, ditas em tom de brincadeira, faziam com que Cocota se animasse ainda mais, caso isso fosse poss\u00edvel. Mirtes at\u00e9 gostava daquela folia, que animava sua aposentadoria. Ali\u00e1s, um h\u00e1bito que a velha havia adquirido depois de cumprir seus quase 32 anos de trabalho foi a leitura. Os assuntos eram variados; os autores, os mais diversos.<\/p>\n<p>Talvez por conta do conv\u00edvio com Cocota, a mulher tenha se apaixonado por um livro em especial: &#8220;O chamado da floresta&#8221;. Mirtes estava certa de que a sua buldogue tamb\u00e9m gostava de ouvi-la ler as aventuras vividas por Buck, o cachorro do romance de Jack London. Por isso, empostava a voz, o que fazia com que a Cocota mexesse as orelhas para captar cada palavra.<\/p>\n<p>A despeito de alguns descrentes, o certo \u00e9 que aquela buldogue n\u00e3o apenas entendia, mas desejava estar no lugar do Buck. Chegava a sonhar acordada, como se estivesse na neve entre seus irm\u00e3os, os lobos. Com certeza ela seria a l\u00edder de todos eles, uma verdadeira rainha.<\/p>\n<p>De t\u00e3o entretida com a hist\u00f3ria que sa\u00eda da agrad\u00e1vel voz de Mirtes, Cocota adormecia. Os sonhos eram t\u00e3o reais, que, ao despertar, ela estava exausta. A cachorra olhava ao seu redor e, aliviada, dava um longo suspiro. Aquilo tudo era demais para ela, que preferia continuar estirada no conforto da sua cama bem quentinha.<\/p>\n","protected":false},"excerpt":{"rendered":"<p>Cheia de energia, Cocota acordava com a corda toda. Aquela buldogue era t\u00e3o agitada, que a sua m\u00e3e humana, Mirtes, tentava adivinhar o que se passava naquela cabe\u00e7a ornada com duas orelhas de morcego. N\u00e3o era poss\u00edvel que toda aquela correria fosse apenas fruto de simples vontade de correr quase sem parar, se n\u00e3o fossem [&hellip;]<\/p>\n","protected":false},"author":2,"featured_media":309498,"comment_status":"closed","ping_status":"closed","sticky":false,"template":"","format":"standard","meta":{"_acf_changed":false,"footnotes":""},"categories":[161],"tags":[],"class_list":["post-309497","post","type-post","status-publish","format-standard","has-post-thumbnail","hentry","category-quadradinho-em-foco"],"acf":[],"yoast_head":"<!-- This site is optimized with the Yoast SEO plugin v27.2 - https:\/\/yoast.com\/product\/yoast-seo-wordpress\/ -->\n<title>Conhe\u00e7a Cocota, surda ao chamado da floresta - Notibras<\/title>\n<meta name=\"robots\" content=\"index, follow, max-snippet:-1, max-image-preview:large, max-video-preview:-1\" \/>\n<link rel=\"canonical\" href=\"https:\/\/www.notibras.com\/site\/conheca-cocota-surda-ao-chamado-da-floresta\/\" \/>\n<meta property=\"og:locale\" content=\"pt_BR\" \/>\n<meta property=\"og:type\" content=\"article\" \/>\n<meta property=\"og:title\" content=\"Conhe\u00e7a Cocota, surda ao chamado da floresta - Notibras\" \/>\n<meta property=\"og:description\" content=\"Cheia de energia, Cocota acordava com a corda toda. Aquela buldogue era t\u00e3o agitada, que a sua m\u00e3e humana, Mirtes, tentava adivinhar o que se passava naquela cabe\u00e7a ornada com duas orelhas de morcego. N\u00e3o era poss\u00edvel que toda aquela correria fosse apenas fruto de simples vontade de correr quase sem parar, se n\u00e3o fossem [&hellip;]\" \/>\n<meta property=\"og:url\" content=\"https:\/\/www.notibras.com\/site\/conheca-cocota-surda-ao-chamado-da-floresta\/\" \/>\n<meta property=\"og:site_name\" content=\"Notibras\" \/>\n<meta property=\"article:publisher\" content=\"https:\/\/www.facebook.com\/notibras\/\" \/>\n<meta property=\"article:published_time\" content=\"2023-07-24T11:41:05+00:00\" \/>\n<meta property=\"article:modified_time\" content=\"2023-07-24T11:44:06+00:00\" \/>\n<meta property=\"og:image\" content=\"https:\/\/www.notibras.com\/site\/wp-content\/uploads\/2023\/07\/cocota2.jpg\" \/>\n\t<meta property=\"og:image:width\" content=\"768\" \/>\n\t<meta property=\"og:image:height\" content=\"1024\" \/>\n\t<meta property=\"og:image:type\" content=\"image\/jpeg\" \/>\n<meta name=\"author\" content=\"Reda\u00e7\u00e3o\" \/>\n<meta name=\"twitter:card\" content=\"summary_large_image\" \/>\n<meta name=\"twitter:creator\" content=\"@Notibras\" \/>\n<meta name=\"twitter:site\" content=\"@Notibras\" \/>\n<meta name=\"twitter:label1\" content=\"Escrito por\" \/>\n\t<meta name=\"twitter:data1\" content=\"Reda\u00e7\u00e3o\" \/>\n\t<meta name=\"twitter:label2\" content=\"Est. tempo de leitura\" \/>\n\t<meta name=\"twitter:data2\" content=\"2 minutos\" \/>\n<script type=\"application\/ld+json\" class=\"yoast-schema-graph\">{\"@context\":\"https:\/\/schema.org\",\"@graph\":[{\"@type\":\"Article\",\"@id\":\"https:\/\/www.notibras.com\/site\/conheca-cocota-surda-ao-chamado-da-floresta\/#article\",\"isPartOf\":{\"@id\":\"https:\/\/www.notibras.com\/site\/conheca-cocota-surda-ao-chamado-da-floresta\/\"},\"author\":{\"name\":\"Reda\u00e7\u00e3o\",\"@id\":\"https:\/\/www.notibras.com\/site\/#\/schema\/person\/36ab0979449956132d3e5b517ea76ac8\"},\"headline\":\"Conhe\u00e7a Cocota, surda ao chamado da floresta\",\"datePublished\":\"2023-07-24T11:41:05+00:00\",\"dateModified\":\"2023-07-24T11:44:06+00:00\",\"mainEntityOfPage\":{\"@id\":\"https:\/\/www.notibras.com\/site\/conheca-cocota-surda-ao-chamado-da-floresta\/\"},\"wordCount\":375,\"publisher\":{\"@id\":\"https:\/\/www.notibras.com\/site\/#organization\"},\"image\":{\"@id\":\"https:\/\/www.notibras.com\/site\/conheca-cocota-surda-ao-chamado-da-floresta\/#primaryimage\"},\"thumbnailUrl\":\"https:\/\/www.notibras.com\/site\/wp-content\/uploads\/2023\/07\/cocota2.jpg\",\"articleSection\":[\"Quadradinho em Foco\"],\"inLanguage\":\"pt-BR\"},{\"@type\":\"WebPage\",\"@id\":\"https:\/\/www.notibras.com\/site\/conheca-cocota-surda-ao-chamado-da-floresta\/\",\"url\":\"https:\/\/www.notibras.com\/site\/conheca-cocota-surda-ao-chamado-da-floresta\/\",\"name\":\"Conhe\u00e7a Cocota, surda ao chamado da floresta - Notibras\",\"isPartOf\":{\"@id\":\"https:\/\/www.notibras.com\/site\/#website\"},\"primaryImageOfPage\":{\"@id\":\"https:\/\/www.notibras.com\/site\/conheca-cocota-surda-ao-chamado-da-floresta\/#primaryimage\"},\"image\":{\"@id\":\"https:\/\/www.notibras.com\/site\/conheca-cocota-surda-ao-chamado-da-floresta\/#primaryimage\"},\"thumbnailUrl\":\"https:\/\/www.notibras.com\/site\/wp-content\/uploads\/2023\/07\/cocota2.jpg\",\"datePublished\":\"2023-07-24T11:41:05+00:00\",\"dateModified\":\"2023-07-24T11:44:06+00:00\",\"breadcrumb\":{\"@id\":\"https:\/\/www.notibras.com\/site\/conheca-cocota-surda-ao-chamado-da-floresta\/#breadcrumb\"},\"inLanguage\":\"pt-BR\",\"potentialAction\":[{\"@type\":\"ReadAction\",\"target\":[\"https:\/\/www.notibras.com\/site\/conheca-cocota-surda-ao-chamado-da-floresta\/\"]}]},{\"@type\":\"ImageObject\",\"inLanguage\":\"pt-BR\",\"@id\":\"https:\/\/www.notibras.com\/site\/conheca-cocota-surda-ao-chamado-da-floresta\/#primaryimage\",\"url\":\"https:\/\/www.notibras.com\/site\/wp-content\/uploads\/2023\/07\/cocota2.jpg\",\"contentUrl\":\"https:\/\/www.notibras.com\/site\/wp-content\/uploads\/2023\/07\/cocota2.jpg\",\"width\":768,\"height\":1024},{\"@type\":\"BreadcrumbList\",\"@id\":\"https:\/\/www.notibras.com\/site\/conheca-cocota-surda-ao-chamado-da-floresta\/#breadcrumb\",\"itemListElement\":[{\"@type\":\"ListItem\",\"position\":1,\"name\":\"In\u00edcio\",\"item\":\"https:\/\/www.notibras.com\/site\/\"},{\"@type\":\"ListItem\",\"position\":2,\"name\":\"Conhe\u00e7a Cocota, surda ao chamado da floresta\"}]},{\"@type\":\"WebSite\",\"@id\":\"https:\/\/www.notibras.com\/site\/#website\",\"url\":\"https:\/\/www.notibras.com\/site\/\",\"name\":\"Notibras\",\"description\":\"Not\u00edcias de Bras\u00edlia, do Brasil e do Mundo\",\"publisher\":{\"@id\":\"https:\/\/www.notibras.com\/site\/#organization\"},\"potentialAction\":[{\"@type\":\"SearchAction\",\"target\":{\"@type\":\"EntryPoint\",\"urlTemplate\":\"https:\/\/www.notibras.com\/site\/?s={search_term_string}\"},\"query-input\":{\"@type\":\"PropertyValueSpecification\",\"valueRequired\":true,\"valueName\":\"search_term_string\"}}],\"inLanguage\":\"pt-BR\"},{\"@type\":\"Organization\",\"@id\":\"https:\/\/www.notibras.com\/site\/#organization\",\"name\":\"Grupo Notibras de Comunica\u00e7\u00e3o\",\"url\":\"https:\/\/www.notibras.com\/site\/\",\"logo\":{\"@type\":\"ImageObject\",\"inLanguage\":\"pt-BR\",\"@id\":\"https:\/\/www.notibras.com\/site\/#\/schema\/logo\/image\/\",\"url\":\"https:\/\/www.notibras.com\/site\/wp-content\/uploads\/2023\/01\/notibras23.png\",\"contentUrl\":\"https:\/\/www.notibras.com\/site\/wp-content\/uploads\/2023\/01\/notibras23.png\",\"width\":350,\"height\":87,\"caption\":\"Grupo Notibras de Comunica\u00e7\u00e3o\"},\"image\":{\"@id\":\"https:\/\/www.notibras.com\/site\/#\/schema\/logo\/image\/\"},\"sameAs\":[\"https:\/\/www.facebook.com\/notibras\/\",\"https:\/\/x.com\/Notibras\",\"https:\/\/www.instagram.com\/notibras\/\"]},{\"@type\":\"Person\",\"@id\":\"https:\/\/www.notibras.com\/site\/#\/schema\/person\/36ab0979449956132d3e5b517ea76ac8\",\"name\":\"Reda\u00e7\u00e3o\",\"image\":{\"@type\":\"ImageObject\",\"inLanguage\":\"pt-BR\",\"@id\":\"https:\/\/secure.gravatar.com\/avatar\/e0a867bdedb85fd243eadf09663511f96fc81e0720a4a42581f334ad4303aa6b?s=96&d=mm&r=g\",\"url\":\"https:\/\/secure.gravatar.com\/avatar\/e0a867bdedb85fd243eadf09663511f96fc81e0720a4a42581f334ad4303aa6b?s=96&d=mm&r=g\",\"contentUrl\":\"https:\/\/secure.gravatar.com\/avatar\/e0a867bdedb85fd243eadf09663511f96fc81e0720a4a42581f334ad4303aa6b?s=96&d=mm&r=g\",\"caption\":\"Reda\u00e7\u00e3o\"}}]}<\/script>\n<!-- \/ Yoast SEO plugin. -->","yoast_head_json":{"title":"Conhe\u00e7a Cocota, surda ao chamado da floresta - Notibras","robots":{"index":"index","follow":"follow","max-snippet":"max-snippet:-1","max-image-preview":"max-image-preview:large","max-video-preview":"max-video-preview:-1"},"canonical":"https:\/\/www.notibras.com\/site\/conheca-cocota-surda-ao-chamado-da-floresta\/","og_locale":"pt_BR","og_type":"article","og_title":"Conhe\u00e7a Cocota, surda ao chamado da floresta - Notibras","og_description":"Cheia de energia, Cocota acordava com a corda toda. Aquela buldogue era t\u00e3o agitada, que a sua m\u00e3e humana, Mirtes, tentava adivinhar o que se passava naquela cabe\u00e7a ornada com duas orelhas de morcego. N\u00e3o era poss\u00edvel que toda aquela correria fosse apenas fruto de simples vontade de correr quase sem parar, se n\u00e3o fossem [&hellip;]","og_url":"https:\/\/www.notibras.com\/site\/conheca-cocota-surda-ao-chamado-da-floresta\/","og_site_name":"Notibras","article_publisher":"https:\/\/www.facebook.com\/notibras\/","article_published_time":"2023-07-24T11:41:05+00:00","article_modified_time":"2023-07-24T11:44:06+00:00","og_image":[{"width":768,"height":1024,"url":"https:\/\/www.notibras.com\/site\/wp-content\/uploads\/2023\/07\/cocota2.jpg","type":"image\/jpeg"}],"author":"Reda\u00e7\u00e3o","twitter_card":"summary_large_image","twitter_creator":"@Notibras","twitter_site":"@Notibras","twitter_misc":{"Escrito por":"Reda\u00e7\u00e3o","Est. tempo de leitura":"2 minutos"},"schema":{"@context":"https:\/\/schema.org","@graph":[{"@type":"Article","@id":"https:\/\/www.notibras.com\/site\/conheca-cocota-surda-ao-chamado-da-floresta\/#article","isPartOf":{"@id":"https:\/\/www.notibras.com\/site\/conheca-cocota-surda-ao-chamado-da-floresta\/"},"author":{"name":"Reda\u00e7\u00e3o","@id":"https:\/\/www.notibras.com\/site\/#\/schema\/person\/36ab0979449956132d3e5b517ea76ac8"},"headline":"Conhe\u00e7a Cocota, surda ao chamado da floresta","datePublished":"2023-07-24T11:41:05+00:00","dateModified":"2023-07-24T11:44:06+00:00","mainEntityOfPage":{"@id":"https:\/\/www.notibras.com\/site\/conheca-cocota-surda-ao-chamado-da-floresta\/"},"wordCount":375,"publisher":{"@id":"https:\/\/www.notibras.com\/site\/#organization"},"image":{"@id":"https:\/\/www.notibras.com\/site\/conheca-cocota-surda-ao-chamado-da-floresta\/#primaryimage"},"thumbnailUrl":"https:\/\/www.notibras.com\/site\/wp-content\/uploads\/2023\/07\/cocota2.jpg","articleSection":["Quadradinho em Foco"],"inLanguage":"pt-BR"},{"@type":"WebPage","@id":"https:\/\/www.notibras.com\/site\/conheca-cocota-surda-ao-chamado-da-floresta\/","url":"https:\/\/www.notibras.com\/site\/conheca-cocota-surda-ao-chamado-da-floresta\/","name":"Conhe\u00e7a Cocota, surda ao chamado da floresta - Notibras","isPartOf":{"@id":"https:\/\/www.notibras.com\/site\/#website"},"primaryImageOfPage":{"@id":"https:\/\/www.notibras.com\/site\/conheca-cocota-surda-ao-chamado-da-floresta\/#primaryimage"},"image":{"@id":"https:\/\/www.notibras.com\/site\/conheca-cocota-surda-ao-chamado-da-floresta\/#primaryimage"},"thumbnailUrl":"https:\/\/www.notibras.com\/site\/wp-content\/uploads\/2023\/07\/cocota2.jpg","datePublished":"2023-07-24T11:41:05+00:00","dateModified":"2023-07-24T11:44:06+00:00","breadcrumb":{"@id":"https:\/\/www.notibras.com\/site\/conheca-cocota-surda-ao-chamado-da-floresta\/#breadcrumb"},"inLanguage":"pt-BR","potentialAction":[{"@type":"ReadAction","target":["https:\/\/www.notibras.com\/site\/conheca-cocota-surda-ao-chamado-da-floresta\/"]}]},{"@type":"ImageObject","inLanguage":"pt-BR","@id":"https:\/\/www.notibras.com\/site\/conheca-cocota-surda-ao-chamado-da-floresta\/#primaryimage","url":"https:\/\/www.notibras.com\/site\/wp-content\/uploads\/2023\/07\/cocota2.jpg","contentUrl":"https:\/\/www.notibras.com\/site\/wp-content\/uploads\/2023\/07\/cocota2.jpg","width":768,"height":1024},{"@type":"BreadcrumbList","@id":"https:\/\/www.notibras.com\/site\/conheca-cocota-surda-ao-chamado-da-floresta\/#breadcrumb","itemListElement":[{"@type":"ListItem","position":1,"name":"In\u00edcio","item":"https:\/\/www.notibras.com\/site\/"},{"@type":"ListItem","position":2,"name":"Conhe\u00e7a Cocota, surda ao chamado da floresta"}]},{"@type":"WebSite","@id":"https:\/\/www.notibras.com\/site\/#website","url":"https:\/\/www.notibras.com\/site\/","name":"Notibras","description":"Not\u00edcias de Bras\u00edlia, do Brasil e do Mundo","publisher":{"@id":"https:\/\/www.notibras.com\/site\/#organization"},"potentialAction":[{"@type":"SearchAction","target":{"@type":"EntryPoint","urlTemplate":"https:\/\/www.notibras.com\/site\/?s={search_term_string}"},"query-input":{"@type":"PropertyValueSpecification","valueRequired":true,"valueName":"search_term_string"}}],"inLanguage":"pt-BR"},{"@type":"Organization","@id":"https:\/\/www.notibras.com\/site\/#organization","name":"Grupo Notibras de Comunica\u00e7\u00e3o","url":"https:\/\/www.notibras.com\/site\/","logo":{"@type":"ImageObject","inLanguage":"pt-BR","@id":"https:\/\/www.notibras.com\/site\/#\/schema\/logo\/image\/","url":"https:\/\/www.notibras.com\/site\/wp-content\/uploads\/2023\/01\/notibras23.png","contentUrl":"https:\/\/www.notibras.com\/site\/wp-content\/uploads\/2023\/01\/notibras23.png","width":350,"height":87,"caption":"Grupo Notibras de Comunica\u00e7\u00e3o"},"image":{"@id":"https:\/\/www.notibras.com\/site\/#\/schema\/logo\/image\/"},"sameAs":["https:\/\/www.facebook.com\/notibras\/","https:\/\/x.com\/Notibras","https:\/\/www.instagram.com\/notibras\/"]},{"@type":"Person","@id":"https:\/\/www.notibras.com\/site\/#\/schema\/person\/36ab0979449956132d3e5b517ea76ac8","name":"Reda\u00e7\u00e3o","image":{"@type":"ImageObject","inLanguage":"pt-BR","@id":"https:\/\/secure.gravatar.com\/avatar\/e0a867bdedb85fd243eadf09663511f96fc81e0720a4a42581f334ad4303aa6b?s=96&d=mm&r=g","url":"https:\/\/secure.gravatar.com\/avatar\/e0a867bdedb85fd243eadf09663511f96fc81e0720a4a42581f334ad4303aa6b?s=96&d=mm&r=g","contentUrl":"https:\/\/secure.gravatar.com\/avatar\/e0a867bdedb85fd243eadf09663511f96fc81e0720a4a42581f334ad4303aa6b?s=96&d=mm&r=g","caption":"Reda\u00e7\u00e3o"}}]}},"amp_enabled":true,"_links":{"self":[{"href":"https:\/\/www.notibras.com\/site\/wp-json\/wp\/v2\/posts\/309497","targetHints":{"allow":["GET"]}}],"collection":[{"href":"https:\/\/www.notibras.com\/site\/wp-json\/wp\/v2\/posts"}],"about":[{"href":"https:\/\/www.notibras.com\/site\/wp-json\/wp\/v2\/types\/post"}],"author":[{"embeddable":true,"href":"https:\/\/www.notibras.com\/site\/wp-json\/wp\/v2\/users\/2"}],"replies":[{"embeddable":true,"href":"https:\/\/www.notibras.com\/site\/wp-json\/wp\/v2\/comments?post=309497"}],"version-history":[{"count":4,"href":"https:\/\/www.notibras.com\/site\/wp-json\/wp\/v2\/posts\/309497\/revisions"}],"predecessor-version":[{"id":309502,"href":"https:\/\/www.notibras.com\/site\/wp-json\/wp\/v2\/posts\/309497\/revisions\/309502"}],"wp:featuredmedia":[{"embeddable":true,"href":"https:\/\/www.notibras.com\/site\/wp-json\/wp\/v2\/media\/309498"}],"wp:attachment":[{"href":"https:\/\/www.notibras.com\/site\/wp-json\/wp\/v2\/media?parent=309497"}],"wp:term":[{"taxonomy":"category","embeddable":true,"href":"https:\/\/www.notibras.com\/site\/wp-json\/wp\/v2\/categories?post=309497"},{"taxonomy":"post_tag","embeddable":true,"href":"https:\/\/www.notibras.com\/site\/wp-json\/wp\/v2\/tags?post=309497"}],"curies":[{"name":"wp","href":"https:\/\/api.w.org\/{rel}","templated":true}]}}