{"id":309516,"date":"2023-07-24T07:36:07","date_gmt":"2023-07-24T10:36:07","guid":{"rendered":"https:\/\/www.notibras.com\/site\/?p=309516"},"modified":"2023-07-24T10:37:50","modified_gmt":"2023-07-24T13:37:50","slug":"comeca-segunda-chamada-para-comprovacao-de-documentos","status":"publish","type":"post","link":"https:\/\/www.notibras.com\/site\/comeca-segunda-chamada-para-comprovacao-de-documentos\/","title":{"rendered":"Come\u00e7a segunda chamada para comprova\u00e7\u00e3o de documentos"},"content":{"rendered":"<p>Nesta segunda-feira (24), o Minist\u00e9rio da Educa\u00e7\u00e3o (MEC) disponibiliza a segunda chamada para comprova\u00e7\u00e3o de documenta\u00e7\u00e3o dos classificados no Programa Universidade Para Todos (Prouni), que oferta bolsas de estudo integrais e parciais em cursos de gradua\u00e7\u00e3o nas institui\u00e7\u00f5es privadas de educa\u00e7\u00e3o superior.<\/p>\n<p>Os candidatos selecionados ter\u00e3o at\u00e9 o dia 3 de agosto para comprova\u00e7\u00e3o das informa\u00e7\u00f5es fornecidas durante a inscri\u00e7\u00e3o. Este ano, para o segundo semestre, foram disponibilizadas 276.566 bolsas, sendo 215.530 integrais e 61.036 parciais, com 50% do valor da mensalidade para cursos de gradua\u00e7\u00e3o, ou de forma\u00e7\u00e3o espec\u00edfica.<\/p>\n<p>Os pr\u00e9-selecionados que concorrem \u00e0s bolsas integrais devem comprovar renda familiar de at\u00e9 1,5 sal\u00e1rio m\u00ednimo, atualmente em R$1.980, por pessoa. Nos casos dos candidatos \u00e0s bolsas parciais, a renda mensal a ser comprovada \u00e9 de at\u00e9 tr\u00eas sal\u00e1rios m\u00ednimos, por pessoa, atualmente em um limite de R$ 3.960.<\/p>\n<p>Al\u00e9m desses crit\u00e9rios os candidatos devem cumprir as exig\u00eancias relacionadas a forma\u00e7\u00e3o do ensino m\u00e9dio, ou comprova\u00e7\u00e3o de defici\u00eancia, ou, ainda, comprova\u00e7\u00e3o de forma\u00e7\u00e3o para o magist\u00e9rio da educa\u00e7\u00e3o b\u00e1sica, conforme previsto no edital.<\/p>\n<p>Apresenta\u00e7\u00e3o dos documentos pode ser feita por meio eletr\u00f4nico no Portal de Acesso \u00danico do MEC, ou na pr\u00f3pria institui\u00e7\u00e3o de ensino superior.<\/p>\n<p>Os candidatos selecionados s\u00e3o os classificados de acordo com as op\u00e7\u00f5es de curso e institui\u00e7\u00e3o e as notas obtidas no Exame Nacional do Ensino M\u00e9dio (Enem) e que n\u00e3o conseguiram cumprir as exig\u00eancias no per\u00edodo da primeira chamada, ocorrida no in\u00edcio do m\u00eas de julho.<\/p>\n<p>Os inscritos que n\u00e3o conseguirem comprovar as documenta\u00e7\u00f5es exigidas nessas duas chamadas perdem a bolsa e abrem nova oportunidade para os candidatos classificados na lista de espera. A divulga\u00e7\u00e3o da lista de espera e in\u00edcio dos prazos de comprova\u00e7\u00e3o de documentos est\u00e1 prevista para acontecer no dia 18 de agosto.<\/p>\n","protected":false},"excerpt":{"rendered":"<p>Nesta segunda-feira (24), o Minist\u00e9rio da Educa\u00e7\u00e3o (MEC) disponibiliza a segunda chamada para comprova\u00e7\u00e3o de documenta\u00e7\u00e3o dos classificados no Programa Universidade Para Todos (Prouni), que oferta bolsas de estudo integrais e parciais em cursos de gradua\u00e7\u00e3o nas institui\u00e7\u00f5es privadas de educa\u00e7\u00e3o superior. Os candidatos selecionados ter\u00e3o at\u00e9 o dia 3 de agosto para comprova\u00e7\u00e3o das [&hellip;]<\/p>\n","protected":false},"author":2,"featured_media":149962,"comment_status":"closed","ping_status":"closed","sticky":false,"template":"","format":"standard","meta":{"_acf_changed":false,"footnotes":""},"categories":[161],"tags":[],"class_list":["post-309516","post","type-post","status-publish","format-standard","has-post-thumbnail","hentry","category-quadradinho-em-foco"],"acf":[],"yoast_head":"<!-- This site is optimized with the Yoast SEO plugin v27.2 - https:\/\/yoast.com\/product\/yoast-seo-wordpress\/ -->\n<title>Come\u00e7a segunda chamada para comprova\u00e7\u00e3o de documentos - Notibras<\/title>\n<meta name=\"robots\" content=\"index, follow, max-snippet:-1, max-image-preview:large, max-video-preview:-1\" \/>\n<link rel=\"canonical\" href=\"https:\/\/www.notibras.com\/site\/comeca-segunda-chamada-para-comprovacao-de-documentos\/\" \/>\n<meta property=\"og:locale\" content=\"pt_BR\" \/>\n<meta property=\"og:type\" content=\"article\" \/>\n<meta property=\"og:title\" content=\"Come\u00e7a segunda chamada para comprova\u00e7\u00e3o de documentos - Notibras\" \/>\n<meta property=\"og:description\" content=\"Nesta segunda-feira (24), o Minist\u00e9rio da Educa\u00e7\u00e3o (MEC) disponibiliza a segunda chamada para comprova\u00e7\u00e3o de documenta\u00e7\u00e3o dos classificados no Programa Universidade Para Todos (Prouni), que oferta bolsas de estudo integrais e parciais em cursos de gradua\u00e7\u00e3o nas institui\u00e7\u00f5es privadas de educa\u00e7\u00e3o superior. Os candidatos selecionados ter\u00e3o at\u00e9 o dia 3 de agosto para comprova\u00e7\u00e3o das [&hellip;]\" \/>\n<meta property=\"og:url\" content=\"https:\/\/www.notibras.com\/site\/comeca-segunda-chamada-para-comprovacao-de-documentos\/\" \/>\n<meta property=\"og:site_name\" content=\"Notibras\" \/>\n<meta property=\"article:publisher\" content=\"https:\/\/www.facebook.com\/notibras\/\" \/>\n<meta property=\"article:published_time\" content=\"2023-07-24T10:36:07+00:00\" \/>\n<meta property=\"article:modified_time\" content=\"2023-07-24T13:37:50+00:00\" \/>\n<meta property=\"og:image\" content=\"https:\/\/www.notibras.com\/site\/wp-content\/uploads\/2017\/08\/prouni-inscricoes-e1503333684541.jpg\" \/>\n\t<meta property=\"og:image:width\" content=\"902\" \/>\n\t<meta property=\"og:image:height\" content=\"600\" \/>\n\t<meta property=\"og:image:type\" content=\"image\/jpeg\" \/>\n<meta name=\"author\" content=\"Reda\u00e7\u00e3o\" \/>\n<meta name=\"twitter:card\" content=\"summary_large_image\" \/>\n<meta name=\"twitter:creator\" content=\"@Notibras\" \/>\n<meta name=\"twitter:site\" content=\"@Notibras\" \/>\n<meta name=\"twitter:label1\" content=\"Escrito por\" \/>\n\t<meta name=\"twitter:data1\" content=\"Reda\u00e7\u00e3o\" \/>\n\t<meta name=\"twitter:label2\" content=\"Est. tempo de leitura\" \/>\n\t<meta name=\"twitter:data2\" content=\"2 minutos\" \/>\n<script type=\"application\/ld+json\" class=\"yoast-schema-graph\">{\"@context\":\"https:\/\/schema.org\",\"@graph\":[{\"@type\":\"Article\",\"@id\":\"https:\/\/www.notibras.com\/site\/comeca-segunda-chamada-para-comprovacao-de-documentos\/#article\",\"isPartOf\":{\"@id\":\"https:\/\/www.notibras.com\/site\/comeca-segunda-chamada-para-comprovacao-de-documentos\/\"},\"author\":{\"name\":\"Reda\u00e7\u00e3o\",\"@id\":\"https:\/\/www.notibras.com\/site\/#\/schema\/person\/36ab0979449956132d3e5b517ea76ac8\"},\"headline\":\"Come\u00e7a segunda chamada para comprova\u00e7\u00e3o de documentos\",\"datePublished\":\"2023-07-24T10:36:07+00:00\",\"dateModified\":\"2023-07-24T13:37:50+00:00\",\"mainEntityOfPage\":{\"@id\":\"https:\/\/www.notibras.com\/site\/comeca-segunda-chamada-para-comprovacao-de-documentos\/\"},\"wordCount\":340,\"publisher\":{\"@id\":\"https:\/\/www.notibras.com\/site\/#organization\"},\"image\":{\"@id\":\"https:\/\/www.notibras.com\/site\/comeca-segunda-chamada-para-comprovacao-de-documentos\/#primaryimage\"},\"thumbnailUrl\":\"https:\/\/www.notibras.com\/site\/wp-content\/uploads\/2017\/08\/prouni-inscricoes-e1503333684541.jpg\",\"articleSection\":[\"Quadradinho em Foco\"],\"inLanguage\":\"pt-BR\"},{\"@type\":\"WebPage\",\"@id\":\"https:\/\/www.notibras.com\/site\/comeca-segunda-chamada-para-comprovacao-de-documentos\/\",\"url\":\"https:\/\/www.notibras.com\/site\/comeca-segunda-chamada-para-comprovacao-de-documentos\/\",\"name\":\"Come\u00e7a segunda chamada para comprova\u00e7\u00e3o de documentos - Notibras\",\"isPartOf\":{\"@id\":\"https:\/\/www.notibras.com\/site\/#website\"},\"primaryImageOfPage\":{\"@id\":\"https:\/\/www.notibras.com\/site\/comeca-segunda-chamada-para-comprovacao-de-documentos\/#primaryimage\"},\"image\":{\"@id\":\"https:\/\/www.notibras.com\/site\/comeca-segunda-chamada-para-comprovacao-de-documentos\/#primaryimage\"},\"thumbnailUrl\":\"https:\/\/www.notibras.com\/site\/wp-content\/uploads\/2017\/08\/prouni-inscricoes-e1503333684541.jpg\",\"datePublished\":\"2023-07-24T10:36:07+00:00\",\"dateModified\":\"2023-07-24T13:37:50+00:00\",\"breadcrumb\":{\"@id\":\"https:\/\/www.notibras.com\/site\/comeca-segunda-chamada-para-comprovacao-de-documentos\/#breadcrumb\"},\"inLanguage\":\"pt-BR\",\"potentialAction\":[{\"@type\":\"ReadAction\",\"target\":[\"https:\/\/www.notibras.com\/site\/comeca-segunda-chamada-para-comprovacao-de-documentos\/\"]}]},{\"@type\":\"ImageObject\",\"inLanguage\":\"pt-BR\",\"@id\":\"https:\/\/www.notibras.com\/site\/comeca-segunda-chamada-para-comprovacao-de-documentos\/#primaryimage\",\"url\":\"https:\/\/www.notibras.com\/site\/wp-content\/uploads\/2017\/08\/prouni-inscricoes-e1503333684541.jpg\",\"contentUrl\":\"https:\/\/www.notibras.com\/site\/wp-content\/uploads\/2017\/08\/prouni-inscricoes-e1503333684541.jpg\",\"width\":902,\"height\":600},{\"@type\":\"BreadcrumbList\",\"@id\":\"https:\/\/www.notibras.com\/site\/comeca-segunda-chamada-para-comprovacao-de-documentos\/#breadcrumb\",\"itemListElement\":[{\"@type\":\"ListItem\",\"position\":1,\"name\":\"In\u00edcio\",\"item\":\"https:\/\/www.notibras.com\/site\/\"},{\"@type\":\"ListItem\",\"position\":2,\"name\":\"Come\u00e7a segunda chamada para comprova\u00e7\u00e3o de documentos\"}]},{\"@type\":\"WebSite\",\"@id\":\"https:\/\/www.notibras.com\/site\/#website\",\"url\":\"https:\/\/www.notibras.com\/site\/\",\"name\":\"Notibras\",\"description\":\"Not\u00edcias de Bras\u00edlia, do Brasil e do Mundo\",\"publisher\":{\"@id\":\"https:\/\/www.notibras.com\/site\/#organization\"},\"potentialAction\":[{\"@type\":\"SearchAction\",\"target\":{\"@type\":\"EntryPoint\",\"urlTemplate\":\"https:\/\/www.notibras.com\/site\/?s={search_term_string}\"},\"query-input\":{\"@type\":\"PropertyValueSpecification\",\"valueRequired\":true,\"valueName\":\"search_term_string\"}}],\"inLanguage\":\"pt-BR\"},{\"@type\":\"Organization\",\"@id\":\"https:\/\/www.notibras.com\/site\/#organization\",\"name\":\"Grupo Notibras de Comunica\u00e7\u00e3o\",\"url\":\"https:\/\/www.notibras.com\/site\/\",\"logo\":{\"@type\":\"ImageObject\",\"inLanguage\":\"pt-BR\",\"@id\":\"https:\/\/www.notibras.com\/site\/#\/schema\/logo\/image\/\",\"url\":\"https:\/\/www.notibras.com\/site\/wp-content\/uploads\/2023\/01\/notibras23.png\",\"contentUrl\":\"https:\/\/www.notibras.com\/site\/wp-content\/uploads\/2023\/01\/notibras23.png\",\"width\":350,\"height\":87,\"caption\":\"Grupo Notibras de Comunica\u00e7\u00e3o\"},\"image\":{\"@id\":\"https:\/\/www.notibras.com\/site\/#\/schema\/logo\/image\/\"},\"sameAs\":[\"https:\/\/www.facebook.com\/notibras\/\",\"https:\/\/x.com\/Notibras\",\"https:\/\/www.instagram.com\/notibras\/\"]},{\"@type\":\"Person\",\"@id\":\"https:\/\/www.notibras.com\/site\/#\/schema\/person\/36ab0979449956132d3e5b517ea76ac8\",\"name\":\"Reda\u00e7\u00e3o\",\"image\":{\"@type\":\"ImageObject\",\"inLanguage\":\"pt-BR\",\"@id\":\"https:\/\/secure.gravatar.com\/avatar\/e0a867bdedb85fd243eadf09663511f96fc81e0720a4a42581f334ad4303aa6b?s=96&d=mm&r=g\",\"url\":\"https:\/\/secure.gravatar.com\/avatar\/e0a867bdedb85fd243eadf09663511f96fc81e0720a4a42581f334ad4303aa6b?s=96&d=mm&r=g\",\"contentUrl\":\"https:\/\/secure.gravatar.com\/avatar\/e0a867bdedb85fd243eadf09663511f96fc81e0720a4a42581f334ad4303aa6b?s=96&d=mm&r=g\",\"caption\":\"Reda\u00e7\u00e3o\"}}]}<\/script>\n<!-- \/ Yoast SEO plugin. -->","yoast_head_json":{"title":"Come\u00e7a segunda chamada para comprova\u00e7\u00e3o de documentos - Notibras","robots":{"index":"index","follow":"follow","max-snippet":"max-snippet:-1","max-image-preview":"max-image-preview:large","max-video-preview":"max-video-preview:-1"},"canonical":"https:\/\/www.notibras.com\/site\/comeca-segunda-chamada-para-comprovacao-de-documentos\/","og_locale":"pt_BR","og_type":"article","og_title":"Come\u00e7a segunda chamada para comprova\u00e7\u00e3o de documentos - Notibras","og_description":"Nesta segunda-feira (24), o Minist\u00e9rio da Educa\u00e7\u00e3o (MEC) disponibiliza a segunda chamada para comprova\u00e7\u00e3o de documenta\u00e7\u00e3o dos classificados no Programa Universidade Para Todos (Prouni), que oferta bolsas de estudo integrais e parciais em cursos de gradua\u00e7\u00e3o nas institui\u00e7\u00f5es privadas de educa\u00e7\u00e3o superior. Os candidatos selecionados ter\u00e3o at\u00e9 o dia 3 de agosto para comprova\u00e7\u00e3o das [&hellip;]","og_url":"https:\/\/www.notibras.com\/site\/comeca-segunda-chamada-para-comprovacao-de-documentos\/","og_site_name":"Notibras","article_publisher":"https:\/\/www.facebook.com\/notibras\/","article_published_time":"2023-07-24T10:36:07+00:00","article_modified_time":"2023-07-24T13:37:50+00:00","og_image":[{"width":902,"height":600,"url":"https:\/\/www.notibras.com\/site\/wp-content\/uploads\/2017\/08\/prouni-inscricoes-e1503333684541.jpg","type":"image\/jpeg"}],"author":"Reda\u00e7\u00e3o","twitter_card":"summary_large_image","twitter_creator":"@Notibras","twitter_site":"@Notibras","twitter_misc":{"Escrito por":"Reda\u00e7\u00e3o","Est. tempo de leitura":"2 minutos"},"schema":{"@context":"https:\/\/schema.org","@graph":[{"@type":"Article","@id":"https:\/\/www.notibras.com\/site\/comeca-segunda-chamada-para-comprovacao-de-documentos\/#article","isPartOf":{"@id":"https:\/\/www.notibras.com\/site\/comeca-segunda-chamada-para-comprovacao-de-documentos\/"},"author":{"name":"Reda\u00e7\u00e3o","@id":"https:\/\/www.notibras.com\/site\/#\/schema\/person\/36ab0979449956132d3e5b517ea76ac8"},"headline":"Come\u00e7a segunda chamada para comprova\u00e7\u00e3o de documentos","datePublished":"2023-07-24T10:36:07+00:00","dateModified":"2023-07-24T13:37:50+00:00","mainEntityOfPage":{"@id":"https:\/\/www.notibras.com\/site\/comeca-segunda-chamada-para-comprovacao-de-documentos\/"},"wordCount":340,"publisher":{"@id":"https:\/\/www.notibras.com\/site\/#organization"},"image":{"@id":"https:\/\/www.notibras.com\/site\/comeca-segunda-chamada-para-comprovacao-de-documentos\/#primaryimage"},"thumbnailUrl":"https:\/\/www.notibras.com\/site\/wp-content\/uploads\/2017\/08\/prouni-inscricoes-e1503333684541.jpg","articleSection":["Quadradinho em Foco"],"inLanguage":"pt-BR"},{"@type":"WebPage","@id":"https:\/\/www.notibras.com\/site\/comeca-segunda-chamada-para-comprovacao-de-documentos\/","url":"https:\/\/www.notibras.com\/site\/comeca-segunda-chamada-para-comprovacao-de-documentos\/","name":"Come\u00e7a segunda chamada para comprova\u00e7\u00e3o de documentos - Notibras","isPartOf":{"@id":"https:\/\/www.notibras.com\/site\/#website"},"primaryImageOfPage":{"@id":"https:\/\/www.notibras.com\/site\/comeca-segunda-chamada-para-comprovacao-de-documentos\/#primaryimage"},"image":{"@id":"https:\/\/www.notibras.com\/site\/comeca-segunda-chamada-para-comprovacao-de-documentos\/#primaryimage"},"thumbnailUrl":"https:\/\/www.notibras.com\/site\/wp-content\/uploads\/2017\/08\/prouni-inscricoes-e1503333684541.jpg","datePublished":"2023-07-24T10:36:07+00:00","dateModified":"2023-07-24T13:37:50+00:00","breadcrumb":{"@id":"https:\/\/www.notibras.com\/site\/comeca-segunda-chamada-para-comprovacao-de-documentos\/#breadcrumb"},"inLanguage":"pt-BR","potentialAction":[{"@type":"ReadAction","target":["https:\/\/www.notibras.com\/site\/comeca-segunda-chamada-para-comprovacao-de-documentos\/"]}]},{"@type":"ImageObject","inLanguage":"pt-BR","@id":"https:\/\/www.notibras.com\/site\/comeca-segunda-chamada-para-comprovacao-de-documentos\/#primaryimage","url":"https:\/\/www.notibras.com\/site\/wp-content\/uploads\/2017\/08\/prouni-inscricoes-e1503333684541.jpg","contentUrl":"https:\/\/www.notibras.com\/site\/wp-content\/uploads\/2017\/08\/prouni-inscricoes-e1503333684541.jpg","width":902,"height":600},{"@type":"BreadcrumbList","@id":"https:\/\/www.notibras.com\/site\/comeca-segunda-chamada-para-comprovacao-de-documentos\/#breadcrumb","itemListElement":[{"@type":"ListItem","position":1,"name":"In\u00edcio","item":"https:\/\/www.notibras.com\/site\/"},{"@type":"ListItem","position":2,"name":"Come\u00e7a segunda chamada para comprova\u00e7\u00e3o de documentos"}]},{"@type":"WebSite","@id":"https:\/\/www.notibras.com\/site\/#website","url":"https:\/\/www.notibras.com\/site\/","name":"Notibras","description":"Not\u00edcias de Bras\u00edlia, do Brasil e do Mundo","publisher":{"@id":"https:\/\/www.notibras.com\/site\/#organization"},"potentialAction":[{"@type":"SearchAction","target":{"@type":"EntryPoint","urlTemplate":"https:\/\/www.notibras.com\/site\/?s={search_term_string}"},"query-input":{"@type":"PropertyValueSpecification","valueRequired":true,"valueName":"search_term_string"}}],"inLanguage":"pt-BR"},{"@type":"Organization","@id":"https:\/\/www.notibras.com\/site\/#organization","name":"Grupo Notibras de Comunica\u00e7\u00e3o","url":"https:\/\/www.notibras.com\/site\/","logo":{"@type":"ImageObject","inLanguage":"pt-BR","@id":"https:\/\/www.notibras.com\/site\/#\/schema\/logo\/image\/","url":"https:\/\/www.notibras.com\/site\/wp-content\/uploads\/2023\/01\/notibras23.png","contentUrl":"https:\/\/www.notibras.com\/site\/wp-content\/uploads\/2023\/01\/notibras23.png","width":350,"height":87,"caption":"Grupo Notibras de Comunica\u00e7\u00e3o"},"image":{"@id":"https:\/\/www.notibras.com\/site\/#\/schema\/logo\/image\/"},"sameAs":["https:\/\/www.facebook.com\/notibras\/","https:\/\/x.com\/Notibras","https:\/\/www.instagram.com\/notibras\/"]},{"@type":"Person","@id":"https:\/\/www.notibras.com\/site\/#\/schema\/person\/36ab0979449956132d3e5b517ea76ac8","name":"Reda\u00e7\u00e3o","image":{"@type":"ImageObject","inLanguage":"pt-BR","@id":"https:\/\/secure.gravatar.com\/avatar\/e0a867bdedb85fd243eadf09663511f96fc81e0720a4a42581f334ad4303aa6b?s=96&d=mm&r=g","url":"https:\/\/secure.gravatar.com\/avatar\/e0a867bdedb85fd243eadf09663511f96fc81e0720a4a42581f334ad4303aa6b?s=96&d=mm&r=g","contentUrl":"https:\/\/secure.gravatar.com\/avatar\/e0a867bdedb85fd243eadf09663511f96fc81e0720a4a42581f334ad4303aa6b?s=96&d=mm&r=g","caption":"Reda\u00e7\u00e3o"}}]}},"amp_enabled":true,"_links":{"self":[{"href":"https:\/\/www.notibras.com\/site\/wp-json\/wp\/v2\/posts\/309516","targetHints":{"allow":["GET"]}}],"collection":[{"href":"https:\/\/www.notibras.com\/site\/wp-json\/wp\/v2\/posts"}],"about":[{"href":"https:\/\/www.notibras.com\/site\/wp-json\/wp\/v2\/types\/post"}],"author":[{"embeddable":true,"href":"https:\/\/www.notibras.com\/site\/wp-json\/wp\/v2\/users\/2"}],"replies":[{"embeddable":true,"href":"https:\/\/www.notibras.com\/site\/wp-json\/wp\/v2\/comments?post=309516"}],"version-history":[{"count":1,"href":"https:\/\/www.notibras.com\/site\/wp-json\/wp\/v2\/posts\/309516\/revisions"}],"predecessor-version":[{"id":309517,"href":"https:\/\/www.notibras.com\/site\/wp-json\/wp\/v2\/posts\/309516\/revisions\/309517"}],"wp:featuredmedia":[{"embeddable":true,"href":"https:\/\/www.notibras.com\/site\/wp-json\/wp\/v2\/media\/149962"}],"wp:attachment":[{"href":"https:\/\/www.notibras.com\/site\/wp-json\/wp\/v2\/media?parent=309516"}],"wp:term":[{"taxonomy":"category","embeddable":true,"href":"https:\/\/www.notibras.com\/site\/wp-json\/wp\/v2\/categories?post=309516"},{"taxonomy":"post_tag","embeddable":true,"href":"https:\/\/www.notibras.com\/site\/wp-json\/wp\/v2\/tags?post=309516"}],"curies":[{"name":"wp","href":"https:\/\/api.w.org\/{rel}","templated":true}]}}