{"id":309522,"date":"2023-07-24T00:00:07","date_gmt":"2023-07-24T03:00:07","guid":{"rendered":"https:\/\/www.notibras.com\/site\/?p=309522"},"modified":"2023-07-24T11:09:02","modified_gmt":"2023-07-24T14:09:02","slug":"policial-indeniza-ex-namorado-por-danos-morais","status":"publish","type":"post","link":"https:\/\/www.notibras.com\/site\/policial-indeniza-ex-namorado-por-danos-morais\/","title":{"rendered":"Policial indeniza ex-namorado por danos morais"},"content":{"rendered":"<p>A 3\u00aa Turma C\u00edvel do Tribunal de Justi\u00e7a do Distrito Federal e dos Territ\u00f3rios (TJDFT) manteve, por unanimidade, decis\u00e3o que condenou agente da Pol\u00edcia Civil do DF a indenizar por danos morais ex-namorado pelos crimes de denuncia\u00e7\u00e3o caluniosa, viola\u00e7\u00e3o de domic\u00edlio, amea\u00e7a e fraude processual. A r\u00e9 dever\u00e1 pagar ao autor R$ 50 mil.<\/p>\n<p>De acordo com o autor, os crimes ocorreram em julho de 2017, quando a r\u00e9 entrou em sua resid\u00eancia com arma de fogo e vestida com roupa funcional, fez amea\u00e7as de morte, acusou a v\u00edtima falsamente de les\u00f5es corporais, amea\u00e7a e estupro e, em seguida, se auto lesionou e chamou policiais da Delegacia Especial de Atendimento \u00e0 Mulher (DEAM\/PCDF), que conduziram o autor \u00e0 unidade de Pol\u00edcia.<\/p>\n<p>Afirma que o comportamento causou s\u00e9rios reflexos civis e danos morais profundos, pois a falsa vers\u00e3o apresentada pela r\u00e9 foi suficiente para que a delegada de plant\u00e3o efetuasse auto de pris\u00e3o em flagrante contra ele. Informa, ainda, que a mulher teria divulgado \u00e0 imprensa not\u00edcia mentirosa e caluniosa sobre o autor a t\u00edtulo de vingan\u00e7a.<\/p>\n<p>Ap\u00f3s a per\u00edcia no local dos fatos, verificou-se que a vers\u00e3o da policial era mentirosa, pois ela havia escondido suas roupas no extintor de inc\u00eandio, para incriminar o autor. Com isso, o inqu\u00e9rito foi arquivado pelo MPDFT, uma vez que os crimes n\u00e3o foram demonstrados. O \u00f3rg\u00e3o ministerial solicitou ainda \u00e0 Corregedoria Geral da Pol\u00edcia Civil do Distrito Federal a instaura\u00e7\u00e3o de inqu\u00e9rito policial contra a r\u00e9 pela pr\u00e1tica de denuncia\u00e7\u00e3o caluniosa.<\/p>\n<p>Em suas raz\u00f5es, a r\u00e9 alega que o pedido de indeniza\u00e7\u00e3o \u00e9 baseado em supostos danos morais causados pela \u201cexposi\u00e7\u00e3o na m\u00eddia do epis\u00f3dio\u201d, conduta n\u00e3o atribu\u00edda a ela. Defende que n\u00e3o acionou os ve\u00edculos de imprensa e que n\u00e3o h\u00e1 provas para embasar as demais acusa\u00e7\u00f5es.<\/p>\n<p>Na decis\u00e3o, o Desembargador relator esclareceu que \u201ca Doutrina e a jurisprud\u00eancia se encontram alinhadas quanto \u00e0 relativa independ\u00eancia de inst\u00e2ncias c\u00edvel e penal, para fins de responsabiliza\u00e7\u00e3o no \u00e2mbito civil. Sendo assim, a absolvi\u00e7\u00e3o no ju\u00edzo criminal por inimputabilidade do agente produz reflexo na esfera c\u00edvel. Mas ainda que assim n\u00e3o se entendesse, em raz\u00e3o da independ\u00eancia das inst\u00e2ncias, n\u00e3o haveria impedimento da v\u00edtima perseguir a justa repara\u00e7\u00e3o pelos eventuais danos sofridos, at\u00e9 porque, de acordo com o art. 928 do C\u00f3digo Civil, o \u2018incapaz responde pelos preju\u00edzos que causar\u2019\u201d.<\/p>\n<p>O magistrado lembrou que o autor foi preso provisoriamente ap\u00f3s a falsa den\u00fancia da r\u00e9, conduta que, al\u00e9m de reprov\u00e1vel, teve grande repercuss\u00e3o pela divulga\u00e7\u00e3o na impressa e m\u00eddias sociais. \u201cO dano moral \u00e9 configurado quando h\u00e1 viola\u00e7\u00e3o a algum dos direitos relativos \u00e0 personalidade do indiv\u00edduo, ou seja, quando a pessoa sofre preju\u00edzo em algum dos atributos, como seu nome, sua honra, sua liberdade ou sua integridade f\u00edsica, dentre outros, gerando o dever de indenizar\u201d, explicou o julgador.<\/p>\n<p>Dessa maneira, o colegiado entendeu que a quantia fixada a t\u00edtulo de danos morais atende aos princ\u00edpios da razoabilidade e proporcionalidade, considerando a extens\u00e3o e gravidade do dano, a capacidade econ\u00f4mica do agente, al\u00e9m do car\u00e1ter punitivo-pedag\u00f3gico da medida.<\/p>\n","protected":false},"excerpt":{"rendered":"<p>A 3\u00aa Turma C\u00edvel do Tribunal de Justi\u00e7a do Distrito Federal e dos Territ\u00f3rios (TJDFT) manteve, por unanimidade, decis\u00e3o que condenou agente da Pol\u00edcia Civil do DF a indenizar por danos morais ex-namorado pelos crimes de denuncia\u00e7\u00e3o caluniosa, viola\u00e7\u00e3o de domic\u00edlio, amea\u00e7a e fraude processual. A r\u00e9 dever\u00e1 pagar ao autor R$ 50 mil. De [&hellip;]<\/p>\n","protected":false},"author":2,"featured_media":304129,"comment_status":"closed","ping_status":"closed","sticky":false,"template":"","format":"standard","meta":{"_acf_changed":false,"footnotes":""},"categories":[161],"tags":[],"class_list":["post-309522","post","type-post","status-publish","format-standard","has-post-thumbnail","hentry","category-quadradinho-em-foco"],"acf":[],"yoast_head":"<!-- This site is optimized with the Yoast SEO plugin v27.2 - https:\/\/yoast.com\/product\/yoast-seo-wordpress\/ -->\n<title>Policial indeniza ex-namorado por danos morais - Notibras<\/title>\n<meta name=\"robots\" content=\"index, follow, max-snippet:-1, max-image-preview:large, max-video-preview:-1\" \/>\n<link rel=\"canonical\" href=\"https:\/\/www.notibras.com\/site\/policial-indeniza-ex-namorado-por-danos-morais\/\" \/>\n<meta property=\"og:locale\" content=\"pt_BR\" \/>\n<meta property=\"og:type\" content=\"article\" \/>\n<meta property=\"og:title\" content=\"Policial indeniza ex-namorado por danos morais - Notibras\" \/>\n<meta property=\"og:description\" content=\"A 3\u00aa Turma C\u00edvel do Tribunal de Justi\u00e7a do Distrito Federal e dos Territ\u00f3rios (TJDFT) manteve, por unanimidade, decis\u00e3o que condenou agente da Pol\u00edcia Civil do DF a indenizar por danos morais ex-namorado pelos crimes de denuncia\u00e7\u00e3o caluniosa, viola\u00e7\u00e3o de domic\u00edlio, amea\u00e7a e fraude processual. A r\u00e9 dever\u00e1 pagar ao autor R$ 50 mil. De [&hellip;]\" \/>\n<meta property=\"og:url\" content=\"https:\/\/www.notibras.com\/site\/policial-indeniza-ex-namorado-por-danos-morais\/\" \/>\n<meta property=\"og:site_name\" content=\"Notibras\" \/>\n<meta property=\"article:publisher\" content=\"https:\/\/www.facebook.com\/notibras\/\" \/>\n<meta property=\"article:published_time\" content=\"2023-07-24T03:00:07+00:00\" \/>\n<meta property=\"article:modified_time\" content=\"2023-07-24T14:09:02+00:00\" \/>\n<meta property=\"og:image\" content=\"https:\/\/www.notibras.com\/site\/wp-content\/uploads\/2023\/05\/real_moeda_dinheiro_mcajr_2904223667-4.jpg\" \/>\n\t<meta property=\"og:image:width\" content=\"770\" \/>\n\t<meta property=\"og:image:height\" content=\"513\" \/>\n\t<meta property=\"og:image:type\" content=\"image\/jpeg\" \/>\n<meta name=\"author\" content=\"Reda\u00e7\u00e3o\" \/>\n<meta name=\"twitter:card\" content=\"summary_large_image\" \/>\n<meta name=\"twitter:creator\" content=\"@Notibras\" \/>\n<meta name=\"twitter:site\" content=\"@Notibras\" \/>\n<meta name=\"twitter:label1\" content=\"Escrito por\" \/>\n\t<meta name=\"twitter:data1\" content=\"Reda\u00e7\u00e3o\" \/>\n\t<meta name=\"twitter:label2\" content=\"Est. tempo de leitura\" \/>\n\t<meta name=\"twitter:data2\" content=\"3 minutos\" \/>\n<script type=\"application\/ld+json\" class=\"yoast-schema-graph\">{\"@context\":\"https:\/\/schema.org\",\"@graph\":[{\"@type\":\"Article\",\"@id\":\"https:\/\/www.notibras.com\/site\/policial-indeniza-ex-namorado-por-danos-morais\/#article\",\"isPartOf\":{\"@id\":\"https:\/\/www.notibras.com\/site\/policial-indeniza-ex-namorado-por-danos-morais\/\"},\"author\":{\"name\":\"Reda\u00e7\u00e3o\",\"@id\":\"https:\/\/www.notibras.com\/site\/#\/schema\/person\/36ab0979449956132d3e5b517ea76ac8\"},\"headline\":\"Policial indeniza ex-namorado por danos morais\",\"datePublished\":\"2023-07-24T03:00:07+00:00\",\"dateModified\":\"2023-07-24T14:09:02+00:00\",\"mainEntityOfPage\":{\"@id\":\"https:\/\/www.notibras.com\/site\/policial-indeniza-ex-namorado-por-danos-morais\/\"},\"wordCount\":580,\"publisher\":{\"@id\":\"https:\/\/www.notibras.com\/site\/#organization\"},\"image\":{\"@id\":\"https:\/\/www.notibras.com\/site\/policial-indeniza-ex-namorado-por-danos-morais\/#primaryimage\"},\"thumbnailUrl\":\"https:\/\/www.notibras.com\/site\/wp-content\/uploads\/2023\/05\/real_moeda_dinheiro_mcajr_2904223667-4.jpg\",\"articleSection\":[\"Quadradinho em Foco\"],\"inLanguage\":\"pt-BR\"},{\"@type\":\"WebPage\",\"@id\":\"https:\/\/www.notibras.com\/site\/policial-indeniza-ex-namorado-por-danos-morais\/\",\"url\":\"https:\/\/www.notibras.com\/site\/policial-indeniza-ex-namorado-por-danos-morais\/\",\"name\":\"Policial indeniza ex-namorado por danos morais - Notibras\",\"isPartOf\":{\"@id\":\"https:\/\/www.notibras.com\/site\/#website\"},\"primaryImageOfPage\":{\"@id\":\"https:\/\/www.notibras.com\/site\/policial-indeniza-ex-namorado-por-danos-morais\/#primaryimage\"},\"image\":{\"@id\":\"https:\/\/www.notibras.com\/site\/policial-indeniza-ex-namorado-por-danos-morais\/#primaryimage\"},\"thumbnailUrl\":\"https:\/\/www.notibras.com\/site\/wp-content\/uploads\/2023\/05\/real_moeda_dinheiro_mcajr_2904223667-4.jpg\",\"datePublished\":\"2023-07-24T03:00:07+00:00\",\"dateModified\":\"2023-07-24T14:09:02+00:00\",\"breadcrumb\":{\"@id\":\"https:\/\/www.notibras.com\/site\/policial-indeniza-ex-namorado-por-danos-morais\/#breadcrumb\"},\"inLanguage\":\"pt-BR\",\"potentialAction\":[{\"@type\":\"ReadAction\",\"target\":[\"https:\/\/www.notibras.com\/site\/policial-indeniza-ex-namorado-por-danos-morais\/\"]}]},{\"@type\":\"ImageObject\",\"inLanguage\":\"pt-BR\",\"@id\":\"https:\/\/www.notibras.com\/site\/policial-indeniza-ex-namorado-por-danos-morais\/#primaryimage\",\"url\":\"https:\/\/www.notibras.com\/site\/wp-content\/uploads\/2023\/05\/real_moeda_dinheiro_mcajr_2904223667-4.jpg\",\"contentUrl\":\"https:\/\/www.notibras.com\/site\/wp-content\/uploads\/2023\/05\/real_moeda_dinheiro_mcajr_2904223667-4.jpg\",\"width\":770,\"height\":513,\"caption\":\"Real Moeda brasileira\"},{\"@type\":\"BreadcrumbList\",\"@id\":\"https:\/\/www.notibras.com\/site\/policial-indeniza-ex-namorado-por-danos-morais\/#breadcrumb\",\"itemListElement\":[{\"@type\":\"ListItem\",\"position\":1,\"name\":\"In\u00edcio\",\"item\":\"https:\/\/www.notibras.com\/site\/\"},{\"@type\":\"ListItem\",\"position\":2,\"name\":\"Policial indeniza ex-namorado por danos morais\"}]},{\"@type\":\"WebSite\",\"@id\":\"https:\/\/www.notibras.com\/site\/#website\",\"url\":\"https:\/\/www.notibras.com\/site\/\",\"name\":\"Notibras\",\"description\":\"Not\u00edcias de Bras\u00edlia, do Brasil e do Mundo\",\"publisher\":{\"@id\":\"https:\/\/www.notibras.com\/site\/#organization\"},\"potentialAction\":[{\"@type\":\"SearchAction\",\"target\":{\"@type\":\"EntryPoint\",\"urlTemplate\":\"https:\/\/www.notibras.com\/site\/?s={search_term_string}\"},\"query-input\":{\"@type\":\"PropertyValueSpecification\",\"valueRequired\":true,\"valueName\":\"search_term_string\"}}],\"inLanguage\":\"pt-BR\"},{\"@type\":\"Organization\",\"@id\":\"https:\/\/www.notibras.com\/site\/#organization\",\"name\":\"Grupo Notibras de Comunica\u00e7\u00e3o\",\"url\":\"https:\/\/www.notibras.com\/site\/\",\"logo\":{\"@type\":\"ImageObject\",\"inLanguage\":\"pt-BR\",\"@id\":\"https:\/\/www.notibras.com\/site\/#\/schema\/logo\/image\/\",\"url\":\"https:\/\/www.notibras.com\/site\/wp-content\/uploads\/2023\/01\/notibras23.png\",\"contentUrl\":\"https:\/\/www.notibras.com\/site\/wp-content\/uploads\/2023\/01\/notibras23.png\",\"width\":350,\"height\":87,\"caption\":\"Grupo Notibras de Comunica\u00e7\u00e3o\"},\"image\":{\"@id\":\"https:\/\/www.notibras.com\/site\/#\/schema\/logo\/image\/\"},\"sameAs\":[\"https:\/\/www.facebook.com\/notibras\/\",\"https:\/\/x.com\/Notibras\",\"https:\/\/www.instagram.com\/notibras\/\"]},{\"@type\":\"Person\",\"@id\":\"https:\/\/www.notibras.com\/site\/#\/schema\/person\/36ab0979449956132d3e5b517ea76ac8\",\"name\":\"Reda\u00e7\u00e3o\",\"image\":{\"@type\":\"ImageObject\",\"inLanguage\":\"pt-BR\",\"@id\":\"https:\/\/secure.gravatar.com\/avatar\/e0a867bdedb85fd243eadf09663511f96fc81e0720a4a42581f334ad4303aa6b?s=96&d=mm&r=g\",\"url\":\"https:\/\/secure.gravatar.com\/avatar\/e0a867bdedb85fd243eadf09663511f96fc81e0720a4a42581f334ad4303aa6b?s=96&d=mm&r=g\",\"contentUrl\":\"https:\/\/secure.gravatar.com\/avatar\/e0a867bdedb85fd243eadf09663511f96fc81e0720a4a42581f334ad4303aa6b?s=96&d=mm&r=g\",\"caption\":\"Reda\u00e7\u00e3o\"}}]}<\/script>\n<!-- \/ Yoast SEO plugin. -->","yoast_head_json":{"title":"Policial indeniza ex-namorado por danos morais - Notibras","robots":{"index":"index","follow":"follow","max-snippet":"max-snippet:-1","max-image-preview":"max-image-preview:large","max-video-preview":"max-video-preview:-1"},"canonical":"https:\/\/www.notibras.com\/site\/policial-indeniza-ex-namorado-por-danos-morais\/","og_locale":"pt_BR","og_type":"article","og_title":"Policial indeniza ex-namorado por danos morais - Notibras","og_description":"A 3\u00aa Turma C\u00edvel do Tribunal de Justi\u00e7a do Distrito Federal e dos Territ\u00f3rios (TJDFT) manteve, por unanimidade, decis\u00e3o que condenou agente da Pol\u00edcia Civil do DF a indenizar por danos morais ex-namorado pelos crimes de denuncia\u00e7\u00e3o caluniosa, viola\u00e7\u00e3o de domic\u00edlio, amea\u00e7a e fraude processual. A r\u00e9 dever\u00e1 pagar ao autor R$ 50 mil. De [&hellip;]","og_url":"https:\/\/www.notibras.com\/site\/policial-indeniza-ex-namorado-por-danos-morais\/","og_site_name":"Notibras","article_publisher":"https:\/\/www.facebook.com\/notibras\/","article_published_time":"2023-07-24T03:00:07+00:00","article_modified_time":"2023-07-24T14:09:02+00:00","og_image":[{"width":770,"height":513,"url":"https:\/\/www.notibras.com\/site\/wp-content\/uploads\/2023\/05\/real_moeda_dinheiro_mcajr_2904223667-4.jpg","type":"image\/jpeg"}],"author":"Reda\u00e7\u00e3o","twitter_card":"summary_large_image","twitter_creator":"@Notibras","twitter_site":"@Notibras","twitter_misc":{"Escrito por":"Reda\u00e7\u00e3o","Est. tempo de leitura":"3 minutos"},"schema":{"@context":"https:\/\/schema.org","@graph":[{"@type":"Article","@id":"https:\/\/www.notibras.com\/site\/policial-indeniza-ex-namorado-por-danos-morais\/#article","isPartOf":{"@id":"https:\/\/www.notibras.com\/site\/policial-indeniza-ex-namorado-por-danos-morais\/"},"author":{"name":"Reda\u00e7\u00e3o","@id":"https:\/\/www.notibras.com\/site\/#\/schema\/person\/36ab0979449956132d3e5b517ea76ac8"},"headline":"Policial indeniza ex-namorado por danos morais","datePublished":"2023-07-24T03:00:07+00:00","dateModified":"2023-07-24T14:09:02+00:00","mainEntityOfPage":{"@id":"https:\/\/www.notibras.com\/site\/policial-indeniza-ex-namorado-por-danos-morais\/"},"wordCount":580,"publisher":{"@id":"https:\/\/www.notibras.com\/site\/#organization"},"image":{"@id":"https:\/\/www.notibras.com\/site\/policial-indeniza-ex-namorado-por-danos-morais\/#primaryimage"},"thumbnailUrl":"https:\/\/www.notibras.com\/site\/wp-content\/uploads\/2023\/05\/real_moeda_dinheiro_mcajr_2904223667-4.jpg","articleSection":["Quadradinho em Foco"],"inLanguage":"pt-BR"},{"@type":"WebPage","@id":"https:\/\/www.notibras.com\/site\/policial-indeniza-ex-namorado-por-danos-morais\/","url":"https:\/\/www.notibras.com\/site\/policial-indeniza-ex-namorado-por-danos-morais\/","name":"Policial indeniza ex-namorado por danos morais - Notibras","isPartOf":{"@id":"https:\/\/www.notibras.com\/site\/#website"},"primaryImageOfPage":{"@id":"https:\/\/www.notibras.com\/site\/policial-indeniza-ex-namorado-por-danos-morais\/#primaryimage"},"image":{"@id":"https:\/\/www.notibras.com\/site\/policial-indeniza-ex-namorado-por-danos-morais\/#primaryimage"},"thumbnailUrl":"https:\/\/www.notibras.com\/site\/wp-content\/uploads\/2023\/05\/real_moeda_dinheiro_mcajr_2904223667-4.jpg","datePublished":"2023-07-24T03:00:07+00:00","dateModified":"2023-07-24T14:09:02+00:00","breadcrumb":{"@id":"https:\/\/www.notibras.com\/site\/policial-indeniza-ex-namorado-por-danos-morais\/#breadcrumb"},"inLanguage":"pt-BR","potentialAction":[{"@type":"ReadAction","target":["https:\/\/www.notibras.com\/site\/policial-indeniza-ex-namorado-por-danos-morais\/"]}]},{"@type":"ImageObject","inLanguage":"pt-BR","@id":"https:\/\/www.notibras.com\/site\/policial-indeniza-ex-namorado-por-danos-morais\/#primaryimage","url":"https:\/\/www.notibras.com\/site\/wp-content\/uploads\/2023\/05\/real_moeda_dinheiro_mcajr_2904223667-4.jpg","contentUrl":"https:\/\/www.notibras.com\/site\/wp-content\/uploads\/2023\/05\/real_moeda_dinheiro_mcajr_2904223667-4.jpg","width":770,"height":513,"caption":"Real Moeda brasileira"},{"@type":"BreadcrumbList","@id":"https:\/\/www.notibras.com\/site\/policial-indeniza-ex-namorado-por-danos-morais\/#breadcrumb","itemListElement":[{"@type":"ListItem","position":1,"name":"In\u00edcio","item":"https:\/\/www.notibras.com\/site\/"},{"@type":"ListItem","position":2,"name":"Policial indeniza ex-namorado por danos morais"}]},{"@type":"WebSite","@id":"https:\/\/www.notibras.com\/site\/#website","url":"https:\/\/www.notibras.com\/site\/","name":"Notibras","description":"Not\u00edcias de Bras\u00edlia, do Brasil e do Mundo","publisher":{"@id":"https:\/\/www.notibras.com\/site\/#organization"},"potentialAction":[{"@type":"SearchAction","target":{"@type":"EntryPoint","urlTemplate":"https:\/\/www.notibras.com\/site\/?s={search_term_string}"},"query-input":{"@type":"PropertyValueSpecification","valueRequired":true,"valueName":"search_term_string"}}],"inLanguage":"pt-BR"},{"@type":"Organization","@id":"https:\/\/www.notibras.com\/site\/#organization","name":"Grupo Notibras de Comunica\u00e7\u00e3o","url":"https:\/\/www.notibras.com\/site\/","logo":{"@type":"ImageObject","inLanguage":"pt-BR","@id":"https:\/\/www.notibras.com\/site\/#\/schema\/logo\/image\/","url":"https:\/\/www.notibras.com\/site\/wp-content\/uploads\/2023\/01\/notibras23.png","contentUrl":"https:\/\/www.notibras.com\/site\/wp-content\/uploads\/2023\/01\/notibras23.png","width":350,"height":87,"caption":"Grupo Notibras de Comunica\u00e7\u00e3o"},"image":{"@id":"https:\/\/www.notibras.com\/site\/#\/schema\/logo\/image\/"},"sameAs":["https:\/\/www.facebook.com\/notibras\/","https:\/\/x.com\/Notibras","https:\/\/www.instagram.com\/notibras\/"]},{"@type":"Person","@id":"https:\/\/www.notibras.com\/site\/#\/schema\/person\/36ab0979449956132d3e5b517ea76ac8","name":"Reda\u00e7\u00e3o","image":{"@type":"ImageObject","inLanguage":"pt-BR","@id":"https:\/\/secure.gravatar.com\/avatar\/e0a867bdedb85fd243eadf09663511f96fc81e0720a4a42581f334ad4303aa6b?s=96&d=mm&r=g","url":"https:\/\/secure.gravatar.com\/avatar\/e0a867bdedb85fd243eadf09663511f96fc81e0720a4a42581f334ad4303aa6b?s=96&d=mm&r=g","contentUrl":"https:\/\/secure.gravatar.com\/avatar\/e0a867bdedb85fd243eadf09663511f96fc81e0720a4a42581f334ad4303aa6b?s=96&d=mm&r=g","caption":"Reda\u00e7\u00e3o"}}]}},"amp_enabled":true,"_links":{"self":[{"href":"https:\/\/www.notibras.com\/site\/wp-json\/wp\/v2\/posts\/309522","targetHints":{"allow":["GET"]}}],"collection":[{"href":"https:\/\/www.notibras.com\/site\/wp-json\/wp\/v2\/posts"}],"about":[{"href":"https:\/\/www.notibras.com\/site\/wp-json\/wp\/v2\/types\/post"}],"author":[{"embeddable":true,"href":"https:\/\/www.notibras.com\/site\/wp-json\/wp\/v2\/users\/2"}],"replies":[{"embeddable":true,"href":"https:\/\/www.notibras.com\/site\/wp-json\/wp\/v2\/comments?post=309522"}],"version-history":[{"count":1,"href":"https:\/\/www.notibras.com\/site\/wp-json\/wp\/v2\/posts\/309522\/revisions"}],"predecessor-version":[{"id":309523,"href":"https:\/\/www.notibras.com\/site\/wp-json\/wp\/v2\/posts\/309522\/revisions\/309523"}],"wp:featuredmedia":[{"embeddable":true,"href":"https:\/\/www.notibras.com\/site\/wp-json\/wp\/v2\/media\/304129"}],"wp:attachment":[{"href":"https:\/\/www.notibras.com\/site\/wp-json\/wp\/v2\/media?parent=309522"}],"wp:term":[{"taxonomy":"category","embeddable":true,"href":"https:\/\/www.notibras.com\/site\/wp-json\/wp\/v2\/categories?post=309522"},{"taxonomy":"post_tag","embeddable":true,"href":"https:\/\/www.notibras.com\/site\/wp-json\/wp\/v2\/tags?post=309522"}],"curies":[{"name":"wp","href":"https:\/\/api.w.org\/{rel}","templated":true}]}}