{"id":309534,"date":"2023-07-25T07:19:03","date_gmt":"2023-07-25T10:19:03","guid":{"rendered":"https:\/\/www.notibras.com\/site\/?p=309534"},"modified":"2023-07-24T17:40:15","modified_gmt":"2023-07-24T20:40:15","slug":"elvis-em-porto-alegre-so-faltou-usar-bombacha","status":"publish","type":"post","link":"https:\/\/www.notibras.com\/site\/elvis-em-porto-alegre-so-faltou-usar-bombacha\/","title":{"rendered":"Elvis em Porto Alegre s\u00f3 faltou usar bombacha"},"content":{"rendered":"<p>Na semana passada, o editor de <strong>Notibras<\/strong>, Jos\u00e9 Seabra, me convidou para um caf\u00e9. Bem, como ele disse que iria ser por sua conta, nem pensei duas vezes. Afinal, sempre \u00e9 de bom tom aceitar convite do chefe, ainda mais quando ele paga pelo melhor caf\u00e9 gourmet de Bras\u00edlia. No entanto, ele insistiu para que eu lhe contasse a tal lenda sobre o dito Rei do Rock morar na capital ga\u00facha.<\/p>\n<p>Pois bem, l\u00e1 estava eu na ag\u00eancia Central dos Correios, em Porto Alegre, onde havia ido buscar uma correspond\u00eancia enviada pelo meu tio. De l\u00e1, teria que ir at\u00e9 o cart\u00f3rio da 4\u00aa Zona, que fica bem pr\u00f3ximo ao Brique da Reden\u00e7\u00e3o.<\/p>\n<p>Saquei o aparelho celular do bolso e chamei um Uber. Enquanto isso, fiquei olhando o movimento ao meu redor e, ent\u00e3o, me deparei com um enorme outdoor. Nele havia uma propaganda do filme &#8220;Elvis&#8221;, estrelado pelo ator Austin Butler.<\/p>\n<p>Olhei por alguns instantes aquele cartaz e, em seguida, volto os olhos para a tela do meu celular. Tomei um susto! Fiquei sem saber o que significava aquilo, at\u00e9 que me dei conta do que estava acontecendo: o motorista se chamava Elvis.<\/p>\n<p>O Uber chegou, entrei e, como de costume, puxei conversa com o motorista. Enquanto isso, fiquei imaginando uma maneira de como poderia passar aquilo tudo pro papel, pois era uma das situa\u00e7\u00f5es mais hil\u00e1rias que j\u00e1 havia passado.<\/p>\n<p>Seja como for, deixei essa hist\u00f3ria de lado, at\u00e9 que a contei para o Marcio Petracco quando o conheci no cachorr\u00f3dromo do Tesourinha. \u00c9 que ele deu o desfecho que eu tanto procurava para o texto.<\/p>\n<p>&#8211; Que susto, Marcio!<\/p>\n<p>&#8211;\u00a0Pois \u00e9, Dudu, sempre ouvi que o Elvis n\u00e3o morreu, mas n\u00e3o sabia que ele tamb\u00e9m estava a caminho.<\/p>\n","protected":false},"excerpt":{"rendered":"<p>Na semana passada, o editor de Notibras, Jos\u00e9 Seabra, me convidou para um caf\u00e9. Bem, como ele disse que iria ser por sua conta, nem pensei duas vezes. Afinal, sempre \u00e9 de bom tom aceitar convite do chefe, ainda mais quando ele paga pelo melhor caf\u00e9 gourmet de Bras\u00edlia. No entanto, ele insistiu para que [&hellip;]<\/p>\n","protected":false},"author":2,"featured_media":309536,"comment_status":"closed","ping_status":"closed","sticky":false,"template":"","format":"standard","meta":{"_acf_changed":false,"footnotes":""},"categories":[161],"tags":[],"class_list":["post-309534","post","type-post","status-publish","format-standard","has-post-thumbnail","hentry","category-quadradinho-em-foco"],"acf":[],"yoast_head":"<!-- This site is optimized with the Yoast SEO plugin v27.2 - https:\/\/yoast.com\/product\/yoast-seo-wordpress\/ -->\n<title>Elvis em Porto Alegre s\u00f3 faltou usar bombacha - Notibras<\/title>\n<meta name=\"robots\" content=\"index, follow, max-snippet:-1, max-image-preview:large, max-video-preview:-1\" \/>\n<link rel=\"canonical\" href=\"https:\/\/www.notibras.com\/site\/elvis-em-porto-alegre-so-faltou-usar-bombacha\/\" \/>\n<meta property=\"og:locale\" content=\"pt_BR\" \/>\n<meta property=\"og:type\" content=\"article\" \/>\n<meta property=\"og:title\" content=\"Elvis em Porto Alegre s\u00f3 faltou usar bombacha - Notibras\" \/>\n<meta property=\"og:description\" content=\"Na semana passada, o editor de Notibras, Jos\u00e9 Seabra, me convidou para um caf\u00e9. Bem, como ele disse que iria ser por sua conta, nem pensei duas vezes. Afinal, sempre \u00e9 de bom tom aceitar convite do chefe, ainda mais quando ele paga pelo melhor caf\u00e9 gourmet de Bras\u00edlia. No entanto, ele insistiu para que [&hellip;]\" \/>\n<meta property=\"og:url\" content=\"https:\/\/www.notibras.com\/site\/elvis-em-porto-alegre-so-faltou-usar-bombacha\/\" \/>\n<meta property=\"og:site_name\" content=\"Notibras\" \/>\n<meta property=\"article:publisher\" content=\"https:\/\/www.facebook.com\/notibras\/\" \/>\n<meta property=\"article:published_time\" content=\"2023-07-25T10:19:03+00:00\" \/>\n<meta property=\"og:image\" content=\"https:\/\/www.notibras.com\/site\/wp-content\/uploads\/2023\/07\/elvis.2.dudu_.jpg\" \/>\n\t<meta property=\"og:image:width\" content=\"928\" \/>\n\t<meta property=\"og:image:height\" content=\"522\" \/>\n\t<meta property=\"og:image:type\" content=\"image\/jpeg\" \/>\n<meta name=\"author\" content=\"Reda\u00e7\u00e3o\" \/>\n<meta name=\"twitter:card\" content=\"summary_large_image\" \/>\n<meta name=\"twitter:creator\" content=\"@Notibras\" \/>\n<meta name=\"twitter:site\" content=\"@Notibras\" \/>\n<meta name=\"twitter:label1\" content=\"Escrito por\" \/>\n\t<meta name=\"twitter:data1\" content=\"Reda\u00e7\u00e3o\" \/>\n\t<meta name=\"twitter:label2\" content=\"Est. tempo de leitura\" \/>\n\t<meta name=\"twitter:data2\" content=\"2 minutos\" \/>\n<script type=\"application\/ld+json\" class=\"yoast-schema-graph\">{\"@context\":\"https:\/\/schema.org\",\"@graph\":[{\"@type\":\"Article\",\"@id\":\"https:\/\/www.notibras.com\/site\/elvis-em-porto-alegre-so-faltou-usar-bombacha\/#article\",\"isPartOf\":{\"@id\":\"https:\/\/www.notibras.com\/site\/elvis-em-porto-alegre-so-faltou-usar-bombacha\/\"},\"author\":{\"name\":\"Reda\u00e7\u00e3o\",\"@id\":\"https:\/\/www.notibras.com\/site\/#\/schema\/person\/36ab0979449956132d3e5b517ea76ac8\"},\"headline\":\"Elvis em Porto Alegre s\u00f3 faltou usar bombacha\",\"datePublished\":\"2023-07-25T10:19:03+00:00\",\"mainEntityOfPage\":{\"@id\":\"https:\/\/www.notibras.com\/site\/elvis-em-porto-alegre-so-faltou-usar-bombacha\/\"},\"wordCount\":311,\"publisher\":{\"@id\":\"https:\/\/www.notibras.com\/site\/#organization\"},\"image\":{\"@id\":\"https:\/\/www.notibras.com\/site\/elvis-em-porto-alegre-so-faltou-usar-bombacha\/#primaryimage\"},\"thumbnailUrl\":\"https:\/\/www.notibras.com\/site\/wp-content\/uploads\/2023\/07\/elvis.2.dudu_.jpg\",\"articleSection\":[\"Quadradinho em Foco\"],\"inLanguage\":\"pt-BR\"},{\"@type\":\"WebPage\",\"@id\":\"https:\/\/www.notibras.com\/site\/elvis-em-porto-alegre-so-faltou-usar-bombacha\/\",\"url\":\"https:\/\/www.notibras.com\/site\/elvis-em-porto-alegre-so-faltou-usar-bombacha\/\",\"name\":\"Elvis em Porto Alegre s\u00f3 faltou usar bombacha - Notibras\",\"isPartOf\":{\"@id\":\"https:\/\/www.notibras.com\/site\/#website\"},\"primaryImageOfPage\":{\"@id\":\"https:\/\/www.notibras.com\/site\/elvis-em-porto-alegre-so-faltou-usar-bombacha\/#primaryimage\"},\"image\":{\"@id\":\"https:\/\/www.notibras.com\/site\/elvis-em-porto-alegre-so-faltou-usar-bombacha\/#primaryimage\"},\"thumbnailUrl\":\"https:\/\/www.notibras.com\/site\/wp-content\/uploads\/2023\/07\/elvis.2.dudu_.jpg\",\"datePublished\":\"2023-07-25T10:19:03+00:00\",\"breadcrumb\":{\"@id\":\"https:\/\/www.notibras.com\/site\/elvis-em-porto-alegre-so-faltou-usar-bombacha\/#breadcrumb\"},\"inLanguage\":\"pt-BR\",\"potentialAction\":[{\"@type\":\"ReadAction\",\"target\":[\"https:\/\/www.notibras.com\/site\/elvis-em-porto-alegre-so-faltou-usar-bombacha\/\"]}]},{\"@type\":\"ImageObject\",\"inLanguage\":\"pt-BR\",\"@id\":\"https:\/\/www.notibras.com\/site\/elvis-em-porto-alegre-so-faltou-usar-bombacha\/#primaryimage\",\"url\":\"https:\/\/www.notibras.com\/site\/wp-content\/uploads\/2023\/07\/elvis.2.dudu_.jpg\",\"contentUrl\":\"https:\/\/www.notibras.com\/site\/wp-content\/uploads\/2023\/07\/elvis.2.dudu_.jpg\",\"width\":928,\"height\":522},{\"@type\":\"BreadcrumbList\",\"@id\":\"https:\/\/www.notibras.com\/site\/elvis-em-porto-alegre-so-faltou-usar-bombacha\/#breadcrumb\",\"itemListElement\":[{\"@type\":\"ListItem\",\"position\":1,\"name\":\"In\u00edcio\",\"item\":\"https:\/\/www.notibras.com\/site\/\"},{\"@type\":\"ListItem\",\"position\":2,\"name\":\"Elvis em Porto Alegre s\u00f3 faltou usar bombacha\"}]},{\"@type\":\"WebSite\",\"@id\":\"https:\/\/www.notibras.com\/site\/#website\",\"url\":\"https:\/\/www.notibras.com\/site\/\",\"name\":\"Notibras\",\"description\":\"Not\u00edcias de Bras\u00edlia, do Brasil e do Mundo\",\"publisher\":{\"@id\":\"https:\/\/www.notibras.com\/site\/#organization\"},\"potentialAction\":[{\"@type\":\"SearchAction\",\"target\":{\"@type\":\"EntryPoint\",\"urlTemplate\":\"https:\/\/www.notibras.com\/site\/?s={search_term_string}\"},\"query-input\":{\"@type\":\"PropertyValueSpecification\",\"valueRequired\":true,\"valueName\":\"search_term_string\"}}],\"inLanguage\":\"pt-BR\"},{\"@type\":\"Organization\",\"@id\":\"https:\/\/www.notibras.com\/site\/#organization\",\"name\":\"Grupo Notibras de Comunica\u00e7\u00e3o\",\"url\":\"https:\/\/www.notibras.com\/site\/\",\"logo\":{\"@type\":\"ImageObject\",\"inLanguage\":\"pt-BR\",\"@id\":\"https:\/\/www.notibras.com\/site\/#\/schema\/logo\/image\/\",\"url\":\"https:\/\/www.notibras.com\/site\/wp-content\/uploads\/2023\/01\/notibras23.png\",\"contentUrl\":\"https:\/\/www.notibras.com\/site\/wp-content\/uploads\/2023\/01\/notibras23.png\",\"width\":350,\"height\":87,\"caption\":\"Grupo Notibras de Comunica\u00e7\u00e3o\"},\"image\":{\"@id\":\"https:\/\/www.notibras.com\/site\/#\/schema\/logo\/image\/\"},\"sameAs\":[\"https:\/\/www.facebook.com\/notibras\/\",\"https:\/\/x.com\/Notibras\",\"https:\/\/www.instagram.com\/notibras\/\"]},{\"@type\":\"Person\",\"@id\":\"https:\/\/www.notibras.com\/site\/#\/schema\/person\/36ab0979449956132d3e5b517ea76ac8\",\"name\":\"Reda\u00e7\u00e3o\",\"image\":{\"@type\":\"ImageObject\",\"inLanguage\":\"pt-BR\",\"@id\":\"https:\/\/secure.gravatar.com\/avatar\/e0a867bdedb85fd243eadf09663511f96fc81e0720a4a42581f334ad4303aa6b?s=96&d=mm&r=g\",\"url\":\"https:\/\/secure.gravatar.com\/avatar\/e0a867bdedb85fd243eadf09663511f96fc81e0720a4a42581f334ad4303aa6b?s=96&d=mm&r=g\",\"contentUrl\":\"https:\/\/secure.gravatar.com\/avatar\/e0a867bdedb85fd243eadf09663511f96fc81e0720a4a42581f334ad4303aa6b?s=96&d=mm&r=g\",\"caption\":\"Reda\u00e7\u00e3o\"}}]}<\/script>\n<!-- \/ Yoast SEO plugin. -->","yoast_head_json":{"title":"Elvis em Porto Alegre s\u00f3 faltou usar bombacha - Notibras","robots":{"index":"index","follow":"follow","max-snippet":"max-snippet:-1","max-image-preview":"max-image-preview:large","max-video-preview":"max-video-preview:-1"},"canonical":"https:\/\/www.notibras.com\/site\/elvis-em-porto-alegre-so-faltou-usar-bombacha\/","og_locale":"pt_BR","og_type":"article","og_title":"Elvis em Porto Alegre s\u00f3 faltou usar bombacha - Notibras","og_description":"Na semana passada, o editor de Notibras, Jos\u00e9 Seabra, me convidou para um caf\u00e9. Bem, como ele disse que iria ser por sua conta, nem pensei duas vezes. Afinal, sempre \u00e9 de bom tom aceitar convite do chefe, ainda mais quando ele paga pelo melhor caf\u00e9 gourmet de Bras\u00edlia. No entanto, ele insistiu para que [&hellip;]","og_url":"https:\/\/www.notibras.com\/site\/elvis-em-porto-alegre-so-faltou-usar-bombacha\/","og_site_name":"Notibras","article_publisher":"https:\/\/www.facebook.com\/notibras\/","article_published_time":"2023-07-25T10:19:03+00:00","og_image":[{"width":928,"height":522,"url":"https:\/\/www.notibras.com\/site\/wp-content\/uploads\/2023\/07\/elvis.2.dudu_.jpg","type":"image\/jpeg"}],"author":"Reda\u00e7\u00e3o","twitter_card":"summary_large_image","twitter_creator":"@Notibras","twitter_site":"@Notibras","twitter_misc":{"Escrito por":"Reda\u00e7\u00e3o","Est. tempo de leitura":"2 minutos"},"schema":{"@context":"https:\/\/schema.org","@graph":[{"@type":"Article","@id":"https:\/\/www.notibras.com\/site\/elvis-em-porto-alegre-so-faltou-usar-bombacha\/#article","isPartOf":{"@id":"https:\/\/www.notibras.com\/site\/elvis-em-porto-alegre-so-faltou-usar-bombacha\/"},"author":{"name":"Reda\u00e7\u00e3o","@id":"https:\/\/www.notibras.com\/site\/#\/schema\/person\/36ab0979449956132d3e5b517ea76ac8"},"headline":"Elvis em Porto Alegre s\u00f3 faltou usar bombacha","datePublished":"2023-07-25T10:19:03+00:00","mainEntityOfPage":{"@id":"https:\/\/www.notibras.com\/site\/elvis-em-porto-alegre-so-faltou-usar-bombacha\/"},"wordCount":311,"publisher":{"@id":"https:\/\/www.notibras.com\/site\/#organization"},"image":{"@id":"https:\/\/www.notibras.com\/site\/elvis-em-porto-alegre-so-faltou-usar-bombacha\/#primaryimage"},"thumbnailUrl":"https:\/\/www.notibras.com\/site\/wp-content\/uploads\/2023\/07\/elvis.2.dudu_.jpg","articleSection":["Quadradinho em Foco"],"inLanguage":"pt-BR"},{"@type":"WebPage","@id":"https:\/\/www.notibras.com\/site\/elvis-em-porto-alegre-so-faltou-usar-bombacha\/","url":"https:\/\/www.notibras.com\/site\/elvis-em-porto-alegre-so-faltou-usar-bombacha\/","name":"Elvis em Porto Alegre s\u00f3 faltou usar bombacha - Notibras","isPartOf":{"@id":"https:\/\/www.notibras.com\/site\/#website"},"primaryImageOfPage":{"@id":"https:\/\/www.notibras.com\/site\/elvis-em-porto-alegre-so-faltou-usar-bombacha\/#primaryimage"},"image":{"@id":"https:\/\/www.notibras.com\/site\/elvis-em-porto-alegre-so-faltou-usar-bombacha\/#primaryimage"},"thumbnailUrl":"https:\/\/www.notibras.com\/site\/wp-content\/uploads\/2023\/07\/elvis.2.dudu_.jpg","datePublished":"2023-07-25T10:19:03+00:00","breadcrumb":{"@id":"https:\/\/www.notibras.com\/site\/elvis-em-porto-alegre-so-faltou-usar-bombacha\/#breadcrumb"},"inLanguage":"pt-BR","potentialAction":[{"@type":"ReadAction","target":["https:\/\/www.notibras.com\/site\/elvis-em-porto-alegre-so-faltou-usar-bombacha\/"]}]},{"@type":"ImageObject","inLanguage":"pt-BR","@id":"https:\/\/www.notibras.com\/site\/elvis-em-porto-alegre-so-faltou-usar-bombacha\/#primaryimage","url":"https:\/\/www.notibras.com\/site\/wp-content\/uploads\/2023\/07\/elvis.2.dudu_.jpg","contentUrl":"https:\/\/www.notibras.com\/site\/wp-content\/uploads\/2023\/07\/elvis.2.dudu_.jpg","width":928,"height":522},{"@type":"BreadcrumbList","@id":"https:\/\/www.notibras.com\/site\/elvis-em-porto-alegre-so-faltou-usar-bombacha\/#breadcrumb","itemListElement":[{"@type":"ListItem","position":1,"name":"In\u00edcio","item":"https:\/\/www.notibras.com\/site\/"},{"@type":"ListItem","position":2,"name":"Elvis em Porto Alegre s\u00f3 faltou usar bombacha"}]},{"@type":"WebSite","@id":"https:\/\/www.notibras.com\/site\/#website","url":"https:\/\/www.notibras.com\/site\/","name":"Notibras","description":"Not\u00edcias de Bras\u00edlia, do Brasil e do Mundo","publisher":{"@id":"https:\/\/www.notibras.com\/site\/#organization"},"potentialAction":[{"@type":"SearchAction","target":{"@type":"EntryPoint","urlTemplate":"https:\/\/www.notibras.com\/site\/?s={search_term_string}"},"query-input":{"@type":"PropertyValueSpecification","valueRequired":true,"valueName":"search_term_string"}}],"inLanguage":"pt-BR"},{"@type":"Organization","@id":"https:\/\/www.notibras.com\/site\/#organization","name":"Grupo Notibras de Comunica\u00e7\u00e3o","url":"https:\/\/www.notibras.com\/site\/","logo":{"@type":"ImageObject","inLanguage":"pt-BR","@id":"https:\/\/www.notibras.com\/site\/#\/schema\/logo\/image\/","url":"https:\/\/www.notibras.com\/site\/wp-content\/uploads\/2023\/01\/notibras23.png","contentUrl":"https:\/\/www.notibras.com\/site\/wp-content\/uploads\/2023\/01\/notibras23.png","width":350,"height":87,"caption":"Grupo Notibras de Comunica\u00e7\u00e3o"},"image":{"@id":"https:\/\/www.notibras.com\/site\/#\/schema\/logo\/image\/"},"sameAs":["https:\/\/www.facebook.com\/notibras\/","https:\/\/x.com\/Notibras","https:\/\/www.instagram.com\/notibras\/"]},{"@type":"Person","@id":"https:\/\/www.notibras.com\/site\/#\/schema\/person\/36ab0979449956132d3e5b517ea76ac8","name":"Reda\u00e7\u00e3o","image":{"@type":"ImageObject","inLanguage":"pt-BR","@id":"https:\/\/secure.gravatar.com\/avatar\/e0a867bdedb85fd243eadf09663511f96fc81e0720a4a42581f334ad4303aa6b?s=96&d=mm&r=g","url":"https:\/\/secure.gravatar.com\/avatar\/e0a867bdedb85fd243eadf09663511f96fc81e0720a4a42581f334ad4303aa6b?s=96&d=mm&r=g","contentUrl":"https:\/\/secure.gravatar.com\/avatar\/e0a867bdedb85fd243eadf09663511f96fc81e0720a4a42581f334ad4303aa6b?s=96&d=mm&r=g","caption":"Reda\u00e7\u00e3o"}}]}},"amp_enabled":true,"_links":{"self":[{"href":"https:\/\/www.notibras.com\/site\/wp-json\/wp\/v2\/posts\/309534","targetHints":{"allow":["GET"]}}],"collection":[{"href":"https:\/\/www.notibras.com\/site\/wp-json\/wp\/v2\/posts"}],"about":[{"href":"https:\/\/www.notibras.com\/site\/wp-json\/wp\/v2\/types\/post"}],"author":[{"embeddable":true,"href":"https:\/\/www.notibras.com\/site\/wp-json\/wp\/v2\/users\/2"}],"replies":[{"embeddable":true,"href":"https:\/\/www.notibras.com\/site\/wp-json\/wp\/v2\/comments?post=309534"}],"version-history":[{"count":1,"href":"https:\/\/www.notibras.com\/site\/wp-json\/wp\/v2\/posts\/309534\/revisions"}],"predecessor-version":[{"id":309537,"href":"https:\/\/www.notibras.com\/site\/wp-json\/wp\/v2\/posts\/309534\/revisions\/309537"}],"wp:featuredmedia":[{"embeddable":true,"href":"https:\/\/www.notibras.com\/site\/wp-json\/wp\/v2\/media\/309536"}],"wp:attachment":[{"href":"https:\/\/www.notibras.com\/site\/wp-json\/wp\/v2\/media?parent=309534"}],"wp:term":[{"taxonomy":"category","embeddable":true,"href":"https:\/\/www.notibras.com\/site\/wp-json\/wp\/v2\/categories?post=309534"},{"taxonomy":"post_tag","embeddable":true,"href":"https:\/\/www.notibras.com\/site\/wp-json\/wp\/v2\/tags?post=309534"}],"curies":[{"name":"wp","href":"https:\/\/api.w.org\/{rel}","templated":true}]}}