{"id":309571,"date":"2023-07-25T00:00:29","date_gmt":"2023-07-25T03:00:29","guid":{"rendered":"https:\/\/www.notibras.com\/site\/?p=309571"},"modified":"2023-07-25T07:43:25","modified_gmt":"2023-07-25T10:43:25","slug":"ibge-abre-inscricoes-para-agente-censitario-de-pesquisa","status":"publish","type":"post","link":"https:\/\/www.notibras.com\/site\/ibge-abre-inscricoes-para-agente-censitario-de-pesquisa\/","title":{"rendered":"IBGE abre inscri\u00e7\u00f5es para Agente Censit\u00e1rio de Pesquisa"},"content":{"rendered":"<p>O Instituto Brasileiro de Geografia e Estat\u00edstica (IBGE) abriu as inscri\u00e7\u00f5es para o processo seletivo destinado ao cargo tempor\u00e1rio de Agente Censit\u00e1rio de Pesquisas e Mapeamento (ACMAP). S\u00e3o disponibilizadas 148 vagas para todo pa\u00eds, com exig\u00eancia de ensino m\u00e9dio completo. A sele\u00e7\u00e3o tamb\u00e9m contempla a reserva de vagas para candidatos autodeclarados pretos e pardos, bem como para pessoas com defici\u00eancia.<\/p>\n<p>As inscri\u00e7\u00f5es se encerram no dia 13 de agosto. O edital atualizado encontra-se dispon\u00edvel no site do Instituto Nacional de Sele\u00e7\u00f5es e Concursos (SELECON). Para participar, \u00e9 necess\u00e1rio o pagamento de uma taxa de inscri\u00e7\u00e3o no valor de R$ 30,00.<\/p>\n<p>Os aprovados ser\u00e3o remunerados com sal\u00e1rio de R$ 3,1 mil, al\u00e9m de contar com benef\u00edcios como aux\u00edlio-alimenta\u00e7\u00e3o no valor de R$ 658,00, aux\u00edlio-transporte e aux\u00edlio pr\u00e9-escolar. O contrato ter\u00e1 previs\u00e3o de dura\u00e7\u00e3o de at\u00e9 um ano, podendo ser prorrogado por mais dois anos. A carga hor\u00e1ria semanal ser\u00e1 de 40 horas, com expediente de 8 horas di\u00e1rias.<\/p>\n<p>A sele\u00e7\u00e3o dos candidatos ser\u00e1 realizada por meio de prova objetiva, com car\u00e1ter eliminat\u00f3rio e classificat\u00f3rio, marcada para o dia 24 de setembro. O resultado final do processo seletivo sai no dia 25 de outubro. O conte\u00fado program\u00e1tico abranger\u00e1 disciplinas como L\u00edngua Portuguesa, Matem\u00e1tica e Racioc\u00ednio L\u00f3gico, \u00c9tica no Servi\u00e7o P\u00fablico e Geografia. O processo seletivo visa a contrata\u00e7\u00e3o de pessoal para apoio em atividades posteriores ao Censo Demogr\u00e1fico.<\/p>\n","protected":false},"excerpt":{"rendered":"<p>O Instituto Brasileiro de Geografia e Estat\u00edstica (IBGE) abriu as inscri\u00e7\u00f5es para o processo seletivo destinado ao cargo tempor\u00e1rio de Agente Censit\u00e1rio de Pesquisas e Mapeamento (ACMAP). S\u00e3o disponibilizadas 148 vagas para todo pa\u00eds, com exig\u00eancia de ensino m\u00e9dio completo. A sele\u00e7\u00e3o tamb\u00e9m contempla a reserva de vagas para candidatos autodeclarados pretos e pardos, bem [&hellip;]<\/p>\n","protected":false},"author":2,"featured_media":309572,"comment_status":"closed","ping_status":"closed","sticky":false,"template":"","format":"standard","meta":{"_acf_changed":false,"footnotes":""},"categories":[161],"tags":[],"class_list":["post-309571","post","type-post","status-publish","format-standard","has-post-thumbnail","hentry","category-quadradinho-em-foco"],"acf":[],"yoast_head":"<!-- This site is optimized with the Yoast SEO plugin v27.2 - https:\/\/yoast.com\/product\/yoast-seo-wordpress\/ -->\n<title>IBGE abre inscri\u00e7\u00f5es para Agente Censit\u00e1rio de Pesquisa - Notibras<\/title>\n<meta name=\"robots\" content=\"index, follow, max-snippet:-1, max-image-preview:large, max-video-preview:-1\" \/>\n<link rel=\"canonical\" href=\"https:\/\/www.notibras.com\/site\/ibge-abre-inscricoes-para-agente-censitario-de-pesquisa\/\" \/>\n<meta property=\"og:locale\" content=\"pt_BR\" \/>\n<meta property=\"og:type\" content=\"article\" \/>\n<meta property=\"og:title\" content=\"IBGE abre inscri\u00e7\u00f5es para Agente Censit\u00e1rio de Pesquisa - Notibras\" \/>\n<meta property=\"og:description\" content=\"O Instituto Brasileiro de Geografia e Estat\u00edstica (IBGE) abriu as inscri\u00e7\u00f5es para o processo seletivo destinado ao cargo tempor\u00e1rio de Agente Censit\u00e1rio de Pesquisas e Mapeamento (ACMAP). S\u00e3o disponibilizadas 148 vagas para todo pa\u00eds, com exig\u00eancia de ensino m\u00e9dio completo. A sele\u00e7\u00e3o tamb\u00e9m contempla a reserva de vagas para candidatos autodeclarados pretos e pardos, bem [&hellip;]\" \/>\n<meta property=\"og:url\" content=\"https:\/\/www.notibras.com\/site\/ibge-abre-inscricoes-para-agente-censitario-de-pesquisa\/\" \/>\n<meta property=\"og:site_name\" content=\"Notibras\" \/>\n<meta property=\"article:publisher\" content=\"https:\/\/www.facebook.com\/notibras\/\" \/>\n<meta property=\"article:published_time\" content=\"2023-07-25T03:00:29+00:00\" \/>\n<meta property=\"article:modified_time\" content=\"2023-07-25T10:43:25+00:00\" \/>\n<meta property=\"og:image\" content=\"https:\/\/www.notibras.com\/site\/wp-content\/uploads\/2023\/07\/trbr7609.jpg\" \/>\n\t<meta property=\"og:image:width\" content=\"1170\" \/>\n\t<meta property=\"og:image:height\" content=\"700\" \/>\n\t<meta property=\"og:image:type\" content=\"image\/jpeg\" \/>\n<meta name=\"author\" content=\"Reda\u00e7\u00e3o\" \/>\n<meta name=\"twitter:card\" content=\"summary_large_image\" \/>\n<meta name=\"twitter:creator\" content=\"@Notibras\" \/>\n<meta name=\"twitter:site\" content=\"@Notibras\" \/>\n<meta name=\"twitter:label1\" content=\"Escrito por\" \/>\n\t<meta name=\"twitter:data1\" content=\"Reda\u00e7\u00e3o\" \/>\n\t<meta name=\"twitter:label2\" content=\"Est. tempo de leitura\" \/>\n\t<meta name=\"twitter:data2\" content=\"2 minutos\" \/>\n<script type=\"application\/ld+json\" class=\"yoast-schema-graph\">{\"@context\":\"https:\/\/schema.org\",\"@graph\":[{\"@type\":\"Article\",\"@id\":\"https:\/\/www.notibras.com\/site\/ibge-abre-inscricoes-para-agente-censitario-de-pesquisa\/#article\",\"isPartOf\":{\"@id\":\"https:\/\/www.notibras.com\/site\/ibge-abre-inscricoes-para-agente-censitario-de-pesquisa\/\"},\"author\":{\"name\":\"Reda\u00e7\u00e3o\",\"@id\":\"https:\/\/www.notibras.com\/site\/#\/schema\/person\/36ab0979449956132d3e5b517ea76ac8\"},\"headline\":\"IBGE abre inscri\u00e7\u00f5es para Agente Censit\u00e1rio de Pesquisa\",\"datePublished\":\"2023-07-25T03:00:29+00:00\",\"dateModified\":\"2023-07-25T10:43:25+00:00\",\"mainEntityOfPage\":{\"@id\":\"https:\/\/www.notibras.com\/site\/ibge-abre-inscricoes-para-agente-censitario-de-pesquisa\/\"},\"wordCount\":269,\"publisher\":{\"@id\":\"https:\/\/www.notibras.com\/site\/#organization\"},\"image\":{\"@id\":\"https:\/\/www.notibras.com\/site\/ibge-abre-inscricoes-para-agente-censitario-de-pesquisa\/#primaryimage\"},\"thumbnailUrl\":\"https:\/\/www.notibras.com\/site\/wp-content\/uploads\/2023\/07\/trbr7609.jpg\",\"articleSection\":[\"Quadradinho em Foco\"],\"inLanguage\":\"pt-BR\"},{\"@type\":\"WebPage\",\"@id\":\"https:\/\/www.notibras.com\/site\/ibge-abre-inscricoes-para-agente-censitario-de-pesquisa\/\",\"url\":\"https:\/\/www.notibras.com\/site\/ibge-abre-inscricoes-para-agente-censitario-de-pesquisa\/\",\"name\":\"IBGE abre inscri\u00e7\u00f5es para Agente Censit\u00e1rio de Pesquisa - Notibras\",\"isPartOf\":{\"@id\":\"https:\/\/www.notibras.com\/site\/#website\"},\"primaryImageOfPage\":{\"@id\":\"https:\/\/www.notibras.com\/site\/ibge-abre-inscricoes-para-agente-censitario-de-pesquisa\/#primaryimage\"},\"image\":{\"@id\":\"https:\/\/www.notibras.com\/site\/ibge-abre-inscricoes-para-agente-censitario-de-pesquisa\/#primaryimage\"},\"thumbnailUrl\":\"https:\/\/www.notibras.com\/site\/wp-content\/uploads\/2023\/07\/trbr7609.jpg\",\"datePublished\":\"2023-07-25T03:00:29+00:00\",\"dateModified\":\"2023-07-25T10:43:25+00:00\",\"breadcrumb\":{\"@id\":\"https:\/\/www.notibras.com\/site\/ibge-abre-inscricoes-para-agente-censitario-de-pesquisa\/#breadcrumb\"},\"inLanguage\":\"pt-BR\",\"potentialAction\":[{\"@type\":\"ReadAction\",\"target\":[\"https:\/\/www.notibras.com\/site\/ibge-abre-inscricoes-para-agente-censitario-de-pesquisa\/\"]}]},{\"@type\":\"ImageObject\",\"inLanguage\":\"pt-BR\",\"@id\":\"https:\/\/www.notibras.com\/site\/ibge-abre-inscricoes-para-agente-censitario-de-pesquisa\/#primaryimage\",\"url\":\"https:\/\/www.notibras.com\/site\/wp-content\/uploads\/2023\/07\/trbr7609.jpg\",\"contentUrl\":\"https:\/\/www.notibras.com\/site\/wp-content\/uploads\/2023\/07\/trbr7609.jpg\",\"width\":1170,\"height\":700},{\"@type\":\"BreadcrumbList\",\"@id\":\"https:\/\/www.notibras.com\/site\/ibge-abre-inscricoes-para-agente-censitario-de-pesquisa\/#breadcrumb\",\"itemListElement\":[{\"@type\":\"ListItem\",\"position\":1,\"name\":\"In\u00edcio\",\"item\":\"https:\/\/www.notibras.com\/site\/\"},{\"@type\":\"ListItem\",\"position\":2,\"name\":\"IBGE abre inscri\u00e7\u00f5es para Agente Censit\u00e1rio de Pesquisa\"}]},{\"@type\":\"WebSite\",\"@id\":\"https:\/\/www.notibras.com\/site\/#website\",\"url\":\"https:\/\/www.notibras.com\/site\/\",\"name\":\"Notibras\",\"description\":\"Not\u00edcias de Bras\u00edlia, do Brasil e do Mundo\",\"publisher\":{\"@id\":\"https:\/\/www.notibras.com\/site\/#organization\"},\"potentialAction\":[{\"@type\":\"SearchAction\",\"target\":{\"@type\":\"EntryPoint\",\"urlTemplate\":\"https:\/\/www.notibras.com\/site\/?s={search_term_string}\"},\"query-input\":{\"@type\":\"PropertyValueSpecification\",\"valueRequired\":true,\"valueName\":\"search_term_string\"}}],\"inLanguage\":\"pt-BR\"},{\"@type\":\"Organization\",\"@id\":\"https:\/\/www.notibras.com\/site\/#organization\",\"name\":\"Grupo Notibras de Comunica\u00e7\u00e3o\",\"url\":\"https:\/\/www.notibras.com\/site\/\",\"logo\":{\"@type\":\"ImageObject\",\"inLanguage\":\"pt-BR\",\"@id\":\"https:\/\/www.notibras.com\/site\/#\/schema\/logo\/image\/\",\"url\":\"https:\/\/www.notibras.com\/site\/wp-content\/uploads\/2023\/01\/notibras23.png\",\"contentUrl\":\"https:\/\/www.notibras.com\/site\/wp-content\/uploads\/2023\/01\/notibras23.png\",\"width\":350,\"height\":87,\"caption\":\"Grupo Notibras de Comunica\u00e7\u00e3o\"},\"image\":{\"@id\":\"https:\/\/www.notibras.com\/site\/#\/schema\/logo\/image\/\"},\"sameAs\":[\"https:\/\/www.facebook.com\/notibras\/\",\"https:\/\/x.com\/Notibras\",\"https:\/\/www.instagram.com\/notibras\/\"]},{\"@type\":\"Person\",\"@id\":\"https:\/\/www.notibras.com\/site\/#\/schema\/person\/36ab0979449956132d3e5b517ea76ac8\",\"name\":\"Reda\u00e7\u00e3o\",\"image\":{\"@type\":\"ImageObject\",\"inLanguage\":\"pt-BR\",\"@id\":\"https:\/\/secure.gravatar.com\/avatar\/e0a867bdedb85fd243eadf09663511f96fc81e0720a4a42581f334ad4303aa6b?s=96&d=mm&r=g\",\"url\":\"https:\/\/secure.gravatar.com\/avatar\/e0a867bdedb85fd243eadf09663511f96fc81e0720a4a42581f334ad4303aa6b?s=96&d=mm&r=g\",\"contentUrl\":\"https:\/\/secure.gravatar.com\/avatar\/e0a867bdedb85fd243eadf09663511f96fc81e0720a4a42581f334ad4303aa6b?s=96&d=mm&r=g\",\"caption\":\"Reda\u00e7\u00e3o\"}}]}<\/script>\n<!-- \/ Yoast SEO plugin. -->","yoast_head_json":{"title":"IBGE abre inscri\u00e7\u00f5es para Agente Censit\u00e1rio de Pesquisa - Notibras","robots":{"index":"index","follow":"follow","max-snippet":"max-snippet:-1","max-image-preview":"max-image-preview:large","max-video-preview":"max-video-preview:-1"},"canonical":"https:\/\/www.notibras.com\/site\/ibge-abre-inscricoes-para-agente-censitario-de-pesquisa\/","og_locale":"pt_BR","og_type":"article","og_title":"IBGE abre inscri\u00e7\u00f5es para Agente Censit\u00e1rio de Pesquisa - Notibras","og_description":"O Instituto Brasileiro de Geografia e Estat\u00edstica (IBGE) abriu as inscri\u00e7\u00f5es para o processo seletivo destinado ao cargo tempor\u00e1rio de Agente Censit\u00e1rio de Pesquisas e Mapeamento (ACMAP). S\u00e3o disponibilizadas 148 vagas para todo pa\u00eds, com exig\u00eancia de ensino m\u00e9dio completo. A sele\u00e7\u00e3o tamb\u00e9m contempla a reserva de vagas para candidatos autodeclarados pretos e pardos, bem [&hellip;]","og_url":"https:\/\/www.notibras.com\/site\/ibge-abre-inscricoes-para-agente-censitario-de-pesquisa\/","og_site_name":"Notibras","article_publisher":"https:\/\/www.facebook.com\/notibras\/","article_published_time":"2023-07-25T03:00:29+00:00","article_modified_time":"2023-07-25T10:43:25+00:00","og_image":[{"width":1170,"height":700,"url":"https:\/\/www.notibras.com\/site\/wp-content\/uploads\/2023\/07\/trbr7609.jpg","type":"image\/jpeg"}],"author":"Reda\u00e7\u00e3o","twitter_card":"summary_large_image","twitter_creator":"@Notibras","twitter_site":"@Notibras","twitter_misc":{"Escrito por":"Reda\u00e7\u00e3o","Est. tempo de leitura":"2 minutos"},"schema":{"@context":"https:\/\/schema.org","@graph":[{"@type":"Article","@id":"https:\/\/www.notibras.com\/site\/ibge-abre-inscricoes-para-agente-censitario-de-pesquisa\/#article","isPartOf":{"@id":"https:\/\/www.notibras.com\/site\/ibge-abre-inscricoes-para-agente-censitario-de-pesquisa\/"},"author":{"name":"Reda\u00e7\u00e3o","@id":"https:\/\/www.notibras.com\/site\/#\/schema\/person\/36ab0979449956132d3e5b517ea76ac8"},"headline":"IBGE abre inscri\u00e7\u00f5es para Agente Censit\u00e1rio de Pesquisa","datePublished":"2023-07-25T03:00:29+00:00","dateModified":"2023-07-25T10:43:25+00:00","mainEntityOfPage":{"@id":"https:\/\/www.notibras.com\/site\/ibge-abre-inscricoes-para-agente-censitario-de-pesquisa\/"},"wordCount":269,"publisher":{"@id":"https:\/\/www.notibras.com\/site\/#organization"},"image":{"@id":"https:\/\/www.notibras.com\/site\/ibge-abre-inscricoes-para-agente-censitario-de-pesquisa\/#primaryimage"},"thumbnailUrl":"https:\/\/www.notibras.com\/site\/wp-content\/uploads\/2023\/07\/trbr7609.jpg","articleSection":["Quadradinho em Foco"],"inLanguage":"pt-BR"},{"@type":"WebPage","@id":"https:\/\/www.notibras.com\/site\/ibge-abre-inscricoes-para-agente-censitario-de-pesquisa\/","url":"https:\/\/www.notibras.com\/site\/ibge-abre-inscricoes-para-agente-censitario-de-pesquisa\/","name":"IBGE abre inscri\u00e7\u00f5es para Agente Censit\u00e1rio de Pesquisa - Notibras","isPartOf":{"@id":"https:\/\/www.notibras.com\/site\/#website"},"primaryImageOfPage":{"@id":"https:\/\/www.notibras.com\/site\/ibge-abre-inscricoes-para-agente-censitario-de-pesquisa\/#primaryimage"},"image":{"@id":"https:\/\/www.notibras.com\/site\/ibge-abre-inscricoes-para-agente-censitario-de-pesquisa\/#primaryimage"},"thumbnailUrl":"https:\/\/www.notibras.com\/site\/wp-content\/uploads\/2023\/07\/trbr7609.jpg","datePublished":"2023-07-25T03:00:29+00:00","dateModified":"2023-07-25T10:43:25+00:00","breadcrumb":{"@id":"https:\/\/www.notibras.com\/site\/ibge-abre-inscricoes-para-agente-censitario-de-pesquisa\/#breadcrumb"},"inLanguage":"pt-BR","potentialAction":[{"@type":"ReadAction","target":["https:\/\/www.notibras.com\/site\/ibge-abre-inscricoes-para-agente-censitario-de-pesquisa\/"]}]},{"@type":"ImageObject","inLanguage":"pt-BR","@id":"https:\/\/www.notibras.com\/site\/ibge-abre-inscricoes-para-agente-censitario-de-pesquisa\/#primaryimage","url":"https:\/\/www.notibras.com\/site\/wp-content\/uploads\/2023\/07\/trbr7609.jpg","contentUrl":"https:\/\/www.notibras.com\/site\/wp-content\/uploads\/2023\/07\/trbr7609.jpg","width":1170,"height":700},{"@type":"BreadcrumbList","@id":"https:\/\/www.notibras.com\/site\/ibge-abre-inscricoes-para-agente-censitario-de-pesquisa\/#breadcrumb","itemListElement":[{"@type":"ListItem","position":1,"name":"In\u00edcio","item":"https:\/\/www.notibras.com\/site\/"},{"@type":"ListItem","position":2,"name":"IBGE abre inscri\u00e7\u00f5es para Agente Censit\u00e1rio de Pesquisa"}]},{"@type":"WebSite","@id":"https:\/\/www.notibras.com\/site\/#website","url":"https:\/\/www.notibras.com\/site\/","name":"Notibras","description":"Not\u00edcias de Bras\u00edlia, do Brasil e do Mundo","publisher":{"@id":"https:\/\/www.notibras.com\/site\/#organization"},"potentialAction":[{"@type":"SearchAction","target":{"@type":"EntryPoint","urlTemplate":"https:\/\/www.notibras.com\/site\/?s={search_term_string}"},"query-input":{"@type":"PropertyValueSpecification","valueRequired":true,"valueName":"search_term_string"}}],"inLanguage":"pt-BR"},{"@type":"Organization","@id":"https:\/\/www.notibras.com\/site\/#organization","name":"Grupo Notibras de Comunica\u00e7\u00e3o","url":"https:\/\/www.notibras.com\/site\/","logo":{"@type":"ImageObject","inLanguage":"pt-BR","@id":"https:\/\/www.notibras.com\/site\/#\/schema\/logo\/image\/","url":"https:\/\/www.notibras.com\/site\/wp-content\/uploads\/2023\/01\/notibras23.png","contentUrl":"https:\/\/www.notibras.com\/site\/wp-content\/uploads\/2023\/01\/notibras23.png","width":350,"height":87,"caption":"Grupo Notibras de Comunica\u00e7\u00e3o"},"image":{"@id":"https:\/\/www.notibras.com\/site\/#\/schema\/logo\/image\/"},"sameAs":["https:\/\/www.facebook.com\/notibras\/","https:\/\/x.com\/Notibras","https:\/\/www.instagram.com\/notibras\/"]},{"@type":"Person","@id":"https:\/\/www.notibras.com\/site\/#\/schema\/person\/36ab0979449956132d3e5b517ea76ac8","name":"Reda\u00e7\u00e3o","image":{"@type":"ImageObject","inLanguage":"pt-BR","@id":"https:\/\/secure.gravatar.com\/avatar\/e0a867bdedb85fd243eadf09663511f96fc81e0720a4a42581f334ad4303aa6b?s=96&d=mm&r=g","url":"https:\/\/secure.gravatar.com\/avatar\/e0a867bdedb85fd243eadf09663511f96fc81e0720a4a42581f334ad4303aa6b?s=96&d=mm&r=g","contentUrl":"https:\/\/secure.gravatar.com\/avatar\/e0a867bdedb85fd243eadf09663511f96fc81e0720a4a42581f334ad4303aa6b?s=96&d=mm&r=g","caption":"Reda\u00e7\u00e3o"}}]}},"amp_enabled":true,"_links":{"self":[{"href":"https:\/\/www.notibras.com\/site\/wp-json\/wp\/v2\/posts\/309571","targetHints":{"allow":["GET"]}}],"collection":[{"href":"https:\/\/www.notibras.com\/site\/wp-json\/wp\/v2\/posts"}],"about":[{"href":"https:\/\/www.notibras.com\/site\/wp-json\/wp\/v2\/types\/post"}],"author":[{"embeddable":true,"href":"https:\/\/www.notibras.com\/site\/wp-json\/wp\/v2\/users\/2"}],"replies":[{"embeddable":true,"href":"https:\/\/www.notibras.com\/site\/wp-json\/wp\/v2\/comments?post=309571"}],"version-history":[{"count":1,"href":"https:\/\/www.notibras.com\/site\/wp-json\/wp\/v2\/posts\/309571\/revisions"}],"predecessor-version":[{"id":309573,"href":"https:\/\/www.notibras.com\/site\/wp-json\/wp\/v2\/posts\/309571\/revisions\/309573"}],"wp:featuredmedia":[{"embeddable":true,"href":"https:\/\/www.notibras.com\/site\/wp-json\/wp\/v2\/media\/309572"}],"wp:attachment":[{"href":"https:\/\/www.notibras.com\/site\/wp-json\/wp\/v2\/media?parent=309571"}],"wp:term":[{"taxonomy":"category","embeddable":true,"href":"https:\/\/www.notibras.com\/site\/wp-json\/wp\/v2\/categories?post=309571"},{"taxonomy":"post_tag","embeddable":true,"href":"https:\/\/www.notibras.com\/site\/wp-json\/wp\/v2\/tags?post=309571"}],"curies":[{"name":"wp","href":"https:\/\/api.w.org\/{rel}","templated":true}]}}