{"id":309574,"date":"2023-07-25T00:00:27","date_gmt":"2023-07-25T03:00:27","guid":{"rendered":"https:\/\/www.notibras.com\/site\/?p=309574"},"modified":"2023-07-25T07:50:23","modified_gmt":"2023-07-25T10:50:23","slug":"cinema-rodoviario-conscientiza-sobre-transito-seguro","status":"publish","type":"post","link":"https:\/\/www.notibras.com\/site\/cinema-rodoviario-conscientiza-sobre-transito-seguro\/","title":{"rendered":"Cinema Rodovi\u00e1rio conscientiza sobre tr\u00e2nsito seguro"},"content":{"rendered":"<p>A Pol\u00edcia Rodovi\u00e1ria Federal (PRF) realizou na segunda-feira (24), a\u00e7\u00f5es de fiscaliza\u00e7\u00e3o de ve\u00edculos combinadas com educa\u00e7\u00e3o para o tr\u00e2nsito, em comemora\u00e7\u00e3o aos 95 anos da institui\u00e7\u00e3o. Na unidade operacional da PRF na BR-020, em Planaltina, foi montado o Cinema Rodovi\u00e1rio, em um caminh\u00e3o com capacidade para receber 45 pessoas.<\/p>\n<p>O objetivo da exibi\u00e7\u00e3o dos v\u00eddeos \u00e9 conscientizar condutores de ve\u00edculos e passageiros para um tr\u00e2nsito mais seguro. A Pol\u00edcia Rodovi\u00e1ria Federal exerce papel important\u00edssimo no cen\u00e1rio de seguran\u00e7a p\u00fablica do Brasil, tanto no combate \u00e0 criminalidade quanto na garantia de seguran\u00e7a vi\u00e1ria, prevenindo acidentes e atendendo \u00e0s ocorr\u00eancias, disse o agente da corpora\u00e7\u00e3o Edy Ara\u00fajo. &#8220;Essas nossas atribui\u00e7\u00f5es constitucionais s\u00e3o important\u00edssimas para a popula\u00e7\u00e3o brasileira.\u201d<\/p>\n<p>Os ve\u00edculos parados na rodovia foram vistoriados, tiveram a documenta\u00e7\u00e3o conferida pelos policiais rodovi\u00e1rios e os ocupantes dos carros foram convidados a assistirem a filmes com dura\u00e7\u00e3o total de 5 minutos.<\/p>\n<p>Os v\u00eddeos mostram as consequ\u00eancias de infra\u00e7\u00f5es como excesso de velocidade, uso de \u00e1lcool e do celular ao volante e ultrapassagem em local proibido. Ainda foram repassadas orienta\u00e7\u00f5es diversas sobre manuten\u00e7\u00e3o de ve\u00edculos, uso do cinto de seguran\u00e7a por ocupantes de todos os bancos dianteiros e traseiros, al\u00e9m de assentos adequados ao p\u00fablico infantil.<\/p>\n<p>O agente Genaro Mendes, respons\u00e1vel pelas apresenta\u00e7\u00f5es dentro do Cinema Rodovi\u00e1rio, falou sobre as experi\u00eancias vistas nas estradas nos 18 anos em que trabalha na corpora\u00e7\u00e3o. \u201cO tr\u00e2nsito \u00e9 um ambiente muito arriscado, e a linha entre a vida e a morte, muito t\u00eanue. Cada segundo importa! Quando o motorista para para atender uma liga\u00e7\u00e3o, ou olha uma mensagem no celular, tira sua aten\u00e7\u00e3o da rodovia e pode causar um s\u00e9rio acidente. Al\u00e9m disso, o uso do cinto de seguran\u00e7a, ter o ve\u00edculo em boas condi\u00e7\u00f5es de conserva\u00e7\u00e3o, tudo isso interfere na seguran\u00e7a vi\u00e1ria. E, quando um pequeno deslize ocorre, vidas podem ser perdidas.\u201d<\/p>\n<p>A professora Sandra Pereira de Ara\u00fajo, passageira de um ve\u00edculo que foi parado para fiscaliza\u00e7\u00e3o, considerou os v\u00eddeos instrutivos. \u201cFoi um \u00f3timo momento para a gente parar um pouquinho e refletir bem sobre o que \u00e9 importante na nossa vida\u201d.<\/p>\n<p>A professora Sandra Pereira de Ara\u00fajo elogiou os v\u00eddeos, considerando-os instrutivos &#8211; Ant\u00f4nio Cruz\/Ag\u00eancia Brasil<br \/>\nA administradora M\u00e9ria Dias entendeu que \u00e9 necess\u00e1rio incorporar h\u00e1bitos e atitudes respons\u00e1veis no tr\u00e2nsito. \u201cNo cotidiano, esquecemos dessas pequenas atitudes que salvam vidas. Achamos que n\u00e3o acontece conosco. Mas acidente \u00e9 assim, n\u00e3o avisa. Ent\u00e3o, temos que tomar cuidado. Achei o cinema muito interessante. Nunca tinha participado de uma sess\u00e3o assim, antes.\u201d<\/p>\n<p>Para o motorista de \u00f4nibus escolar Edson Dias da Costa, o v\u00eddeo serviu para ficar mais cauteloso. \u201c\u00c9 um alerta para a gente ter mais aten\u00e7\u00e3o ao dirigir, principalmente, ao fazer a ultrapassagens, respeitar a sinaliza\u00e7\u00e3o. E dirigir na velocidade correta \u00e9 muito importante.\u201d<\/p>\n<p><strong>Comemora\u00e7\u00e3o<\/strong><br \/>\nNa tarde desta segunda-feira, como parte das celebra\u00e7\u00f5es do 95\u00ba anivers\u00e1rio, a Pol\u00edcia Rodovi\u00e1ria Federal homenagear\u00e1 servidores e abrir\u00e1 uma exposi\u00e7\u00e3o com viaturas policiais e equipamentos usados pelos agentes nas rodovias federais. Haver\u00e1 ainda lan\u00e7amento de selos comemorativos pela corpora\u00e7\u00e3o e pelos Correios.<\/p>\n","protected":false},"excerpt":{"rendered":"<p>A Pol\u00edcia Rodovi\u00e1ria Federal (PRF) realizou na segunda-feira (24), a\u00e7\u00f5es de fiscaliza\u00e7\u00e3o de ve\u00edculos combinadas com educa\u00e7\u00e3o para o tr\u00e2nsito, em comemora\u00e7\u00e3o aos 95 anos da institui\u00e7\u00e3o. Na unidade operacional da PRF na BR-020, em Planaltina, foi montado o Cinema Rodovi\u00e1rio, em um caminh\u00e3o com capacidade para receber 45 pessoas. O objetivo da exibi\u00e7\u00e3o dos [&hellip;]<\/p>\n","protected":false},"author":2,"featured_media":309575,"comment_status":"closed","ping_status":"closed","sticky":false,"template":"","format":"standard","meta":{"_acf_changed":false,"footnotes":""},"categories":[161],"tags":[],"class_list":["post-309574","post","type-post","status-publish","format-standard","has-post-thumbnail","hentry","category-quadradinho-em-foco"],"acf":[],"yoast_head":"<!-- This site is optimized with the Yoast SEO plugin v27.2 - https:\/\/yoast.com\/product\/yoast-seo-wordpress\/ -->\n<title>Cinema Rodovi\u00e1rio conscientiza sobre tr\u00e2nsito seguro - Notibras<\/title>\n<meta name=\"robots\" content=\"index, follow, max-snippet:-1, max-image-preview:large, max-video-preview:-1\" \/>\n<link rel=\"canonical\" href=\"https:\/\/www.notibras.com\/site\/cinema-rodoviario-conscientiza-sobre-transito-seguro\/\" \/>\n<meta property=\"og:locale\" content=\"pt_BR\" \/>\n<meta property=\"og:type\" content=\"article\" \/>\n<meta property=\"og:title\" content=\"Cinema Rodovi\u00e1rio conscientiza sobre tr\u00e2nsito seguro - Notibras\" \/>\n<meta property=\"og:description\" content=\"A Pol\u00edcia Rodovi\u00e1ria Federal (PRF) realizou na segunda-feira (24), a\u00e7\u00f5es de fiscaliza\u00e7\u00e3o de ve\u00edculos combinadas com educa\u00e7\u00e3o para o tr\u00e2nsito, em comemora\u00e7\u00e3o aos 95 anos da institui\u00e7\u00e3o. Na unidade operacional da PRF na BR-020, em Planaltina, foi montado o Cinema Rodovi\u00e1rio, em um caminh\u00e3o com capacidade para receber 45 pessoas. O objetivo da exibi\u00e7\u00e3o dos [&hellip;]\" \/>\n<meta property=\"og:url\" content=\"https:\/\/www.notibras.com\/site\/cinema-rodoviario-conscientiza-sobre-transito-seguro\/\" \/>\n<meta property=\"og:site_name\" content=\"Notibras\" \/>\n<meta property=\"article:publisher\" content=\"https:\/\/www.facebook.com\/notibras\/\" \/>\n<meta property=\"article:published_time\" content=\"2023-07-25T03:00:27+00:00\" \/>\n<meta property=\"article:modified_time\" content=\"2023-07-25T10:50:23+00:00\" \/>\n<meta property=\"og:image\" content=\"https:\/\/www.notibras.com\/site\/wp-content\/uploads\/2023\/07\/pzzb1431.jpg\" \/>\n\t<meta property=\"og:image:width\" content=\"1170\" \/>\n\t<meta property=\"og:image:height\" content=\"700\" \/>\n\t<meta property=\"og:image:type\" content=\"image\/jpeg\" \/>\n<meta name=\"author\" content=\"Reda\u00e7\u00e3o\" \/>\n<meta name=\"twitter:card\" content=\"summary_large_image\" \/>\n<meta name=\"twitter:creator\" content=\"@Notibras\" \/>\n<meta name=\"twitter:site\" content=\"@Notibras\" \/>\n<meta name=\"twitter:label1\" content=\"Escrito por\" \/>\n\t<meta name=\"twitter:data1\" content=\"Reda\u00e7\u00e3o\" \/>\n\t<meta name=\"twitter:label2\" content=\"Est. tempo de leitura\" \/>\n\t<meta name=\"twitter:data2\" content=\"3 minutos\" \/>\n<script type=\"application\/ld+json\" class=\"yoast-schema-graph\">{\"@context\":\"https:\/\/schema.org\",\"@graph\":[{\"@type\":\"Article\",\"@id\":\"https:\/\/www.notibras.com\/site\/cinema-rodoviario-conscientiza-sobre-transito-seguro\/#article\",\"isPartOf\":{\"@id\":\"https:\/\/www.notibras.com\/site\/cinema-rodoviario-conscientiza-sobre-transito-seguro\/\"},\"author\":{\"name\":\"Reda\u00e7\u00e3o\",\"@id\":\"https:\/\/www.notibras.com\/site\/#\/schema\/person\/36ab0979449956132d3e5b517ea76ac8\"},\"headline\":\"Cinema Rodovi\u00e1rio conscientiza sobre tr\u00e2nsito seguro\",\"datePublished\":\"2023-07-25T03:00:27+00:00\",\"dateModified\":\"2023-07-25T10:50:23+00:00\",\"mainEntityOfPage\":{\"@id\":\"https:\/\/www.notibras.com\/site\/cinema-rodoviario-conscientiza-sobre-transito-seguro\/\"},\"wordCount\":584,\"publisher\":{\"@id\":\"https:\/\/www.notibras.com\/site\/#organization\"},\"image\":{\"@id\":\"https:\/\/www.notibras.com\/site\/cinema-rodoviario-conscientiza-sobre-transito-seguro\/#primaryimage\"},\"thumbnailUrl\":\"https:\/\/www.notibras.com\/site\/wp-content\/uploads\/2023\/07\/pzzb1431.jpg\",\"articleSection\":[\"Quadradinho em Foco\"],\"inLanguage\":\"pt-BR\"},{\"@type\":\"WebPage\",\"@id\":\"https:\/\/www.notibras.com\/site\/cinema-rodoviario-conscientiza-sobre-transito-seguro\/\",\"url\":\"https:\/\/www.notibras.com\/site\/cinema-rodoviario-conscientiza-sobre-transito-seguro\/\",\"name\":\"Cinema Rodovi\u00e1rio conscientiza sobre tr\u00e2nsito seguro - Notibras\",\"isPartOf\":{\"@id\":\"https:\/\/www.notibras.com\/site\/#website\"},\"primaryImageOfPage\":{\"@id\":\"https:\/\/www.notibras.com\/site\/cinema-rodoviario-conscientiza-sobre-transito-seguro\/#primaryimage\"},\"image\":{\"@id\":\"https:\/\/www.notibras.com\/site\/cinema-rodoviario-conscientiza-sobre-transito-seguro\/#primaryimage\"},\"thumbnailUrl\":\"https:\/\/www.notibras.com\/site\/wp-content\/uploads\/2023\/07\/pzzb1431.jpg\",\"datePublished\":\"2023-07-25T03:00:27+00:00\",\"dateModified\":\"2023-07-25T10:50:23+00:00\",\"breadcrumb\":{\"@id\":\"https:\/\/www.notibras.com\/site\/cinema-rodoviario-conscientiza-sobre-transito-seguro\/#breadcrumb\"},\"inLanguage\":\"pt-BR\",\"potentialAction\":[{\"@type\":\"ReadAction\",\"target\":[\"https:\/\/www.notibras.com\/site\/cinema-rodoviario-conscientiza-sobre-transito-seguro\/\"]}]},{\"@type\":\"ImageObject\",\"inLanguage\":\"pt-BR\",\"@id\":\"https:\/\/www.notibras.com\/site\/cinema-rodoviario-conscientiza-sobre-transito-seguro\/#primaryimage\",\"url\":\"https:\/\/www.notibras.com\/site\/wp-content\/uploads\/2023\/07\/pzzb1431.jpg\",\"contentUrl\":\"https:\/\/www.notibras.com\/site\/wp-content\/uploads\/2023\/07\/pzzb1431.jpg\",\"width\":1170,\"height\":700,\"caption\":\"Bras\u00edlia-DF, 24\/07\/2023, PRF faz a\u00e7\u00e3o de conscientiza\u00e7\u00e3o, durante comemora\u00e7\u00e3o dos 95 anos da Pol\u00edcia Rodovi\u00e1ria Federal (PRF), em Bras\u00edlia. Foto: Ant\u00f4nio Cruz\/Ag\u00eancia Brasil\"},{\"@type\":\"BreadcrumbList\",\"@id\":\"https:\/\/www.notibras.com\/site\/cinema-rodoviario-conscientiza-sobre-transito-seguro\/#breadcrumb\",\"itemListElement\":[{\"@type\":\"ListItem\",\"position\":1,\"name\":\"In\u00edcio\",\"item\":\"https:\/\/www.notibras.com\/site\/\"},{\"@type\":\"ListItem\",\"position\":2,\"name\":\"Cinema Rodovi\u00e1rio conscientiza sobre tr\u00e2nsito seguro\"}]},{\"@type\":\"WebSite\",\"@id\":\"https:\/\/www.notibras.com\/site\/#website\",\"url\":\"https:\/\/www.notibras.com\/site\/\",\"name\":\"Notibras\",\"description\":\"Not\u00edcias de Bras\u00edlia, do Brasil e do Mundo\",\"publisher\":{\"@id\":\"https:\/\/www.notibras.com\/site\/#organization\"},\"potentialAction\":[{\"@type\":\"SearchAction\",\"target\":{\"@type\":\"EntryPoint\",\"urlTemplate\":\"https:\/\/www.notibras.com\/site\/?s={search_term_string}\"},\"query-input\":{\"@type\":\"PropertyValueSpecification\",\"valueRequired\":true,\"valueName\":\"search_term_string\"}}],\"inLanguage\":\"pt-BR\"},{\"@type\":\"Organization\",\"@id\":\"https:\/\/www.notibras.com\/site\/#organization\",\"name\":\"Grupo Notibras de Comunica\u00e7\u00e3o\",\"url\":\"https:\/\/www.notibras.com\/site\/\",\"logo\":{\"@type\":\"ImageObject\",\"inLanguage\":\"pt-BR\",\"@id\":\"https:\/\/www.notibras.com\/site\/#\/schema\/logo\/image\/\",\"url\":\"https:\/\/www.notibras.com\/site\/wp-content\/uploads\/2023\/01\/notibras23.png\",\"contentUrl\":\"https:\/\/www.notibras.com\/site\/wp-content\/uploads\/2023\/01\/notibras23.png\",\"width\":350,\"height\":87,\"caption\":\"Grupo Notibras de Comunica\u00e7\u00e3o\"},\"image\":{\"@id\":\"https:\/\/www.notibras.com\/site\/#\/schema\/logo\/image\/\"},\"sameAs\":[\"https:\/\/www.facebook.com\/notibras\/\",\"https:\/\/x.com\/Notibras\",\"https:\/\/www.instagram.com\/notibras\/\"]},{\"@type\":\"Person\",\"@id\":\"https:\/\/www.notibras.com\/site\/#\/schema\/person\/36ab0979449956132d3e5b517ea76ac8\",\"name\":\"Reda\u00e7\u00e3o\",\"image\":{\"@type\":\"ImageObject\",\"inLanguage\":\"pt-BR\",\"@id\":\"https:\/\/secure.gravatar.com\/avatar\/e0a867bdedb85fd243eadf09663511f96fc81e0720a4a42581f334ad4303aa6b?s=96&d=mm&r=g\",\"url\":\"https:\/\/secure.gravatar.com\/avatar\/e0a867bdedb85fd243eadf09663511f96fc81e0720a4a42581f334ad4303aa6b?s=96&d=mm&r=g\",\"contentUrl\":\"https:\/\/secure.gravatar.com\/avatar\/e0a867bdedb85fd243eadf09663511f96fc81e0720a4a42581f334ad4303aa6b?s=96&d=mm&r=g\",\"caption\":\"Reda\u00e7\u00e3o\"}}]}<\/script>\n<!-- \/ Yoast SEO plugin. -->","yoast_head_json":{"title":"Cinema Rodovi\u00e1rio conscientiza sobre tr\u00e2nsito seguro - Notibras","robots":{"index":"index","follow":"follow","max-snippet":"max-snippet:-1","max-image-preview":"max-image-preview:large","max-video-preview":"max-video-preview:-1"},"canonical":"https:\/\/www.notibras.com\/site\/cinema-rodoviario-conscientiza-sobre-transito-seguro\/","og_locale":"pt_BR","og_type":"article","og_title":"Cinema Rodovi\u00e1rio conscientiza sobre tr\u00e2nsito seguro - Notibras","og_description":"A Pol\u00edcia Rodovi\u00e1ria Federal (PRF) realizou na segunda-feira (24), a\u00e7\u00f5es de fiscaliza\u00e7\u00e3o de ve\u00edculos combinadas com educa\u00e7\u00e3o para o tr\u00e2nsito, em comemora\u00e7\u00e3o aos 95 anos da institui\u00e7\u00e3o. Na unidade operacional da PRF na BR-020, em Planaltina, foi montado o Cinema Rodovi\u00e1rio, em um caminh\u00e3o com capacidade para receber 45 pessoas. O objetivo da exibi\u00e7\u00e3o dos [&hellip;]","og_url":"https:\/\/www.notibras.com\/site\/cinema-rodoviario-conscientiza-sobre-transito-seguro\/","og_site_name":"Notibras","article_publisher":"https:\/\/www.facebook.com\/notibras\/","article_published_time":"2023-07-25T03:00:27+00:00","article_modified_time":"2023-07-25T10:50:23+00:00","og_image":[{"width":1170,"height":700,"url":"https:\/\/www.notibras.com\/site\/wp-content\/uploads\/2023\/07\/pzzb1431.jpg","type":"image\/jpeg"}],"author":"Reda\u00e7\u00e3o","twitter_card":"summary_large_image","twitter_creator":"@Notibras","twitter_site":"@Notibras","twitter_misc":{"Escrito por":"Reda\u00e7\u00e3o","Est. tempo de leitura":"3 minutos"},"schema":{"@context":"https:\/\/schema.org","@graph":[{"@type":"Article","@id":"https:\/\/www.notibras.com\/site\/cinema-rodoviario-conscientiza-sobre-transito-seguro\/#article","isPartOf":{"@id":"https:\/\/www.notibras.com\/site\/cinema-rodoviario-conscientiza-sobre-transito-seguro\/"},"author":{"name":"Reda\u00e7\u00e3o","@id":"https:\/\/www.notibras.com\/site\/#\/schema\/person\/36ab0979449956132d3e5b517ea76ac8"},"headline":"Cinema Rodovi\u00e1rio conscientiza sobre tr\u00e2nsito seguro","datePublished":"2023-07-25T03:00:27+00:00","dateModified":"2023-07-25T10:50:23+00:00","mainEntityOfPage":{"@id":"https:\/\/www.notibras.com\/site\/cinema-rodoviario-conscientiza-sobre-transito-seguro\/"},"wordCount":584,"publisher":{"@id":"https:\/\/www.notibras.com\/site\/#organization"},"image":{"@id":"https:\/\/www.notibras.com\/site\/cinema-rodoviario-conscientiza-sobre-transito-seguro\/#primaryimage"},"thumbnailUrl":"https:\/\/www.notibras.com\/site\/wp-content\/uploads\/2023\/07\/pzzb1431.jpg","articleSection":["Quadradinho em Foco"],"inLanguage":"pt-BR"},{"@type":"WebPage","@id":"https:\/\/www.notibras.com\/site\/cinema-rodoviario-conscientiza-sobre-transito-seguro\/","url":"https:\/\/www.notibras.com\/site\/cinema-rodoviario-conscientiza-sobre-transito-seguro\/","name":"Cinema Rodovi\u00e1rio conscientiza sobre tr\u00e2nsito seguro - Notibras","isPartOf":{"@id":"https:\/\/www.notibras.com\/site\/#website"},"primaryImageOfPage":{"@id":"https:\/\/www.notibras.com\/site\/cinema-rodoviario-conscientiza-sobre-transito-seguro\/#primaryimage"},"image":{"@id":"https:\/\/www.notibras.com\/site\/cinema-rodoviario-conscientiza-sobre-transito-seguro\/#primaryimage"},"thumbnailUrl":"https:\/\/www.notibras.com\/site\/wp-content\/uploads\/2023\/07\/pzzb1431.jpg","datePublished":"2023-07-25T03:00:27+00:00","dateModified":"2023-07-25T10:50:23+00:00","breadcrumb":{"@id":"https:\/\/www.notibras.com\/site\/cinema-rodoviario-conscientiza-sobre-transito-seguro\/#breadcrumb"},"inLanguage":"pt-BR","potentialAction":[{"@type":"ReadAction","target":["https:\/\/www.notibras.com\/site\/cinema-rodoviario-conscientiza-sobre-transito-seguro\/"]}]},{"@type":"ImageObject","inLanguage":"pt-BR","@id":"https:\/\/www.notibras.com\/site\/cinema-rodoviario-conscientiza-sobre-transito-seguro\/#primaryimage","url":"https:\/\/www.notibras.com\/site\/wp-content\/uploads\/2023\/07\/pzzb1431.jpg","contentUrl":"https:\/\/www.notibras.com\/site\/wp-content\/uploads\/2023\/07\/pzzb1431.jpg","width":1170,"height":700,"caption":"Bras\u00edlia-DF, 24\/07\/2023, PRF faz a\u00e7\u00e3o de conscientiza\u00e7\u00e3o, durante comemora\u00e7\u00e3o dos 95 anos da Pol\u00edcia Rodovi\u00e1ria Federal (PRF), em Bras\u00edlia. Foto: Ant\u00f4nio Cruz\/Ag\u00eancia Brasil"},{"@type":"BreadcrumbList","@id":"https:\/\/www.notibras.com\/site\/cinema-rodoviario-conscientiza-sobre-transito-seguro\/#breadcrumb","itemListElement":[{"@type":"ListItem","position":1,"name":"In\u00edcio","item":"https:\/\/www.notibras.com\/site\/"},{"@type":"ListItem","position":2,"name":"Cinema Rodovi\u00e1rio conscientiza sobre tr\u00e2nsito seguro"}]},{"@type":"WebSite","@id":"https:\/\/www.notibras.com\/site\/#website","url":"https:\/\/www.notibras.com\/site\/","name":"Notibras","description":"Not\u00edcias de Bras\u00edlia, do Brasil e do Mundo","publisher":{"@id":"https:\/\/www.notibras.com\/site\/#organization"},"potentialAction":[{"@type":"SearchAction","target":{"@type":"EntryPoint","urlTemplate":"https:\/\/www.notibras.com\/site\/?s={search_term_string}"},"query-input":{"@type":"PropertyValueSpecification","valueRequired":true,"valueName":"search_term_string"}}],"inLanguage":"pt-BR"},{"@type":"Organization","@id":"https:\/\/www.notibras.com\/site\/#organization","name":"Grupo Notibras de Comunica\u00e7\u00e3o","url":"https:\/\/www.notibras.com\/site\/","logo":{"@type":"ImageObject","inLanguage":"pt-BR","@id":"https:\/\/www.notibras.com\/site\/#\/schema\/logo\/image\/","url":"https:\/\/www.notibras.com\/site\/wp-content\/uploads\/2023\/01\/notibras23.png","contentUrl":"https:\/\/www.notibras.com\/site\/wp-content\/uploads\/2023\/01\/notibras23.png","width":350,"height":87,"caption":"Grupo Notibras de Comunica\u00e7\u00e3o"},"image":{"@id":"https:\/\/www.notibras.com\/site\/#\/schema\/logo\/image\/"},"sameAs":["https:\/\/www.facebook.com\/notibras\/","https:\/\/x.com\/Notibras","https:\/\/www.instagram.com\/notibras\/"]},{"@type":"Person","@id":"https:\/\/www.notibras.com\/site\/#\/schema\/person\/36ab0979449956132d3e5b517ea76ac8","name":"Reda\u00e7\u00e3o","image":{"@type":"ImageObject","inLanguage":"pt-BR","@id":"https:\/\/secure.gravatar.com\/avatar\/e0a867bdedb85fd243eadf09663511f96fc81e0720a4a42581f334ad4303aa6b?s=96&d=mm&r=g","url":"https:\/\/secure.gravatar.com\/avatar\/e0a867bdedb85fd243eadf09663511f96fc81e0720a4a42581f334ad4303aa6b?s=96&d=mm&r=g","contentUrl":"https:\/\/secure.gravatar.com\/avatar\/e0a867bdedb85fd243eadf09663511f96fc81e0720a4a42581f334ad4303aa6b?s=96&d=mm&r=g","caption":"Reda\u00e7\u00e3o"}}]}},"amp_enabled":true,"_links":{"self":[{"href":"https:\/\/www.notibras.com\/site\/wp-json\/wp\/v2\/posts\/309574","targetHints":{"allow":["GET"]}}],"collection":[{"href":"https:\/\/www.notibras.com\/site\/wp-json\/wp\/v2\/posts"}],"about":[{"href":"https:\/\/www.notibras.com\/site\/wp-json\/wp\/v2\/types\/post"}],"author":[{"embeddable":true,"href":"https:\/\/www.notibras.com\/site\/wp-json\/wp\/v2\/users\/2"}],"replies":[{"embeddable":true,"href":"https:\/\/www.notibras.com\/site\/wp-json\/wp\/v2\/comments?post=309574"}],"version-history":[{"count":1,"href":"https:\/\/www.notibras.com\/site\/wp-json\/wp\/v2\/posts\/309574\/revisions"}],"predecessor-version":[{"id":309576,"href":"https:\/\/www.notibras.com\/site\/wp-json\/wp\/v2\/posts\/309574\/revisions\/309576"}],"wp:featuredmedia":[{"embeddable":true,"href":"https:\/\/www.notibras.com\/site\/wp-json\/wp\/v2\/media\/309575"}],"wp:attachment":[{"href":"https:\/\/www.notibras.com\/site\/wp-json\/wp\/v2\/media?parent=309574"}],"wp:term":[{"taxonomy":"category","embeddable":true,"href":"https:\/\/www.notibras.com\/site\/wp-json\/wp\/v2\/categories?post=309574"},{"taxonomy":"post_tag","embeddable":true,"href":"https:\/\/www.notibras.com\/site\/wp-json\/wp\/v2\/tags?post=309574"}],"curies":[{"name":"wp","href":"https:\/\/api.w.org\/{rel}","templated":true}]}}