{"id":309577,"date":"2023-07-25T06:11:39","date_gmt":"2023-07-25T09:11:39","guid":{"rendered":"https:\/\/www.notibras.com\/site\/?p=309577"},"modified":"2023-07-25T08:13:51","modified_gmt":"2023-07-25T11:13:51","slug":"cinema-nosso-prioriza-insercao-de-negras-no-mercado-de-trabalho","status":"publish","type":"post","link":"https:\/\/www.notibras.com\/site\/cinema-nosso-prioriza-insercao-de-negras-no-mercado-de-trabalho\/","title":{"rendered":"Cinema Nosso prioriza inser\u00e7\u00e3o de negras no mercado de trabalho"},"content":{"rendered":"<p>A inser\u00e7\u00e3o de mulheres negras no mercado de trabalho, em especial no mercado audiovisual, \u00e9 a meta da Institui\u00e7\u00e3o Sociocultural Cinema Nosso, disse a coordenadora de projetos de forma\u00e7\u00e3o audiovisual da institui\u00e7\u00e3o, Gabriela Gon\u00e7alves.<\/p>\n<p>O esfor\u00e7o de inserir mulheres no mercado audiovisual est\u00e1 em conson\u00e2ncia com o Dia Internacional da Mulher Negra, Latino Americana e Caribenha, que se celebra em 25 de julho e busca inserir a mulher negra no mercado de trabalho. A institui\u00e7\u00e3o Cinema Nosso objetiva reduzir as desigualdades sociais e proporcionar tecnologia e experi\u00eancias de inclus\u00e3o em um segmento onde a falta de diversidade \u00e9 preocupante.<\/p>\n<p>Pesquisa de 2021 do Departamento Intersindical de Estat\u00edstica e Estudos Socioecon\u00f4micos (Dieese) revela que o desemprego entre as mulheres negras equivale ao dobro do existente entre os homens brancos. Al\u00e9m disso, as mulheres negras recebem os piores sal\u00e1rios. No mercado do audiovisual, apenas 20% e 25% das representantes do sexo feminino ocupam cargos de dire\u00e7\u00e3o e roteiro, respectivamente, de acordo com pesquisa de 2018 do Grupo de Estudos Multidisciplinar da A\u00e7\u00e3o Afirmativa (Gemaa), da Universidade do Estado do Rio de Janeiro (Uerj), e da Ag\u00eancia Nacional do Cinema (Ancine). Quando a sondagem busca a participa\u00e7\u00e3o de mulheres negras e ind\u00edgenas nesses mesmos cargos, o resultado \u00e9 ainda pior, atingindo 0%. Significa que se a faixa de mulheres j\u00e1 \u00e9 pequena, a de mulheres negras ent\u00e3o \u00e9 inexistente.<\/p>\n<p><strong>Lacuna<\/strong><br \/>\nGabriela Gon\u00e7alves informou que n\u00e3o aparece nenhuma porcentagem de mulheres negras em longas-metragens de grande p\u00fablico, tanto no caso de roteiro, como de dire\u00e7\u00e3o. \u201cEssa falta de n\u00famero \u00e9 um dado muito alarmante porque, na verdade, existem mulheres negras dentro dessas posi\u00e7\u00f5es no fazer cinema, no Brasil, principalmente em curtas-metragens\u201d, argumentou.<\/p>\n<p>Segundo Gabriela, as pesquisas apontam a falta de acesso de mulheres negras a recursos p\u00fablicos e a editais para fazer longas-metragens no pa\u00eds. \u201cIsso \u00e9 muito grave porque a popula\u00e7\u00e3o negra brasileira \u00e9 uma taxa muito grande, bem como as mulheres negras s\u00e3o uma porcentagem grande no Brasil. Somos a base da constitui\u00e7\u00e3o da sociedade, no sentido mesmo do trabalho. A\u00ed, quando a gente fala dessa falta de acesso e de recursos para contar as nossas hist\u00f3rias, vemos que o racismo tamb\u00e9m est\u00e1 a\u00ed nesse processo de a gente n\u00e3o ter espa\u00e7o para ser inserida nesse mercado que move economicamente muito o pa\u00eds\u201d, detalha a coordenadora de Projetos de Forma\u00e7\u00e3o Audiovisual.<\/p>\n<p>A coordenadora sustenta que a grande quest\u00e3o \u00e9 quando se vai \u201cracializar\u201d esses acessos e que acaba sendo uma impress\u00e3o do racismo existente na sociedade brasileira, traduzido em falta de acessos, de recursos, de oportunidades. No caso do audiovisual, essa lacuna vai impactar diretamente na constru\u00e7\u00e3o da subjetividade da comunidade negra no geral, apontou. \u201cFalta de acesso de profissionais que estudam e se capacitam para isso; falta de acesso nesses lugares de lideran\u00e7a e de cria\u00e7\u00e3o de narrativas de hist\u00f3rias. Isso vai influenciar nos filmes e em obras de audiovisual como um todo. N\u00e3o s\u00f3 filmes, mas novelas, s\u00e9ries, desenhos, em que a gente n\u00e3o vai se ver. Dificilmente, a gente se identifica com narrativas que n\u00e3o s\u00e3o contadas por n\u00f3s. Vai ficar sempre nesse lugar estereotipado. Por isso, \u00e9 muito importante termos acesso a esses recursos tamb\u00e9m\u201d.<\/p>\n<p><strong>Forma\u00e7\u00e3o<\/strong><br \/>\nPara combater essa realidade, o Cinema Nosso criou o programa \u201cEmpoderamento e Tecnologia: Jovens Negras no Audiovisual\u201d, voltado para mulheres negras, trans e ind\u00edgenas que, desde 2019, formou mais de 100 jovens para o setor. \u201cDesde sempre a gente trabalha com juventudes perif\u00e9ricas e, em 2019, conseguimos startar (come\u00e7ar) a primeira edi\u00e7\u00e3o desse projeto que nos ajuda a fomentar mais esse espa\u00e7o de forma\u00e7\u00e3o para inser\u00e7\u00e3o de mulheres negras no mercado\u201d. O programa contempla tamb\u00e9m pessoas n\u00e3o bin\u00e1rias de todo o Brasil.<\/p>\n<p>\u201cO objetivo \u00e9 promover essa forma\u00e7\u00e3o dentro da \u00e1rea do cinema, de jogos e, tamb\u00e9m de escrita de roteiro para s\u00e9ries, al\u00e9m de colaborar com essa inser\u00e7\u00e3o no mercado, promovendo ainda um projeto de vida e de empregabilidade. Vai trabalhar n\u00e3o s\u00f3 o lado profissional, ajudando na constru\u00e7\u00e3o de curr\u00edculos e portf\u00f3lios, mas tamb\u00e9m as dimens\u00f5es pessoais e sociais, o que essas mulheres querem como objetivo para suas vidas no ecossistema do audiovisual\u201d.<\/p>\n<p>O programa coloca as alunas em contato direto com profissionais da \u00e1rea em oficinas e semin\u00e1rios, que orientam e analisam os projetos estruturados por elas \u201cEles d\u00e3o um fortalecimento muito grande no processo formativo das meninas, entendendo muito desse espelhamento, dessas refer\u00eancias de profissionais que s\u00e3o supertalentosos e capacitados para estarem na \u00e1rea. E elas se verem tamb\u00e9m no talento desses profissionais \u00e9 importante e d\u00e1 um g\u00e1s para elas continuarem na jornada nessa \u00e1rea\u201d.<\/p>\n<p>O ano de 2023 marca a quinta edi\u00e7\u00e3o do programa Empoderamento e Tecnologia: Jovens Negras no Audiovisual, que \u00e9 inteiramente gratuito e oferece a cada ano 150 vagas de roteiro e dire\u00e7\u00e3o nas \u00e1reas de laborat\u00f3rio de roteiro para s\u00e9ries, cinema de fic\u00e7\u00e3o, cinema document\u00e1rio, jogos digitais e jogos mobile (para celulares). Em 2024, a ideia \u00e9 incluir mais uma forma\u00e7\u00e3o no segmento de anima\u00e7\u00e3o, adiantou Gabriela Gon\u00e7alves. As inscri\u00e7\u00f5es s\u00e3o abertas entre mar\u00e7o e abril de cada ano, e o curso tem seis a oito meses de dura\u00e7\u00e3o.<\/p>\n<p><strong>Dia Internacional<\/strong><br \/>\nO primeiro Encontro de Mulheres Negras, Latinas e Caribenhas foi realizado em 1991, em Santos Domingos, na Rep\u00fablica Dominicana. Representantes de 32 na\u00e7\u00f5es se reuniram para discutir formas de combate \u00e0s desigualdades e discrimina\u00e7\u00f5es sofridas pela mulher negra latina e caribenha em seus respectivos pa\u00edses. Ap\u00f3s essa reuni\u00e3o, o dia 25 de julho foi reconhecido pela Organiza\u00e7\u00e3o das Na\u00e7\u00f5es Unidas (ONU) como Dia Internacional da Mulher Negra Latino-Americana e Caribenha. Em 2014, a data foi sancionada no Brasil pela ent\u00e3o presidente Dilma Roussef atrav\u00e9s da Lei 12.987, como parte do calend\u00e1rio oficial nacional.<\/p>\n","protected":false},"excerpt":{"rendered":"<p>A inser\u00e7\u00e3o de mulheres negras no mercado de trabalho, em especial no mercado audiovisual, \u00e9 a meta da Institui\u00e7\u00e3o Sociocultural Cinema Nosso, disse a coordenadora de projetos de forma\u00e7\u00e3o audiovisual da institui\u00e7\u00e3o, Gabriela Gon\u00e7alves. O esfor\u00e7o de inserir mulheres no mercado audiovisual est\u00e1 em conson\u00e2ncia com o Dia Internacional da Mulher Negra, Latino Americana e [&hellip;]<\/p>\n","protected":false},"author":2,"featured_media":309578,"comment_status":"closed","ping_status":"closed","sticky":false,"template":"","format":"standard","meta":{"_acf_changed":false,"footnotes":""},"categories":[161],"tags":[],"class_list":["post-309577","post","type-post","status-publish","format-standard","has-post-thumbnail","hentry","category-quadradinho-em-foco"],"acf":[],"yoast_head":"<!-- This site is optimized with the Yoast SEO plugin v27.2 - https:\/\/yoast.com\/product\/yoast-seo-wordpress\/ -->\n<title>Cinema Nosso prioriza inser\u00e7\u00e3o de negras no mercado de trabalho - Notibras<\/title>\n<meta name=\"robots\" content=\"index, follow, max-snippet:-1, max-image-preview:large, max-video-preview:-1\" \/>\n<link rel=\"canonical\" href=\"https:\/\/www.notibras.com\/site\/cinema-nosso-prioriza-insercao-de-negras-no-mercado-de-trabalho\/\" \/>\n<meta property=\"og:locale\" content=\"pt_BR\" \/>\n<meta property=\"og:type\" content=\"article\" \/>\n<meta property=\"og:title\" content=\"Cinema Nosso prioriza inser\u00e7\u00e3o de negras no mercado de trabalho - Notibras\" \/>\n<meta property=\"og:description\" content=\"A inser\u00e7\u00e3o de mulheres negras no mercado de trabalho, em especial no mercado audiovisual, \u00e9 a meta da Institui\u00e7\u00e3o Sociocultural Cinema Nosso, disse a coordenadora de projetos de forma\u00e7\u00e3o audiovisual da institui\u00e7\u00e3o, Gabriela Gon\u00e7alves. O esfor\u00e7o de inserir mulheres no mercado audiovisual est\u00e1 em conson\u00e2ncia com o Dia Internacional da Mulher Negra, Latino Americana e [&hellip;]\" \/>\n<meta property=\"og:url\" content=\"https:\/\/www.notibras.com\/site\/cinema-nosso-prioriza-insercao-de-negras-no-mercado-de-trabalho\/\" \/>\n<meta property=\"og:site_name\" content=\"Notibras\" \/>\n<meta property=\"article:publisher\" content=\"https:\/\/www.facebook.com\/notibras\/\" \/>\n<meta property=\"article:published_time\" content=\"2023-07-25T09:11:39+00:00\" \/>\n<meta property=\"article:modified_time\" content=\"2023-07-25T11:13:51+00:00\" \/>\n<meta property=\"og:image\" content=\"https:\/\/www.notibras.com\/site\/wp-content\/uploads\/2023\/07\/creditos_-_cinema_nosso.jpg\" \/>\n\t<meta property=\"og:image:width\" content=\"1170\" \/>\n\t<meta property=\"og:image:height\" content=\"700\" \/>\n\t<meta property=\"og:image:type\" content=\"image\/jpeg\" \/>\n<meta name=\"author\" content=\"Reda\u00e7\u00e3o\" \/>\n<meta name=\"twitter:card\" content=\"summary_large_image\" \/>\n<meta name=\"twitter:creator\" content=\"@Notibras\" \/>\n<meta name=\"twitter:site\" content=\"@Notibras\" \/>\n<meta name=\"twitter:label1\" content=\"Escrito por\" \/>\n\t<meta name=\"twitter:data1\" content=\"Reda\u00e7\u00e3o\" \/>\n\t<meta name=\"twitter:label2\" content=\"Est. tempo de leitura\" \/>\n\t<meta name=\"twitter:data2\" content=\"6 minutos\" \/>\n<script type=\"application\/ld+json\" class=\"yoast-schema-graph\">{\"@context\":\"https:\/\/schema.org\",\"@graph\":[{\"@type\":\"Article\",\"@id\":\"https:\/\/www.notibras.com\/site\/cinema-nosso-prioriza-insercao-de-negras-no-mercado-de-trabalho\/#article\",\"isPartOf\":{\"@id\":\"https:\/\/www.notibras.com\/site\/cinema-nosso-prioriza-insercao-de-negras-no-mercado-de-trabalho\/\"},\"author\":{\"name\":\"Reda\u00e7\u00e3o\",\"@id\":\"https:\/\/www.notibras.com\/site\/#\/schema\/person\/36ab0979449956132d3e5b517ea76ac8\"},\"headline\":\"Cinema Nosso prioriza inser\u00e7\u00e3o de negras no mercado de trabalho\",\"datePublished\":\"2023-07-25T09:11:39+00:00\",\"dateModified\":\"2023-07-25T11:13:51+00:00\",\"mainEntityOfPage\":{\"@id\":\"https:\/\/www.notibras.com\/site\/cinema-nosso-prioriza-insercao-de-negras-no-mercado-de-trabalho\/\"},\"wordCount\":1024,\"publisher\":{\"@id\":\"https:\/\/www.notibras.com\/site\/#organization\"},\"image\":{\"@id\":\"https:\/\/www.notibras.com\/site\/cinema-nosso-prioriza-insercao-de-negras-no-mercado-de-trabalho\/#primaryimage\"},\"thumbnailUrl\":\"https:\/\/www.notibras.com\/site\/wp-content\/uploads\/2023\/07\/creditos_-_cinema_nosso.jpg\",\"articleSection\":[\"Quadradinho em Foco\"],\"inLanguage\":\"pt-BR\"},{\"@type\":\"WebPage\",\"@id\":\"https:\/\/www.notibras.com\/site\/cinema-nosso-prioriza-insercao-de-negras-no-mercado-de-trabalho\/\",\"url\":\"https:\/\/www.notibras.com\/site\/cinema-nosso-prioriza-insercao-de-negras-no-mercado-de-trabalho\/\",\"name\":\"Cinema Nosso prioriza inser\u00e7\u00e3o de negras no mercado de trabalho - Notibras\",\"isPartOf\":{\"@id\":\"https:\/\/www.notibras.com\/site\/#website\"},\"primaryImageOfPage\":{\"@id\":\"https:\/\/www.notibras.com\/site\/cinema-nosso-prioriza-insercao-de-negras-no-mercado-de-trabalho\/#primaryimage\"},\"image\":{\"@id\":\"https:\/\/www.notibras.com\/site\/cinema-nosso-prioriza-insercao-de-negras-no-mercado-de-trabalho\/#primaryimage\"},\"thumbnailUrl\":\"https:\/\/www.notibras.com\/site\/wp-content\/uploads\/2023\/07\/creditos_-_cinema_nosso.jpg\",\"datePublished\":\"2023-07-25T09:11:39+00:00\",\"dateModified\":\"2023-07-25T11:13:51+00:00\",\"breadcrumb\":{\"@id\":\"https:\/\/www.notibras.com\/site\/cinema-nosso-prioriza-insercao-de-negras-no-mercado-de-trabalho\/#breadcrumb\"},\"inLanguage\":\"pt-BR\",\"potentialAction\":[{\"@type\":\"ReadAction\",\"target\":[\"https:\/\/www.notibras.com\/site\/cinema-nosso-prioriza-insercao-de-negras-no-mercado-de-trabalho\/\"]}]},{\"@type\":\"ImageObject\",\"inLanguage\":\"pt-BR\",\"@id\":\"https:\/\/www.notibras.com\/site\/cinema-nosso-prioriza-insercao-de-negras-no-mercado-de-trabalho\/#primaryimage\",\"url\":\"https:\/\/www.notibras.com\/site\/wp-content\/uploads\/2023\/07\/creditos_-_cinema_nosso.jpg\",\"contentUrl\":\"https:\/\/www.notibras.com\/site\/wp-content\/uploads\/2023\/07\/creditos_-_cinema_nosso.jpg\",\"width\":1170,\"height\":700},{\"@type\":\"BreadcrumbList\",\"@id\":\"https:\/\/www.notibras.com\/site\/cinema-nosso-prioriza-insercao-de-negras-no-mercado-de-trabalho\/#breadcrumb\",\"itemListElement\":[{\"@type\":\"ListItem\",\"position\":1,\"name\":\"In\u00edcio\",\"item\":\"https:\/\/www.notibras.com\/site\/\"},{\"@type\":\"ListItem\",\"position\":2,\"name\":\"Cinema Nosso prioriza inser\u00e7\u00e3o de negras no mercado de trabalho\"}]},{\"@type\":\"WebSite\",\"@id\":\"https:\/\/www.notibras.com\/site\/#website\",\"url\":\"https:\/\/www.notibras.com\/site\/\",\"name\":\"Notibras\",\"description\":\"Not\u00edcias de Bras\u00edlia, do Brasil e do Mundo\",\"publisher\":{\"@id\":\"https:\/\/www.notibras.com\/site\/#organization\"},\"potentialAction\":[{\"@type\":\"SearchAction\",\"target\":{\"@type\":\"EntryPoint\",\"urlTemplate\":\"https:\/\/www.notibras.com\/site\/?s={search_term_string}\"},\"query-input\":{\"@type\":\"PropertyValueSpecification\",\"valueRequired\":true,\"valueName\":\"search_term_string\"}}],\"inLanguage\":\"pt-BR\"},{\"@type\":\"Organization\",\"@id\":\"https:\/\/www.notibras.com\/site\/#organization\",\"name\":\"Grupo Notibras de Comunica\u00e7\u00e3o\",\"url\":\"https:\/\/www.notibras.com\/site\/\",\"logo\":{\"@type\":\"ImageObject\",\"inLanguage\":\"pt-BR\",\"@id\":\"https:\/\/www.notibras.com\/site\/#\/schema\/logo\/image\/\",\"url\":\"https:\/\/www.notibras.com\/site\/wp-content\/uploads\/2023\/01\/notibras23.png\",\"contentUrl\":\"https:\/\/www.notibras.com\/site\/wp-content\/uploads\/2023\/01\/notibras23.png\",\"width\":350,\"height\":87,\"caption\":\"Grupo Notibras de Comunica\u00e7\u00e3o\"},\"image\":{\"@id\":\"https:\/\/www.notibras.com\/site\/#\/schema\/logo\/image\/\"},\"sameAs\":[\"https:\/\/www.facebook.com\/notibras\/\",\"https:\/\/x.com\/Notibras\",\"https:\/\/www.instagram.com\/notibras\/\"]},{\"@type\":\"Person\",\"@id\":\"https:\/\/www.notibras.com\/site\/#\/schema\/person\/36ab0979449956132d3e5b517ea76ac8\",\"name\":\"Reda\u00e7\u00e3o\",\"image\":{\"@type\":\"ImageObject\",\"inLanguage\":\"pt-BR\",\"@id\":\"https:\/\/secure.gravatar.com\/avatar\/e0a867bdedb85fd243eadf09663511f96fc81e0720a4a42581f334ad4303aa6b?s=96&d=mm&r=g\",\"url\":\"https:\/\/secure.gravatar.com\/avatar\/e0a867bdedb85fd243eadf09663511f96fc81e0720a4a42581f334ad4303aa6b?s=96&d=mm&r=g\",\"contentUrl\":\"https:\/\/secure.gravatar.com\/avatar\/e0a867bdedb85fd243eadf09663511f96fc81e0720a4a42581f334ad4303aa6b?s=96&d=mm&r=g\",\"caption\":\"Reda\u00e7\u00e3o\"}}]}<\/script>\n<!-- \/ Yoast SEO plugin. -->","yoast_head_json":{"title":"Cinema Nosso prioriza inser\u00e7\u00e3o de negras no mercado de trabalho - Notibras","robots":{"index":"index","follow":"follow","max-snippet":"max-snippet:-1","max-image-preview":"max-image-preview:large","max-video-preview":"max-video-preview:-1"},"canonical":"https:\/\/www.notibras.com\/site\/cinema-nosso-prioriza-insercao-de-negras-no-mercado-de-trabalho\/","og_locale":"pt_BR","og_type":"article","og_title":"Cinema Nosso prioriza inser\u00e7\u00e3o de negras no mercado de trabalho - Notibras","og_description":"A inser\u00e7\u00e3o de mulheres negras no mercado de trabalho, em especial no mercado audiovisual, \u00e9 a meta da Institui\u00e7\u00e3o Sociocultural Cinema Nosso, disse a coordenadora de projetos de forma\u00e7\u00e3o audiovisual da institui\u00e7\u00e3o, Gabriela Gon\u00e7alves. O esfor\u00e7o de inserir mulheres no mercado audiovisual est\u00e1 em conson\u00e2ncia com o Dia Internacional da Mulher Negra, Latino Americana e [&hellip;]","og_url":"https:\/\/www.notibras.com\/site\/cinema-nosso-prioriza-insercao-de-negras-no-mercado-de-trabalho\/","og_site_name":"Notibras","article_publisher":"https:\/\/www.facebook.com\/notibras\/","article_published_time":"2023-07-25T09:11:39+00:00","article_modified_time":"2023-07-25T11:13:51+00:00","og_image":[{"width":1170,"height":700,"url":"https:\/\/www.notibras.com\/site\/wp-content\/uploads\/2023\/07\/creditos_-_cinema_nosso.jpg","type":"image\/jpeg"}],"author":"Reda\u00e7\u00e3o","twitter_card":"summary_large_image","twitter_creator":"@Notibras","twitter_site":"@Notibras","twitter_misc":{"Escrito por":"Reda\u00e7\u00e3o","Est. tempo de leitura":"6 minutos"},"schema":{"@context":"https:\/\/schema.org","@graph":[{"@type":"Article","@id":"https:\/\/www.notibras.com\/site\/cinema-nosso-prioriza-insercao-de-negras-no-mercado-de-trabalho\/#article","isPartOf":{"@id":"https:\/\/www.notibras.com\/site\/cinema-nosso-prioriza-insercao-de-negras-no-mercado-de-trabalho\/"},"author":{"name":"Reda\u00e7\u00e3o","@id":"https:\/\/www.notibras.com\/site\/#\/schema\/person\/36ab0979449956132d3e5b517ea76ac8"},"headline":"Cinema Nosso prioriza inser\u00e7\u00e3o de negras no mercado de trabalho","datePublished":"2023-07-25T09:11:39+00:00","dateModified":"2023-07-25T11:13:51+00:00","mainEntityOfPage":{"@id":"https:\/\/www.notibras.com\/site\/cinema-nosso-prioriza-insercao-de-negras-no-mercado-de-trabalho\/"},"wordCount":1024,"publisher":{"@id":"https:\/\/www.notibras.com\/site\/#organization"},"image":{"@id":"https:\/\/www.notibras.com\/site\/cinema-nosso-prioriza-insercao-de-negras-no-mercado-de-trabalho\/#primaryimage"},"thumbnailUrl":"https:\/\/www.notibras.com\/site\/wp-content\/uploads\/2023\/07\/creditos_-_cinema_nosso.jpg","articleSection":["Quadradinho em Foco"],"inLanguage":"pt-BR"},{"@type":"WebPage","@id":"https:\/\/www.notibras.com\/site\/cinema-nosso-prioriza-insercao-de-negras-no-mercado-de-trabalho\/","url":"https:\/\/www.notibras.com\/site\/cinema-nosso-prioriza-insercao-de-negras-no-mercado-de-trabalho\/","name":"Cinema Nosso prioriza inser\u00e7\u00e3o de negras no mercado de trabalho - Notibras","isPartOf":{"@id":"https:\/\/www.notibras.com\/site\/#website"},"primaryImageOfPage":{"@id":"https:\/\/www.notibras.com\/site\/cinema-nosso-prioriza-insercao-de-negras-no-mercado-de-trabalho\/#primaryimage"},"image":{"@id":"https:\/\/www.notibras.com\/site\/cinema-nosso-prioriza-insercao-de-negras-no-mercado-de-trabalho\/#primaryimage"},"thumbnailUrl":"https:\/\/www.notibras.com\/site\/wp-content\/uploads\/2023\/07\/creditos_-_cinema_nosso.jpg","datePublished":"2023-07-25T09:11:39+00:00","dateModified":"2023-07-25T11:13:51+00:00","breadcrumb":{"@id":"https:\/\/www.notibras.com\/site\/cinema-nosso-prioriza-insercao-de-negras-no-mercado-de-trabalho\/#breadcrumb"},"inLanguage":"pt-BR","potentialAction":[{"@type":"ReadAction","target":["https:\/\/www.notibras.com\/site\/cinema-nosso-prioriza-insercao-de-negras-no-mercado-de-trabalho\/"]}]},{"@type":"ImageObject","inLanguage":"pt-BR","@id":"https:\/\/www.notibras.com\/site\/cinema-nosso-prioriza-insercao-de-negras-no-mercado-de-trabalho\/#primaryimage","url":"https:\/\/www.notibras.com\/site\/wp-content\/uploads\/2023\/07\/creditos_-_cinema_nosso.jpg","contentUrl":"https:\/\/www.notibras.com\/site\/wp-content\/uploads\/2023\/07\/creditos_-_cinema_nosso.jpg","width":1170,"height":700},{"@type":"BreadcrumbList","@id":"https:\/\/www.notibras.com\/site\/cinema-nosso-prioriza-insercao-de-negras-no-mercado-de-trabalho\/#breadcrumb","itemListElement":[{"@type":"ListItem","position":1,"name":"In\u00edcio","item":"https:\/\/www.notibras.com\/site\/"},{"@type":"ListItem","position":2,"name":"Cinema Nosso prioriza inser\u00e7\u00e3o de negras no mercado de trabalho"}]},{"@type":"WebSite","@id":"https:\/\/www.notibras.com\/site\/#website","url":"https:\/\/www.notibras.com\/site\/","name":"Notibras","description":"Not\u00edcias de Bras\u00edlia, do Brasil e do Mundo","publisher":{"@id":"https:\/\/www.notibras.com\/site\/#organization"},"potentialAction":[{"@type":"SearchAction","target":{"@type":"EntryPoint","urlTemplate":"https:\/\/www.notibras.com\/site\/?s={search_term_string}"},"query-input":{"@type":"PropertyValueSpecification","valueRequired":true,"valueName":"search_term_string"}}],"inLanguage":"pt-BR"},{"@type":"Organization","@id":"https:\/\/www.notibras.com\/site\/#organization","name":"Grupo Notibras de Comunica\u00e7\u00e3o","url":"https:\/\/www.notibras.com\/site\/","logo":{"@type":"ImageObject","inLanguage":"pt-BR","@id":"https:\/\/www.notibras.com\/site\/#\/schema\/logo\/image\/","url":"https:\/\/www.notibras.com\/site\/wp-content\/uploads\/2023\/01\/notibras23.png","contentUrl":"https:\/\/www.notibras.com\/site\/wp-content\/uploads\/2023\/01\/notibras23.png","width":350,"height":87,"caption":"Grupo Notibras de Comunica\u00e7\u00e3o"},"image":{"@id":"https:\/\/www.notibras.com\/site\/#\/schema\/logo\/image\/"},"sameAs":["https:\/\/www.facebook.com\/notibras\/","https:\/\/x.com\/Notibras","https:\/\/www.instagram.com\/notibras\/"]},{"@type":"Person","@id":"https:\/\/www.notibras.com\/site\/#\/schema\/person\/36ab0979449956132d3e5b517ea76ac8","name":"Reda\u00e7\u00e3o","image":{"@type":"ImageObject","inLanguage":"pt-BR","@id":"https:\/\/secure.gravatar.com\/avatar\/e0a867bdedb85fd243eadf09663511f96fc81e0720a4a42581f334ad4303aa6b?s=96&d=mm&r=g","url":"https:\/\/secure.gravatar.com\/avatar\/e0a867bdedb85fd243eadf09663511f96fc81e0720a4a42581f334ad4303aa6b?s=96&d=mm&r=g","contentUrl":"https:\/\/secure.gravatar.com\/avatar\/e0a867bdedb85fd243eadf09663511f96fc81e0720a4a42581f334ad4303aa6b?s=96&d=mm&r=g","caption":"Reda\u00e7\u00e3o"}}]}},"amp_enabled":true,"_links":{"self":[{"href":"https:\/\/www.notibras.com\/site\/wp-json\/wp\/v2\/posts\/309577","targetHints":{"allow":["GET"]}}],"collection":[{"href":"https:\/\/www.notibras.com\/site\/wp-json\/wp\/v2\/posts"}],"about":[{"href":"https:\/\/www.notibras.com\/site\/wp-json\/wp\/v2\/types\/post"}],"author":[{"embeddable":true,"href":"https:\/\/www.notibras.com\/site\/wp-json\/wp\/v2\/users\/2"}],"replies":[{"embeddable":true,"href":"https:\/\/www.notibras.com\/site\/wp-json\/wp\/v2\/comments?post=309577"}],"version-history":[{"count":1,"href":"https:\/\/www.notibras.com\/site\/wp-json\/wp\/v2\/posts\/309577\/revisions"}],"predecessor-version":[{"id":309579,"href":"https:\/\/www.notibras.com\/site\/wp-json\/wp\/v2\/posts\/309577\/revisions\/309579"}],"wp:featuredmedia":[{"embeddable":true,"href":"https:\/\/www.notibras.com\/site\/wp-json\/wp\/v2\/media\/309578"}],"wp:attachment":[{"href":"https:\/\/www.notibras.com\/site\/wp-json\/wp\/v2\/media?parent=309577"}],"wp:term":[{"taxonomy":"category","embeddable":true,"href":"https:\/\/www.notibras.com\/site\/wp-json\/wp\/v2\/categories?post=309577"},{"taxonomy":"post_tag","embeddable":true,"href":"https:\/\/www.notibras.com\/site\/wp-json\/wp\/v2\/tags?post=309577"}],"curies":[{"name":"wp","href":"https:\/\/api.w.org\/{rel}","templated":true}]}}