{"id":309580,"date":"2023-07-25T00:00:17","date_gmt":"2023-07-25T03:00:17","guid":{"rendered":"https:\/\/www.notibras.com\/site\/?p=309580"},"modified":"2023-07-25T08:19:57","modified_gmt":"2023-07-25T11:19:57","slug":"mutirao-para-negociacao-de-dividas-comeca-forte","status":"publish","type":"post","link":"https:\/\/www.notibras.com\/site\/mutirao-para-negociacao-de-dividas-comeca-forte\/","title":{"rendered":"Mutir\u00e3o para negocia\u00e7\u00e3o de d\u00edvidas come\u00e7a forte"},"content":{"rendered":"<p>Filas foram vistas na segunda-feira, 24, quando os brasileiros com contas atrasadas, de qualquer natureza ou valor e independentemente de sua renda, come\u00e7aram a recorrer aos \u00f3rg\u00e3os de defesa do consumidor para renegociar suas d\u00edvidas.<\/p>\n<p>Coordenado pela Secretaria Nacional do Consumidor (Senacon), do Minist\u00e9rio da Justi\u00e7a e Seguran\u00e7a P\u00fablica, e batizado de Renegocia!, o mutir\u00e3o nacional se estender\u00e1 at\u00e9 o dia 11 de agosto. A iniciativa visa auxiliar os cidad\u00e3os em dificuldades financeiras antes que suas d\u00edvidas superem suas capacidades de pagamento.<\/p>\n<p>\u201cEstamos come\u00e7ando hoje [segunda-feira] o mutir\u00e3o de renegocia\u00e7\u00e3o de d\u00edvidas\u201d, anunciou o ministro da Justi\u00e7a e Seguran\u00e7a P\u00fablica, Fl\u00e1vio Dino, ao participar da coletiva de imprensa sobre a opera\u00e7\u00e3o que a Pol\u00edcia Federal (PF) deflagrou esta manh\u00e3, no Rio de Janeiro, para deter o ex-bombeiro Maxwell Sim\u00f5es Corr\u00eaa, suspeito de envolvimento na morte da vereadora carioca Marielle Franco (PSOL), em 14 de mar\u00e7o de 2018.<\/p>\n<p>\u201cImportante frisar que temos a participa\u00e7\u00e3o de aproximadamente 250 Procons estaduais e municipais [no Renegocia!]. Este mutir\u00e3o \u00e9 importante e se estender\u00e1 pelas pr\u00f3ximas semanas\u201d, acrescentou o ministro.<\/p>\n<p>O mutir\u00e3o nacional para renegocia\u00e7\u00e3o de d\u00edvidas acontece pouco mais de um m\u00eas ap\u00f3s o governo federal lan\u00e7ar o Programa Emergencial de Renegocia\u00e7\u00e3o de D\u00edvidas de Pessoas F\u00edsicas Inadimplentes, o Desenrola Brasil.<\/p>\n<p>Em junho, o Pal\u00e1cio do Planalto editou o Decreto 11.567\/2023, elevando de R$ 303 para R$ 600 a quantia m\u00ednima da renda de qualquer cidad\u00e3o brasileiro que deve ser preservada em caso de negocia\u00e7\u00f5es de d\u00edvidas atrasadas.<\/p>\n<p>De acordo com a Senacon, o Renegocia! e o Desenrola Brasil s\u00e3o a\u00e7\u00f5es complementares. A diferen\u00e7a entre as duas a\u00e7\u00f5es \u00e9 que no Renegocia! n\u00e3o h\u00e1 um valor limite para a d\u00edvida e nem restri\u00e7\u00e3o de renda dos consumidores que queiram negociar n\u00e3o s\u00f3 d\u00edvidas banc\u00e1rias, mas tamb\u00e9m com lojas e servi\u00e7os como \u00e1gua e luz. Ficam de fora do programa apenas as d\u00edvidas com pens\u00e3o aliment\u00edcia, cr\u00e9dito rural e imobili\u00e1rio, que n\u00e3o podem ser repactuadas.<\/p>\n<p>J\u00e1 no Desenrola Brasil, foram definidas duas faixas de ades\u00e3o ao programa. A faixa 1 \u00e9 para quem tem renda mensal de at\u00e9 dois sal\u00e1rios m\u00ednimos, o que atualmente soma R$ 2.640, e ainda para devedores inscritos no Cadastro \u00danico para Programas Sociais do Governo Federal (Cad\u00danico). Para esse grupo, a d\u00edvida n\u00e3o pode ultrapassar R$ 5 mil. A faixa 2 atende aos devedores com renda mensal de at\u00e9 R$ 20 mil, e que podem quitar as d\u00edvidas de forma parcelada, a partir de 12 presta\u00e7\u00f5es.<\/p>\n<p>Al\u00e9m de promover a media\u00e7\u00e3o entre credores e devedores, a Senacon tamb\u00e9m promove educa\u00e7\u00e3o financeira e conscientiza\u00e7\u00e3o sobre o consumo de cr\u00e9dito respons\u00e1vel. O objetivo \u00e9 incentivar os consumidores a refletirem sobre suas finan\u00e7as pessoais e adotarem pr\u00e1ticas que evitem o superendividamento, tais como o planejamento financeiro e o consumo consciente.<\/p>\n<p>A Senacon j\u00e1 disp\u00f5e de um canal dedicado a fornecer informa\u00e7\u00f5es e orienta\u00e7\u00f5es sobre o superendividamento no Brasil, incluindo seus principais conceitos e dicas pr\u00e1ticas para evitar e superar essa condi\u00e7\u00e3o.<\/p>\n","protected":false},"excerpt":{"rendered":"<p>Filas foram vistas na segunda-feira, 24, quando os brasileiros com contas atrasadas, de qualquer natureza ou valor e independentemente de sua renda, come\u00e7aram a recorrer aos \u00f3rg\u00e3os de defesa do consumidor para renegociar suas d\u00edvidas. Coordenado pela Secretaria Nacional do Consumidor (Senacon), do Minist\u00e9rio da Justi\u00e7a e Seguran\u00e7a P\u00fablica, e batizado de Renegocia!, o mutir\u00e3o [&hellip;]<\/p>\n","protected":false},"author":2,"featured_media":309581,"comment_status":"closed","ping_status":"closed","sticky":false,"template":"","format":"standard","meta":{"_acf_changed":false,"footnotes":""},"categories":[161],"tags":[],"class_list":["post-309580","post","type-post","status-publish","format-standard","has-post-thumbnail","hentry","category-quadradinho-em-foco"],"acf":[],"yoast_head":"<!-- This site is optimized with the Yoast SEO plugin v27.2 - https:\/\/yoast.com\/product\/yoast-seo-wordpress\/ -->\n<title>Mutir\u00e3o para negocia\u00e7\u00e3o de d\u00edvidas come\u00e7a forte - Notibras<\/title>\n<meta name=\"robots\" content=\"index, follow, max-snippet:-1, max-image-preview:large, max-video-preview:-1\" \/>\n<link rel=\"canonical\" href=\"https:\/\/www.notibras.com\/site\/mutirao-para-negociacao-de-dividas-comeca-forte\/\" \/>\n<meta property=\"og:locale\" content=\"pt_BR\" \/>\n<meta property=\"og:type\" content=\"article\" \/>\n<meta property=\"og:title\" content=\"Mutir\u00e3o para negocia\u00e7\u00e3o de d\u00edvidas come\u00e7a forte - Notibras\" \/>\n<meta property=\"og:description\" content=\"Filas foram vistas na segunda-feira, 24, quando os brasileiros com contas atrasadas, de qualquer natureza ou valor e independentemente de sua renda, come\u00e7aram a recorrer aos \u00f3rg\u00e3os de defesa do consumidor para renegociar suas d\u00edvidas. Coordenado pela Secretaria Nacional do Consumidor (Senacon), do Minist\u00e9rio da Justi\u00e7a e Seguran\u00e7a P\u00fablica, e batizado de Renegocia!, o mutir\u00e3o [&hellip;]\" \/>\n<meta property=\"og:url\" content=\"https:\/\/www.notibras.com\/site\/mutirao-para-negociacao-de-dividas-comeca-forte\/\" \/>\n<meta property=\"og:site_name\" content=\"Notibras\" \/>\n<meta property=\"article:publisher\" content=\"https:\/\/www.facebook.com\/notibras\/\" \/>\n<meta property=\"article:published_time\" content=\"2023-07-25T03:00:17+00:00\" \/>\n<meta property=\"article:modified_time\" content=\"2023-07-25T11:19:57+00:00\" \/>\n<meta property=\"og:image\" content=\"https:\/\/www.notibras.com\/site\/wp-content\/uploads\/2023\/07\/real_moeda_dinheiro_mcajr_2904223671-8.jpg\" \/>\n\t<meta property=\"og:image:width\" content=\"1170\" \/>\n\t<meta property=\"og:image:height\" content=\"700\" \/>\n\t<meta property=\"og:image:type\" content=\"image\/jpeg\" \/>\n<meta name=\"author\" content=\"Reda\u00e7\u00e3o\" \/>\n<meta name=\"twitter:card\" content=\"summary_large_image\" \/>\n<meta name=\"twitter:creator\" content=\"@Notibras\" \/>\n<meta name=\"twitter:site\" content=\"@Notibras\" \/>\n<meta name=\"twitter:label1\" content=\"Escrito por\" \/>\n\t<meta name=\"twitter:data1\" content=\"Reda\u00e7\u00e3o\" \/>\n\t<meta name=\"twitter:label2\" content=\"Est. tempo de leitura\" \/>\n\t<meta name=\"twitter:data2\" content=\"3 minutos\" \/>\n<script type=\"application\/ld+json\" class=\"yoast-schema-graph\">{\"@context\":\"https:\/\/schema.org\",\"@graph\":[{\"@type\":\"Article\",\"@id\":\"https:\/\/www.notibras.com\/site\/mutirao-para-negociacao-de-dividas-comeca-forte\/#article\",\"isPartOf\":{\"@id\":\"https:\/\/www.notibras.com\/site\/mutirao-para-negociacao-de-dividas-comeca-forte\/\"},\"author\":{\"name\":\"Reda\u00e7\u00e3o\",\"@id\":\"https:\/\/www.notibras.com\/site\/#\/schema\/person\/36ab0979449956132d3e5b517ea76ac8\"},\"headline\":\"Mutir\u00e3o para negocia\u00e7\u00e3o de d\u00edvidas come\u00e7a forte\",\"datePublished\":\"2023-07-25T03:00:17+00:00\",\"dateModified\":\"2023-07-25T11:19:57+00:00\",\"mainEntityOfPage\":{\"@id\":\"https:\/\/www.notibras.com\/site\/mutirao-para-negociacao-de-dividas-comeca-forte\/\"},\"wordCount\":561,\"publisher\":{\"@id\":\"https:\/\/www.notibras.com\/site\/#organization\"},\"image\":{\"@id\":\"https:\/\/www.notibras.com\/site\/mutirao-para-negociacao-de-dividas-comeca-forte\/#primaryimage\"},\"thumbnailUrl\":\"https:\/\/www.notibras.com\/site\/wp-content\/uploads\/2023\/07\/real_moeda_dinheiro_mcajr_2904223671-8.jpg\",\"articleSection\":[\"Quadradinho em Foco\"],\"inLanguage\":\"pt-BR\"},{\"@type\":\"WebPage\",\"@id\":\"https:\/\/www.notibras.com\/site\/mutirao-para-negociacao-de-dividas-comeca-forte\/\",\"url\":\"https:\/\/www.notibras.com\/site\/mutirao-para-negociacao-de-dividas-comeca-forte\/\",\"name\":\"Mutir\u00e3o para negocia\u00e7\u00e3o de d\u00edvidas come\u00e7a forte - Notibras\",\"isPartOf\":{\"@id\":\"https:\/\/www.notibras.com\/site\/#website\"},\"primaryImageOfPage\":{\"@id\":\"https:\/\/www.notibras.com\/site\/mutirao-para-negociacao-de-dividas-comeca-forte\/#primaryimage\"},\"image\":{\"@id\":\"https:\/\/www.notibras.com\/site\/mutirao-para-negociacao-de-dividas-comeca-forte\/#primaryimage\"},\"thumbnailUrl\":\"https:\/\/www.notibras.com\/site\/wp-content\/uploads\/2023\/07\/real_moeda_dinheiro_mcajr_2904223671-8.jpg\",\"datePublished\":\"2023-07-25T03:00:17+00:00\",\"dateModified\":\"2023-07-25T11:19:57+00:00\",\"breadcrumb\":{\"@id\":\"https:\/\/www.notibras.com\/site\/mutirao-para-negociacao-de-dividas-comeca-forte\/#breadcrumb\"},\"inLanguage\":\"pt-BR\",\"potentialAction\":[{\"@type\":\"ReadAction\",\"target\":[\"https:\/\/www.notibras.com\/site\/mutirao-para-negociacao-de-dividas-comeca-forte\/\"]}]},{\"@type\":\"ImageObject\",\"inLanguage\":\"pt-BR\",\"@id\":\"https:\/\/www.notibras.com\/site\/mutirao-para-negociacao-de-dividas-comeca-forte\/#primaryimage\",\"url\":\"https:\/\/www.notibras.com\/site\/wp-content\/uploads\/2023\/07\/real_moeda_dinheiro_mcajr_2904223671-8.jpg\",\"contentUrl\":\"https:\/\/www.notibras.com\/site\/wp-content\/uploads\/2023\/07\/real_moeda_dinheiro_mcajr_2904223671-8.jpg\",\"width\":1170,\"height\":700,\"caption\":\"Real Moeda brasileira\"},{\"@type\":\"BreadcrumbList\",\"@id\":\"https:\/\/www.notibras.com\/site\/mutirao-para-negociacao-de-dividas-comeca-forte\/#breadcrumb\",\"itemListElement\":[{\"@type\":\"ListItem\",\"position\":1,\"name\":\"In\u00edcio\",\"item\":\"https:\/\/www.notibras.com\/site\/\"},{\"@type\":\"ListItem\",\"position\":2,\"name\":\"Mutir\u00e3o para negocia\u00e7\u00e3o de d\u00edvidas come\u00e7a forte\"}]},{\"@type\":\"WebSite\",\"@id\":\"https:\/\/www.notibras.com\/site\/#website\",\"url\":\"https:\/\/www.notibras.com\/site\/\",\"name\":\"Notibras\",\"description\":\"Not\u00edcias de Bras\u00edlia, do Brasil e do Mundo\",\"publisher\":{\"@id\":\"https:\/\/www.notibras.com\/site\/#organization\"},\"potentialAction\":[{\"@type\":\"SearchAction\",\"target\":{\"@type\":\"EntryPoint\",\"urlTemplate\":\"https:\/\/www.notibras.com\/site\/?s={search_term_string}\"},\"query-input\":{\"@type\":\"PropertyValueSpecification\",\"valueRequired\":true,\"valueName\":\"search_term_string\"}}],\"inLanguage\":\"pt-BR\"},{\"@type\":\"Organization\",\"@id\":\"https:\/\/www.notibras.com\/site\/#organization\",\"name\":\"Grupo Notibras de Comunica\u00e7\u00e3o\",\"url\":\"https:\/\/www.notibras.com\/site\/\",\"logo\":{\"@type\":\"ImageObject\",\"inLanguage\":\"pt-BR\",\"@id\":\"https:\/\/www.notibras.com\/site\/#\/schema\/logo\/image\/\",\"url\":\"https:\/\/www.notibras.com\/site\/wp-content\/uploads\/2023\/01\/notibras23.png\",\"contentUrl\":\"https:\/\/www.notibras.com\/site\/wp-content\/uploads\/2023\/01\/notibras23.png\",\"width\":350,\"height\":87,\"caption\":\"Grupo Notibras de Comunica\u00e7\u00e3o\"},\"image\":{\"@id\":\"https:\/\/www.notibras.com\/site\/#\/schema\/logo\/image\/\"},\"sameAs\":[\"https:\/\/www.facebook.com\/notibras\/\",\"https:\/\/x.com\/Notibras\",\"https:\/\/www.instagram.com\/notibras\/\"]},{\"@type\":\"Person\",\"@id\":\"https:\/\/www.notibras.com\/site\/#\/schema\/person\/36ab0979449956132d3e5b517ea76ac8\",\"name\":\"Reda\u00e7\u00e3o\",\"image\":{\"@type\":\"ImageObject\",\"inLanguage\":\"pt-BR\",\"@id\":\"https:\/\/secure.gravatar.com\/avatar\/e0a867bdedb85fd243eadf09663511f96fc81e0720a4a42581f334ad4303aa6b?s=96&d=mm&r=g\",\"url\":\"https:\/\/secure.gravatar.com\/avatar\/e0a867bdedb85fd243eadf09663511f96fc81e0720a4a42581f334ad4303aa6b?s=96&d=mm&r=g\",\"contentUrl\":\"https:\/\/secure.gravatar.com\/avatar\/e0a867bdedb85fd243eadf09663511f96fc81e0720a4a42581f334ad4303aa6b?s=96&d=mm&r=g\",\"caption\":\"Reda\u00e7\u00e3o\"}}]}<\/script>\n<!-- \/ Yoast SEO plugin. -->","yoast_head_json":{"title":"Mutir\u00e3o para negocia\u00e7\u00e3o de d\u00edvidas come\u00e7a forte - Notibras","robots":{"index":"index","follow":"follow","max-snippet":"max-snippet:-1","max-image-preview":"max-image-preview:large","max-video-preview":"max-video-preview:-1"},"canonical":"https:\/\/www.notibras.com\/site\/mutirao-para-negociacao-de-dividas-comeca-forte\/","og_locale":"pt_BR","og_type":"article","og_title":"Mutir\u00e3o para negocia\u00e7\u00e3o de d\u00edvidas come\u00e7a forte - Notibras","og_description":"Filas foram vistas na segunda-feira, 24, quando os brasileiros com contas atrasadas, de qualquer natureza ou valor e independentemente de sua renda, come\u00e7aram a recorrer aos \u00f3rg\u00e3os de defesa do consumidor para renegociar suas d\u00edvidas. Coordenado pela Secretaria Nacional do Consumidor (Senacon), do Minist\u00e9rio da Justi\u00e7a e Seguran\u00e7a P\u00fablica, e batizado de Renegocia!, o mutir\u00e3o [&hellip;]","og_url":"https:\/\/www.notibras.com\/site\/mutirao-para-negociacao-de-dividas-comeca-forte\/","og_site_name":"Notibras","article_publisher":"https:\/\/www.facebook.com\/notibras\/","article_published_time":"2023-07-25T03:00:17+00:00","article_modified_time":"2023-07-25T11:19:57+00:00","og_image":[{"width":1170,"height":700,"url":"https:\/\/www.notibras.com\/site\/wp-content\/uploads\/2023\/07\/real_moeda_dinheiro_mcajr_2904223671-8.jpg","type":"image\/jpeg"}],"author":"Reda\u00e7\u00e3o","twitter_card":"summary_large_image","twitter_creator":"@Notibras","twitter_site":"@Notibras","twitter_misc":{"Escrito por":"Reda\u00e7\u00e3o","Est. tempo de leitura":"3 minutos"},"schema":{"@context":"https:\/\/schema.org","@graph":[{"@type":"Article","@id":"https:\/\/www.notibras.com\/site\/mutirao-para-negociacao-de-dividas-comeca-forte\/#article","isPartOf":{"@id":"https:\/\/www.notibras.com\/site\/mutirao-para-negociacao-de-dividas-comeca-forte\/"},"author":{"name":"Reda\u00e7\u00e3o","@id":"https:\/\/www.notibras.com\/site\/#\/schema\/person\/36ab0979449956132d3e5b517ea76ac8"},"headline":"Mutir\u00e3o para negocia\u00e7\u00e3o de d\u00edvidas come\u00e7a forte","datePublished":"2023-07-25T03:00:17+00:00","dateModified":"2023-07-25T11:19:57+00:00","mainEntityOfPage":{"@id":"https:\/\/www.notibras.com\/site\/mutirao-para-negociacao-de-dividas-comeca-forte\/"},"wordCount":561,"publisher":{"@id":"https:\/\/www.notibras.com\/site\/#organization"},"image":{"@id":"https:\/\/www.notibras.com\/site\/mutirao-para-negociacao-de-dividas-comeca-forte\/#primaryimage"},"thumbnailUrl":"https:\/\/www.notibras.com\/site\/wp-content\/uploads\/2023\/07\/real_moeda_dinheiro_mcajr_2904223671-8.jpg","articleSection":["Quadradinho em Foco"],"inLanguage":"pt-BR"},{"@type":"WebPage","@id":"https:\/\/www.notibras.com\/site\/mutirao-para-negociacao-de-dividas-comeca-forte\/","url":"https:\/\/www.notibras.com\/site\/mutirao-para-negociacao-de-dividas-comeca-forte\/","name":"Mutir\u00e3o para negocia\u00e7\u00e3o de d\u00edvidas come\u00e7a forte - Notibras","isPartOf":{"@id":"https:\/\/www.notibras.com\/site\/#website"},"primaryImageOfPage":{"@id":"https:\/\/www.notibras.com\/site\/mutirao-para-negociacao-de-dividas-comeca-forte\/#primaryimage"},"image":{"@id":"https:\/\/www.notibras.com\/site\/mutirao-para-negociacao-de-dividas-comeca-forte\/#primaryimage"},"thumbnailUrl":"https:\/\/www.notibras.com\/site\/wp-content\/uploads\/2023\/07\/real_moeda_dinheiro_mcajr_2904223671-8.jpg","datePublished":"2023-07-25T03:00:17+00:00","dateModified":"2023-07-25T11:19:57+00:00","breadcrumb":{"@id":"https:\/\/www.notibras.com\/site\/mutirao-para-negociacao-de-dividas-comeca-forte\/#breadcrumb"},"inLanguage":"pt-BR","potentialAction":[{"@type":"ReadAction","target":["https:\/\/www.notibras.com\/site\/mutirao-para-negociacao-de-dividas-comeca-forte\/"]}]},{"@type":"ImageObject","inLanguage":"pt-BR","@id":"https:\/\/www.notibras.com\/site\/mutirao-para-negociacao-de-dividas-comeca-forte\/#primaryimage","url":"https:\/\/www.notibras.com\/site\/wp-content\/uploads\/2023\/07\/real_moeda_dinheiro_mcajr_2904223671-8.jpg","contentUrl":"https:\/\/www.notibras.com\/site\/wp-content\/uploads\/2023\/07\/real_moeda_dinheiro_mcajr_2904223671-8.jpg","width":1170,"height":700,"caption":"Real Moeda brasileira"},{"@type":"BreadcrumbList","@id":"https:\/\/www.notibras.com\/site\/mutirao-para-negociacao-de-dividas-comeca-forte\/#breadcrumb","itemListElement":[{"@type":"ListItem","position":1,"name":"In\u00edcio","item":"https:\/\/www.notibras.com\/site\/"},{"@type":"ListItem","position":2,"name":"Mutir\u00e3o para negocia\u00e7\u00e3o de d\u00edvidas come\u00e7a forte"}]},{"@type":"WebSite","@id":"https:\/\/www.notibras.com\/site\/#website","url":"https:\/\/www.notibras.com\/site\/","name":"Notibras","description":"Not\u00edcias de Bras\u00edlia, do Brasil e do Mundo","publisher":{"@id":"https:\/\/www.notibras.com\/site\/#organization"},"potentialAction":[{"@type":"SearchAction","target":{"@type":"EntryPoint","urlTemplate":"https:\/\/www.notibras.com\/site\/?s={search_term_string}"},"query-input":{"@type":"PropertyValueSpecification","valueRequired":true,"valueName":"search_term_string"}}],"inLanguage":"pt-BR"},{"@type":"Organization","@id":"https:\/\/www.notibras.com\/site\/#organization","name":"Grupo Notibras de Comunica\u00e7\u00e3o","url":"https:\/\/www.notibras.com\/site\/","logo":{"@type":"ImageObject","inLanguage":"pt-BR","@id":"https:\/\/www.notibras.com\/site\/#\/schema\/logo\/image\/","url":"https:\/\/www.notibras.com\/site\/wp-content\/uploads\/2023\/01\/notibras23.png","contentUrl":"https:\/\/www.notibras.com\/site\/wp-content\/uploads\/2023\/01\/notibras23.png","width":350,"height":87,"caption":"Grupo Notibras de Comunica\u00e7\u00e3o"},"image":{"@id":"https:\/\/www.notibras.com\/site\/#\/schema\/logo\/image\/"},"sameAs":["https:\/\/www.facebook.com\/notibras\/","https:\/\/x.com\/Notibras","https:\/\/www.instagram.com\/notibras\/"]},{"@type":"Person","@id":"https:\/\/www.notibras.com\/site\/#\/schema\/person\/36ab0979449956132d3e5b517ea76ac8","name":"Reda\u00e7\u00e3o","image":{"@type":"ImageObject","inLanguage":"pt-BR","@id":"https:\/\/secure.gravatar.com\/avatar\/e0a867bdedb85fd243eadf09663511f96fc81e0720a4a42581f334ad4303aa6b?s=96&d=mm&r=g","url":"https:\/\/secure.gravatar.com\/avatar\/e0a867bdedb85fd243eadf09663511f96fc81e0720a4a42581f334ad4303aa6b?s=96&d=mm&r=g","contentUrl":"https:\/\/secure.gravatar.com\/avatar\/e0a867bdedb85fd243eadf09663511f96fc81e0720a4a42581f334ad4303aa6b?s=96&d=mm&r=g","caption":"Reda\u00e7\u00e3o"}}]}},"amp_enabled":true,"_links":{"self":[{"href":"https:\/\/www.notibras.com\/site\/wp-json\/wp\/v2\/posts\/309580","targetHints":{"allow":["GET"]}}],"collection":[{"href":"https:\/\/www.notibras.com\/site\/wp-json\/wp\/v2\/posts"}],"about":[{"href":"https:\/\/www.notibras.com\/site\/wp-json\/wp\/v2\/types\/post"}],"author":[{"embeddable":true,"href":"https:\/\/www.notibras.com\/site\/wp-json\/wp\/v2\/users\/2"}],"replies":[{"embeddable":true,"href":"https:\/\/www.notibras.com\/site\/wp-json\/wp\/v2\/comments?post=309580"}],"version-history":[{"count":1,"href":"https:\/\/www.notibras.com\/site\/wp-json\/wp\/v2\/posts\/309580\/revisions"}],"predecessor-version":[{"id":309582,"href":"https:\/\/www.notibras.com\/site\/wp-json\/wp\/v2\/posts\/309580\/revisions\/309582"}],"wp:featuredmedia":[{"embeddable":true,"href":"https:\/\/www.notibras.com\/site\/wp-json\/wp\/v2\/media\/309581"}],"wp:attachment":[{"href":"https:\/\/www.notibras.com\/site\/wp-json\/wp\/v2\/media?parent=309580"}],"wp:term":[{"taxonomy":"category","embeddable":true,"href":"https:\/\/www.notibras.com\/site\/wp-json\/wp\/v2\/categories?post=309580"},{"taxonomy":"post_tag","embeddable":true,"href":"https:\/\/www.notibras.com\/site\/wp-json\/wp\/v2\/tags?post=309580"}],"curies":[{"name":"wp","href":"https:\/\/api.w.org\/{rel}","templated":true}]}}