{"id":309629,"date":"2023-07-26T09:06:20","date_gmt":"2023-07-26T12:06:20","guid":{"rendered":"https:\/\/www.notibras.com\/site\/?p=309629"},"modified":"2023-07-26T09:06:20","modified_gmt":"2023-07-26T12:06:20","slug":"dudu-como-dartagnan-ouve-historia-dos-3-mosqueteiros","status":"publish","type":"post","link":"https:\/\/www.notibras.com\/site\/dudu-como-dartagnan-ouve-historia-dos-3-mosqueteiros\/","title":{"rendered":"Dudu, como D&#8217;Artagnan, ouve historia dos 3 Mosqueteiros"},"content":{"rendered":"<p>N\u00e3o faz muito tempo, fui convidado pelo Jos\u00e9 Seabra para enviar cr\u00f4nicas para serem publicadas em <strong>Notibras.<\/strong> Mandei uma, depois outra e a coisa foi ganhando uma propor\u00e7\u00e3o que n\u00e3o imaginei, mesmo porque se trata de um jornal virtual que possui um quadro respeit\u00e1vel de profissionais. S\u00f3 para destacar alguns, aqui est\u00e3o Mathuzal\u00e9m J\u00fanior e Wenceslau Ara\u00fajo. E essa hist\u00f3ria se passou justamente com eles, o Seabra e comigo.<\/p>\n<p>Eu poderia come\u00e7ar dizendo que n\u00e3o me lembro do dia em que isso aconteceu. No entanto, as minhas pernas ainda tremem s\u00f3 ao recordar da recente sexta-feira, 21. \u00c9 que o Seabra havia me convidado para tomar um caf\u00e9 gourmet e, assim que cheguei a uma concorrida padaria da Asa Norte, eis que me deparei com tr\u00eas setent\u00f5es gargalhando, como que despreocupados com os diversos clientes do local.<\/p>\n<p>Timidamente me aproximei e fui recebido por um esfuziante Seabra, que, todo sorriso, me apresentou aos mestres da escrita Mathuzal\u00e9m e Wenceslau. Gaguejando mais do que de costume, tentei passar a melhor impress\u00e3o \u00e0quelas lendas vivas do Jornalismo. Procurei escolher as melhores palavras, que, obviamente, n\u00e3o vieram, pois estavam todas com os tr\u00eas \u00e0 minha frente.<\/p>\n<p>Conversa vai, conversa vem, procurei n\u00e3o queimar a l\u00edngua. Ali\u00e1s, mantive-a bem dentro da minha boca, que apenas abria para sorver mais um gole do meu fumegante caf\u00e9 sem a\u00e7\u00facar. Melhor assim, mesmo porque essa foi uma oportunidade de ouro para escutar tantos e tantos causos daquele trio. Uma, em particular, vale a pena contar.<\/p>\n<p>Pois bem, segundo me lembro do que ouvi, l\u00e1 estavam aqueles Tr\u00eas Mosqueteiros do Cerrado cobrindo um concorrido vel\u00f3rio de uma figura muito importante na Bras\u00edlia dos anos 1970, in\u00edcio de 1980. Defunto devidamente enterrado, eis que o Seabra, talvez mais atento aos pormenores, percebeu que a vi\u00fava estava inquieta.<\/p>\n<p>Perspicaz como ele s\u00f3, logo ligou seu olfato de perdigueiro e, com um sinal quase impercept\u00edvel, chamou a aten\u00e7\u00e3o dos seus companheiros de labuta. Os tr\u00eas, chacoalhando suas cal\u00e7as boca-de-sino, foram ao encal\u00e7o da vi\u00fava, que mal se despediu dos presentes e, apressada, entrou em um Galaxy preto. O ve\u00edculo cantou pneu e, por pouco, n\u00e3o deixou os jornalistas para tr\u00e1s.<\/p>\n<p>Certos que estavam que a mulher seguiria direto para uma mans\u00e3o localizada no Lago Sul, quase ca\u00edram das tamancas quando perceberam que o luxuoso autom\u00f3vel rumava para o N\u00facleo Bandeirante, famoso por seus mot\u00e9is. E foi justamente em um deles que o Galaxy entrou. Diante de tamanho acontecimento, os tr\u00eas se sentaram em uma mesa de bar quase em frente \u00e0quele treme-treme e passaram o final de tarde, in\u00edcio da noite, madrugada adentro at\u00e9 o alvorecer espl\u00eandido do astro-rei na capital.<\/p>\n<p>J\u00e1 perto do meio-dia, eis que o Galaxy desponta na sa\u00edda daquele parque de divers\u00f5es impr\u00f3prio para menores. N\u00e3o demorou, o ve\u00edculo tomou a estrada adiante, mas logo pegou o primeiro retorno. Enquanto o carango passava diante dos olhos dos jornalistas, a vi\u00fava, talvez ciente de ser vigiada por aquela trupe, girou a manivela para descer o vidro da janela e, em seguida, tascou um beijo na boca do motorista.<\/p>\n<p>&#8211; E voc\u00eas, obviamente, escreveram sobre isso.<\/p>\n<p>&#8211; N\u00e3o, Dudu.<\/p>\n<p>&#8211; N\u00e3o? Mas por qu\u00ea, Wenceslau?<\/p>\n<p>Nesse momento, os tr\u00eas olharam para mim e, em un\u00edssono, quase gritaram.<\/p>\n<p>&#8211; Dudu, o que acontece no N\u00facleo Bandeirante, fica no N\u00facleo Bandeirante.<\/p>\n","protected":false},"excerpt":{"rendered":"<p>N\u00e3o faz muito tempo, fui convidado pelo Jos\u00e9 Seabra para enviar cr\u00f4nicas para serem publicadas em Notibras. Mandei uma, depois outra e a coisa foi ganhando uma propor\u00e7\u00e3o que n\u00e3o imaginei, mesmo porque se trata de um jornal virtual que possui um quadro respeit\u00e1vel de profissionais. S\u00f3 para destacar alguns, aqui est\u00e3o Mathuzal\u00e9m J\u00fanior e [&hellip;]<\/p>\n","protected":false},"author":2,"featured_media":309631,"comment_status":"closed","ping_status":"closed","sticky":false,"template":"","format":"standard","meta":{"_acf_changed":false,"footnotes":""},"categories":[161],"tags":[],"class_list":["post-309629","post","type-post","status-publish","format-standard","has-post-thumbnail","hentry","category-quadradinho-em-foco"],"acf":[],"yoast_head":"<!-- This site is optimized with the Yoast SEO plugin v27.2 - https:\/\/yoast.com\/product\/yoast-seo-wordpress\/ -->\n<title>Dudu, como D&#039;Artagnan, ouve historia dos 3 Mosqueteiros - Notibras<\/title>\n<meta name=\"robots\" content=\"index, follow, max-snippet:-1, max-image-preview:large, max-video-preview:-1\" \/>\n<link rel=\"canonical\" href=\"https:\/\/www.notibras.com\/site\/dudu-como-dartagnan-ouve-historia-dos-3-mosqueteiros\/\" \/>\n<meta property=\"og:locale\" content=\"pt_BR\" \/>\n<meta property=\"og:type\" content=\"article\" \/>\n<meta property=\"og:title\" content=\"Dudu, como D&#039;Artagnan, ouve historia dos 3 Mosqueteiros - Notibras\" \/>\n<meta property=\"og:description\" content=\"N\u00e3o faz muito tempo, fui convidado pelo Jos\u00e9 Seabra para enviar cr\u00f4nicas para serem publicadas em Notibras. Mandei uma, depois outra e a coisa foi ganhando uma propor\u00e7\u00e3o que n\u00e3o imaginei, mesmo porque se trata de um jornal virtual que possui um quadro respeit\u00e1vel de profissionais. S\u00f3 para destacar alguns, aqui est\u00e3o Mathuzal\u00e9m J\u00fanior e [&hellip;]\" \/>\n<meta property=\"og:url\" content=\"https:\/\/www.notibras.com\/site\/dudu-como-dartagnan-ouve-historia-dos-3-mosqueteiros\/\" \/>\n<meta property=\"og:site_name\" content=\"Notibras\" \/>\n<meta property=\"article:publisher\" content=\"https:\/\/www.facebook.com\/notibras\/\" \/>\n<meta property=\"article:published_time\" content=\"2023-07-26T12:06:20+00:00\" \/>\n<meta property=\"og:image\" content=\"https:\/\/www.notibras.com\/site\/wp-content\/uploads\/2023\/07\/Ford-Landau-1.jpeg\" \/>\n\t<meta property=\"og:image:width\" content=\"640\" \/>\n\t<meta property=\"og:image:height\" content=\"480\" \/>\n\t<meta property=\"og:image:type\" content=\"image\/jpeg\" \/>\n<meta name=\"author\" content=\"Reda\u00e7\u00e3o\" \/>\n<meta name=\"twitter:card\" content=\"summary_large_image\" \/>\n<meta name=\"twitter:creator\" content=\"@Notibras\" \/>\n<meta name=\"twitter:site\" content=\"@Notibras\" \/>\n<meta name=\"twitter:label1\" content=\"Escrito por\" \/>\n\t<meta name=\"twitter:data1\" content=\"Reda\u00e7\u00e3o\" \/>\n\t<meta name=\"twitter:label2\" content=\"Est. tempo de leitura\" \/>\n\t<meta name=\"twitter:data2\" content=\"4 minutos\" \/>\n<script type=\"application\/ld+json\" class=\"yoast-schema-graph\">{\"@context\":\"https:\/\/schema.org\",\"@graph\":[{\"@type\":\"Article\",\"@id\":\"https:\/\/www.notibras.com\/site\/dudu-como-dartagnan-ouve-historia-dos-3-mosqueteiros\/#article\",\"isPartOf\":{\"@id\":\"https:\/\/www.notibras.com\/site\/dudu-como-dartagnan-ouve-historia-dos-3-mosqueteiros\/\"},\"author\":{\"name\":\"Reda\u00e7\u00e3o\",\"@id\":\"https:\/\/www.notibras.com\/site\/#\/schema\/person\/36ab0979449956132d3e5b517ea76ac8\"},\"headline\":\"Dudu, como D&#8217;Artagnan, ouve historia dos 3 Mosqueteiros\",\"datePublished\":\"2023-07-26T12:06:20+00:00\",\"mainEntityOfPage\":{\"@id\":\"https:\/\/www.notibras.com\/site\/dudu-como-dartagnan-ouve-historia-dos-3-mosqueteiros\/\"},\"wordCount\":609,\"publisher\":{\"@id\":\"https:\/\/www.notibras.com\/site\/#organization\"},\"image\":{\"@id\":\"https:\/\/www.notibras.com\/site\/dudu-como-dartagnan-ouve-historia-dos-3-mosqueteiros\/#primaryimage\"},\"thumbnailUrl\":\"https:\/\/www.notibras.com\/site\/wp-content\/uploads\/2023\/07\/Ford-Landau-1.jpeg\",\"articleSection\":[\"Quadradinho em Foco\"],\"inLanguage\":\"pt-BR\"},{\"@type\":\"WebPage\",\"@id\":\"https:\/\/www.notibras.com\/site\/dudu-como-dartagnan-ouve-historia-dos-3-mosqueteiros\/\",\"url\":\"https:\/\/www.notibras.com\/site\/dudu-como-dartagnan-ouve-historia-dos-3-mosqueteiros\/\",\"name\":\"Dudu, como D'Artagnan, ouve historia dos 3 Mosqueteiros - Notibras\",\"isPartOf\":{\"@id\":\"https:\/\/www.notibras.com\/site\/#website\"},\"primaryImageOfPage\":{\"@id\":\"https:\/\/www.notibras.com\/site\/dudu-como-dartagnan-ouve-historia-dos-3-mosqueteiros\/#primaryimage\"},\"image\":{\"@id\":\"https:\/\/www.notibras.com\/site\/dudu-como-dartagnan-ouve-historia-dos-3-mosqueteiros\/#primaryimage\"},\"thumbnailUrl\":\"https:\/\/www.notibras.com\/site\/wp-content\/uploads\/2023\/07\/Ford-Landau-1.jpeg\",\"datePublished\":\"2023-07-26T12:06:20+00:00\",\"breadcrumb\":{\"@id\":\"https:\/\/www.notibras.com\/site\/dudu-como-dartagnan-ouve-historia-dos-3-mosqueteiros\/#breadcrumb\"},\"inLanguage\":\"pt-BR\",\"potentialAction\":[{\"@type\":\"ReadAction\",\"target\":[\"https:\/\/www.notibras.com\/site\/dudu-como-dartagnan-ouve-historia-dos-3-mosqueteiros\/\"]}]},{\"@type\":\"ImageObject\",\"inLanguage\":\"pt-BR\",\"@id\":\"https:\/\/www.notibras.com\/site\/dudu-como-dartagnan-ouve-historia-dos-3-mosqueteiros\/#primaryimage\",\"url\":\"https:\/\/www.notibras.com\/site\/wp-content\/uploads\/2023\/07\/Ford-Landau-1.jpeg\",\"contentUrl\":\"https:\/\/www.notibras.com\/site\/wp-content\/uploads\/2023\/07\/Ford-Landau-1.jpeg\",\"width\":640,\"height\":480},{\"@type\":\"BreadcrumbList\",\"@id\":\"https:\/\/www.notibras.com\/site\/dudu-como-dartagnan-ouve-historia-dos-3-mosqueteiros\/#breadcrumb\",\"itemListElement\":[{\"@type\":\"ListItem\",\"position\":1,\"name\":\"In\u00edcio\",\"item\":\"https:\/\/www.notibras.com\/site\/\"},{\"@type\":\"ListItem\",\"position\":2,\"name\":\"Dudu, como D&#8217;Artagnan, ouve historia dos 3 Mosqueteiros\"}]},{\"@type\":\"WebSite\",\"@id\":\"https:\/\/www.notibras.com\/site\/#website\",\"url\":\"https:\/\/www.notibras.com\/site\/\",\"name\":\"Notibras\",\"description\":\"Not\u00edcias de Bras\u00edlia, do Brasil e do Mundo\",\"publisher\":{\"@id\":\"https:\/\/www.notibras.com\/site\/#organization\"},\"potentialAction\":[{\"@type\":\"SearchAction\",\"target\":{\"@type\":\"EntryPoint\",\"urlTemplate\":\"https:\/\/www.notibras.com\/site\/?s={search_term_string}\"},\"query-input\":{\"@type\":\"PropertyValueSpecification\",\"valueRequired\":true,\"valueName\":\"search_term_string\"}}],\"inLanguage\":\"pt-BR\"},{\"@type\":\"Organization\",\"@id\":\"https:\/\/www.notibras.com\/site\/#organization\",\"name\":\"Grupo Notibras de Comunica\u00e7\u00e3o\",\"url\":\"https:\/\/www.notibras.com\/site\/\",\"logo\":{\"@type\":\"ImageObject\",\"inLanguage\":\"pt-BR\",\"@id\":\"https:\/\/www.notibras.com\/site\/#\/schema\/logo\/image\/\",\"url\":\"https:\/\/www.notibras.com\/site\/wp-content\/uploads\/2023\/01\/notibras23.png\",\"contentUrl\":\"https:\/\/www.notibras.com\/site\/wp-content\/uploads\/2023\/01\/notibras23.png\",\"width\":350,\"height\":87,\"caption\":\"Grupo Notibras de Comunica\u00e7\u00e3o\"},\"image\":{\"@id\":\"https:\/\/www.notibras.com\/site\/#\/schema\/logo\/image\/\"},\"sameAs\":[\"https:\/\/www.facebook.com\/notibras\/\",\"https:\/\/x.com\/Notibras\",\"https:\/\/www.instagram.com\/notibras\/\"]},{\"@type\":\"Person\",\"@id\":\"https:\/\/www.notibras.com\/site\/#\/schema\/person\/36ab0979449956132d3e5b517ea76ac8\",\"name\":\"Reda\u00e7\u00e3o\",\"image\":{\"@type\":\"ImageObject\",\"inLanguage\":\"pt-BR\",\"@id\":\"https:\/\/secure.gravatar.com\/avatar\/e0a867bdedb85fd243eadf09663511f96fc81e0720a4a42581f334ad4303aa6b?s=96&d=mm&r=g\",\"url\":\"https:\/\/secure.gravatar.com\/avatar\/e0a867bdedb85fd243eadf09663511f96fc81e0720a4a42581f334ad4303aa6b?s=96&d=mm&r=g\",\"contentUrl\":\"https:\/\/secure.gravatar.com\/avatar\/e0a867bdedb85fd243eadf09663511f96fc81e0720a4a42581f334ad4303aa6b?s=96&d=mm&r=g\",\"caption\":\"Reda\u00e7\u00e3o\"}}]}<\/script>\n<!-- \/ Yoast SEO plugin. -->","yoast_head_json":{"title":"Dudu, como D'Artagnan, ouve historia dos 3 Mosqueteiros - Notibras","robots":{"index":"index","follow":"follow","max-snippet":"max-snippet:-1","max-image-preview":"max-image-preview:large","max-video-preview":"max-video-preview:-1"},"canonical":"https:\/\/www.notibras.com\/site\/dudu-como-dartagnan-ouve-historia-dos-3-mosqueteiros\/","og_locale":"pt_BR","og_type":"article","og_title":"Dudu, como D'Artagnan, ouve historia dos 3 Mosqueteiros - Notibras","og_description":"N\u00e3o faz muito tempo, fui convidado pelo Jos\u00e9 Seabra para enviar cr\u00f4nicas para serem publicadas em Notibras. Mandei uma, depois outra e a coisa foi ganhando uma propor\u00e7\u00e3o que n\u00e3o imaginei, mesmo porque se trata de um jornal virtual que possui um quadro respeit\u00e1vel de profissionais. S\u00f3 para destacar alguns, aqui est\u00e3o Mathuzal\u00e9m J\u00fanior e [&hellip;]","og_url":"https:\/\/www.notibras.com\/site\/dudu-como-dartagnan-ouve-historia-dos-3-mosqueteiros\/","og_site_name":"Notibras","article_publisher":"https:\/\/www.facebook.com\/notibras\/","article_published_time":"2023-07-26T12:06:20+00:00","og_image":[{"width":640,"height":480,"url":"https:\/\/www.notibras.com\/site\/wp-content\/uploads\/2023\/07\/Ford-Landau-1.jpeg","type":"image\/jpeg"}],"author":"Reda\u00e7\u00e3o","twitter_card":"summary_large_image","twitter_creator":"@Notibras","twitter_site":"@Notibras","twitter_misc":{"Escrito por":"Reda\u00e7\u00e3o","Est. tempo de leitura":"4 minutos"},"schema":{"@context":"https:\/\/schema.org","@graph":[{"@type":"Article","@id":"https:\/\/www.notibras.com\/site\/dudu-como-dartagnan-ouve-historia-dos-3-mosqueteiros\/#article","isPartOf":{"@id":"https:\/\/www.notibras.com\/site\/dudu-como-dartagnan-ouve-historia-dos-3-mosqueteiros\/"},"author":{"name":"Reda\u00e7\u00e3o","@id":"https:\/\/www.notibras.com\/site\/#\/schema\/person\/36ab0979449956132d3e5b517ea76ac8"},"headline":"Dudu, como D&#8217;Artagnan, ouve historia dos 3 Mosqueteiros","datePublished":"2023-07-26T12:06:20+00:00","mainEntityOfPage":{"@id":"https:\/\/www.notibras.com\/site\/dudu-como-dartagnan-ouve-historia-dos-3-mosqueteiros\/"},"wordCount":609,"publisher":{"@id":"https:\/\/www.notibras.com\/site\/#organization"},"image":{"@id":"https:\/\/www.notibras.com\/site\/dudu-como-dartagnan-ouve-historia-dos-3-mosqueteiros\/#primaryimage"},"thumbnailUrl":"https:\/\/www.notibras.com\/site\/wp-content\/uploads\/2023\/07\/Ford-Landau-1.jpeg","articleSection":["Quadradinho em Foco"],"inLanguage":"pt-BR"},{"@type":"WebPage","@id":"https:\/\/www.notibras.com\/site\/dudu-como-dartagnan-ouve-historia-dos-3-mosqueteiros\/","url":"https:\/\/www.notibras.com\/site\/dudu-como-dartagnan-ouve-historia-dos-3-mosqueteiros\/","name":"Dudu, como D'Artagnan, ouve historia dos 3 Mosqueteiros - Notibras","isPartOf":{"@id":"https:\/\/www.notibras.com\/site\/#website"},"primaryImageOfPage":{"@id":"https:\/\/www.notibras.com\/site\/dudu-como-dartagnan-ouve-historia-dos-3-mosqueteiros\/#primaryimage"},"image":{"@id":"https:\/\/www.notibras.com\/site\/dudu-como-dartagnan-ouve-historia-dos-3-mosqueteiros\/#primaryimage"},"thumbnailUrl":"https:\/\/www.notibras.com\/site\/wp-content\/uploads\/2023\/07\/Ford-Landau-1.jpeg","datePublished":"2023-07-26T12:06:20+00:00","breadcrumb":{"@id":"https:\/\/www.notibras.com\/site\/dudu-como-dartagnan-ouve-historia-dos-3-mosqueteiros\/#breadcrumb"},"inLanguage":"pt-BR","potentialAction":[{"@type":"ReadAction","target":["https:\/\/www.notibras.com\/site\/dudu-como-dartagnan-ouve-historia-dos-3-mosqueteiros\/"]}]},{"@type":"ImageObject","inLanguage":"pt-BR","@id":"https:\/\/www.notibras.com\/site\/dudu-como-dartagnan-ouve-historia-dos-3-mosqueteiros\/#primaryimage","url":"https:\/\/www.notibras.com\/site\/wp-content\/uploads\/2023\/07\/Ford-Landau-1.jpeg","contentUrl":"https:\/\/www.notibras.com\/site\/wp-content\/uploads\/2023\/07\/Ford-Landau-1.jpeg","width":640,"height":480},{"@type":"BreadcrumbList","@id":"https:\/\/www.notibras.com\/site\/dudu-como-dartagnan-ouve-historia-dos-3-mosqueteiros\/#breadcrumb","itemListElement":[{"@type":"ListItem","position":1,"name":"In\u00edcio","item":"https:\/\/www.notibras.com\/site\/"},{"@type":"ListItem","position":2,"name":"Dudu, como D&#8217;Artagnan, ouve historia dos 3 Mosqueteiros"}]},{"@type":"WebSite","@id":"https:\/\/www.notibras.com\/site\/#website","url":"https:\/\/www.notibras.com\/site\/","name":"Notibras","description":"Not\u00edcias de Bras\u00edlia, do Brasil e do Mundo","publisher":{"@id":"https:\/\/www.notibras.com\/site\/#organization"},"potentialAction":[{"@type":"SearchAction","target":{"@type":"EntryPoint","urlTemplate":"https:\/\/www.notibras.com\/site\/?s={search_term_string}"},"query-input":{"@type":"PropertyValueSpecification","valueRequired":true,"valueName":"search_term_string"}}],"inLanguage":"pt-BR"},{"@type":"Organization","@id":"https:\/\/www.notibras.com\/site\/#organization","name":"Grupo Notibras de Comunica\u00e7\u00e3o","url":"https:\/\/www.notibras.com\/site\/","logo":{"@type":"ImageObject","inLanguage":"pt-BR","@id":"https:\/\/www.notibras.com\/site\/#\/schema\/logo\/image\/","url":"https:\/\/www.notibras.com\/site\/wp-content\/uploads\/2023\/01\/notibras23.png","contentUrl":"https:\/\/www.notibras.com\/site\/wp-content\/uploads\/2023\/01\/notibras23.png","width":350,"height":87,"caption":"Grupo Notibras de Comunica\u00e7\u00e3o"},"image":{"@id":"https:\/\/www.notibras.com\/site\/#\/schema\/logo\/image\/"},"sameAs":["https:\/\/www.facebook.com\/notibras\/","https:\/\/x.com\/Notibras","https:\/\/www.instagram.com\/notibras\/"]},{"@type":"Person","@id":"https:\/\/www.notibras.com\/site\/#\/schema\/person\/36ab0979449956132d3e5b517ea76ac8","name":"Reda\u00e7\u00e3o","image":{"@type":"ImageObject","inLanguage":"pt-BR","@id":"https:\/\/secure.gravatar.com\/avatar\/e0a867bdedb85fd243eadf09663511f96fc81e0720a4a42581f334ad4303aa6b?s=96&d=mm&r=g","url":"https:\/\/secure.gravatar.com\/avatar\/e0a867bdedb85fd243eadf09663511f96fc81e0720a4a42581f334ad4303aa6b?s=96&d=mm&r=g","contentUrl":"https:\/\/secure.gravatar.com\/avatar\/e0a867bdedb85fd243eadf09663511f96fc81e0720a4a42581f334ad4303aa6b?s=96&d=mm&r=g","caption":"Reda\u00e7\u00e3o"}}]}},"amp_enabled":true,"_links":{"self":[{"href":"https:\/\/www.notibras.com\/site\/wp-json\/wp\/v2\/posts\/309629","targetHints":{"allow":["GET"]}}],"collection":[{"href":"https:\/\/www.notibras.com\/site\/wp-json\/wp\/v2\/posts"}],"about":[{"href":"https:\/\/www.notibras.com\/site\/wp-json\/wp\/v2\/types\/post"}],"author":[{"embeddable":true,"href":"https:\/\/www.notibras.com\/site\/wp-json\/wp\/v2\/users\/2"}],"replies":[{"embeddable":true,"href":"https:\/\/www.notibras.com\/site\/wp-json\/wp\/v2\/comments?post=309629"}],"version-history":[{"count":3,"href":"https:\/\/www.notibras.com\/site\/wp-json\/wp\/v2\/posts\/309629\/revisions"}],"predecessor-version":[{"id":309655,"href":"https:\/\/www.notibras.com\/site\/wp-json\/wp\/v2\/posts\/309629\/revisions\/309655"}],"wp:featuredmedia":[{"embeddable":true,"href":"https:\/\/www.notibras.com\/site\/wp-json\/wp\/v2\/media\/309631"}],"wp:attachment":[{"href":"https:\/\/www.notibras.com\/site\/wp-json\/wp\/v2\/media?parent=309629"}],"wp:term":[{"taxonomy":"category","embeddable":true,"href":"https:\/\/www.notibras.com\/site\/wp-json\/wp\/v2\/categories?post=309629"},{"taxonomy":"post_tag","embeddable":true,"href":"https:\/\/www.notibras.com\/site\/wp-json\/wp\/v2\/tags?post=309629"}],"curies":[{"name":"wp","href":"https:\/\/api.w.org\/{rel}","templated":true}]}}