{"id":309659,"date":"2023-07-26T00:00:23","date_gmt":"2023-07-26T03:00:23","guid":{"rendered":"https:\/\/www.notibras.com\/site\/?p=309659"},"modified":"2023-07-26T10:39:15","modified_gmt":"2023-07-26T13:39:15","slug":"lula-diz-que-quer-fechar-clubes-de-tiro-particulares","status":"publish","type":"post","link":"https:\/\/www.notibras.com\/site\/lula-diz-que-quer-fechar-clubes-de-tiro-particulares\/","title":{"rendered":"Lula diz que quer fechar clubes de tiro particulares"},"content":{"rendered":"<p>O presidente Luiz In\u00e1cio Lula da Silva afirmou que apenas organiza\u00e7\u00f5es policiais deveriam ter locais para a pr\u00e1tica de tiros e que a pol\u00edtica de liberar a compra de armas do governo anterior era para \u201cagradar o crime organizado\u201d e \u201cgente que tem dinheiro&#8221;. Lula pediu ao ministro da Justi\u00e7a e Seguran\u00e7a P\u00fablica, Fl\u00e1vio Dino, para fechar \u201cquase todos\u201d os clubes de tiro do pa\u00eds, que proliferaram em Bras\u00edlia e no resto do pa\u00eds como erva daninha no governo bolsonarista.<\/p>\n<p>Lula disse que a popula\u00e7\u00e3o precisa viver de forma civilizada, participar de constru\u00e7\u00f5es positivas e que o Brasil vai melhorar quando \u201centrar na era do livro, na era da cultura\u201d, n\u00e3o das armas.<\/p>\n<p>\u201cTem uma meia d\u00fazia de pessoas que querem [abrir clubes de tiro], n\u00e3o vamos abrir. Eu, sinceramente, n\u00e3o acho que o empres\u00e1rio que tem um lugar de praticar tiro \u00e9 um empres\u00e1rio. E j\u00e1 disse para o Fl\u00e1vio Dino, n\u00f3s temos que fechar quase todos, s\u00f3 deixar aberto aqueles que s\u00e3o da Pol\u00edcia Militar e do Ex\u00e9rcito ou da Pol\u00edcia Civil. \u00c9 organiza\u00e7\u00e3o policial que tem que ter lugar para atirar, para treinar tiro, n\u00e3o \u00e9 a sociedade brasileira, n\u00f3s n\u00e3o estamos preparando uma revolu\u00e7\u00e3o\u201d, disse Lula.<\/p>\n<p>Na semana passada, o governo federal lan\u00e7ou o Programa de A\u00e7\u00e3o na Seguran\u00e7a (PAS), em prol do fortalecimento da seguran\u00e7a p\u00fablica do pa\u00eds. Entre os atos assinados, est\u00e1 um decreto com medidas visando o controle respons\u00e1vel das armas.<\/p>\n<p>\u201cTinha uma confus\u00e3o, pode utilizar arma, pode liberar CACs [ca\u00e7adores, atiradores e colecionadores]. Eu acho que n\u00f3s temos que ter claro o seguinte: por que o cidad\u00e3o quer uma pistola 9 mm? Por que ele quer? O que ele vai fazer com essa arma? Fazer cole\u00e7\u00e3o? Vai brincar de dar tiro? Porque no fundo, no fundo, esse decreto de libera\u00e7\u00e3o de arma que o presidente anterior fez era para agradar o crime organizado, porque quem consegue comprar \u00e9 o crime organizado e gente que tem dinheiro\u201d, argumentou Lula.<\/p>\n<p>\u201cPobre trabalhador n\u00e3o est\u00e1 conseguindo comprar comida, n\u00e3o est\u00e1 conseguindo comprar o material escolar do seu filho, n\u00e3o est\u00e1 conseguindo colocar um brinquedo que o moleque precisa no Natal. Ent\u00e3o como \u00e9 que as pessoas que trabalham v\u00e3o comprar fuzil?\u201d<\/p>\n<p>A principal mudan\u00e7a para o controle de armamentos foi a redu\u00e7\u00e3o de armas e muni\u00e7\u00f5es acess\u00edveis a civis, incluindo CACs registrados. Tamb\u00e9m restabelece a distin\u00e7\u00e3o entre as armas de uso dos \u00f3rg\u00e3os de seguran\u00e7a e as armas acess\u00edveis a cidad\u00e3os comuns. N\u00e3o \u00e9 mais permitido que ca\u00e7adores, atiradores e colecionadores transitem com armas municiadas.<\/p>\n<p>Houve, ainda, redu\u00e7\u00e3o da validade dos registros de armas de fogo e est\u00e1 prevista a migra\u00e7\u00e3o progressiva da compet\u00eancia de fiscaliza\u00e7\u00e3o das atividades que envolvem armamento, do Ex\u00e9rcito para a Pol\u00edcia Federal.<\/p>\n","protected":false},"excerpt":{"rendered":"<p>O presidente Luiz In\u00e1cio Lula da Silva afirmou que apenas organiza\u00e7\u00f5es policiais deveriam ter locais para a pr\u00e1tica de tiros e que a pol\u00edtica de liberar a compra de armas do governo anterior era para \u201cagradar o crime organizado\u201d e \u201cgente que tem dinheiro&#8221;. Lula pediu ao ministro da Justi\u00e7a e Seguran\u00e7a P\u00fablica, Fl\u00e1vio Dino, [&hellip;]<\/p>\n","protected":false},"author":2,"featured_media":309660,"comment_status":"closed","ping_status":"closed","sticky":false,"template":"","format":"standard","meta":{"_acf_changed":false,"footnotes":""},"categories":[161],"tags":[],"class_list":["post-309659","post","type-post","status-publish","format-standard","has-post-thumbnail","hentry","category-quadradinho-em-foco"],"acf":[],"yoast_head":"<!-- This site is optimized with the Yoast SEO plugin v27.2 - https:\/\/yoast.com\/product\/yoast-seo-wordpress\/ -->\n<title>Lula diz que quer fechar clubes de tiro particulares - Notibras<\/title>\n<meta name=\"robots\" content=\"index, follow, max-snippet:-1, max-image-preview:large, max-video-preview:-1\" \/>\n<link rel=\"canonical\" href=\"https:\/\/www.notibras.com\/site\/lula-diz-que-quer-fechar-clubes-de-tiro-particulares\/\" \/>\n<meta property=\"og:locale\" content=\"pt_BR\" \/>\n<meta property=\"og:type\" content=\"article\" \/>\n<meta property=\"og:title\" content=\"Lula diz que quer fechar clubes de tiro particulares - Notibras\" \/>\n<meta property=\"og:description\" content=\"O presidente Luiz In\u00e1cio Lula da Silva afirmou que apenas organiza\u00e7\u00f5es policiais deveriam ter locais para a pr\u00e1tica de tiros e que a pol\u00edtica de liberar a compra de armas do governo anterior era para \u201cagradar o crime organizado\u201d e \u201cgente que tem dinheiro&#8221;. Lula pediu ao ministro da Justi\u00e7a e Seguran\u00e7a P\u00fablica, Fl\u00e1vio Dino, [&hellip;]\" \/>\n<meta property=\"og:url\" content=\"https:\/\/www.notibras.com\/site\/lula-diz-que-quer-fechar-clubes-de-tiro-particulares\/\" \/>\n<meta property=\"og:site_name\" content=\"Notibras\" \/>\n<meta property=\"article:publisher\" content=\"https:\/\/www.facebook.com\/notibras\/\" \/>\n<meta property=\"article:published_time\" content=\"2023-07-26T03:00:23+00:00\" \/>\n<meta property=\"article:modified_time\" content=\"2023-07-26T13:39:15+00:00\" \/>\n<meta property=\"og:image\" content=\"https:\/\/www.notibras.com\/site\/wp-content\/uploads\/2023\/07\/39115870140_8f50c12370_o.jpg\" \/>\n\t<meta property=\"og:image:width\" content=\"1170\" \/>\n\t<meta property=\"og:image:height\" content=\"700\" \/>\n\t<meta property=\"og:image:type\" content=\"image\/jpeg\" \/>\n<meta name=\"author\" content=\"Reda\u00e7\u00e3o\" \/>\n<meta name=\"twitter:card\" content=\"summary_large_image\" \/>\n<meta name=\"twitter:creator\" content=\"@Notibras\" \/>\n<meta name=\"twitter:site\" content=\"@Notibras\" \/>\n<meta name=\"twitter:label1\" content=\"Escrito por\" \/>\n\t<meta name=\"twitter:data1\" content=\"Reda\u00e7\u00e3o\" \/>\n\t<meta name=\"twitter:label2\" content=\"Est. tempo de leitura\" \/>\n\t<meta name=\"twitter:data2\" content=\"3 minutos\" \/>\n<script type=\"application\/ld+json\" class=\"yoast-schema-graph\">{\"@context\":\"https:\/\/schema.org\",\"@graph\":[{\"@type\":\"Article\",\"@id\":\"https:\/\/www.notibras.com\/site\/lula-diz-que-quer-fechar-clubes-de-tiro-particulares\/#article\",\"isPartOf\":{\"@id\":\"https:\/\/www.notibras.com\/site\/lula-diz-que-quer-fechar-clubes-de-tiro-particulares\/\"},\"author\":{\"name\":\"Reda\u00e7\u00e3o\",\"@id\":\"https:\/\/www.notibras.com\/site\/#\/schema\/person\/36ab0979449956132d3e5b517ea76ac8\"},\"headline\":\"Lula diz que quer fechar clubes de tiro particulares\",\"datePublished\":\"2023-07-26T03:00:23+00:00\",\"dateModified\":\"2023-07-26T13:39:15+00:00\",\"mainEntityOfPage\":{\"@id\":\"https:\/\/www.notibras.com\/site\/lula-diz-que-quer-fechar-clubes-de-tiro-particulares\/\"},\"wordCount\":520,\"publisher\":{\"@id\":\"https:\/\/www.notibras.com\/site\/#organization\"},\"image\":{\"@id\":\"https:\/\/www.notibras.com\/site\/lula-diz-que-quer-fechar-clubes-de-tiro-particulares\/#primaryimage\"},\"thumbnailUrl\":\"https:\/\/www.notibras.com\/site\/wp-content\/uploads\/2023\/07\/39115870140_8f50c12370_o.jpg\",\"articleSection\":[\"Quadradinho em Foco\"],\"inLanguage\":\"pt-BR\"},{\"@type\":\"WebPage\",\"@id\":\"https:\/\/www.notibras.com\/site\/lula-diz-que-quer-fechar-clubes-de-tiro-particulares\/\",\"url\":\"https:\/\/www.notibras.com\/site\/lula-diz-que-quer-fechar-clubes-de-tiro-particulares\/\",\"name\":\"Lula diz que quer fechar clubes de tiro particulares - Notibras\",\"isPartOf\":{\"@id\":\"https:\/\/www.notibras.com\/site\/#website\"},\"primaryImageOfPage\":{\"@id\":\"https:\/\/www.notibras.com\/site\/lula-diz-que-quer-fechar-clubes-de-tiro-particulares\/#primaryimage\"},\"image\":{\"@id\":\"https:\/\/www.notibras.com\/site\/lula-diz-que-quer-fechar-clubes-de-tiro-particulares\/#primaryimage\"},\"thumbnailUrl\":\"https:\/\/www.notibras.com\/site\/wp-content\/uploads\/2023\/07\/39115870140_8f50c12370_o.jpg\",\"datePublished\":\"2023-07-26T03:00:23+00:00\",\"dateModified\":\"2023-07-26T13:39:15+00:00\",\"breadcrumb\":{\"@id\":\"https:\/\/www.notibras.com\/site\/lula-diz-que-quer-fechar-clubes-de-tiro-particulares\/#breadcrumb\"},\"inLanguage\":\"pt-BR\",\"potentialAction\":[{\"@type\":\"ReadAction\",\"target\":[\"https:\/\/www.notibras.com\/site\/lula-diz-que-quer-fechar-clubes-de-tiro-particulares\/\"]}]},{\"@type\":\"ImageObject\",\"inLanguage\":\"pt-BR\",\"@id\":\"https:\/\/www.notibras.com\/site\/lula-diz-que-quer-fechar-clubes-de-tiro-particulares\/#primaryimage\",\"url\":\"https:\/\/www.notibras.com\/site\/wp-content\/uploads\/2023\/07\/39115870140_8f50c12370_o.jpg\",\"contentUrl\":\"https:\/\/www.notibras.com\/site\/wp-content\/uploads\/2023\/07\/39115870140_8f50c12370_o.jpg\",\"width\":1170,\"height\":700,\"caption\":\"Bras\u00edlia (DF) \u2013 Clubes de Tiro \u2013 Stand de Tiro \u2013 CACs - Foto: Edilson Rodrigues\/Ag\u00eancia Senado\"},{\"@type\":\"BreadcrumbList\",\"@id\":\"https:\/\/www.notibras.com\/site\/lula-diz-que-quer-fechar-clubes-de-tiro-particulares\/#breadcrumb\",\"itemListElement\":[{\"@type\":\"ListItem\",\"position\":1,\"name\":\"In\u00edcio\",\"item\":\"https:\/\/www.notibras.com\/site\/\"},{\"@type\":\"ListItem\",\"position\":2,\"name\":\"Lula diz que quer fechar clubes de tiro particulares\"}]},{\"@type\":\"WebSite\",\"@id\":\"https:\/\/www.notibras.com\/site\/#website\",\"url\":\"https:\/\/www.notibras.com\/site\/\",\"name\":\"Notibras\",\"description\":\"Not\u00edcias de Bras\u00edlia, do Brasil e do Mundo\",\"publisher\":{\"@id\":\"https:\/\/www.notibras.com\/site\/#organization\"},\"potentialAction\":[{\"@type\":\"SearchAction\",\"target\":{\"@type\":\"EntryPoint\",\"urlTemplate\":\"https:\/\/www.notibras.com\/site\/?s={search_term_string}\"},\"query-input\":{\"@type\":\"PropertyValueSpecification\",\"valueRequired\":true,\"valueName\":\"search_term_string\"}}],\"inLanguage\":\"pt-BR\"},{\"@type\":\"Organization\",\"@id\":\"https:\/\/www.notibras.com\/site\/#organization\",\"name\":\"Grupo Notibras de Comunica\u00e7\u00e3o\",\"url\":\"https:\/\/www.notibras.com\/site\/\",\"logo\":{\"@type\":\"ImageObject\",\"inLanguage\":\"pt-BR\",\"@id\":\"https:\/\/www.notibras.com\/site\/#\/schema\/logo\/image\/\",\"url\":\"https:\/\/www.notibras.com\/site\/wp-content\/uploads\/2023\/01\/notibras23.png\",\"contentUrl\":\"https:\/\/www.notibras.com\/site\/wp-content\/uploads\/2023\/01\/notibras23.png\",\"width\":350,\"height\":87,\"caption\":\"Grupo Notibras de Comunica\u00e7\u00e3o\"},\"image\":{\"@id\":\"https:\/\/www.notibras.com\/site\/#\/schema\/logo\/image\/\"},\"sameAs\":[\"https:\/\/www.facebook.com\/notibras\/\",\"https:\/\/x.com\/Notibras\",\"https:\/\/www.instagram.com\/notibras\/\"]},{\"@type\":\"Person\",\"@id\":\"https:\/\/www.notibras.com\/site\/#\/schema\/person\/36ab0979449956132d3e5b517ea76ac8\",\"name\":\"Reda\u00e7\u00e3o\",\"image\":{\"@type\":\"ImageObject\",\"inLanguage\":\"pt-BR\",\"@id\":\"https:\/\/secure.gravatar.com\/avatar\/e0a867bdedb85fd243eadf09663511f96fc81e0720a4a42581f334ad4303aa6b?s=96&d=mm&r=g\",\"url\":\"https:\/\/secure.gravatar.com\/avatar\/e0a867bdedb85fd243eadf09663511f96fc81e0720a4a42581f334ad4303aa6b?s=96&d=mm&r=g\",\"contentUrl\":\"https:\/\/secure.gravatar.com\/avatar\/e0a867bdedb85fd243eadf09663511f96fc81e0720a4a42581f334ad4303aa6b?s=96&d=mm&r=g\",\"caption\":\"Reda\u00e7\u00e3o\"}}]}<\/script>\n<!-- \/ Yoast SEO plugin. -->","yoast_head_json":{"title":"Lula diz que quer fechar clubes de tiro particulares - Notibras","robots":{"index":"index","follow":"follow","max-snippet":"max-snippet:-1","max-image-preview":"max-image-preview:large","max-video-preview":"max-video-preview:-1"},"canonical":"https:\/\/www.notibras.com\/site\/lula-diz-que-quer-fechar-clubes-de-tiro-particulares\/","og_locale":"pt_BR","og_type":"article","og_title":"Lula diz que quer fechar clubes de tiro particulares - Notibras","og_description":"O presidente Luiz In\u00e1cio Lula da Silva afirmou que apenas organiza\u00e7\u00f5es policiais deveriam ter locais para a pr\u00e1tica de tiros e que a pol\u00edtica de liberar a compra de armas do governo anterior era para \u201cagradar o crime organizado\u201d e \u201cgente que tem dinheiro&#8221;. Lula pediu ao ministro da Justi\u00e7a e Seguran\u00e7a P\u00fablica, Fl\u00e1vio Dino, [&hellip;]","og_url":"https:\/\/www.notibras.com\/site\/lula-diz-que-quer-fechar-clubes-de-tiro-particulares\/","og_site_name":"Notibras","article_publisher":"https:\/\/www.facebook.com\/notibras\/","article_published_time":"2023-07-26T03:00:23+00:00","article_modified_time":"2023-07-26T13:39:15+00:00","og_image":[{"width":1170,"height":700,"url":"https:\/\/www.notibras.com\/site\/wp-content\/uploads\/2023\/07\/39115870140_8f50c12370_o.jpg","type":"image\/jpeg"}],"author":"Reda\u00e7\u00e3o","twitter_card":"summary_large_image","twitter_creator":"@Notibras","twitter_site":"@Notibras","twitter_misc":{"Escrito por":"Reda\u00e7\u00e3o","Est. tempo de leitura":"3 minutos"},"schema":{"@context":"https:\/\/schema.org","@graph":[{"@type":"Article","@id":"https:\/\/www.notibras.com\/site\/lula-diz-que-quer-fechar-clubes-de-tiro-particulares\/#article","isPartOf":{"@id":"https:\/\/www.notibras.com\/site\/lula-diz-que-quer-fechar-clubes-de-tiro-particulares\/"},"author":{"name":"Reda\u00e7\u00e3o","@id":"https:\/\/www.notibras.com\/site\/#\/schema\/person\/36ab0979449956132d3e5b517ea76ac8"},"headline":"Lula diz que quer fechar clubes de tiro particulares","datePublished":"2023-07-26T03:00:23+00:00","dateModified":"2023-07-26T13:39:15+00:00","mainEntityOfPage":{"@id":"https:\/\/www.notibras.com\/site\/lula-diz-que-quer-fechar-clubes-de-tiro-particulares\/"},"wordCount":520,"publisher":{"@id":"https:\/\/www.notibras.com\/site\/#organization"},"image":{"@id":"https:\/\/www.notibras.com\/site\/lula-diz-que-quer-fechar-clubes-de-tiro-particulares\/#primaryimage"},"thumbnailUrl":"https:\/\/www.notibras.com\/site\/wp-content\/uploads\/2023\/07\/39115870140_8f50c12370_o.jpg","articleSection":["Quadradinho em Foco"],"inLanguage":"pt-BR"},{"@type":"WebPage","@id":"https:\/\/www.notibras.com\/site\/lula-diz-que-quer-fechar-clubes-de-tiro-particulares\/","url":"https:\/\/www.notibras.com\/site\/lula-diz-que-quer-fechar-clubes-de-tiro-particulares\/","name":"Lula diz que quer fechar clubes de tiro particulares - Notibras","isPartOf":{"@id":"https:\/\/www.notibras.com\/site\/#website"},"primaryImageOfPage":{"@id":"https:\/\/www.notibras.com\/site\/lula-diz-que-quer-fechar-clubes-de-tiro-particulares\/#primaryimage"},"image":{"@id":"https:\/\/www.notibras.com\/site\/lula-diz-que-quer-fechar-clubes-de-tiro-particulares\/#primaryimage"},"thumbnailUrl":"https:\/\/www.notibras.com\/site\/wp-content\/uploads\/2023\/07\/39115870140_8f50c12370_o.jpg","datePublished":"2023-07-26T03:00:23+00:00","dateModified":"2023-07-26T13:39:15+00:00","breadcrumb":{"@id":"https:\/\/www.notibras.com\/site\/lula-diz-que-quer-fechar-clubes-de-tiro-particulares\/#breadcrumb"},"inLanguage":"pt-BR","potentialAction":[{"@type":"ReadAction","target":["https:\/\/www.notibras.com\/site\/lula-diz-que-quer-fechar-clubes-de-tiro-particulares\/"]}]},{"@type":"ImageObject","inLanguage":"pt-BR","@id":"https:\/\/www.notibras.com\/site\/lula-diz-que-quer-fechar-clubes-de-tiro-particulares\/#primaryimage","url":"https:\/\/www.notibras.com\/site\/wp-content\/uploads\/2023\/07\/39115870140_8f50c12370_o.jpg","contentUrl":"https:\/\/www.notibras.com\/site\/wp-content\/uploads\/2023\/07\/39115870140_8f50c12370_o.jpg","width":1170,"height":700,"caption":"Bras\u00edlia (DF) \u2013 Clubes de Tiro \u2013 Stand de Tiro \u2013 CACs - Foto: Edilson Rodrigues\/Ag\u00eancia Senado"},{"@type":"BreadcrumbList","@id":"https:\/\/www.notibras.com\/site\/lula-diz-que-quer-fechar-clubes-de-tiro-particulares\/#breadcrumb","itemListElement":[{"@type":"ListItem","position":1,"name":"In\u00edcio","item":"https:\/\/www.notibras.com\/site\/"},{"@type":"ListItem","position":2,"name":"Lula diz que quer fechar clubes de tiro particulares"}]},{"@type":"WebSite","@id":"https:\/\/www.notibras.com\/site\/#website","url":"https:\/\/www.notibras.com\/site\/","name":"Notibras","description":"Not\u00edcias de Bras\u00edlia, do Brasil e do Mundo","publisher":{"@id":"https:\/\/www.notibras.com\/site\/#organization"},"potentialAction":[{"@type":"SearchAction","target":{"@type":"EntryPoint","urlTemplate":"https:\/\/www.notibras.com\/site\/?s={search_term_string}"},"query-input":{"@type":"PropertyValueSpecification","valueRequired":true,"valueName":"search_term_string"}}],"inLanguage":"pt-BR"},{"@type":"Organization","@id":"https:\/\/www.notibras.com\/site\/#organization","name":"Grupo Notibras de Comunica\u00e7\u00e3o","url":"https:\/\/www.notibras.com\/site\/","logo":{"@type":"ImageObject","inLanguage":"pt-BR","@id":"https:\/\/www.notibras.com\/site\/#\/schema\/logo\/image\/","url":"https:\/\/www.notibras.com\/site\/wp-content\/uploads\/2023\/01\/notibras23.png","contentUrl":"https:\/\/www.notibras.com\/site\/wp-content\/uploads\/2023\/01\/notibras23.png","width":350,"height":87,"caption":"Grupo Notibras de Comunica\u00e7\u00e3o"},"image":{"@id":"https:\/\/www.notibras.com\/site\/#\/schema\/logo\/image\/"},"sameAs":["https:\/\/www.facebook.com\/notibras\/","https:\/\/x.com\/Notibras","https:\/\/www.instagram.com\/notibras\/"]},{"@type":"Person","@id":"https:\/\/www.notibras.com\/site\/#\/schema\/person\/36ab0979449956132d3e5b517ea76ac8","name":"Reda\u00e7\u00e3o","image":{"@type":"ImageObject","inLanguage":"pt-BR","@id":"https:\/\/secure.gravatar.com\/avatar\/e0a867bdedb85fd243eadf09663511f96fc81e0720a4a42581f334ad4303aa6b?s=96&d=mm&r=g","url":"https:\/\/secure.gravatar.com\/avatar\/e0a867bdedb85fd243eadf09663511f96fc81e0720a4a42581f334ad4303aa6b?s=96&d=mm&r=g","contentUrl":"https:\/\/secure.gravatar.com\/avatar\/e0a867bdedb85fd243eadf09663511f96fc81e0720a4a42581f334ad4303aa6b?s=96&d=mm&r=g","caption":"Reda\u00e7\u00e3o"}}]}},"amp_enabled":true,"_links":{"self":[{"href":"https:\/\/www.notibras.com\/site\/wp-json\/wp\/v2\/posts\/309659","targetHints":{"allow":["GET"]}}],"collection":[{"href":"https:\/\/www.notibras.com\/site\/wp-json\/wp\/v2\/posts"}],"about":[{"href":"https:\/\/www.notibras.com\/site\/wp-json\/wp\/v2\/types\/post"}],"author":[{"embeddable":true,"href":"https:\/\/www.notibras.com\/site\/wp-json\/wp\/v2\/users\/2"}],"replies":[{"embeddable":true,"href":"https:\/\/www.notibras.com\/site\/wp-json\/wp\/v2\/comments?post=309659"}],"version-history":[{"count":1,"href":"https:\/\/www.notibras.com\/site\/wp-json\/wp\/v2\/posts\/309659\/revisions"}],"predecessor-version":[{"id":309661,"href":"https:\/\/www.notibras.com\/site\/wp-json\/wp\/v2\/posts\/309659\/revisions\/309661"}],"wp:featuredmedia":[{"embeddable":true,"href":"https:\/\/www.notibras.com\/site\/wp-json\/wp\/v2\/media\/309660"}],"wp:attachment":[{"href":"https:\/\/www.notibras.com\/site\/wp-json\/wp\/v2\/media?parent=309659"}],"wp:term":[{"taxonomy":"category","embeddable":true,"href":"https:\/\/www.notibras.com\/site\/wp-json\/wp\/v2\/categories?post=309659"},{"taxonomy":"post_tag","embeddable":true,"href":"https:\/\/www.notibras.com\/site\/wp-json\/wp\/v2\/tags?post=309659"}],"curies":[{"name":"wp","href":"https:\/\/api.w.org\/{rel}","templated":true}]}}