{"id":309690,"date":"2023-07-27T07:00:26","date_gmt":"2023-07-27T10:00:26","guid":{"rendered":"https:\/\/www.notibras.com\/site\/?p=309690"},"modified":"2023-07-27T06:59:46","modified_gmt":"2023-07-27T09:59:46","slug":"ouvir-falar-de-jenipapo-murcho-eleva-moral","status":"publish","type":"post","link":"https:\/\/www.notibras.com\/site\/ouvir-falar-de-jenipapo-murcho-eleva-moral\/","title":{"rendered":"Ouvir falar de jenipapo murcho eleva moral"},"content":{"rendered":"<p>Alo\u00edsio, ao completar seus 90 anos, n\u00e3o conseguia enxergar motivos para comemorar. H\u00e1 pouco havia perdido sua companheira por mais de meio s\u00e9culo, que sucumbira ao c\u00e2ncer ap\u00f3s anos de luta. Sozinho naquele amplo apartamento, mal recebia visitas, j\u00e1 que todos os \u00faltimos amigos padeciam de alguma enfermidade em decorr\u00eancia de tamanha longevidade.<\/p>\n<p>Petr\u00f4nio, o \u00fanico que de vez em quando arriscava uma caminhada at\u00e9 a resid\u00eancia do Alo\u00edsio, muitas vezes nem se lembrava de algo para dizer. N\u00e3o que fosse um ser desprovido de afeto ou empatia. Pelo contr\u00e1rio, at\u00e9 o pr\u00f3prio Alo\u00edsio seria capaz de sair em defesa do amigo. Essa falta de mem\u00f3ria se devia ao Alzheimer, que nos \u00faltimos anos cismava em acompanhar o Petr\u00f4nio.<\/p>\n<p>Desanimado com tudo, Alo\u00edsio estava decidido a se matar. Mas esse seu intuito acabou por n\u00e3o se concretizar. \u00c9 que o velho, de t\u00e3o religioso, temia acabar indo pro inferno, assim como, supunha, todos os suicidas. Abriu uma garrafa de vinho e perdeu os sentidos no amplo sof\u00e1 da sala.<\/p>\n<p>Acordou com uma ressaca daquelas. H\u00e1 tempos n\u00e3o bebia tanto. Por um instante sentiu certo al\u00edvio da esposa ter morrido. N\u00e3o que ela tamb\u00e9m n\u00e3o bebesse de vez em quando. Todavia, a velha n\u00e3o suportava quando o marido perdia a linha.<\/p>\n<p>Levantou-se do sof\u00e1. N\u00e3o que preferisse fazer outra coisa al\u00e9m de adormecer e nunca mais acordar. Mas a bexiga, t\u00e3o envelhecida quanto ele, estava repleta.<\/p>\n<p>Diante do vaso sanit\u00e1rio, Alo\u00edsio se esfor\u00e7ava para urinar. O l\u00edquido amarelo escorria fraco, alguns pingos ca\u00edram na borda da privada. Nada mais daqueles jatos firmes de d\u00e9cadas atr\u00e1s. Nem puxando pela mem\u00f3ria, o velho se recordava da \u00faltima vez que havia usado suas partes para outras tarefas al\u00e9m de fazer xixi.<\/p>\n<p>Resolvido o problema da bexiga repleta, Alo\u00edsio vasculhou a caixinha de medicamentos. Nada de analg\u00e9sico para aliviar a dor de cabe\u00e7a, que ainda persistia. Apesar de desanimado, teve coragem suficiente para pegar a carteira, cal\u00e7ar os sapatos e sair.<\/p>\n<p>A farm\u00e1cia era logo ali. Entretanto, era dia de feira. Alo\u00edsio, mesmo a contragosto, teve que passar por aquela algazarra, quando ouviu algo que o animou. Eram duas senhoras, n\u00e3o mais de 60 anos, que conversavam animadas.<\/p>\n<p>&#8211; Quanto mais murcho, melhor!<\/p>\n<p>Alo\u00edsio estufou o peito e quase desfilou em frente daquelas duas. A dor de cabe\u00e7a parecia ter desaparecido por completo. Mal sabia o velho que aquelas mulheres estavam se referindo a jenipapo.<\/p>\n","protected":false},"excerpt":{"rendered":"<p>Alo\u00edsio, ao completar seus 90 anos, n\u00e3o conseguia enxergar motivos para comemorar. H\u00e1 pouco havia perdido sua companheira por mais de meio s\u00e9culo, que sucumbira ao c\u00e2ncer ap\u00f3s anos de luta. Sozinho naquele amplo apartamento, mal recebia visitas, j\u00e1 que todos os \u00faltimos amigos padeciam de alguma enfermidade em decorr\u00eancia de tamanha longevidade. Petr\u00f4nio, o [&hellip;]<\/p>\n","protected":false},"author":2,"featured_media":309691,"comment_status":"closed","ping_status":"closed","sticky":false,"template":"","format":"standard","meta":{"_acf_changed":false,"footnotes":""},"categories":[161],"tags":[],"class_list":["post-309690","post","type-post","status-publish","format-standard","has-post-thumbnail","hentry","category-quadradinho-em-foco"],"acf":[],"yoast_head":"<!-- This site is optimized with the Yoast SEO plugin v27.2 - https:\/\/yoast.com\/product\/yoast-seo-wordpress\/ -->\n<title>Ouvir falar de jenipapo murcho eleva moral - Notibras<\/title>\n<meta name=\"robots\" content=\"index, follow, max-snippet:-1, max-image-preview:large, max-video-preview:-1\" \/>\n<link rel=\"canonical\" href=\"https:\/\/www.notibras.com\/site\/ouvir-falar-de-jenipapo-murcho-eleva-moral\/\" \/>\n<meta property=\"og:locale\" content=\"pt_BR\" \/>\n<meta property=\"og:type\" content=\"article\" \/>\n<meta property=\"og:title\" content=\"Ouvir falar de jenipapo murcho eleva moral - Notibras\" \/>\n<meta property=\"og:description\" content=\"Alo\u00edsio, ao completar seus 90 anos, n\u00e3o conseguia enxergar motivos para comemorar. H\u00e1 pouco havia perdido sua companheira por mais de meio s\u00e9culo, que sucumbira ao c\u00e2ncer ap\u00f3s anos de luta. Sozinho naquele amplo apartamento, mal recebia visitas, j\u00e1 que todos os \u00faltimos amigos padeciam de alguma enfermidade em decorr\u00eancia de tamanha longevidade. Petr\u00f4nio, o [&hellip;]\" \/>\n<meta property=\"og:url\" content=\"https:\/\/www.notibras.com\/site\/ouvir-falar-de-jenipapo-murcho-eleva-moral\/\" \/>\n<meta property=\"og:site_name\" content=\"Notibras\" \/>\n<meta property=\"article:publisher\" content=\"https:\/\/www.facebook.com\/notibras\/\" \/>\n<meta property=\"article:published_time\" content=\"2023-07-27T10:00:26+00:00\" \/>\n<meta property=\"og:image\" content=\"https:\/\/www.notibras.com\/site\/wp-content\/uploads\/2023\/07\/dudu.viuvo_.jpg\" \/>\n\t<meta property=\"og:image:width\" content=\"729\" \/>\n\t<meta property=\"og:image:height\" content=\"1024\" \/>\n\t<meta property=\"og:image:type\" content=\"image\/jpeg\" \/>\n<meta name=\"author\" content=\"Reda\u00e7\u00e3o\" \/>\n<meta name=\"twitter:card\" content=\"summary_large_image\" \/>\n<meta name=\"twitter:creator\" content=\"@Notibras\" \/>\n<meta name=\"twitter:site\" content=\"@Notibras\" \/>\n<meta name=\"twitter:label1\" content=\"Escrito por\" \/>\n\t<meta name=\"twitter:data1\" content=\"Reda\u00e7\u00e3o\" \/>\n\t<meta name=\"twitter:label2\" content=\"Est. tempo de leitura\" \/>\n\t<meta name=\"twitter:data2\" content=\"3 minutos\" \/>\n<script type=\"application\/ld+json\" class=\"yoast-schema-graph\">{\"@context\":\"https:\/\/schema.org\",\"@graph\":[{\"@type\":\"Article\",\"@id\":\"https:\/\/www.notibras.com\/site\/ouvir-falar-de-jenipapo-murcho-eleva-moral\/#article\",\"isPartOf\":{\"@id\":\"https:\/\/www.notibras.com\/site\/ouvir-falar-de-jenipapo-murcho-eleva-moral\/\"},\"author\":{\"name\":\"Reda\u00e7\u00e3o\",\"@id\":\"https:\/\/www.notibras.com\/site\/#\/schema\/person\/36ab0979449956132d3e5b517ea76ac8\"},\"headline\":\"Ouvir falar de jenipapo murcho eleva moral\",\"datePublished\":\"2023-07-27T10:00:26+00:00\",\"mainEntityOfPage\":{\"@id\":\"https:\/\/www.notibras.com\/site\/ouvir-falar-de-jenipapo-murcho-eleva-moral\/\"},\"wordCount\":449,\"publisher\":{\"@id\":\"https:\/\/www.notibras.com\/site\/#organization\"},\"image\":{\"@id\":\"https:\/\/www.notibras.com\/site\/ouvir-falar-de-jenipapo-murcho-eleva-moral\/#primaryimage\"},\"thumbnailUrl\":\"https:\/\/www.notibras.com\/site\/wp-content\/uploads\/2023\/07\/dudu.viuvo_.jpg\",\"articleSection\":[\"Quadradinho em Foco\"],\"inLanguage\":\"pt-BR\"},{\"@type\":\"WebPage\",\"@id\":\"https:\/\/www.notibras.com\/site\/ouvir-falar-de-jenipapo-murcho-eleva-moral\/\",\"url\":\"https:\/\/www.notibras.com\/site\/ouvir-falar-de-jenipapo-murcho-eleva-moral\/\",\"name\":\"Ouvir falar de jenipapo murcho eleva moral - Notibras\",\"isPartOf\":{\"@id\":\"https:\/\/www.notibras.com\/site\/#website\"},\"primaryImageOfPage\":{\"@id\":\"https:\/\/www.notibras.com\/site\/ouvir-falar-de-jenipapo-murcho-eleva-moral\/#primaryimage\"},\"image\":{\"@id\":\"https:\/\/www.notibras.com\/site\/ouvir-falar-de-jenipapo-murcho-eleva-moral\/#primaryimage\"},\"thumbnailUrl\":\"https:\/\/www.notibras.com\/site\/wp-content\/uploads\/2023\/07\/dudu.viuvo_.jpg\",\"datePublished\":\"2023-07-27T10:00:26+00:00\",\"breadcrumb\":{\"@id\":\"https:\/\/www.notibras.com\/site\/ouvir-falar-de-jenipapo-murcho-eleva-moral\/#breadcrumb\"},\"inLanguage\":\"pt-BR\",\"potentialAction\":[{\"@type\":\"ReadAction\",\"target\":[\"https:\/\/www.notibras.com\/site\/ouvir-falar-de-jenipapo-murcho-eleva-moral\/\"]}]},{\"@type\":\"ImageObject\",\"inLanguage\":\"pt-BR\",\"@id\":\"https:\/\/www.notibras.com\/site\/ouvir-falar-de-jenipapo-murcho-eleva-moral\/#primaryimage\",\"url\":\"https:\/\/www.notibras.com\/site\/wp-content\/uploads\/2023\/07\/dudu.viuvo_.jpg\",\"contentUrl\":\"https:\/\/www.notibras.com\/site\/wp-content\/uploads\/2023\/07\/dudu.viuvo_.jpg\",\"width\":729,\"height\":1024},{\"@type\":\"BreadcrumbList\",\"@id\":\"https:\/\/www.notibras.com\/site\/ouvir-falar-de-jenipapo-murcho-eleva-moral\/#breadcrumb\",\"itemListElement\":[{\"@type\":\"ListItem\",\"position\":1,\"name\":\"In\u00edcio\",\"item\":\"https:\/\/www.notibras.com\/site\/\"},{\"@type\":\"ListItem\",\"position\":2,\"name\":\"Ouvir falar de jenipapo murcho eleva moral\"}]},{\"@type\":\"WebSite\",\"@id\":\"https:\/\/www.notibras.com\/site\/#website\",\"url\":\"https:\/\/www.notibras.com\/site\/\",\"name\":\"Notibras\",\"description\":\"Not\u00edcias de Bras\u00edlia, do Brasil e do Mundo\",\"publisher\":{\"@id\":\"https:\/\/www.notibras.com\/site\/#organization\"},\"potentialAction\":[{\"@type\":\"SearchAction\",\"target\":{\"@type\":\"EntryPoint\",\"urlTemplate\":\"https:\/\/www.notibras.com\/site\/?s={search_term_string}\"},\"query-input\":{\"@type\":\"PropertyValueSpecification\",\"valueRequired\":true,\"valueName\":\"search_term_string\"}}],\"inLanguage\":\"pt-BR\"},{\"@type\":\"Organization\",\"@id\":\"https:\/\/www.notibras.com\/site\/#organization\",\"name\":\"Grupo Notibras de Comunica\u00e7\u00e3o\",\"url\":\"https:\/\/www.notibras.com\/site\/\",\"logo\":{\"@type\":\"ImageObject\",\"inLanguage\":\"pt-BR\",\"@id\":\"https:\/\/www.notibras.com\/site\/#\/schema\/logo\/image\/\",\"url\":\"https:\/\/www.notibras.com\/site\/wp-content\/uploads\/2023\/01\/notibras23.png\",\"contentUrl\":\"https:\/\/www.notibras.com\/site\/wp-content\/uploads\/2023\/01\/notibras23.png\",\"width\":350,\"height\":87,\"caption\":\"Grupo Notibras de Comunica\u00e7\u00e3o\"},\"image\":{\"@id\":\"https:\/\/www.notibras.com\/site\/#\/schema\/logo\/image\/\"},\"sameAs\":[\"https:\/\/www.facebook.com\/notibras\/\",\"https:\/\/x.com\/Notibras\",\"https:\/\/www.instagram.com\/notibras\/\"]},{\"@type\":\"Person\",\"@id\":\"https:\/\/www.notibras.com\/site\/#\/schema\/person\/36ab0979449956132d3e5b517ea76ac8\",\"name\":\"Reda\u00e7\u00e3o\",\"image\":{\"@type\":\"ImageObject\",\"inLanguage\":\"pt-BR\",\"@id\":\"https:\/\/secure.gravatar.com\/avatar\/e0a867bdedb85fd243eadf09663511f96fc81e0720a4a42581f334ad4303aa6b?s=96&d=mm&r=g\",\"url\":\"https:\/\/secure.gravatar.com\/avatar\/e0a867bdedb85fd243eadf09663511f96fc81e0720a4a42581f334ad4303aa6b?s=96&d=mm&r=g\",\"contentUrl\":\"https:\/\/secure.gravatar.com\/avatar\/e0a867bdedb85fd243eadf09663511f96fc81e0720a4a42581f334ad4303aa6b?s=96&d=mm&r=g\",\"caption\":\"Reda\u00e7\u00e3o\"}}]}<\/script>\n<!-- \/ Yoast SEO plugin. -->","yoast_head_json":{"title":"Ouvir falar de jenipapo murcho eleva moral - Notibras","robots":{"index":"index","follow":"follow","max-snippet":"max-snippet:-1","max-image-preview":"max-image-preview:large","max-video-preview":"max-video-preview:-1"},"canonical":"https:\/\/www.notibras.com\/site\/ouvir-falar-de-jenipapo-murcho-eleva-moral\/","og_locale":"pt_BR","og_type":"article","og_title":"Ouvir falar de jenipapo murcho eleva moral - Notibras","og_description":"Alo\u00edsio, ao completar seus 90 anos, n\u00e3o conseguia enxergar motivos para comemorar. H\u00e1 pouco havia perdido sua companheira por mais de meio s\u00e9culo, que sucumbira ao c\u00e2ncer ap\u00f3s anos de luta. Sozinho naquele amplo apartamento, mal recebia visitas, j\u00e1 que todos os \u00faltimos amigos padeciam de alguma enfermidade em decorr\u00eancia de tamanha longevidade. Petr\u00f4nio, o [&hellip;]","og_url":"https:\/\/www.notibras.com\/site\/ouvir-falar-de-jenipapo-murcho-eleva-moral\/","og_site_name":"Notibras","article_publisher":"https:\/\/www.facebook.com\/notibras\/","article_published_time":"2023-07-27T10:00:26+00:00","og_image":[{"width":729,"height":1024,"url":"https:\/\/www.notibras.com\/site\/wp-content\/uploads\/2023\/07\/dudu.viuvo_.jpg","type":"image\/jpeg"}],"author":"Reda\u00e7\u00e3o","twitter_card":"summary_large_image","twitter_creator":"@Notibras","twitter_site":"@Notibras","twitter_misc":{"Escrito por":"Reda\u00e7\u00e3o","Est. tempo de leitura":"3 minutos"},"schema":{"@context":"https:\/\/schema.org","@graph":[{"@type":"Article","@id":"https:\/\/www.notibras.com\/site\/ouvir-falar-de-jenipapo-murcho-eleva-moral\/#article","isPartOf":{"@id":"https:\/\/www.notibras.com\/site\/ouvir-falar-de-jenipapo-murcho-eleva-moral\/"},"author":{"name":"Reda\u00e7\u00e3o","@id":"https:\/\/www.notibras.com\/site\/#\/schema\/person\/36ab0979449956132d3e5b517ea76ac8"},"headline":"Ouvir falar de jenipapo murcho eleva moral","datePublished":"2023-07-27T10:00:26+00:00","mainEntityOfPage":{"@id":"https:\/\/www.notibras.com\/site\/ouvir-falar-de-jenipapo-murcho-eleva-moral\/"},"wordCount":449,"publisher":{"@id":"https:\/\/www.notibras.com\/site\/#organization"},"image":{"@id":"https:\/\/www.notibras.com\/site\/ouvir-falar-de-jenipapo-murcho-eleva-moral\/#primaryimage"},"thumbnailUrl":"https:\/\/www.notibras.com\/site\/wp-content\/uploads\/2023\/07\/dudu.viuvo_.jpg","articleSection":["Quadradinho em Foco"],"inLanguage":"pt-BR"},{"@type":"WebPage","@id":"https:\/\/www.notibras.com\/site\/ouvir-falar-de-jenipapo-murcho-eleva-moral\/","url":"https:\/\/www.notibras.com\/site\/ouvir-falar-de-jenipapo-murcho-eleva-moral\/","name":"Ouvir falar de jenipapo murcho eleva moral - Notibras","isPartOf":{"@id":"https:\/\/www.notibras.com\/site\/#website"},"primaryImageOfPage":{"@id":"https:\/\/www.notibras.com\/site\/ouvir-falar-de-jenipapo-murcho-eleva-moral\/#primaryimage"},"image":{"@id":"https:\/\/www.notibras.com\/site\/ouvir-falar-de-jenipapo-murcho-eleva-moral\/#primaryimage"},"thumbnailUrl":"https:\/\/www.notibras.com\/site\/wp-content\/uploads\/2023\/07\/dudu.viuvo_.jpg","datePublished":"2023-07-27T10:00:26+00:00","breadcrumb":{"@id":"https:\/\/www.notibras.com\/site\/ouvir-falar-de-jenipapo-murcho-eleva-moral\/#breadcrumb"},"inLanguage":"pt-BR","potentialAction":[{"@type":"ReadAction","target":["https:\/\/www.notibras.com\/site\/ouvir-falar-de-jenipapo-murcho-eleva-moral\/"]}]},{"@type":"ImageObject","inLanguage":"pt-BR","@id":"https:\/\/www.notibras.com\/site\/ouvir-falar-de-jenipapo-murcho-eleva-moral\/#primaryimage","url":"https:\/\/www.notibras.com\/site\/wp-content\/uploads\/2023\/07\/dudu.viuvo_.jpg","contentUrl":"https:\/\/www.notibras.com\/site\/wp-content\/uploads\/2023\/07\/dudu.viuvo_.jpg","width":729,"height":1024},{"@type":"BreadcrumbList","@id":"https:\/\/www.notibras.com\/site\/ouvir-falar-de-jenipapo-murcho-eleva-moral\/#breadcrumb","itemListElement":[{"@type":"ListItem","position":1,"name":"In\u00edcio","item":"https:\/\/www.notibras.com\/site\/"},{"@type":"ListItem","position":2,"name":"Ouvir falar de jenipapo murcho eleva moral"}]},{"@type":"WebSite","@id":"https:\/\/www.notibras.com\/site\/#website","url":"https:\/\/www.notibras.com\/site\/","name":"Notibras","description":"Not\u00edcias de Bras\u00edlia, do Brasil e do Mundo","publisher":{"@id":"https:\/\/www.notibras.com\/site\/#organization"},"potentialAction":[{"@type":"SearchAction","target":{"@type":"EntryPoint","urlTemplate":"https:\/\/www.notibras.com\/site\/?s={search_term_string}"},"query-input":{"@type":"PropertyValueSpecification","valueRequired":true,"valueName":"search_term_string"}}],"inLanguage":"pt-BR"},{"@type":"Organization","@id":"https:\/\/www.notibras.com\/site\/#organization","name":"Grupo Notibras de Comunica\u00e7\u00e3o","url":"https:\/\/www.notibras.com\/site\/","logo":{"@type":"ImageObject","inLanguage":"pt-BR","@id":"https:\/\/www.notibras.com\/site\/#\/schema\/logo\/image\/","url":"https:\/\/www.notibras.com\/site\/wp-content\/uploads\/2023\/01\/notibras23.png","contentUrl":"https:\/\/www.notibras.com\/site\/wp-content\/uploads\/2023\/01\/notibras23.png","width":350,"height":87,"caption":"Grupo Notibras de Comunica\u00e7\u00e3o"},"image":{"@id":"https:\/\/www.notibras.com\/site\/#\/schema\/logo\/image\/"},"sameAs":["https:\/\/www.facebook.com\/notibras\/","https:\/\/x.com\/Notibras","https:\/\/www.instagram.com\/notibras\/"]},{"@type":"Person","@id":"https:\/\/www.notibras.com\/site\/#\/schema\/person\/36ab0979449956132d3e5b517ea76ac8","name":"Reda\u00e7\u00e3o","image":{"@type":"ImageObject","inLanguage":"pt-BR","@id":"https:\/\/secure.gravatar.com\/avatar\/e0a867bdedb85fd243eadf09663511f96fc81e0720a4a42581f334ad4303aa6b?s=96&d=mm&r=g","url":"https:\/\/secure.gravatar.com\/avatar\/e0a867bdedb85fd243eadf09663511f96fc81e0720a4a42581f334ad4303aa6b?s=96&d=mm&r=g","contentUrl":"https:\/\/secure.gravatar.com\/avatar\/e0a867bdedb85fd243eadf09663511f96fc81e0720a4a42581f334ad4303aa6b?s=96&d=mm&r=g","caption":"Reda\u00e7\u00e3o"}}]}},"amp_enabled":true,"_links":{"self":[{"href":"https:\/\/www.notibras.com\/site\/wp-json\/wp\/v2\/posts\/309690","targetHints":{"allow":["GET"]}}],"collection":[{"href":"https:\/\/www.notibras.com\/site\/wp-json\/wp\/v2\/posts"}],"about":[{"href":"https:\/\/www.notibras.com\/site\/wp-json\/wp\/v2\/types\/post"}],"author":[{"embeddable":true,"href":"https:\/\/www.notibras.com\/site\/wp-json\/wp\/v2\/users\/2"}],"replies":[{"embeddable":true,"href":"https:\/\/www.notibras.com\/site\/wp-json\/wp\/v2\/comments?post=309690"}],"version-history":[{"count":1,"href":"https:\/\/www.notibras.com\/site\/wp-json\/wp\/v2\/posts\/309690\/revisions"}],"predecessor-version":[{"id":309692,"href":"https:\/\/www.notibras.com\/site\/wp-json\/wp\/v2\/posts\/309690\/revisions\/309692"}],"wp:featuredmedia":[{"embeddable":true,"href":"https:\/\/www.notibras.com\/site\/wp-json\/wp\/v2\/media\/309691"}],"wp:attachment":[{"href":"https:\/\/www.notibras.com\/site\/wp-json\/wp\/v2\/media?parent=309690"}],"wp:term":[{"taxonomy":"category","embeddable":true,"href":"https:\/\/www.notibras.com\/site\/wp-json\/wp\/v2\/categories?post=309690"},{"taxonomy":"post_tag","embeddable":true,"href":"https:\/\/www.notibras.com\/site\/wp-json\/wp\/v2\/tags?post=309690"}],"curies":[{"name":"wp","href":"https:\/\/api.w.org\/{rel}","templated":true}]}}