{"id":309693,"date":"2023-07-27T06:55:42","date_gmt":"2023-07-27T09:55:42","guid":{"rendered":"https:\/\/www.notibras.com\/site\/?p=309693"},"modified":"2023-07-27T07:08:20","modified_gmt":"2023-07-27T10:08:20","slug":"tribunal-cobra-tintim-por-tintim-obras-na-ponte-jk","status":"publish","type":"post","link":"https:\/\/www.notibras.com\/site\/tribunal-cobra-tintim-por-tintim-obras-na-ponte-jk\/","title":{"rendered":"Tribunal cobra tintim por tintim obras na Ponte JK"},"content":{"rendered":"<p>O Tribunal de Contas do Distrito Federal determinou que a Novacap apresente, em at\u00e9 30 dias, informa\u00e7\u00f5es sobre as provid\u00eancias emergenciais que vem adotando para manter a seguran\u00e7a e a solidez da Ponte JK. A medida \u00e9 necess\u00e1ria enquanto n\u00e3o ocorrer a contrata\u00e7\u00e3o regular da empresa que ser\u00e1 respons\u00e1vel pela revitaliza\u00e7\u00e3o completa da estrutura.<\/p>\n<p>A Secretaria de Obras e Infraestrutura tamb\u00e9m deve se manifestar, no mesmo prazo, sobre as a\u00e7\u00f5es ao seu alcance para solucionar o problema de falta de manuten\u00e7\u00e3o corretiva. A decis\u00e3o ocorreu em sess\u00e3o plen\u00e1ria realizada nesta quarta-feira, 26,<\/p>\n<p>O Plen\u00e1rio do TCDF ainda reiterou \u00e0 Novacap a determina\u00e7\u00e3o para que apresente o cronograma com os marcos iniciais e de conclus\u00e3o para as fases referentes \u00e0 revitaliza\u00e7\u00e3o est\u00e9tica e \u00e0 pavimenta\u00e7\u00e3o da ponte.<\/p>\n<p>Em setembro de 2022, a Corte havia determinado que a companhia enviasse um plano de a\u00e7\u00e3o referente ao futuro certame de revitaliza\u00e7\u00e3o contendo a defini\u00e7\u00e3o das diferentes etapas e respectivos prazos.<\/p>\n<p>Considerando a demora para realiza\u00e7\u00e3o dos servi\u00e7os necess\u00e1rios e o risco de interdi\u00e7\u00e3o ou de acidente a partir da ru\u00edna da estrutura, os conselheiros da Corte de Contas acolheram, por unanimidade, o voto do conselheiro relator do processo.<\/p>\n<p><strong>Hist\u00f3rico<\/strong><br \/>\nO processo 00600-00010362\/2021-73-e trata do exame, pelo Tribunal, do Edital do Procedimento Licitat\u00f3rio Eletr\u00f4nico n\u00ba 013\/2021 \u2013 DECOMP\/DA, lan\u00e7ado pela Novacap, para a execu\u00e7\u00e3o da obra de revitaliza\u00e7\u00e3o da Ponte JK, localizada no Lago Parano\u00e1, compreendendo os servi\u00e7os de recupera\u00e7\u00e3o e refor\u00e7o estrutural.<\/p>\n<p>Em fevereiro de 2022, mediante Decis\u00e3o n\u00ba 46\/2022, o TCDF determinou a suspens\u00e3o da licita\u00e7\u00e3o pela necessidade de serem revistos diversos aspectos da licita\u00e7\u00e3o lan\u00e7ada em substitui\u00e7\u00e3o ao Procedimento Licitat\u00f3rio &#8211; PL n\u00ba 001\/2018, tratado no Processo n\u00ba 25.198\/2018-e.<\/p>\n<p>Algumas falhas que ensejaram a Decis\u00e3o n\u00ba 46\/2022 j\u00e1 haviam sido apontadas anteriormente na an\u00e1lise do certame de 2018. A principal delas era relativa a defini\u00e7\u00f5es do projeto que alterariam profundamente o arranjo estrutural da ponte. Elas foram objeto de orienta\u00e7\u00e3o \u00e0 Novacap por meio da Decis\u00e3o Reservada n\u00ba 128\/2019 (proferida em julho de 2019, no \u00e2mbito do Processo n\u00ba 25.198\/2018-e).<\/p>\n<p>\u00c0 \u00e9poca, a Novacap decidiu revogar a licita\u00e7\u00e3o. A Companhia informou que abandonou essa proposta de revitaliza\u00e7\u00e3o com o intuito de revisar o projeto e, assim, conseguir manter as caracter\u00edsticas estruturais originais da Ponte JK.<\/p>\n<p>Considerando a complexidade e a urg\u00eancia da licita\u00e7\u00e3o, bem como o impacto social que um eventual colapso da Ponte JK pode provocar, na sess\u00e3o plen\u00e1ria de 31 de maio de 2023, o Tribunal deu um prazo de 30 dias para que a Novacap apresentasse informa\u00e7\u00f5es sobre o Plano de A\u00e7\u00e3o para revitaliza\u00e7\u00e3o da ponte, o que n\u00e3o ocorreu. Na ocasi\u00e3o, os conselheiros da Corte alertaram para a necessidade de atuar preventivamente e evitar situa\u00e7\u00f5es como o desabamento do viaduto sob o Eix\u00e3o Sul, ocorrido em fevereiro de 2018.<\/p>\n","protected":false},"excerpt":{"rendered":"<p>O Tribunal de Contas do Distrito Federal determinou que a Novacap apresente, em at\u00e9 30 dias, informa\u00e7\u00f5es sobre as provid\u00eancias emergenciais que vem adotando para manter a seguran\u00e7a e a solidez da Ponte JK. A medida \u00e9 necess\u00e1ria enquanto n\u00e3o ocorrer a contrata\u00e7\u00e3o regular da empresa que ser\u00e1 respons\u00e1vel pela revitaliza\u00e7\u00e3o completa da estrutura. A [&hellip;]<\/p>\n","protected":false},"author":2,"featured_media":104252,"comment_status":"closed","ping_status":"closed","sticky":false,"template":"","format":"standard","meta":{"_acf_changed":false,"footnotes":""},"categories":[161],"tags":[],"class_list":["post-309693","post","type-post","status-publish","format-standard","has-post-thumbnail","hentry","category-quadradinho-em-foco"],"acf":[],"yoast_head":"<!-- This site is optimized with the Yoast SEO plugin v27.2 - https:\/\/yoast.com\/product\/yoast-seo-wordpress\/ -->\n<title>Tribunal cobra tintim por tintim obras na Ponte JK - Notibras<\/title>\n<meta name=\"robots\" content=\"index, follow, max-snippet:-1, max-image-preview:large, max-video-preview:-1\" \/>\n<link rel=\"canonical\" href=\"https:\/\/www.notibras.com\/site\/tribunal-cobra-tintim-por-tintim-obras-na-ponte-jk\/\" \/>\n<meta property=\"og:locale\" content=\"pt_BR\" \/>\n<meta property=\"og:type\" content=\"article\" \/>\n<meta property=\"og:title\" content=\"Tribunal cobra tintim por tintim obras na Ponte JK - Notibras\" \/>\n<meta property=\"og:description\" content=\"O Tribunal de Contas do Distrito Federal determinou que a Novacap apresente, em at\u00e9 30 dias, informa\u00e7\u00f5es sobre as provid\u00eancias emergenciais que vem adotando para manter a seguran\u00e7a e a solidez da Ponte JK. A medida \u00e9 necess\u00e1ria enquanto n\u00e3o ocorrer a contrata\u00e7\u00e3o regular da empresa que ser\u00e1 respons\u00e1vel pela revitaliza\u00e7\u00e3o completa da estrutura. A [&hellip;]\" \/>\n<meta property=\"og:url\" content=\"https:\/\/www.notibras.com\/site\/tribunal-cobra-tintim-por-tintim-obras-na-ponte-jk\/\" \/>\n<meta property=\"og:site_name\" content=\"Notibras\" \/>\n<meta property=\"article:publisher\" content=\"https:\/\/www.facebook.com\/notibras\/\" \/>\n<meta property=\"article:published_time\" content=\"2023-07-27T09:55:42+00:00\" \/>\n<meta property=\"article:modified_time\" content=\"2023-07-27T10:08:20+00:00\" \/>\n<meta property=\"og:image\" content=\"https:\/\/www.notibras.com\/site\/wp-content\/uploads\/2016\/06\/Ponte-JK.jpg\" \/>\n\t<meta property=\"og:image:width\" content=\"950\" \/>\n\t<meta property=\"og:image:height\" content=\"634\" \/>\n\t<meta property=\"og:image:type\" content=\"image\/jpeg\" \/>\n<meta name=\"author\" content=\"Reda\u00e7\u00e3o\" \/>\n<meta name=\"twitter:card\" content=\"summary_large_image\" \/>\n<meta name=\"twitter:creator\" content=\"@Notibras\" \/>\n<meta name=\"twitter:site\" content=\"@Notibras\" \/>\n<meta name=\"twitter:label1\" content=\"Escrito por\" \/>\n\t<meta name=\"twitter:data1\" content=\"Reda\u00e7\u00e3o\" \/>\n\t<meta name=\"twitter:label2\" content=\"Est. tempo de leitura\" \/>\n\t<meta name=\"twitter:data2\" content=\"3 minutos\" \/>\n<script type=\"application\/ld+json\" class=\"yoast-schema-graph\">{\"@context\":\"https:\/\/schema.org\",\"@graph\":[{\"@type\":\"Article\",\"@id\":\"https:\/\/www.notibras.com\/site\/tribunal-cobra-tintim-por-tintim-obras-na-ponte-jk\/#article\",\"isPartOf\":{\"@id\":\"https:\/\/www.notibras.com\/site\/tribunal-cobra-tintim-por-tintim-obras-na-ponte-jk\/\"},\"author\":{\"name\":\"Reda\u00e7\u00e3o\",\"@id\":\"https:\/\/www.notibras.com\/site\/#\/schema\/person\/36ab0979449956132d3e5b517ea76ac8\"},\"headline\":\"Tribunal cobra tintim por tintim obras na Ponte JK\",\"datePublished\":\"2023-07-27T09:55:42+00:00\",\"dateModified\":\"2023-07-27T10:08:20+00:00\",\"mainEntityOfPage\":{\"@id\":\"https:\/\/www.notibras.com\/site\/tribunal-cobra-tintim-por-tintim-obras-na-ponte-jk\/\"},\"wordCount\":515,\"publisher\":{\"@id\":\"https:\/\/www.notibras.com\/site\/#organization\"},\"image\":{\"@id\":\"https:\/\/www.notibras.com\/site\/tribunal-cobra-tintim-por-tintim-obras-na-ponte-jk\/#primaryimage\"},\"thumbnailUrl\":\"https:\/\/www.notibras.com\/site\/wp-content\/uploads\/2016\/06\/Ponte-JK.jpg\",\"articleSection\":[\"Quadradinho em Foco\"],\"inLanguage\":\"pt-BR\"},{\"@type\":\"WebPage\",\"@id\":\"https:\/\/www.notibras.com\/site\/tribunal-cobra-tintim-por-tintim-obras-na-ponte-jk\/\",\"url\":\"https:\/\/www.notibras.com\/site\/tribunal-cobra-tintim-por-tintim-obras-na-ponte-jk\/\",\"name\":\"Tribunal cobra tintim por tintim obras na Ponte JK - Notibras\",\"isPartOf\":{\"@id\":\"https:\/\/www.notibras.com\/site\/#website\"},\"primaryImageOfPage\":{\"@id\":\"https:\/\/www.notibras.com\/site\/tribunal-cobra-tintim-por-tintim-obras-na-ponte-jk\/#primaryimage\"},\"image\":{\"@id\":\"https:\/\/www.notibras.com\/site\/tribunal-cobra-tintim-por-tintim-obras-na-ponte-jk\/#primaryimage\"},\"thumbnailUrl\":\"https:\/\/www.notibras.com\/site\/wp-content\/uploads\/2016\/06\/Ponte-JK.jpg\",\"datePublished\":\"2023-07-27T09:55:42+00:00\",\"dateModified\":\"2023-07-27T10:08:20+00:00\",\"breadcrumb\":{\"@id\":\"https:\/\/www.notibras.com\/site\/tribunal-cobra-tintim-por-tintim-obras-na-ponte-jk\/#breadcrumb\"},\"inLanguage\":\"pt-BR\",\"potentialAction\":[{\"@type\":\"ReadAction\",\"target\":[\"https:\/\/www.notibras.com\/site\/tribunal-cobra-tintim-por-tintim-obras-na-ponte-jk\/\"]}]},{\"@type\":\"ImageObject\",\"inLanguage\":\"pt-BR\",\"@id\":\"https:\/\/www.notibras.com\/site\/tribunal-cobra-tintim-por-tintim-obras-na-ponte-jk\/#primaryimage\",\"url\":\"https:\/\/www.notibras.com\/site\/wp-content\/uploads\/2016\/06\/Ponte-JK.jpg\",\"contentUrl\":\"https:\/\/www.notibras.com\/site\/wp-content\/uploads\/2016\/06\/Ponte-JK.jpg\",\"width\":950,\"height\":634},{\"@type\":\"BreadcrumbList\",\"@id\":\"https:\/\/www.notibras.com\/site\/tribunal-cobra-tintim-por-tintim-obras-na-ponte-jk\/#breadcrumb\",\"itemListElement\":[{\"@type\":\"ListItem\",\"position\":1,\"name\":\"In\u00edcio\",\"item\":\"https:\/\/www.notibras.com\/site\/\"},{\"@type\":\"ListItem\",\"position\":2,\"name\":\"Tribunal cobra tintim por tintim obras na Ponte JK\"}]},{\"@type\":\"WebSite\",\"@id\":\"https:\/\/www.notibras.com\/site\/#website\",\"url\":\"https:\/\/www.notibras.com\/site\/\",\"name\":\"Notibras\",\"description\":\"Not\u00edcias de Bras\u00edlia, do Brasil e do Mundo\",\"publisher\":{\"@id\":\"https:\/\/www.notibras.com\/site\/#organization\"},\"potentialAction\":[{\"@type\":\"SearchAction\",\"target\":{\"@type\":\"EntryPoint\",\"urlTemplate\":\"https:\/\/www.notibras.com\/site\/?s={search_term_string}\"},\"query-input\":{\"@type\":\"PropertyValueSpecification\",\"valueRequired\":true,\"valueName\":\"search_term_string\"}}],\"inLanguage\":\"pt-BR\"},{\"@type\":\"Organization\",\"@id\":\"https:\/\/www.notibras.com\/site\/#organization\",\"name\":\"Grupo Notibras de Comunica\u00e7\u00e3o\",\"url\":\"https:\/\/www.notibras.com\/site\/\",\"logo\":{\"@type\":\"ImageObject\",\"inLanguage\":\"pt-BR\",\"@id\":\"https:\/\/www.notibras.com\/site\/#\/schema\/logo\/image\/\",\"url\":\"https:\/\/www.notibras.com\/site\/wp-content\/uploads\/2023\/01\/notibras23.png\",\"contentUrl\":\"https:\/\/www.notibras.com\/site\/wp-content\/uploads\/2023\/01\/notibras23.png\",\"width\":350,\"height\":87,\"caption\":\"Grupo Notibras de Comunica\u00e7\u00e3o\"},\"image\":{\"@id\":\"https:\/\/www.notibras.com\/site\/#\/schema\/logo\/image\/\"},\"sameAs\":[\"https:\/\/www.facebook.com\/notibras\/\",\"https:\/\/x.com\/Notibras\",\"https:\/\/www.instagram.com\/notibras\/\"]},{\"@type\":\"Person\",\"@id\":\"https:\/\/www.notibras.com\/site\/#\/schema\/person\/36ab0979449956132d3e5b517ea76ac8\",\"name\":\"Reda\u00e7\u00e3o\",\"image\":{\"@type\":\"ImageObject\",\"inLanguage\":\"pt-BR\",\"@id\":\"https:\/\/secure.gravatar.com\/avatar\/e0a867bdedb85fd243eadf09663511f96fc81e0720a4a42581f334ad4303aa6b?s=96&d=mm&r=g\",\"url\":\"https:\/\/secure.gravatar.com\/avatar\/e0a867bdedb85fd243eadf09663511f96fc81e0720a4a42581f334ad4303aa6b?s=96&d=mm&r=g\",\"contentUrl\":\"https:\/\/secure.gravatar.com\/avatar\/e0a867bdedb85fd243eadf09663511f96fc81e0720a4a42581f334ad4303aa6b?s=96&d=mm&r=g\",\"caption\":\"Reda\u00e7\u00e3o\"}}]}<\/script>\n<!-- \/ Yoast SEO plugin. -->","yoast_head_json":{"title":"Tribunal cobra tintim por tintim obras na Ponte JK - Notibras","robots":{"index":"index","follow":"follow","max-snippet":"max-snippet:-1","max-image-preview":"max-image-preview:large","max-video-preview":"max-video-preview:-1"},"canonical":"https:\/\/www.notibras.com\/site\/tribunal-cobra-tintim-por-tintim-obras-na-ponte-jk\/","og_locale":"pt_BR","og_type":"article","og_title":"Tribunal cobra tintim por tintim obras na Ponte JK - Notibras","og_description":"O Tribunal de Contas do Distrito Federal determinou que a Novacap apresente, em at\u00e9 30 dias, informa\u00e7\u00f5es sobre as provid\u00eancias emergenciais que vem adotando para manter a seguran\u00e7a e a solidez da Ponte JK. A medida \u00e9 necess\u00e1ria enquanto n\u00e3o ocorrer a contrata\u00e7\u00e3o regular da empresa que ser\u00e1 respons\u00e1vel pela revitaliza\u00e7\u00e3o completa da estrutura. A [&hellip;]","og_url":"https:\/\/www.notibras.com\/site\/tribunal-cobra-tintim-por-tintim-obras-na-ponte-jk\/","og_site_name":"Notibras","article_publisher":"https:\/\/www.facebook.com\/notibras\/","article_published_time":"2023-07-27T09:55:42+00:00","article_modified_time":"2023-07-27T10:08:20+00:00","og_image":[{"width":950,"height":634,"url":"https:\/\/www.notibras.com\/site\/wp-content\/uploads\/2016\/06\/Ponte-JK.jpg","type":"image\/jpeg"}],"author":"Reda\u00e7\u00e3o","twitter_card":"summary_large_image","twitter_creator":"@Notibras","twitter_site":"@Notibras","twitter_misc":{"Escrito por":"Reda\u00e7\u00e3o","Est. tempo de leitura":"3 minutos"},"schema":{"@context":"https:\/\/schema.org","@graph":[{"@type":"Article","@id":"https:\/\/www.notibras.com\/site\/tribunal-cobra-tintim-por-tintim-obras-na-ponte-jk\/#article","isPartOf":{"@id":"https:\/\/www.notibras.com\/site\/tribunal-cobra-tintim-por-tintim-obras-na-ponte-jk\/"},"author":{"name":"Reda\u00e7\u00e3o","@id":"https:\/\/www.notibras.com\/site\/#\/schema\/person\/36ab0979449956132d3e5b517ea76ac8"},"headline":"Tribunal cobra tintim por tintim obras na Ponte JK","datePublished":"2023-07-27T09:55:42+00:00","dateModified":"2023-07-27T10:08:20+00:00","mainEntityOfPage":{"@id":"https:\/\/www.notibras.com\/site\/tribunal-cobra-tintim-por-tintim-obras-na-ponte-jk\/"},"wordCount":515,"publisher":{"@id":"https:\/\/www.notibras.com\/site\/#organization"},"image":{"@id":"https:\/\/www.notibras.com\/site\/tribunal-cobra-tintim-por-tintim-obras-na-ponte-jk\/#primaryimage"},"thumbnailUrl":"https:\/\/www.notibras.com\/site\/wp-content\/uploads\/2016\/06\/Ponte-JK.jpg","articleSection":["Quadradinho em Foco"],"inLanguage":"pt-BR"},{"@type":"WebPage","@id":"https:\/\/www.notibras.com\/site\/tribunal-cobra-tintim-por-tintim-obras-na-ponte-jk\/","url":"https:\/\/www.notibras.com\/site\/tribunal-cobra-tintim-por-tintim-obras-na-ponte-jk\/","name":"Tribunal cobra tintim por tintim obras na Ponte JK - Notibras","isPartOf":{"@id":"https:\/\/www.notibras.com\/site\/#website"},"primaryImageOfPage":{"@id":"https:\/\/www.notibras.com\/site\/tribunal-cobra-tintim-por-tintim-obras-na-ponte-jk\/#primaryimage"},"image":{"@id":"https:\/\/www.notibras.com\/site\/tribunal-cobra-tintim-por-tintim-obras-na-ponte-jk\/#primaryimage"},"thumbnailUrl":"https:\/\/www.notibras.com\/site\/wp-content\/uploads\/2016\/06\/Ponte-JK.jpg","datePublished":"2023-07-27T09:55:42+00:00","dateModified":"2023-07-27T10:08:20+00:00","breadcrumb":{"@id":"https:\/\/www.notibras.com\/site\/tribunal-cobra-tintim-por-tintim-obras-na-ponte-jk\/#breadcrumb"},"inLanguage":"pt-BR","potentialAction":[{"@type":"ReadAction","target":["https:\/\/www.notibras.com\/site\/tribunal-cobra-tintim-por-tintim-obras-na-ponte-jk\/"]}]},{"@type":"ImageObject","inLanguage":"pt-BR","@id":"https:\/\/www.notibras.com\/site\/tribunal-cobra-tintim-por-tintim-obras-na-ponte-jk\/#primaryimage","url":"https:\/\/www.notibras.com\/site\/wp-content\/uploads\/2016\/06\/Ponte-JK.jpg","contentUrl":"https:\/\/www.notibras.com\/site\/wp-content\/uploads\/2016\/06\/Ponte-JK.jpg","width":950,"height":634},{"@type":"BreadcrumbList","@id":"https:\/\/www.notibras.com\/site\/tribunal-cobra-tintim-por-tintim-obras-na-ponte-jk\/#breadcrumb","itemListElement":[{"@type":"ListItem","position":1,"name":"In\u00edcio","item":"https:\/\/www.notibras.com\/site\/"},{"@type":"ListItem","position":2,"name":"Tribunal cobra tintim por tintim obras na Ponte JK"}]},{"@type":"WebSite","@id":"https:\/\/www.notibras.com\/site\/#website","url":"https:\/\/www.notibras.com\/site\/","name":"Notibras","description":"Not\u00edcias de Bras\u00edlia, do Brasil e do Mundo","publisher":{"@id":"https:\/\/www.notibras.com\/site\/#organization"},"potentialAction":[{"@type":"SearchAction","target":{"@type":"EntryPoint","urlTemplate":"https:\/\/www.notibras.com\/site\/?s={search_term_string}"},"query-input":{"@type":"PropertyValueSpecification","valueRequired":true,"valueName":"search_term_string"}}],"inLanguage":"pt-BR"},{"@type":"Organization","@id":"https:\/\/www.notibras.com\/site\/#organization","name":"Grupo Notibras de Comunica\u00e7\u00e3o","url":"https:\/\/www.notibras.com\/site\/","logo":{"@type":"ImageObject","inLanguage":"pt-BR","@id":"https:\/\/www.notibras.com\/site\/#\/schema\/logo\/image\/","url":"https:\/\/www.notibras.com\/site\/wp-content\/uploads\/2023\/01\/notibras23.png","contentUrl":"https:\/\/www.notibras.com\/site\/wp-content\/uploads\/2023\/01\/notibras23.png","width":350,"height":87,"caption":"Grupo Notibras de Comunica\u00e7\u00e3o"},"image":{"@id":"https:\/\/www.notibras.com\/site\/#\/schema\/logo\/image\/"},"sameAs":["https:\/\/www.facebook.com\/notibras\/","https:\/\/x.com\/Notibras","https:\/\/www.instagram.com\/notibras\/"]},{"@type":"Person","@id":"https:\/\/www.notibras.com\/site\/#\/schema\/person\/36ab0979449956132d3e5b517ea76ac8","name":"Reda\u00e7\u00e3o","image":{"@type":"ImageObject","inLanguage":"pt-BR","@id":"https:\/\/secure.gravatar.com\/avatar\/e0a867bdedb85fd243eadf09663511f96fc81e0720a4a42581f334ad4303aa6b?s=96&d=mm&r=g","url":"https:\/\/secure.gravatar.com\/avatar\/e0a867bdedb85fd243eadf09663511f96fc81e0720a4a42581f334ad4303aa6b?s=96&d=mm&r=g","contentUrl":"https:\/\/secure.gravatar.com\/avatar\/e0a867bdedb85fd243eadf09663511f96fc81e0720a4a42581f334ad4303aa6b?s=96&d=mm&r=g","caption":"Reda\u00e7\u00e3o"}}]}},"amp_enabled":true,"_links":{"self":[{"href":"https:\/\/www.notibras.com\/site\/wp-json\/wp\/v2\/posts\/309693","targetHints":{"allow":["GET"]}}],"collection":[{"href":"https:\/\/www.notibras.com\/site\/wp-json\/wp\/v2\/posts"}],"about":[{"href":"https:\/\/www.notibras.com\/site\/wp-json\/wp\/v2\/types\/post"}],"author":[{"embeddable":true,"href":"https:\/\/www.notibras.com\/site\/wp-json\/wp\/v2\/users\/2"}],"replies":[{"embeddable":true,"href":"https:\/\/www.notibras.com\/site\/wp-json\/wp\/v2\/comments?post=309693"}],"version-history":[{"count":1,"href":"https:\/\/www.notibras.com\/site\/wp-json\/wp\/v2\/posts\/309693\/revisions"}],"predecessor-version":[{"id":309694,"href":"https:\/\/www.notibras.com\/site\/wp-json\/wp\/v2\/posts\/309693\/revisions\/309694"}],"wp:featuredmedia":[{"embeddable":true,"href":"https:\/\/www.notibras.com\/site\/wp-json\/wp\/v2\/media\/104252"}],"wp:attachment":[{"href":"https:\/\/www.notibras.com\/site\/wp-json\/wp\/v2\/media?parent=309693"}],"wp:term":[{"taxonomy":"category","embeddable":true,"href":"https:\/\/www.notibras.com\/site\/wp-json\/wp\/v2\/categories?post=309693"},{"taxonomy":"post_tag","embeddable":true,"href":"https:\/\/www.notibras.com\/site\/wp-json\/wp\/v2\/tags?post=309693"}],"curies":[{"name":"wp","href":"https:\/\/api.w.org\/{rel}","templated":true}]}}