{"id":309712,"date":"2023-07-27T00:13:14","date_gmt":"2023-07-27T03:13:14","guid":{"rendered":"https:\/\/www.notibras.com\/site\/?p=309712"},"modified":"2023-07-27T07:55:58","modified_gmt":"2023-07-27T10:55:58","slug":"travestis-e-trans-podem-retirar-2a-via-da-ci-de-graca","status":"publish","type":"post","link":"https:\/\/www.notibras.com\/site\/travestis-e-trans-podem-retirar-2a-via-da-ci-de-graca\/","title":{"rendered":"Travestis e trans podem retirar 2\u00aa via da CI de gra\u00e7a"},"content":{"rendered":"<p>As pessoas trans e travestis moradoras do Distrito Federal (DF) podem emitir gratuitamente a segunda via da carteira de identidade. A lei distrital (n\u00ba 1.024\/2023) que garante a isen\u00e7\u00e3o da taxa de R$ 42 foi publicada no Di\u00e1rio Oficial do DF. A lei j\u00e1 est\u00e1 em vigor.<\/p>\n<p>Conforme descrito no Par\u00e1grafo 7\u00ba da norma, \u201cn\u00e3o \u00e9 cobrada taxa para emiss\u00e3o de segunda via de identidade civil se se trata de retifica\u00e7\u00e3o de nome civil, ou de sexo ou g\u00eanero de pessoas travestis e transexuais.\u201d<\/p>\n<p>A pessoa trans apresenta identidade de g\u00eanero diferente do sexo biol\u00f3gico com o qual nasceu. Travestis s\u00e3o pessoas que vivem constru\u00e7\u00e3o permanente do g\u00eanero feminino, tamb\u00e9m oposto ao sexo masculino, atribu\u00eddo ao nascer.<\/p>\n<p>A nova lei \u00e9 de autoria do deputado distrital F\u00e1bio F\u00e9lix (Psol-DF), ativista pelos direitos de l\u00e9sbicas, gays, bissexuais, travestis, transexuais, queers, intersexos, assexuais e outras (LGBTQIA+). \u201cPara uma parcela consider\u00e1vel dessa popula\u00e7\u00e3o, a retifica\u00e7\u00e3o do registro civil ainda \u00e9 dificultada pelo excesso de burocracia. N\u00e3o condiz com um Estado democr\u00e1tico, e que preza por igualdade, prejudicar ainda mais um grupo social j\u00e1 t\u00e3o vulner\u00e1vel, cobrando in\u00fameras taxas para que sua identidade seja reconhecida.\u201d<\/p>\n<p><strong>Repercuss\u00e3o<\/strong><br \/>\nA deputada federal \u00c9rika Hilton (PSOL-SP) destacou que, no Brasil, grande parcela da popula\u00e7\u00e3o trans e de travestis, que muitas vezes j\u00e1 vive \u00e0 margem da sociedade, enfrenta dificuldades ao passar pelo processo de nova identifica\u00e7\u00e3o e tamb\u00e9m precisa arcar com a cobran\u00e7a de in\u00fameras taxas para ser ter a identidade reconhecida.<\/p>\n<p>Para a primeira deputada federal negra e trans eleita do pa\u00eds, a nova lei \u00e9 um importante avan\u00e7o. \u00c9rika Hilton defende a nacionaliza\u00e7\u00e3o da lei. \u201cEsse direito assegura que n\u00f3s demos um passo ao encontro \u00e0 cidadania e \u00e0 dignidade. Eu tenho certeza que [a decis\u00e3o] abre um precedente para que possamos ver uma legisla\u00e7\u00e3o como essa nascendo em n\u00edvel nacional, e n\u00e3o apenas no Distrito Federal.\u201d<\/p>\n<p>\u201c\u00c9 um passo para a dignidade, \u00e9 um passo para o direito e n\u00f3s precisamos avan\u00e7ar. A popula\u00e7\u00e3o trans-travesti \u00e9 uma popula\u00e7\u00e3o cidad\u00e3 como qualquer outra e merece ter seus direitos assegurados e reconhecidos. Vibramos com essa vit\u00f3ria e compreendemos que, dia ap\u00f3s dia, avan\u00e7aremos na constru\u00e7\u00e3o da dignidade da nossa popula\u00e7\u00e3o\u201d, celebrou a deputada federal.<\/p>\n<p>Em publica\u00e7\u00e3o no Twitter, a secret\u00e1ria nacional dos Direitos das Pessoas LGBTQIA+ do Minist\u00e9rio dos Direitos Humanos e da Cidadania (MDHC), Symmy Larrat, comemorou a publica\u00e7\u00e3o da lei, agora, vigente no Distrito Federal. \u201cEssa \u00e9 uma grande conquista para todas as pessoas trans e travestis. Estou extremamente feliz com essa not\u00edcia e, se depender de mim, vamos ter cada dia mais direitos&#8221;, destacou. \u201cEsse \u00e9 o reconhecimento que queremos\u201d, acrescentou.<\/p>\n<p>A Associa\u00e7\u00e3o Nacional de Travestis e Transexuais (Antra) tamb\u00e9m se posicionou favoravelmente \u00e0 legisla\u00e7\u00e3o, pela rede social. \u201cEssa [\u00e9 uma] conquista! Que seja ampliada e implementada em todo pa\u00eds!&#8221;<\/p>\n<p>Para a delegada da Pol\u00edcia Civil do Distrito Federal \u00c2ngela Maria dos Santos, a lei \u00e9 uma conquista das pessoas trans. \u201cO n\u00e3o pagamento da segunda via da carteira de identidade \u00e9 um reconhecimento do Estado de que a identidade de g\u00eanero \u00e9 inerente ao indiv\u00edduo, \u00e9 um direito personal\u00edssimo. Direito \u00e0 dignidade da pessoa humana. Direito ao nome, direito assegurado \u00e0s pessoas trans de serem reconhecidas como elas s\u00e3o.\u201d<\/p>\n<p><strong>Nova Carteira de Identidade Nacional<\/strong><br \/>\nEm maio deste ano, o governo federal anunciou que a nova Carteira de Identidade Nacional (CIN) n\u00e3o ter\u00e1 mais a informa\u00e7\u00e3o sobre o sexo da pessoa identificada e, tamb\u00e9m, n\u00e3o far\u00e1 mais a distin\u00e7\u00e3o entre nome social e nome do registro civil. Dessa forma, o documento ter\u00e1 o nome o qual a pessoa declara no ato da emiss\u00e3o.<\/p>\n<p>\u00c0 \u00e9poca, as mudan\u00e7as foram solicitadas pelo Minist\u00e9rio dos Direitos Humanos e da Cidadania para promo\u00e7\u00e3o de cidadania desse p\u00fablico, por considerar que os dados que eram exigidos anteriormente poderiam prejudicar a popula\u00e7\u00e3o transg\u00eanero que n\u00e3o fez a retifica\u00e7\u00e3o no Registro Civil de Nascimento.<\/p>\n","protected":false},"excerpt":{"rendered":"<p>As pessoas trans e travestis moradoras do Distrito Federal (DF) podem emitir gratuitamente a segunda via da carteira de identidade. A lei distrital (n\u00ba 1.024\/2023) que garante a isen\u00e7\u00e3o da taxa de R$ 42 foi publicada no Di\u00e1rio Oficial do DF. A lei j\u00e1 est\u00e1 em vigor. Conforme descrito no Par\u00e1grafo 7\u00ba da norma, \u201cn\u00e3o [&hellip;]<\/p>\n","protected":false},"author":2,"featured_media":309713,"comment_status":"closed","ping_status":"closed","sticky":false,"template":"","format":"standard","meta":{"_acf_changed":false,"footnotes":""},"categories":[161],"tags":[95],"class_list":["post-309712","post","type-post","status-publish","format-standard","has-post-thumbnail","hentry","category-quadradinho-em-foco","tag-capa"],"acf":[],"yoast_head":"<!-- This site is optimized with the Yoast SEO plugin v27.2 - https:\/\/yoast.com\/product\/yoast-seo-wordpress\/ -->\n<title>Travestis e trans podem retirar 2\u00aa via da CI de gra\u00e7a - Notibras<\/title>\n<meta name=\"robots\" content=\"index, follow, max-snippet:-1, max-image-preview:large, max-video-preview:-1\" \/>\n<link rel=\"canonical\" href=\"https:\/\/www.notibras.com\/site\/travestis-e-trans-podem-retirar-2a-via-da-ci-de-graca\/\" \/>\n<meta property=\"og:locale\" content=\"pt_BR\" \/>\n<meta property=\"og:type\" content=\"article\" \/>\n<meta property=\"og:title\" content=\"Travestis e trans podem retirar 2\u00aa via da CI de gra\u00e7a - Notibras\" \/>\n<meta property=\"og:description\" content=\"As pessoas trans e travestis moradoras do Distrito Federal (DF) podem emitir gratuitamente a segunda via da carteira de identidade. A lei distrital (n\u00ba 1.024\/2023) que garante a isen\u00e7\u00e3o da taxa de R$ 42 foi publicada no Di\u00e1rio Oficial do DF. A lei j\u00e1 est\u00e1 em vigor. Conforme descrito no Par\u00e1grafo 7\u00ba da norma, \u201cn\u00e3o [&hellip;]\" \/>\n<meta property=\"og:url\" content=\"https:\/\/www.notibras.com\/site\/travestis-e-trans-podem-retirar-2a-via-da-ci-de-graca\/\" \/>\n<meta property=\"og:site_name\" content=\"Notibras\" \/>\n<meta property=\"article:publisher\" content=\"https:\/\/www.facebook.com\/notibras\/\" \/>\n<meta property=\"article:published_time\" content=\"2023-07-27T03:13:14+00:00\" \/>\n<meta property=\"article:modified_time\" content=\"2023-07-27T10:55:58+00:00\" \/>\n<meta property=\"og:image\" content=\"https:\/\/www.notibras.com\/site\/wp-content\/uploads\/2023\/07\/mg_9653.jpeg\" \/>\n\t<meta property=\"og:image:width\" content=\"1170\" \/>\n\t<meta property=\"og:image:height\" content=\"700\" \/>\n\t<meta property=\"og:image:type\" content=\"image\/jpeg\" \/>\n<meta name=\"author\" content=\"Reda\u00e7\u00e3o\" \/>\n<meta name=\"twitter:card\" content=\"summary_large_image\" \/>\n<meta name=\"twitter:creator\" content=\"@Notibras\" \/>\n<meta name=\"twitter:site\" content=\"@Notibras\" \/>\n<meta name=\"twitter:label1\" content=\"Escrito por\" \/>\n\t<meta name=\"twitter:data1\" content=\"Reda\u00e7\u00e3o\" \/>\n\t<meta name=\"twitter:label2\" content=\"Est. tempo de leitura\" \/>\n\t<meta name=\"twitter:data2\" content=\"4 minutos\" \/>\n<script type=\"application\/ld+json\" class=\"yoast-schema-graph\">{\"@context\":\"https:\/\/schema.org\",\"@graph\":[{\"@type\":\"Article\",\"@id\":\"https:\/\/www.notibras.com\/site\/travestis-e-trans-podem-retirar-2a-via-da-ci-de-graca\/#article\",\"isPartOf\":{\"@id\":\"https:\/\/www.notibras.com\/site\/travestis-e-trans-podem-retirar-2a-via-da-ci-de-graca\/\"},\"author\":{\"name\":\"Reda\u00e7\u00e3o\",\"@id\":\"https:\/\/www.notibras.com\/site\/#\/schema\/person\/36ab0979449956132d3e5b517ea76ac8\"},\"headline\":\"Travestis e trans podem retirar 2\u00aa via da CI de gra\u00e7a\",\"datePublished\":\"2023-07-27T03:13:14+00:00\",\"dateModified\":\"2023-07-27T10:55:58+00:00\",\"mainEntityOfPage\":{\"@id\":\"https:\/\/www.notibras.com\/site\/travestis-e-trans-podem-retirar-2a-via-da-ci-de-graca\/\"},\"wordCount\":708,\"publisher\":{\"@id\":\"https:\/\/www.notibras.com\/site\/#organization\"},\"image\":{\"@id\":\"https:\/\/www.notibras.com\/site\/travestis-e-trans-podem-retirar-2a-via-da-ci-de-graca\/#primaryimage\"},\"thumbnailUrl\":\"https:\/\/www.notibras.com\/site\/wp-content\/uploads\/2023\/07\/mg_9653.jpeg\",\"keywords\":[\"capa\"],\"articleSection\":[\"Quadradinho em Foco\"],\"inLanguage\":\"pt-BR\"},{\"@type\":\"WebPage\",\"@id\":\"https:\/\/www.notibras.com\/site\/travestis-e-trans-podem-retirar-2a-via-da-ci-de-graca\/\",\"url\":\"https:\/\/www.notibras.com\/site\/travestis-e-trans-podem-retirar-2a-via-da-ci-de-graca\/\",\"name\":\"Travestis e trans podem retirar 2\u00aa via da CI de gra\u00e7a - Notibras\",\"isPartOf\":{\"@id\":\"https:\/\/www.notibras.com\/site\/#website\"},\"primaryImageOfPage\":{\"@id\":\"https:\/\/www.notibras.com\/site\/travestis-e-trans-podem-retirar-2a-via-da-ci-de-graca\/#primaryimage\"},\"image\":{\"@id\":\"https:\/\/www.notibras.com\/site\/travestis-e-trans-podem-retirar-2a-via-da-ci-de-graca\/#primaryimage\"},\"thumbnailUrl\":\"https:\/\/www.notibras.com\/site\/wp-content\/uploads\/2023\/07\/mg_9653.jpeg\",\"datePublished\":\"2023-07-27T03:13:14+00:00\",\"dateModified\":\"2023-07-27T10:55:58+00:00\",\"breadcrumb\":{\"@id\":\"https:\/\/www.notibras.com\/site\/travestis-e-trans-podem-retirar-2a-via-da-ci-de-graca\/#breadcrumb\"},\"inLanguage\":\"pt-BR\",\"potentialAction\":[{\"@type\":\"ReadAction\",\"target\":[\"https:\/\/www.notibras.com\/site\/travestis-e-trans-podem-retirar-2a-via-da-ci-de-graca\/\"]}]},{\"@type\":\"ImageObject\",\"inLanguage\":\"pt-BR\",\"@id\":\"https:\/\/www.notibras.com\/site\/travestis-e-trans-podem-retirar-2a-via-da-ci-de-graca\/#primaryimage\",\"url\":\"https:\/\/www.notibras.com\/site\/wp-content\/uploads\/2023\/07\/mg_9653.jpeg\",\"contentUrl\":\"https:\/\/www.notibras.com\/site\/wp-content\/uploads\/2023\/07\/mg_9653.jpeg\",\"width\":1170,\"height\":700,\"caption\":\"Rio de Janeiro (RJ), 28\/06\/2023 - Pessoas celebram o Dia Internacional do Orgulho LGBTQIA+ na Cinel\u00e2ndia, regi\u00e3o central da cidade. Foto: Fernando Fraz\u00e3o\/Ag\u00eancia Brasil\"},{\"@type\":\"BreadcrumbList\",\"@id\":\"https:\/\/www.notibras.com\/site\/travestis-e-trans-podem-retirar-2a-via-da-ci-de-graca\/#breadcrumb\",\"itemListElement\":[{\"@type\":\"ListItem\",\"position\":1,\"name\":\"In\u00edcio\",\"item\":\"https:\/\/www.notibras.com\/site\/\"},{\"@type\":\"ListItem\",\"position\":2,\"name\":\"Travestis e trans podem retirar 2\u00aa via da CI de gra\u00e7a\"}]},{\"@type\":\"WebSite\",\"@id\":\"https:\/\/www.notibras.com\/site\/#website\",\"url\":\"https:\/\/www.notibras.com\/site\/\",\"name\":\"Notibras\",\"description\":\"Not\u00edcias de Bras\u00edlia, do Brasil e do Mundo\",\"publisher\":{\"@id\":\"https:\/\/www.notibras.com\/site\/#organization\"},\"potentialAction\":[{\"@type\":\"SearchAction\",\"target\":{\"@type\":\"EntryPoint\",\"urlTemplate\":\"https:\/\/www.notibras.com\/site\/?s={search_term_string}\"},\"query-input\":{\"@type\":\"PropertyValueSpecification\",\"valueRequired\":true,\"valueName\":\"search_term_string\"}}],\"inLanguage\":\"pt-BR\"},{\"@type\":\"Organization\",\"@id\":\"https:\/\/www.notibras.com\/site\/#organization\",\"name\":\"Grupo Notibras de Comunica\u00e7\u00e3o\",\"url\":\"https:\/\/www.notibras.com\/site\/\",\"logo\":{\"@type\":\"ImageObject\",\"inLanguage\":\"pt-BR\",\"@id\":\"https:\/\/www.notibras.com\/site\/#\/schema\/logo\/image\/\",\"url\":\"https:\/\/www.notibras.com\/site\/wp-content\/uploads\/2023\/01\/notibras23.png\",\"contentUrl\":\"https:\/\/www.notibras.com\/site\/wp-content\/uploads\/2023\/01\/notibras23.png\",\"width\":350,\"height\":87,\"caption\":\"Grupo Notibras de Comunica\u00e7\u00e3o\"},\"image\":{\"@id\":\"https:\/\/www.notibras.com\/site\/#\/schema\/logo\/image\/\"},\"sameAs\":[\"https:\/\/www.facebook.com\/notibras\/\",\"https:\/\/x.com\/Notibras\",\"https:\/\/www.instagram.com\/notibras\/\"]},{\"@type\":\"Person\",\"@id\":\"https:\/\/www.notibras.com\/site\/#\/schema\/person\/36ab0979449956132d3e5b517ea76ac8\",\"name\":\"Reda\u00e7\u00e3o\",\"image\":{\"@type\":\"ImageObject\",\"inLanguage\":\"pt-BR\",\"@id\":\"https:\/\/secure.gravatar.com\/avatar\/e0a867bdedb85fd243eadf09663511f96fc81e0720a4a42581f334ad4303aa6b?s=96&d=mm&r=g\",\"url\":\"https:\/\/secure.gravatar.com\/avatar\/e0a867bdedb85fd243eadf09663511f96fc81e0720a4a42581f334ad4303aa6b?s=96&d=mm&r=g\",\"contentUrl\":\"https:\/\/secure.gravatar.com\/avatar\/e0a867bdedb85fd243eadf09663511f96fc81e0720a4a42581f334ad4303aa6b?s=96&d=mm&r=g\",\"caption\":\"Reda\u00e7\u00e3o\"}}]}<\/script>\n<!-- \/ Yoast SEO plugin. -->","yoast_head_json":{"title":"Travestis e trans podem retirar 2\u00aa via da CI de gra\u00e7a - Notibras","robots":{"index":"index","follow":"follow","max-snippet":"max-snippet:-1","max-image-preview":"max-image-preview:large","max-video-preview":"max-video-preview:-1"},"canonical":"https:\/\/www.notibras.com\/site\/travestis-e-trans-podem-retirar-2a-via-da-ci-de-graca\/","og_locale":"pt_BR","og_type":"article","og_title":"Travestis e trans podem retirar 2\u00aa via da CI de gra\u00e7a - Notibras","og_description":"As pessoas trans e travestis moradoras do Distrito Federal (DF) podem emitir gratuitamente a segunda via da carteira de identidade. A lei distrital (n\u00ba 1.024\/2023) que garante a isen\u00e7\u00e3o da taxa de R$ 42 foi publicada no Di\u00e1rio Oficial do DF. A lei j\u00e1 est\u00e1 em vigor. Conforme descrito no Par\u00e1grafo 7\u00ba da norma, \u201cn\u00e3o [&hellip;]","og_url":"https:\/\/www.notibras.com\/site\/travestis-e-trans-podem-retirar-2a-via-da-ci-de-graca\/","og_site_name":"Notibras","article_publisher":"https:\/\/www.facebook.com\/notibras\/","article_published_time":"2023-07-27T03:13:14+00:00","article_modified_time":"2023-07-27T10:55:58+00:00","og_image":[{"width":1170,"height":700,"url":"https:\/\/www.notibras.com\/site\/wp-content\/uploads\/2023\/07\/mg_9653.jpeg","type":"image\/jpeg"}],"author":"Reda\u00e7\u00e3o","twitter_card":"summary_large_image","twitter_creator":"@Notibras","twitter_site":"@Notibras","twitter_misc":{"Escrito por":"Reda\u00e7\u00e3o","Est. tempo de leitura":"4 minutos"},"schema":{"@context":"https:\/\/schema.org","@graph":[{"@type":"Article","@id":"https:\/\/www.notibras.com\/site\/travestis-e-trans-podem-retirar-2a-via-da-ci-de-graca\/#article","isPartOf":{"@id":"https:\/\/www.notibras.com\/site\/travestis-e-trans-podem-retirar-2a-via-da-ci-de-graca\/"},"author":{"name":"Reda\u00e7\u00e3o","@id":"https:\/\/www.notibras.com\/site\/#\/schema\/person\/36ab0979449956132d3e5b517ea76ac8"},"headline":"Travestis e trans podem retirar 2\u00aa via da CI de gra\u00e7a","datePublished":"2023-07-27T03:13:14+00:00","dateModified":"2023-07-27T10:55:58+00:00","mainEntityOfPage":{"@id":"https:\/\/www.notibras.com\/site\/travestis-e-trans-podem-retirar-2a-via-da-ci-de-graca\/"},"wordCount":708,"publisher":{"@id":"https:\/\/www.notibras.com\/site\/#organization"},"image":{"@id":"https:\/\/www.notibras.com\/site\/travestis-e-trans-podem-retirar-2a-via-da-ci-de-graca\/#primaryimage"},"thumbnailUrl":"https:\/\/www.notibras.com\/site\/wp-content\/uploads\/2023\/07\/mg_9653.jpeg","keywords":["capa"],"articleSection":["Quadradinho em Foco"],"inLanguage":"pt-BR"},{"@type":"WebPage","@id":"https:\/\/www.notibras.com\/site\/travestis-e-trans-podem-retirar-2a-via-da-ci-de-graca\/","url":"https:\/\/www.notibras.com\/site\/travestis-e-trans-podem-retirar-2a-via-da-ci-de-graca\/","name":"Travestis e trans podem retirar 2\u00aa via da CI de gra\u00e7a - Notibras","isPartOf":{"@id":"https:\/\/www.notibras.com\/site\/#website"},"primaryImageOfPage":{"@id":"https:\/\/www.notibras.com\/site\/travestis-e-trans-podem-retirar-2a-via-da-ci-de-graca\/#primaryimage"},"image":{"@id":"https:\/\/www.notibras.com\/site\/travestis-e-trans-podem-retirar-2a-via-da-ci-de-graca\/#primaryimage"},"thumbnailUrl":"https:\/\/www.notibras.com\/site\/wp-content\/uploads\/2023\/07\/mg_9653.jpeg","datePublished":"2023-07-27T03:13:14+00:00","dateModified":"2023-07-27T10:55:58+00:00","breadcrumb":{"@id":"https:\/\/www.notibras.com\/site\/travestis-e-trans-podem-retirar-2a-via-da-ci-de-graca\/#breadcrumb"},"inLanguage":"pt-BR","potentialAction":[{"@type":"ReadAction","target":["https:\/\/www.notibras.com\/site\/travestis-e-trans-podem-retirar-2a-via-da-ci-de-graca\/"]}]},{"@type":"ImageObject","inLanguage":"pt-BR","@id":"https:\/\/www.notibras.com\/site\/travestis-e-trans-podem-retirar-2a-via-da-ci-de-graca\/#primaryimage","url":"https:\/\/www.notibras.com\/site\/wp-content\/uploads\/2023\/07\/mg_9653.jpeg","contentUrl":"https:\/\/www.notibras.com\/site\/wp-content\/uploads\/2023\/07\/mg_9653.jpeg","width":1170,"height":700,"caption":"Rio de Janeiro (RJ), 28\/06\/2023 - Pessoas celebram o Dia Internacional do Orgulho LGBTQIA+ na Cinel\u00e2ndia, regi\u00e3o central da cidade. Foto: Fernando Fraz\u00e3o\/Ag\u00eancia Brasil"},{"@type":"BreadcrumbList","@id":"https:\/\/www.notibras.com\/site\/travestis-e-trans-podem-retirar-2a-via-da-ci-de-graca\/#breadcrumb","itemListElement":[{"@type":"ListItem","position":1,"name":"In\u00edcio","item":"https:\/\/www.notibras.com\/site\/"},{"@type":"ListItem","position":2,"name":"Travestis e trans podem retirar 2\u00aa via da CI de gra\u00e7a"}]},{"@type":"WebSite","@id":"https:\/\/www.notibras.com\/site\/#website","url":"https:\/\/www.notibras.com\/site\/","name":"Notibras","description":"Not\u00edcias de Bras\u00edlia, do Brasil e do Mundo","publisher":{"@id":"https:\/\/www.notibras.com\/site\/#organization"},"potentialAction":[{"@type":"SearchAction","target":{"@type":"EntryPoint","urlTemplate":"https:\/\/www.notibras.com\/site\/?s={search_term_string}"},"query-input":{"@type":"PropertyValueSpecification","valueRequired":true,"valueName":"search_term_string"}}],"inLanguage":"pt-BR"},{"@type":"Organization","@id":"https:\/\/www.notibras.com\/site\/#organization","name":"Grupo Notibras de Comunica\u00e7\u00e3o","url":"https:\/\/www.notibras.com\/site\/","logo":{"@type":"ImageObject","inLanguage":"pt-BR","@id":"https:\/\/www.notibras.com\/site\/#\/schema\/logo\/image\/","url":"https:\/\/www.notibras.com\/site\/wp-content\/uploads\/2023\/01\/notibras23.png","contentUrl":"https:\/\/www.notibras.com\/site\/wp-content\/uploads\/2023\/01\/notibras23.png","width":350,"height":87,"caption":"Grupo Notibras de Comunica\u00e7\u00e3o"},"image":{"@id":"https:\/\/www.notibras.com\/site\/#\/schema\/logo\/image\/"},"sameAs":["https:\/\/www.facebook.com\/notibras\/","https:\/\/x.com\/Notibras","https:\/\/www.instagram.com\/notibras\/"]},{"@type":"Person","@id":"https:\/\/www.notibras.com\/site\/#\/schema\/person\/36ab0979449956132d3e5b517ea76ac8","name":"Reda\u00e7\u00e3o","image":{"@type":"ImageObject","inLanguage":"pt-BR","@id":"https:\/\/secure.gravatar.com\/avatar\/e0a867bdedb85fd243eadf09663511f96fc81e0720a4a42581f334ad4303aa6b?s=96&d=mm&r=g","url":"https:\/\/secure.gravatar.com\/avatar\/e0a867bdedb85fd243eadf09663511f96fc81e0720a4a42581f334ad4303aa6b?s=96&d=mm&r=g","contentUrl":"https:\/\/secure.gravatar.com\/avatar\/e0a867bdedb85fd243eadf09663511f96fc81e0720a4a42581f334ad4303aa6b?s=96&d=mm&r=g","caption":"Reda\u00e7\u00e3o"}}]}},"amp_enabled":true,"_links":{"self":[{"href":"https:\/\/www.notibras.com\/site\/wp-json\/wp\/v2\/posts\/309712","targetHints":{"allow":["GET"]}}],"collection":[{"href":"https:\/\/www.notibras.com\/site\/wp-json\/wp\/v2\/posts"}],"about":[{"href":"https:\/\/www.notibras.com\/site\/wp-json\/wp\/v2\/types\/post"}],"author":[{"embeddable":true,"href":"https:\/\/www.notibras.com\/site\/wp-json\/wp\/v2\/users\/2"}],"replies":[{"embeddable":true,"href":"https:\/\/www.notibras.com\/site\/wp-json\/wp\/v2\/comments?post=309712"}],"version-history":[{"count":1,"href":"https:\/\/www.notibras.com\/site\/wp-json\/wp\/v2\/posts\/309712\/revisions"}],"predecessor-version":[{"id":309714,"href":"https:\/\/www.notibras.com\/site\/wp-json\/wp\/v2\/posts\/309712\/revisions\/309714"}],"wp:featuredmedia":[{"embeddable":true,"href":"https:\/\/www.notibras.com\/site\/wp-json\/wp\/v2\/media\/309713"}],"wp:attachment":[{"href":"https:\/\/www.notibras.com\/site\/wp-json\/wp\/v2\/media?parent=309712"}],"wp:term":[{"taxonomy":"category","embeddable":true,"href":"https:\/\/www.notibras.com\/site\/wp-json\/wp\/v2\/categories?post=309712"},{"taxonomy":"post_tag","embeddable":true,"href":"https:\/\/www.notibras.com\/site\/wp-json\/wp\/v2\/tags?post=309712"}],"curies":[{"name":"wp","href":"https:\/\/api.w.org\/{rel}","templated":true}]}}