{"id":30973,"date":"2014-12-12T09:57:42","date_gmt":"2014-12-12T12:57:42","guid":{"rendered":"http:\/\/www.notibras.com\/site\/?p=30973"},"modified":"2014-12-12T10:27:58","modified_gmt":"2014-12-12T13:27:58","slug":"na-saude-na-doenca-o-casamento-que-termina-em-morte-na-ses","status":"publish","type":"post","link":"https:\/\/www.notibras.com\/site\/na-saude-na-doenca-o-casamento-que-termina-em-morte-na-ses\/","title":{"rendered":"Na sa\u00fade, na doen\u00e7a. O casamento que termina em morte"},"content":{"rendered":"<p>E por falar em crise na sa\u00fade, o rombo na pasta pode passar dos 50 milh\u00f5es de reais, segundo relat\u00f3rio da Controladoria Geral da Uni\u00e3o. De acordo com uma reportagem no Bom Dia Brasil \u2013 \u00e9, fomos destaque nacional, de novo -, at\u00e9 combust\u00edvel para ambul\u00e2ncia n\u00e3o tem. De qualquer forma, pessoas de tr\u00e2nsito no governo informam que n\u00e3o \u00e9 necessariamente a falta de dinheiro. H\u00e1 verba, principalmente repasse do governo federal.<\/p>\n","protected":false},"excerpt":{"rendered":"<p>E por falar em crise na sa\u00fade, o rombo na pasta pode passar dos 50 milh\u00f5es de reais, segundo relat\u00f3rio da Controladoria Geral da Uni\u00e3o. De acordo com uma reportagem no Bom Dia Brasil \u2013 \u00e9, fomos destaque nacional, de novo -, at\u00e9 combust\u00edvel para ambul\u00e2ncia n\u00e3o tem. De qualquer forma, pessoas de tr\u00e2nsito no [&hellip;]<\/p>\n","protected":false},"author":1,"featured_media":30974,"comment_status":"open","ping_status":"closed","sticky":false,"template":"","format":"standard","meta":{"_acf_changed":false,"footnotes":""},"categories":[26],"tags":[],"class_list":["post-30973","post","type-post","status-publish","format-standard","has-post-thumbnail","hentry","category-eleicoes-2022"],"acf":[],"yoast_head":"<!-- This site is optimized with the Yoast SEO plugin v27.2 - https:\/\/yoast.com\/product\/yoast-seo-wordpress\/ -->\n<title>Na sa\u00fade, na doen\u00e7a. O casamento que termina em morte - Notibras<\/title>\n<meta name=\"robots\" content=\"index, follow, max-snippet:-1, max-image-preview:large, max-video-preview:-1\" \/>\n<link rel=\"canonical\" href=\"https:\/\/www.notibras.com\/site\/na-saude-na-doenca-o-casamento-que-termina-em-morte-na-ses\/\" \/>\n<meta property=\"og:locale\" content=\"pt_BR\" \/>\n<meta property=\"og:type\" content=\"article\" \/>\n<meta property=\"og:title\" content=\"Na sa\u00fade, na doen\u00e7a. O casamento que termina em morte - Notibras\" \/>\n<meta property=\"og:description\" content=\"E por falar em crise na sa\u00fade, o rombo na pasta pode passar dos 50 milh\u00f5es de reais, segundo relat\u00f3rio da Controladoria Geral da Uni\u00e3o. De acordo com uma reportagem no Bom Dia Brasil \u2013 \u00e9, fomos destaque nacional, de novo -, at\u00e9 combust\u00edvel para ambul\u00e2ncia n\u00e3o tem. De qualquer forma, pessoas de tr\u00e2nsito no [&hellip;]\" \/>\n<meta property=\"og:url\" content=\"https:\/\/www.notibras.com\/site\/na-saude-na-doenca-o-casamento-que-termina-em-morte-na-ses\/\" \/>\n<meta property=\"og:site_name\" content=\"Notibras\" \/>\n<meta property=\"article:publisher\" content=\"https:\/\/www.facebook.com\/notibras\/\" \/>\n<meta property=\"article:published_time\" content=\"2014-12-12T12:57:42+00:00\" \/>\n<meta property=\"article:modified_time\" content=\"2014-12-12T13:27:58+00:00\" \/>\n<meta property=\"og:image\" content=\"https:\/\/www.notibras.com\/site\/wp-content\/uploads\/2014\/12\/fotos-filas-globo.jpg\" \/>\n\t<meta property=\"og:image:width\" content=\"620\" \/>\n\t<meta property=\"og:image:height\" content=\"465\" \/>\n\t<meta property=\"og:image:type\" content=\"image\/jpeg\" \/>\n<meta name=\"author\" content=\"Reda\u00e7\u00e3o\" \/>\n<meta name=\"twitter:card\" content=\"summary_large_image\" \/>\n<meta name=\"twitter:creator\" content=\"@Notibras\" \/>\n<meta name=\"twitter:site\" content=\"@Notibras\" \/>\n<meta name=\"twitter:label1\" content=\"Escrito por\" \/>\n\t<meta name=\"twitter:data1\" content=\"Reda\u00e7\u00e3o\" \/>\n<script type=\"application\/ld+json\" class=\"yoast-schema-graph\">{\"@context\":\"https:\/\/schema.org\",\"@graph\":[{\"@type\":\"Article\",\"@id\":\"https:\/\/www.notibras.com\/site\/na-saude-na-doenca-o-casamento-que-termina-em-morte-na-ses\/#article\",\"isPartOf\":{\"@id\":\"https:\/\/www.notibras.com\/site\/na-saude-na-doenca-o-casamento-que-termina-em-morte-na-ses\/\"},\"author\":{\"name\":\"Reda\u00e7\u00e3o\",\"@id\":\"https:\/\/www.notibras.com\/site\/#\/schema\/person\/00b8e1aa08f9ef6563e878c5159d01cf\"},\"headline\":\"Na sa\u00fade, na doen\u00e7a. O casamento que termina em morte\",\"datePublished\":\"2014-12-12T12:57:42+00:00\",\"dateModified\":\"2014-12-12T13:27:58+00:00\",\"mainEntityOfPage\":{\"@id\":\"https:\/\/www.notibras.com\/site\/na-saude-na-doenca-o-casamento-que-termina-em-morte-na-ses\/\"},\"wordCount\":89,\"commentCount\":0,\"publisher\":{\"@id\":\"https:\/\/www.notibras.com\/site\/#organization\"},\"image\":{\"@id\":\"https:\/\/www.notibras.com\/site\/na-saude-na-doenca-o-casamento-que-termina-em-morte-na-ses\/#primaryimage\"},\"thumbnailUrl\":\"https:\/\/www.notibras.com\/site\/wp-content\/uploads\/2014\/12\/fotos-filas-globo.jpg\",\"articleSection\":[\"Elei\u00e7\u00f5es 2022\"],\"inLanguage\":\"pt-BR\",\"potentialAction\":[{\"@type\":\"CommentAction\",\"name\":\"Comment\",\"target\":[\"https:\/\/www.notibras.com\/site\/na-saude-na-doenca-o-casamento-que-termina-em-morte-na-ses\/#respond\"]}]},{\"@type\":\"WebPage\",\"@id\":\"https:\/\/www.notibras.com\/site\/na-saude-na-doenca-o-casamento-que-termina-em-morte-na-ses\/\",\"url\":\"https:\/\/www.notibras.com\/site\/na-saude-na-doenca-o-casamento-que-termina-em-morte-na-ses\/\",\"name\":\"Na sa\u00fade, na doen\u00e7a. O casamento que termina em morte - Notibras\",\"isPartOf\":{\"@id\":\"https:\/\/www.notibras.com\/site\/#website\"},\"primaryImageOfPage\":{\"@id\":\"https:\/\/www.notibras.com\/site\/na-saude-na-doenca-o-casamento-que-termina-em-morte-na-ses\/#primaryimage\"},\"image\":{\"@id\":\"https:\/\/www.notibras.com\/site\/na-saude-na-doenca-o-casamento-que-termina-em-morte-na-ses\/#primaryimage\"},\"thumbnailUrl\":\"https:\/\/www.notibras.com\/site\/wp-content\/uploads\/2014\/12\/fotos-filas-globo.jpg\",\"datePublished\":\"2014-12-12T12:57:42+00:00\",\"dateModified\":\"2014-12-12T13:27:58+00:00\",\"breadcrumb\":{\"@id\":\"https:\/\/www.notibras.com\/site\/na-saude-na-doenca-o-casamento-que-termina-em-morte-na-ses\/#breadcrumb\"},\"inLanguage\":\"pt-BR\",\"potentialAction\":[{\"@type\":\"ReadAction\",\"target\":[\"https:\/\/www.notibras.com\/site\/na-saude-na-doenca-o-casamento-que-termina-em-morte-na-ses\/\"]}]},{\"@type\":\"ImageObject\",\"inLanguage\":\"pt-BR\",\"@id\":\"https:\/\/www.notibras.com\/site\/na-saude-na-doenca-o-casamento-que-termina-em-morte-na-ses\/#primaryimage\",\"url\":\"https:\/\/www.notibras.com\/site\/wp-content\/uploads\/2014\/12\/fotos-filas-globo.jpg\",\"contentUrl\":\"https:\/\/www.notibras.com\/site\/wp-content\/uploads\/2014\/12\/fotos-filas-globo.jpg\",\"width\":620,\"height\":465},{\"@type\":\"BreadcrumbList\",\"@id\":\"https:\/\/www.notibras.com\/site\/na-saude-na-doenca-o-casamento-que-termina-em-morte-na-ses\/#breadcrumb\",\"itemListElement\":[{\"@type\":\"ListItem\",\"position\":1,\"name\":\"In\u00edcio\",\"item\":\"https:\/\/www.notibras.com\/site\/\"},{\"@type\":\"ListItem\",\"position\":2,\"name\":\"Na sa\u00fade, na doen\u00e7a. O casamento que termina em morte\"}]},{\"@type\":\"WebSite\",\"@id\":\"https:\/\/www.notibras.com\/site\/#website\",\"url\":\"https:\/\/www.notibras.com\/site\/\",\"name\":\"Notibras\",\"description\":\"Not\u00edcias de Bras\u00edlia, do Brasil e do Mundo\",\"publisher\":{\"@id\":\"https:\/\/www.notibras.com\/site\/#organization\"},\"potentialAction\":[{\"@type\":\"SearchAction\",\"target\":{\"@type\":\"EntryPoint\",\"urlTemplate\":\"https:\/\/www.notibras.com\/site\/?s={search_term_string}\"},\"query-input\":{\"@type\":\"PropertyValueSpecification\",\"valueRequired\":true,\"valueName\":\"search_term_string\"}}],\"inLanguage\":\"pt-BR\"},{\"@type\":\"Organization\",\"@id\":\"https:\/\/www.notibras.com\/site\/#organization\",\"name\":\"Grupo Notibras de Comunica\u00e7\u00e3o\",\"url\":\"https:\/\/www.notibras.com\/site\/\",\"logo\":{\"@type\":\"ImageObject\",\"inLanguage\":\"pt-BR\",\"@id\":\"https:\/\/www.notibras.com\/site\/#\/schema\/logo\/image\/\",\"url\":\"https:\/\/www.notibras.com\/site\/wp-content\/uploads\/2023\/01\/notibras23.png\",\"contentUrl\":\"https:\/\/www.notibras.com\/site\/wp-content\/uploads\/2023\/01\/notibras23.png\",\"width\":350,\"height\":87,\"caption\":\"Grupo Notibras de Comunica\u00e7\u00e3o\"},\"image\":{\"@id\":\"https:\/\/www.notibras.com\/site\/#\/schema\/logo\/image\/\"},\"sameAs\":[\"https:\/\/www.facebook.com\/notibras\/\",\"https:\/\/x.com\/Notibras\",\"https:\/\/www.instagram.com\/notibras\/\"]},{\"@type\":\"Person\",\"@id\":\"https:\/\/www.notibras.com\/site\/#\/schema\/person\/00b8e1aa08f9ef6563e878c5159d01cf\",\"name\":\"Reda\u00e7\u00e3o\",\"image\":{\"@type\":\"ImageObject\",\"inLanguage\":\"pt-BR\",\"@id\":\"https:\/\/secure.gravatar.com\/avatar\/ac5a707d5b47784a5ed426c6e213e201423c750890f64e4c379114dade67dfb9?s=96&d=mm&r=g\",\"url\":\"https:\/\/secure.gravatar.com\/avatar\/ac5a707d5b47784a5ed426c6e213e201423c750890f64e4c379114dade67dfb9?s=96&d=mm&r=g\",\"contentUrl\":\"https:\/\/secure.gravatar.com\/avatar\/ac5a707d5b47784a5ed426c6e213e201423c750890f64e4c379114dade67dfb9?s=96&d=mm&r=g\",\"caption\":\"Reda\u00e7\u00e3o\"}}]}<\/script>\n<!-- \/ Yoast SEO plugin. -->","yoast_head_json":{"title":"Na sa\u00fade, na doen\u00e7a. O casamento que termina em morte - Notibras","robots":{"index":"index","follow":"follow","max-snippet":"max-snippet:-1","max-image-preview":"max-image-preview:large","max-video-preview":"max-video-preview:-1"},"canonical":"https:\/\/www.notibras.com\/site\/na-saude-na-doenca-o-casamento-que-termina-em-morte-na-ses\/","og_locale":"pt_BR","og_type":"article","og_title":"Na sa\u00fade, na doen\u00e7a. O casamento que termina em morte - Notibras","og_description":"E por falar em crise na sa\u00fade, o rombo na pasta pode passar dos 50 milh\u00f5es de reais, segundo relat\u00f3rio da Controladoria Geral da Uni\u00e3o. De acordo com uma reportagem no Bom Dia Brasil \u2013 \u00e9, fomos destaque nacional, de novo -, at\u00e9 combust\u00edvel para ambul\u00e2ncia n\u00e3o tem. De qualquer forma, pessoas de tr\u00e2nsito no [&hellip;]","og_url":"https:\/\/www.notibras.com\/site\/na-saude-na-doenca-o-casamento-que-termina-em-morte-na-ses\/","og_site_name":"Notibras","article_publisher":"https:\/\/www.facebook.com\/notibras\/","article_published_time":"2014-12-12T12:57:42+00:00","article_modified_time":"2014-12-12T13:27:58+00:00","og_image":[{"width":620,"height":465,"url":"https:\/\/www.notibras.com\/site\/wp-content\/uploads\/2014\/12\/fotos-filas-globo.jpg","type":"image\/jpeg"}],"author":"Reda\u00e7\u00e3o","twitter_card":"summary_large_image","twitter_creator":"@Notibras","twitter_site":"@Notibras","twitter_misc":{"Escrito por":"Reda\u00e7\u00e3o"},"schema":{"@context":"https:\/\/schema.org","@graph":[{"@type":"Article","@id":"https:\/\/www.notibras.com\/site\/na-saude-na-doenca-o-casamento-que-termina-em-morte-na-ses\/#article","isPartOf":{"@id":"https:\/\/www.notibras.com\/site\/na-saude-na-doenca-o-casamento-que-termina-em-morte-na-ses\/"},"author":{"name":"Reda\u00e7\u00e3o","@id":"https:\/\/www.notibras.com\/site\/#\/schema\/person\/00b8e1aa08f9ef6563e878c5159d01cf"},"headline":"Na sa\u00fade, na doen\u00e7a. O casamento que termina em morte","datePublished":"2014-12-12T12:57:42+00:00","dateModified":"2014-12-12T13:27:58+00:00","mainEntityOfPage":{"@id":"https:\/\/www.notibras.com\/site\/na-saude-na-doenca-o-casamento-que-termina-em-morte-na-ses\/"},"wordCount":89,"commentCount":0,"publisher":{"@id":"https:\/\/www.notibras.com\/site\/#organization"},"image":{"@id":"https:\/\/www.notibras.com\/site\/na-saude-na-doenca-o-casamento-que-termina-em-morte-na-ses\/#primaryimage"},"thumbnailUrl":"https:\/\/www.notibras.com\/site\/wp-content\/uploads\/2014\/12\/fotos-filas-globo.jpg","articleSection":["Elei\u00e7\u00f5es 2022"],"inLanguage":"pt-BR","potentialAction":[{"@type":"CommentAction","name":"Comment","target":["https:\/\/www.notibras.com\/site\/na-saude-na-doenca-o-casamento-que-termina-em-morte-na-ses\/#respond"]}]},{"@type":"WebPage","@id":"https:\/\/www.notibras.com\/site\/na-saude-na-doenca-o-casamento-que-termina-em-morte-na-ses\/","url":"https:\/\/www.notibras.com\/site\/na-saude-na-doenca-o-casamento-que-termina-em-morte-na-ses\/","name":"Na sa\u00fade, na doen\u00e7a. O casamento que termina em morte - Notibras","isPartOf":{"@id":"https:\/\/www.notibras.com\/site\/#website"},"primaryImageOfPage":{"@id":"https:\/\/www.notibras.com\/site\/na-saude-na-doenca-o-casamento-que-termina-em-morte-na-ses\/#primaryimage"},"image":{"@id":"https:\/\/www.notibras.com\/site\/na-saude-na-doenca-o-casamento-que-termina-em-morte-na-ses\/#primaryimage"},"thumbnailUrl":"https:\/\/www.notibras.com\/site\/wp-content\/uploads\/2014\/12\/fotos-filas-globo.jpg","datePublished":"2014-12-12T12:57:42+00:00","dateModified":"2014-12-12T13:27:58+00:00","breadcrumb":{"@id":"https:\/\/www.notibras.com\/site\/na-saude-na-doenca-o-casamento-que-termina-em-morte-na-ses\/#breadcrumb"},"inLanguage":"pt-BR","potentialAction":[{"@type":"ReadAction","target":["https:\/\/www.notibras.com\/site\/na-saude-na-doenca-o-casamento-que-termina-em-morte-na-ses\/"]}]},{"@type":"ImageObject","inLanguage":"pt-BR","@id":"https:\/\/www.notibras.com\/site\/na-saude-na-doenca-o-casamento-que-termina-em-morte-na-ses\/#primaryimage","url":"https:\/\/www.notibras.com\/site\/wp-content\/uploads\/2014\/12\/fotos-filas-globo.jpg","contentUrl":"https:\/\/www.notibras.com\/site\/wp-content\/uploads\/2014\/12\/fotos-filas-globo.jpg","width":620,"height":465},{"@type":"BreadcrumbList","@id":"https:\/\/www.notibras.com\/site\/na-saude-na-doenca-o-casamento-que-termina-em-morte-na-ses\/#breadcrumb","itemListElement":[{"@type":"ListItem","position":1,"name":"In\u00edcio","item":"https:\/\/www.notibras.com\/site\/"},{"@type":"ListItem","position":2,"name":"Na sa\u00fade, na doen\u00e7a. O casamento que termina em morte"}]},{"@type":"WebSite","@id":"https:\/\/www.notibras.com\/site\/#website","url":"https:\/\/www.notibras.com\/site\/","name":"Notibras","description":"Not\u00edcias de Bras\u00edlia, do Brasil e do Mundo","publisher":{"@id":"https:\/\/www.notibras.com\/site\/#organization"},"potentialAction":[{"@type":"SearchAction","target":{"@type":"EntryPoint","urlTemplate":"https:\/\/www.notibras.com\/site\/?s={search_term_string}"},"query-input":{"@type":"PropertyValueSpecification","valueRequired":true,"valueName":"search_term_string"}}],"inLanguage":"pt-BR"},{"@type":"Organization","@id":"https:\/\/www.notibras.com\/site\/#organization","name":"Grupo Notibras de Comunica\u00e7\u00e3o","url":"https:\/\/www.notibras.com\/site\/","logo":{"@type":"ImageObject","inLanguage":"pt-BR","@id":"https:\/\/www.notibras.com\/site\/#\/schema\/logo\/image\/","url":"https:\/\/www.notibras.com\/site\/wp-content\/uploads\/2023\/01\/notibras23.png","contentUrl":"https:\/\/www.notibras.com\/site\/wp-content\/uploads\/2023\/01\/notibras23.png","width":350,"height":87,"caption":"Grupo Notibras de Comunica\u00e7\u00e3o"},"image":{"@id":"https:\/\/www.notibras.com\/site\/#\/schema\/logo\/image\/"},"sameAs":["https:\/\/www.facebook.com\/notibras\/","https:\/\/x.com\/Notibras","https:\/\/www.instagram.com\/notibras\/"]},{"@type":"Person","@id":"https:\/\/www.notibras.com\/site\/#\/schema\/person\/00b8e1aa08f9ef6563e878c5159d01cf","name":"Reda\u00e7\u00e3o","image":{"@type":"ImageObject","inLanguage":"pt-BR","@id":"https:\/\/secure.gravatar.com\/avatar\/ac5a707d5b47784a5ed426c6e213e201423c750890f64e4c379114dade67dfb9?s=96&d=mm&r=g","url":"https:\/\/secure.gravatar.com\/avatar\/ac5a707d5b47784a5ed426c6e213e201423c750890f64e4c379114dade67dfb9?s=96&d=mm&r=g","contentUrl":"https:\/\/secure.gravatar.com\/avatar\/ac5a707d5b47784a5ed426c6e213e201423c750890f64e4c379114dade67dfb9?s=96&d=mm&r=g","caption":"Reda\u00e7\u00e3o"}}]}},"amp_enabled":true,"_links":{"self":[{"href":"https:\/\/www.notibras.com\/site\/wp-json\/wp\/v2\/posts\/30973","targetHints":{"allow":["GET"]}}],"collection":[{"href":"https:\/\/www.notibras.com\/site\/wp-json\/wp\/v2\/posts"}],"about":[{"href":"https:\/\/www.notibras.com\/site\/wp-json\/wp\/v2\/types\/post"}],"author":[{"embeddable":true,"href":"https:\/\/www.notibras.com\/site\/wp-json\/wp\/v2\/users\/1"}],"replies":[{"embeddable":true,"href":"https:\/\/www.notibras.com\/site\/wp-json\/wp\/v2\/comments?post=30973"}],"version-history":[{"count":0,"href":"https:\/\/www.notibras.com\/site\/wp-json\/wp\/v2\/posts\/30973\/revisions"}],"wp:featuredmedia":[{"embeddable":true,"href":"https:\/\/www.notibras.com\/site\/wp-json\/wp\/v2\/media\/30974"}],"wp:attachment":[{"href":"https:\/\/www.notibras.com\/site\/wp-json\/wp\/v2\/media?parent=30973"}],"wp:term":[{"taxonomy":"category","embeddable":true,"href":"https:\/\/www.notibras.com\/site\/wp-json\/wp\/v2\/categories?post=30973"},{"taxonomy":"post_tag","embeddable":true,"href":"https:\/\/www.notibras.com\/site\/wp-json\/wp\/v2\/tags?post=30973"}],"curies":[{"name":"wp","href":"https:\/\/api.w.org\/{rel}","templated":true}]}}