{"id":309731,"date":"2023-07-27T00:00:28","date_gmt":"2023-07-27T03:00:28","guid":{"rendered":"https:\/\/www.notibras.com\/site\/?p=309731"},"modified":"2023-07-27T09:00:59","modified_gmt":"2023-07-27T12:00:59","slug":"uniao-autoriza-mais-230-novas-vagas-em-concurso","status":"publish","type":"post","link":"https:\/\/www.notibras.com\/site\/uniao-autoriza-mais-230-novas-vagas-em-concurso\/","title":{"rendered":"Uni\u00e3o autoriza mais 230 novas vagas em concurso"},"content":{"rendered":"<p>O Minist\u00e9rio da Gest\u00e3o e da Inova\u00e7\u00e3o em Servi\u00e7os P\u00fablicos publicou portaria que autoriza a realiza\u00e7\u00e3o de concurso p\u00fablico para preencher 100 vagas de analista no Minist\u00e9rio do Planejamento e Or\u00e7amento (MPO). O edital com todas as informa\u00e7\u00f5es sobre o processo deve ser publicado em at\u00e9 seis meses.<\/p>\n<p>As vagas disponibilizadas s\u00e3o de n\u00edvel superior para analista de planejamento e or\u00e7amento. As \u00e1reas de atua\u00e7\u00e3o n\u00e3o foram especificadas. O \u00faltimo concurso p\u00fablico foi realizado em 2015. Durante o governo anterior o minist\u00e9rio foi extinto e voltou a ser institu\u00eddo somente em janeiro de 2023, pelo presidente Luiz In\u00e1cio Lula da Silva.<\/p>\n<p>O \u00f3rg\u00e3o \u00e9 respons\u00e1vel por planejar e elaborar pol\u00edticas p\u00fablicas para o desenvolvimento do pa\u00eds, al\u00e9m de acompanhar o plano plurianual de investimentos, os or\u00e7amentos anuais e avaliar os financiamentos externos.<\/p>\n<p>A portaria tamb\u00e9m estabelece que o prazo m\u00ednimo entre a publica\u00e7\u00e3o do edital e a realiza\u00e7\u00e3o da primeira prova do concurso p\u00fablico \u00e9 de dois meses. O MPO \u00e9 respons\u00e1vel por estabelecer as normas, observar as pol\u00edticas de reserva de vagas para o planejamento e execu\u00e7\u00e3o do processo de sele\u00e7\u00e3o.<\/p>\n<p>A remunera\u00e7\u00e3o inicial para o cargo de analista de planejamento e or\u00e7amento, atualmente, \u00e9 de R$ 20.924,80.<\/p>\n<p><strong>Anatel<\/strong><br \/>\nOutra portaria publicada no DOU, autoriza a realiza\u00e7\u00e3o de concurso p\u00fablico para ocupar 50 cargos de n\u00edvel superior, para especialista em regula\u00e7\u00e3o de servi\u00e7os p\u00fablicos de telecomunica\u00e7\u00f5es, na Ag\u00eancia Nacional de Telecomunica\u00e7\u00f5es (Anatel). Os prazos para publica\u00e7\u00e3o do edital e realiza\u00e7\u00e3o da prova s\u00e3o os mesmos estabelecidos para o concurso do MPO.<\/p>\n<p>Os cargos fazem parte do total das 3.026 vagas autorizadas pelo governo federal, conforme anunciou no dia 18 de junho, a ministra da Gest\u00e3o e da Inova\u00e7\u00e3o em Servi\u00e7os P\u00fablicos, Esther Dweck.<\/p>\n<p>O Instituto de Pesquisa Econ\u00f4mica Aplicada (Ipea) tamb\u00e9m foi autorizado por portaria a iniciar o processo de sele\u00e7\u00e3o para o preenchimento de 80 vagas. O concurso p\u00fablico ser\u00e1 para n\u00edvel m\u00e9dio, para o cargo de t\u00e9cnico de planejamento e pesquisa.<\/p>\n","protected":false},"excerpt":{"rendered":"<p>O Minist\u00e9rio da Gest\u00e3o e da Inova\u00e7\u00e3o em Servi\u00e7os P\u00fablicos publicou portaria que autoriza a realiza\u00e7\u00e3o de concurso p\u00fablico para preencher 100 vagas de analista no Minist\u00e9rio do Planejamento e Or\u00e7amento (MPO). O edital com todas as informa\u00e7\u00f5es sobre o processo deve ser publicado em at\u00e9 seis meses. As vagas disponibilizadas s\u00e3o de n\u00edvel superior [&hellip;]<\/p>\n","protected":false},"author":2,"featured_media":302181,"comment_status":"closed","ping_status":"closed","sticky":false,"template":"","format":"standard","meta":{"_acf_changed":false,"footnotes":""},"categories":[161],"tags":[],"class_list":["post-309731","post","type-post","status-publish","format-standard","has-post-thumbnail","hentry","category-quadradinho-em-foco"],"acf":[],"yoast_head":"<!-- This site is optimized with the Yoast SEO plugin v27.2 - https:\/\/yoast.com\/product\/yoast-seo-wordpress\/ -->\n<title>Uni\u00e3o autoriza mais 230 novas vagas em concurso - Notibras<\/title>\n<meta name=\"robots\" content=\"index, follow, max-snippet:-1, max-image-preview:large, max-video-preview:-1\" \/>\n<link rel=\"canonical\" href=\"https:\/\/www.notibras.com\/site\/uniao-autoriza-mais-230-novas-vagas-em-concurso\/\" \/>\n<meta property=\"og:locale\" content=\"pt_BR\" \/>\n<meta property=\"og:type\" content=\"article\" \/>\n<meta property=\"og:title\" content=\"Uni\u00e3o autoriza mais 230 novas vagas em concurso - Notibras\" \/>\n<meta property=\"og:description\" content=\"O Minist\u00e9rio da Gest\u00e3o e da Inova\u00e7\u00e3o em Servi\u00e7os P\u00fablicos publicou portaria que autoriza a realiza\u00e7\u00e3o de concurso p\u00fablico para preencher 100 vagas de analista no Minist\u00e9rio do Planejamento e Or\u00e7amento (MPO). O edital com todas as informa\u00e7\u00f5es sobre o processo deve ser publicado em at\u00e9 seis meses. As vagas disponibilizadas s\u00e3o de n\u00edvel superior [&hellip;]\" \/>\n<meta property=\"og:url\" content=\"https:\/\/www.notibras.com\/site\/uniao-autoriza-mais-230-novas-vagas-em-concurso\/\" \/>\n<meta property=\"og:site_name\" content=\"Notibras\" \/>\n<meta property=\"article:publisher\" content=\"https:\/\/www.facebook.com\/notibras\/\" \/>\n<meta property=\"article:published_time\" content=\"2023-07-27T03:00:28+00:00\" \/>\n<meta property=\"article:modified_time\" content=\"2023-07-27T12:00:59+00:00\" \/>\n<meta property=\"og:image\" content=\"https:\/\/www.notibras.com\/site\/wp-content\/uploads\/2023\/04\/esplanada_07_setembro_preparativos_jfcrz_abr_0109220490.jpg\" \/>\n\t<meta property=\"og:image:width\" content=\"1170\" \/>\n\t<meta property=\"og:image:height\" content=\"700\" \/>\n\t<meta property=\"og:image:type\" content=\"image\/jpeg\" \/>\n<meta name=\"author\" content=\"Reda\u00e7\u00e3o\" \/>\n<meta name=\"twitter:card\" content=\"summary_large_image\" \/>\n<meta name=\"twitter:creator\" content=\"@Notibras\" \/>\n<meta name=\"twitter:site\" content=\"@Notibras\" \/>\n<meta name=\"twitter:label1\" content=\"Escrito por\" \/>\n\t<meta name=\"twitter:data1\" content=\"Reda\u00e7\u00e3o\" \/>\n\t<meta name=\"twitter:label2\" content=\"Est. tempo de leitura\" \/>\n\t<meta name=\"twitter:data2\" content=\"2 minutos\" \/>\n<script type=\"application\/ld+json\" class=\"yoast-schema-graph\">{\"@context\":\"https:\/\/schema.org\",\"@graph\":[{\"@type\":\"Article\",\"@id\":\"https:\/\/www.notibras.com\/site\/uniao-autoriza-mais-230-novas-vagas-em-concurso\/#article\",\"isPartOf\":{\"@id\":\"https:\/\/www.notibras.com\/site\/uniao-autoriza-mais-230-novas-vagas-em-concurso\/\"},\"author\":{\"name\":\"Reda\u00e7\u00e3o\",\"@id\":\"https:\/\/www.notibras.com\/site\/#\/schema\/person\/36ab0979449956132d3e5b517ea76ac8\"},\"headline\":\"Uni\u00e3o autoriza mais 230 novas vagas em concurso\",\"datePublished\":\"2023-07-27T03:00:28+00:00\",\"dateModified\":\"2023-07-27T12:00:59+00:00\",\"mainEntityOfPage\":{\"@id\":\"https:\/\/www.notibras.com\/site\/uniao-autoriza-mais-230-novas-vagas-em-concurso\/\"},\"wordCount\":380,\"publisher\":{\"@id\":\"https:\/\/www.notibras.com\/site\/#organization\"},\"image\":{\"@id\":\"https:\/\/www.notibras.com\/site\/uniao-autoriza-mais-230-novas-vagas-em-concurso\/#primaryimage\"},\"thumbnailUrl\":\"https:\/\/www.notibras.com\/site\/wp-content\/uploads\/2023\/04\/esplanada_07_setembro_preparativos_jfcrz_abr_0109220490.jpg\",\"articleSection\":[\"Quadradinho em Foco\"],\"inLanguage\":\"pt-BR\"},{\"@type\":\"WebPage\",\"@id\":\"https:\/\/www.notibras.com\/site\/uniao-autoriza-mais-230-novas-vagas-em-concurso\/\",\"url\":\"https:\/\/www.notibras.com\/site\/uniao-autoriza-mais-230-novas-vagas-em-concurso\/\",\"name\":\"Uni\u00e3o autoriza mais 230 novas vagas em concurso - Notibras\",\"isPartOf\":{\"@id\":\"https:\/\/www.notibras.com\/site\/#website\"},\"primaryImageOfPage\":{\"@id\":\"https:\/\/www.notibras.com\/site\/uniao-autoriza-mais-230-novas-vagas-em-concurso\/#primaryimage\"},\"image\":{\"@id\":\"https:\/\/www.notibras.com\/site\/uniao-autoriza-mais-230-novas-vagas-em-concurso\/#primaryimage\"},\"thumbnailUrl\":\"https:\/\/www.notibras.com\/site\/wp-content\/uploads\/2023\/04\/esplanada_07_setembro_preparativos_jfcrz_abr_0109220490.jpg\",\"datePublished\":\"2023-07-27T03:00:28+00:00\",\"dateModified\":\"2023-07-27T12:00:59+00:00\",\"breadcrumb\":{\"@id\":\"https:\/\/www.notibras.com\/site\/uniao-autoriza-mais-230-novas-vagas-em-concurso\/#breadcrumb\"},\"inLanguage\":\"pt-BR\",\"potentialAction\":[{\"@type\":\"ReadAction\",\"target\":[\"https:\/\/www.notibras.com\/site\/uniao-autoriza-mais-230-novas-vagas-em-concurso\/\"]}]},{\"@type\":\"ImageObject\",\"inLanguage\":\"pt-BR\",\"@id\":\"https:\/\/www.notibras.com\/site\/uniao-autoriza-mais-230-novas-vagas-em-concurso\/#primaryimage\",\"url\":\"https:\/\/www.notibras.com\/site\/wp-content\/uploads\/2023\/04\/esplanada_07_setembro_preparativos_jfcrz_abr_0109220490.jpg\",\"contentUrl\":\"https:\/\/www.notibras.com\/site\/wp-content\/uploads\/2023\/04\/esplanada_07_setembro_preparativos_jfcrz_abr_0109220490.jpg\",\"width\":1170,\"height\":700,\"caption\":\"Esplanada dos Minist\u00e9rios recebe preparativos para o desfile c\u00edvico-militar de 7 de Setembro\"},{\"@type\":\"BreadcrumbList\",\"@id\":\"https:\/\/www.notibras.com\/site\/uniao-autoriza-mais-230-novas-vagas-em-concurso\/#breadcrumb\",\"itemListElement\":[{\"@type\":\"ListItem\",\"position\":1,\"name\":\"In\u00edcio\",\"item\":\"https:\/\/www.notibras.com\/site\/\"},{\"@type\":\"ListItem\",\"position\":2,\"name\":\"Uni\u00e3o autoriza mais 230 novas vagas em concurso\"}]},{\"@type\":\"WebSite\",\"@id\":\"https:\/\/www.notibras.com\/site\/#website\",\"url\":\"https:\/\/www.notibras.com\/site\/\",\"name\":\"Notibras\",\"description\":\"Not\u00edcias de Bras\u00edlia, do Brasil e do Mundo\",\"publisher\":{\"@id\":\"https:\/\/www.notibras.com\/site\/#organization\"},\"potentialAction\":[{\"@type\":\"SearchAction\",\"target\":{\"@type\":\"EntryPoint\",\"urlTemplate\":\"https:\/\/www.notibras.com\/site\/?s={search_term_string}\"},\"query-input\":{\"@type\":\"PropertyValueSpecification\",\"valueRequired\":true,\"valueName\":\"search_term_string\"}}],\"inLanguage\":\"pt-BR\"},{\"@type\":\"Organization\",\"@id\":\"https:\/\/www.notibras.com\/site\/#organization\",\"name\":\"Grupo Notibras de Comunica\u00e7\u00e3o\",\"url\":\"https:\/\/www.notibras.com\/site\/\",\"logo\":{\"@type\":\"ImageObject\",\"inLanguage\":\"pt-BR\",\"@id\":\"https:\/\/www.notibras.com\/site\/#\/schema\/logo\/image\/\",\"url\":\"https:\/\/www.notibras.com\/site\/wp-content\/uploads\/2023\/01\/notibras23.png\",\"contentUrl\":\"https:\/\/www.notibras.com\/site\/wp-content\/uploads\/2023\/01\/notibras23.png\",\"width\":350,\"height\":87,\"caption\":\"Grupo Notibras de Comunica\u00e7\u00e3o\"},\"image\":{\"@id\":\"https:\/\/www.notibras.com\/site\/#\/schema\/logo\/image\/\"},\"sameAs\":[\"https:\/\/www.facebook.com\/notibras\/\",\"https:\/\/x.com\/Notibras\",\"https:\/\/www.instagram.com\/notibras\/\"]},{\"@type\":\"Person\",\"@id\":\"https:\/\/www.notibras.com\/site\/#\/schema\/person\/36ab0979449956132d3e5b517ea76ac8\",\"name\":\"Reda\u00e7\u00e3o\",\"image\":{\"@type\":\"ImageObject\",\"inLanguage\":\"pt-BR\",\"@id\":\"https:\/\/secure.gravatar.com\/avatar\/e0a867bdedb85fd243eadf09663511f96fc81e0720a4a42581f334ad4303aa6b?s=96&d=mm&r=g\",\"url\":\"https:\/\/secure.gravatar.com\/avatar\/e0a867bdedb85fd243eadf09663511f96fc81e0720a4a42581f334ad4303aa6b?s=96&d=mm&r=g\",\"contentUrl\":\"https:\/\/secure.gravatar.com\/avatar\/e0a867bdedb85fd243eadf09663511f96fc81e0720a4a42581f334ad4303aa6b?s=96&d=mm&r=g\",\"caption\":\"Reda\u00e7\u00e3o\"}}]}<\/script>\n<!-- \/ Yoast SEO plugin. -->","yoast_head_json":{"title":"Uni\u00e3o autoriza mais 230 novas vagas em concurso - Notibras","robots":{"index":"index","follow":"follow","max-snippet":"max-snippet:-1","max-image-preview":"max-image-preview:large","max-video-preview":"max-video-preview:-1"},"canonical":"https:\/\/www.notibras.com\/site\/uniao-autoriza-mais-230-novas-vagas-em-concurso\/","og_locale":"pt_BR","og_type":"article","og_title":"Uni\u00e3o autoriza mais 230 novas vagas em concurso - Notibras","og_description":"O Minist\u00e9rio da Gest\u00e3o e da Inova\u00e7\u00e3o em Servi\u00e7os P\u00fablicos publicou portaria que autoriza a realiza\u00e7\u00e3o de concurso p\u00fablico para preencher 100 vagas de analista no Minist\u00e9rio do Planejamento e Or\u00e7amento (MPO). O edital com todas as informa\u00e7\u00f5es sobre o processo deve ser publicado em at\u00e9 seis meses. As vagas disponibilizadas s\u00e3o de n\u00edvel superior [&hellip;]","og_url":"https:\/\/www.notibras.com\/site\/uniao-autoriza-mais-230-novas-vagas-em-concurso\/","og_site_name":"Notibras","article_publisher":"https:\/\/www.facebook.com\/notibras\/","article_published_time":"2023-07-27T03:00:28+00:00","article_modified_time":"2023-07-27T12:00:59+00:00","og_image":[{"width":1170,"height":700,"url":"https:\/\/www.notibras.com\/site\/wp-content\/uploads\/2023\/04\/esplanada_07_setembro_preparativos_jfcrz_abr_0109220490.jpg","type":"image\/jpeg"}],"author":"Reda\u00e7\u00e3o","twitter_card":"summary_large_image","twitter_creator":"@Notibras","twitter_site":"@Notibras","twitter_misc":{"Escrito por":"Reda\u00e7\u00e3o","Est. tempo de leitura":"2 minutos"},"schema":{"@context":"https:\/\/schema.org","@graph":[{"@type":"Article","@id":"https:\/\/www.notibras.com\/site\/uniao-autoriza-mais-230-novas-vagas-em-concurso\/#article","isPartOf":{"@id":"https:\/\/www.notibras.com\/site\/uniao-autoriza-mais-230-novas-vagas-em-concurso\/"},"author":{"name":"Reda\u00e7\u00e3o","@id":"https:\/\/www.notibras.com\/site\/#\/schema\/person\/36ab0979449956132d3e5b517ea76ac8"},"headline":"Uni\u00e3o autoriza mais 230 novas vagas em concurso","datePublished":"2023-07-27T03:00:28+00:00","dateModified":"2023-07-27T12:00:59+00:00","mainEntityOfPage":{"@id":"https:\/\/www.notibras.com\/site\/uniao-autoriza-mais-230-novas-vagas-em-concurso\/"},"wordCount":380,"publisher":{"@id":"https:\/\/www.notibras.com\/site\/#organization"},"image":{"@id":"https:\/\/www.notibras.com\/site\/uniao-autoriza-mais-230-novas-vagas-em-concurso\/#primaryimage"},"thumbnailUrl":"https:\/\/www.notibras.com\/site\/wp-content\/uploads\/2023\/04\/esplanada_07_setembro_preparativos_jfcrz_abr_0109220490.jpg","articleSection":["Quadradinho em Foco"],"inLanguage":"pt-BR"},{"@type":"WebPage","@id":"https:\/\/www.notibras.com\/site\/uniao-autoriza-mais-230-novas-vagas-em-concurso\/","url":"https:\/\/www.notibras.com\/site\/uniao-autoriza-mais-230-novas-vagas-em-concurso\/","name":"Uni\u00e3o autoriza mais 230 novas vagas em concurso - Notibras","isPartOf":{"@id":"https:\/\/www.notibras.com\/site\/#website"},"primaryImageOfPage":{"@id":"https:\/\/www.notibras.com\/site\/uniao-autoriza-mais-230-novas-vagas-em-concurso\/#primaryimage"},"image":{"@id":"https:\/\/www.notibras.com\/site\/uniao-autoriza-mais-230-novas-vagas-em-concurso\/#primaryimage"},"thumbnailUrl":"https:\/\/www.notibras.com\/site\/wp-content\/uploads\/2023\/04\/esplanada_07_setembro_preparativos_jfcrz_abr_0109220490.jpg","datePublished":"2023-07-27T03:00:28+00:00","dateModified":"2023-07-27T12:00:59+00:00","breadcrumb":{"@id":"https:\/\/www.notibras.com\/site\/uniao-autoriza-mais-230-novas-vagas-em-concurso\/#breadcrumb"},"inLanguage":"pt-BR","potentialAction":[{"@type":"ReadAction","target":["https:\/\/www.notibras.com\/site\/uniao-autoriza-mais-230-novas-vagas-em-concurso\/"]}]},{"@type":"ImageObject","inLanguage":"pt-BR","@id":"https:\/\/www.notibras.com\/site\/uniao-autoriza-mais-230-novas-vagas-em-concurso\/#primaryimage","url":"https:\/\/www.notibras.com\/site\/wp-content\/uploads\/2023\/04\/esplanada_07_setembro_preparativos_jfcrz_abr_0109220490.jpg","contentUrl":"https:\/\/www.notibras.com\/site\/wp-content\/uploads\/2023\/04\/esplanada_07_setembro_preparativos_jfcrz_abr_0109220490.jpg","width":1170,"height":700,"caption":"Esplanada dos Minist\u00e9rios recebe preparativos para o desfile c\u00edvico-militar de 7 de Setembro"},{"@type":"BreadcrumbList","@id":"https:\/\/www.notibras.com\/site\/uniao-autoriza-mais-230-novas-vagas-em-concurso\/#breadcrumb","itemListElement":[{"@type":"ListItem","position":1,"name":"In\u00edcio","item":"https:\/\/www.notibras.com\/site\/"},{"@type":"ListItem","position":2,"name":"Uni\u00e3o autoriza mais 230 novas vagas em concurso"}]},{"@type":"WebSite","@id":"https:\/\/www.notibras.com\/site\/#website","url":"https:\/\/www.notibras.com\/site\/","name":"Notibras","description":"Not\u00edcias de Bras\u00edlia, do Brasil e do Mundo","publisher":{"@id":"https:\/\/www.notibras.com\/site\/#organization"},"potentialAction":[{"@type":"SearchAction","target":{"@type":"EntryPoint","urlTemplate":"https:\/\/www.notibras.com\/site\/?s={search_term_string}"},"query-input":{"@type":"PropertyValueSpecification","valueRequired":true,"valueName":"search_term_string"}}],"inLanguage":"pt-BR"},{"@type":"Organization","@id":"https:\/\/www.notibras.com\/site\/#organization","name":"Grupo Notibras de Comunica\u00e7\u00e3o","url":"https:\/\/www.notibras.com\/site\/","logo":{"@type":"ImageObject","inLanguage":"pt-BR","@id":"https:\/\/www.notibras.com\/site\/#\/schema\/logo\/image\/","url":"https:\/\/www.notibras.com\/site\/wp-content\/uploads\/2023\/01\/notibras23.png","contentUrl":"https:\/\/www.notibras.com\/site\/wp-content\/uploads\/2023\/01\/notibras23.png","width":350,"height":87,"caption":"Grupo Notibras de Comunica\u00e7\u00e3o"},"image":{"@id":"https:\/\/www.notibras.com\/site\/#\/schema\/logo\/image\/"},"sameAs":["https:\/\/www.facebook.com\/notibras\/","https:\/\/x.com\/Notibras","https:\/\/www.instagram.com\/notibras\/"]},{"@type":"Person","@id":"https:\/\/www.notibras.com\/site\/#\/schema\/person\/36ab0979449956132d3e5b517ea76ac8","name":"Reda\u00e7\u00e3o","image":{"@type":"ImageObject","inLanguage":"pt-BR","@id":"https:\/\/secure.gravatar.com\/avatar\/e0a867bdedb85fd243eadf09663511f96fc81e0720a4a42581f334ad4303aa6b?s=96&d=mm&r=g","url":"https:\/\/secure.gravatar.com\/avatar\/e0a867bdedb85fd243eadf09663511f96fc81e0720a4a42581f334ad4303aa6b?s=96&d=mm&r=g","contentUrl":"https:\/\/secure.gravatar.com\/avatar\/e0a867bdedb85fd243eadf09663511f96fc81e0720a4a42581f334ad4303aa6b?s=96&d=mm&r=g","caption":"Reda\u00e7\u00e3o"}}]}},"amp_enabled":true,"_links":{"self":[{"href":"https:\/\/www.notibras.com\/site\/wp-json\/wp\/v2\/posts\/309731","targetHints":{"allow":["GET"]}}],"collection":[{"href":"https:\/\/www.notibras.com\/site\/wp-json\/wp\/v2\/posts"}],"about":[{"href":"https:\/\/www.notibras.com\/site\/wp-json\/wp\/v2\/types\/post"}],"author":[{"embeddable":true,"href":"https:\/\/www.notibras.com\/site\/wp-json\/wp\/v2\/users\/2"}],"replies":[{"embeddable":true,"href":"https:\/\/www.notibras.com\/site\/wp-json\/wp\/v2\/comments?post=309731"}],"version-history":[{"count":1,"href":"https:\/\/www.notibras.com\/site\/wp-json\/wp\/v2\/posts\/309731\/revisions"}],"predecessor-version":[{"id":309732,"href":"https:\/\/www.notibras.com\/site\/wp-json\/wp\/v2\/posts\/309731\/revisions\/309732"}],"wp:featuredmedia":[{"embeddable":true,"href":"https:\/\/www.notibras.com\/site\/wp-json\/wp\/v2\/media\/302181"}],"wp:attachment":[{"href":"https:\/\/www.notibras.com\/site\/wp-json\/wp\/v2\/media?parent=309731"}],"wp:term":[{"taxonomy":"category","embeddable":true,"href":"https:\/\/www.notibras.com\/site\/wp-json\/wp\/v2\/categories?post=309731"},{"taxonomy":"post_tag","embeddable":true,"href":"https:\/\/www.notibras.com\/site\/wp-json\/wp\/v2\/tags?post=309731"}],"curies":[{"name":"wp","href":"https:\/\/api.w.org\/{rel}","templated":true}]}}