{"id":309786,"date":"2023-07-28T08:27:50","date_gmt":"2023-07-28T11:27:50","guid":{"rendered":"https:\/\/www.notibras.com\/site\/?p=309786"},"modified":"2023-07-28T08:28:51","modified_gmt":"2023-07-28T11:28:51","slug":"suor-na-grelha-da-mais-sabor-e-ansia-de-vomito","status":"publish","type":"post","link":"https:\/\/www.notibras.com\/site\/suor-na-grelha-da-mais-sabor-e-ansia-de-vomito\/","title":{"rendered":"Suor na grelha d\u00e1 mais sabor&#8230; e \u00e2nsia de v\u00f4mito"},"content":{"rendered":"<p>Anteontem, o Jos\u00e9 Seabra, editor do <strong>Notibras<\/strong>, me convidou para um churrasco na Vila Planalto. Pois bem, quando j\u00e1 est\u00e1vamos com o bucho cheio de tanta carne, farofa e molho \u00e0 vinagrete, eis que me lembrei de uma hist\u00f3ria que aconteceu comigo h\u00e1 muitos anos, quando ainda era funcion\u00e1rio do Banco do Brasil. O Seabra, depois de ouvi-la, teve que ir ao banheiro vomitar.<\/p>\n<p>Alguns poderiam dizer que essa hist\u00f3ria n\u00e3o passa de mais um devaneio da minha mente, mas afirmo com todas as letras e mais algumas que isso realmente aconteceu. Pois bem, l\u00e1 estava eu trabalhando no antigo DEREG, o maior dep\u00f3sito do Banco do Brasil, quando algu\u00e9m passou recolhendo o dinheiro do churrasco que iria acontecer na sexta-feira. Seria a primeira vez que eu iria participar dessa confraterniza\u00e7\u00e3o, j\u00e1 que h\u00e1 pouco havia sido transferido para aquele local, que ficava encrustado na entrada da favela Kelson, na Penha Circular, na cidade do Rio de Janeiro.<\/p>\n<p>Apesar de n\u00e3o ser t\u00e3o f\u00e3 assim de carne, passei a semana inteira pensando mais no churrasco do que no trabalho. Fiquei sabendo que o churrasqueiro oficial do DEREG era o Paul\u00e3o, que trabalhava na empilhadeira. Ele era um cara enorme, n\u00e3o tanto pela altura, mas pelo peso. Por volta de 1,80 m, pesava uns 180 kg no m\u00ednimo. Ali\u00e1s, ele sempre tinha uma frase na ponta da l\u00edngua para mim: &#8220;Dudu, voc\u00ea nunca ter\u00e1 o meu peso, mas um dia eu terei o seu&#8221;.<\/p>\n<p>Quando chegou o dia t\u00e3o esperado, todos estavam sorrindo mais que de costume. O Antonio Manoel, meu grande amigo at\u00e9 hoje, era o mais animado, mesmo porque sempre foi r\u00e9u confesso quanto a nunca ter sido muito afeito ao trabalho. A Sonia, a K\u00eania, a Keila, o Nilsinho, o Anibal, o Samuel, o Antonio Costa, o Serginho, o Divino, o Marquinhos, o Marc\u00e3o, o Clarinho, o Lu\u00eds, o Rodina, o Tadeu, todos sorrindo de orelha a orelha.<\/p>\n<p>E l\u00e1 est\u00e1vamos no refeit\u00f3rio do DEREG, onde havia at\u00e9 karaok\u00ea em uma \u00e1rea aberta para quem quisesse arriscar uma de cantor. Eu, que at\u00e9 ent\u00e3o desconhecia os dotes art\u00edsticos do Samuel, fiquei impressionado. Imagine uma mistura de Sidney Magal com Altemar Dutra. Pois \u00e9, creio que isso \u00e9 o mais pr\u00f3ximo do que \u00e9 a poderosa voz do Samuel, ou Samuca, como alguns o chamavam.<\/p>\n<p>Eu ainda n\u00e3o havia comido, quando a Sonia, sempre muito atenciosa com todos, veio me oferecer um pratinho abarrotado de carne e lingui\u00e7a. Agradeci e me sentei numa mesa com alguns colegas. A carne era deliciosa, como jamais havia provado. O tempero era algo que eu n\u00e3o conseguia distinguir muito bem. Todavia, jurei a mim mesmo que era o melhor churrasco que havia comido em toda a minha vida.<\/p>\n<p>Conversa vai, conversa vem, eis que o prato logo se esvaziou. Ent\u00e3o, como eu era o mais novo integrante daquela confraria, fiz quest\u00e3o de me levantar para buscar mais carne. Fui at\u00e9 a churrasqueira, que ficava no fim do sal\u00e3o. Foi a\u00ed que percebi de onde vinha esse gosto t\u00e3o diferente, que havia me conquistado. \u00c9 que o Paul\u00e3o, quase grudado \u00e0 churrasqueira, suava em bicas sobre a carne na grelha.<\/p>\n","protected":false},"excerpt":{"rendered":"<p>Anteontem, o Jos\u00e9 Seabra, editor do Notibras, me convidou para um churrasco na Vila Planalto. Pois bem, quando j\u00e1 est\u00e1vamos com o bucho cheio de tanta carne, farofa e molho \u00e0 vinagrete, eis que me lembrei de uma hist\u00f3ria que aconteceu comigo h\u00e1 muitos anos, quando ainda era funcion\u00e1rio do Banco do Brasil. O Seabra, [&hellip;]<\/p>\n","protected":false},"author":2,"featured_media":173722,"comment_status":"closed","ping_status":"closed","sticky":false,"template":"","format":"standard","meta":{"_acf_changed":false,"footnotes":""},"categories":[161],"tags":[],"class_list":["post-309786","post","type-post","status-publish","format-standard","has-post-thumbnail","hentry","category-quadradinho-em-foco"],"acf":[],"yoast_head":"<!-- This site is optimized with the Yoast SEO plugin v27.2 - https:\/\/yoast.com\/product\/yoast-seo-wordpress\/ -->\n<title>Suor na grelha d\u00e1 mais sabor... e \u00e2nsia de v\u00f4mito - Notibras<\/title>\n<meta name=\"robots\" content=\"index, follow, max-snippet:-1, max-image-preview:large, max-video-preview:-1\" \/>\n<link rel=\"canonical\" href=\"https:\/\/www.notibras.com\/site\/suor-na-grelha-da-mais-sabor-e-ansia-de-vomito\/\" \/>\n<meta property=\"og:locale\" content=\"pt_BR\" \/>\n<meta property=\"og:type\" content=\"article\" \/>\n<meta property=\"og:title\" content=\"Suor na grelha d\u00e1 mais sabor... e \u00e2nsia de v\u00f4mito - Notibras\" \/>\n<meta property=\"og:description\" content=\"Anteontem, o Jos\u00e9 Seabra, editor do Notibras, me convidou para um churrasco na Vila Planalto. Pois bem, quando j\u00e1 est\u00e1vamos com o bucho cheio de tanta carne, farofa e molho \u00e0 vinagrete, eis que me lembrei de uma hist\u00f3ria que aconteceu comigo h\u00e1 muitos anos, quando ainda era funcion\u00e1rio do Banco do Brasil. O Seabra, [&hellip;]\" \/>\n<meta property=\"og:url\" content=\"https:\/\/www.notibras.com\/site\/suor-na-grelha-da-mais-sabor-e-ansia-de-vomito\/\" \/>\n<meta property=\"og:site_name\" content=\"Notibras\" \/>\n<meta property=\"article:publisher\" content=\"https:\/\/www.facebook.com\/notibras\/\" \/>\n<meta property=\"article:published_time\" content=\"2023-07-28T11:27:50+00:00\" \/>\n<meta property=\"article:modified_time\" content=\"2023-07-28T11:28:51+00:00\" \/>\n<meta property=\"og:image\" content=\"https:\/\/www.notibras.com\/site\/wp-content\/uploads\/2018\/03\/churrasco.jpg\" \/>\n\t<meta property=\"og:image:width\" content=\"640\" \/>\n\t<meta property=\"og:image:height\" content=\"367\" \/>\n\t<meta property=\"og:image:type\" content=\"image\/jpeg\" \/>\n<meta name=\"author\" content=\"Reda\u00e7\u00e3o\" \/>\n<meta name=\"twitter:card\" content=\"summary_large_image\" \/>\n<meta name=\"twitter:creator\" content=\"@Notibras\" \/>\n<meta name=\"twitter:site\" content=\"@Notibras\" \/>\n<meta name=\"twitter:label1\" content=\"Escrito por\" \/>\n\t<meta name=\"twitter:data1\" content=\"Reda\u00e7\u00e3o\" \/>\n\t<meta name=\"twitter:label2\" content=\"Est. tempo de leitura\" \/>\n\t<meta name=\"twitter:data2\" content=\"3 minutos\" \/>\n<script type=\"application\/ld+json\" class=\"yoast-schema-graph\">{\"@context\":\"https:\/\/schema.org\",\"@graph\":[{\"@type\":\"Article\",\"@id\":\"https:\/\/www.notibras.com\/site\/suor-na-grelha-da-mais-sabor-e-ansia-de-vomito\/#article\",\"isPartOf\":{\"@id\":\"https:\/\/www.notibras.com\/site\/suor-na-grelha-da-mais-sabor-e-ansia-de-vomito\/\"},\"author\":{\"name\":\"Reda\u00e7\u00e3o\",\"@id\":\"https:\/\/www.notibras.com\/site\/#\/schema\/person\/36ab0979449956132d3e5b517ea76ac8\"},\"headline\":\"Suor na grelha d\u00e1 mais sabor&#8230; e \u00e2nsia de v\u00f4mito\",\"datePublished\":\"2023-07-28T11:27:50+00:00\",\"dateModified\":\"2023-07-28T11:28:51+00:00\",\"mainEntityOfPage\":{\"@id\":\"https:\/\/www.notibras.com\/site\/suor-na-grelha-da-mais-sabor-e-ansia-de-vomito\/\"},\"wordCount\":562,\"publisher\":{\"@id\":\"https:\/\/www.notibras.com\/site\/#organization\"},\"image\":{\"@id\":\"https:\/\/www.notibras.com\/site\/suor-na-grelha-da-mais-sabor-e-ansia-de-vomito\/#primaryimage\"},\"thumbnailUrl\":\"https:\/\/www.notibras.com\/site\/wp-content\/uploads\/2018\/03\/churrasco.jpg\",\"articleSection\":[\"Quadradinho em Foco\"],\"inLanguage\":\"pt-BR\"},{\"@type\":\"WebPage\",\"@id\":\"https:\/\/www.notibras.com\/site\/suor-na-grelha-da-mais-sabor-e-ansia-de-vomito\/\",\"url\":\"https:\/\/www.notibras.com\/site\/suor-na-grelha-da-mais-sabor-e-ansia-de-vomito\/\",\"name\":\"Suor na grelha d\u00e1 mais sabor... e \u00e2nsia de v\u00f4mito - Notibras\",\"isPartOf\":{\"@id\":\"https:\/\/www.notibras.com\/site\/#website\"},\"primaryImageOfPage\":{\"@id\":\"https:\/\/www.notibras.com\/site\/suor-na-grelha-da-mais-sabor-e-ansia-de-vomito\/#primaryimage\"},\"image\":{\"@id\":\"https:\/\/www.notibras.com\/site\/suor-na-grelha-da-mais-sabor-e-ansia-de-vomito\/#primaryimage\"},\"thumbnailUrl\":\"https:\/\/www.notibras.com\/site\/wp-content\/uploads\/2018\/03\/churrasco.jpg\",\"datePublished\":\"2023-07-28T11:27:50+00:00\",\"dateModified\":\"2023-07-28T11:28:51+00:00\",\"breadcrumb\":{\"@id\":\"https:\/\/www.notibras.com\/site\/suor-na-grelha-da-mais-sabor-e-ansia-de-vomito\/#breadcrumb\"},\"inLanguage\":\"pt-BR\",\"potentialAction\":[{\"@type\":\"ReadAction\",\"target\":[\"https:\/\/www.notibras.com\/site\/suor-na-grelha-da-mais-sabor-e-ansia-de-vomito\/\"]}]},{\"@type\":\"ImageObject\",\"inLanguage\":\"pt-BR\",\"@id\":\"https:\/\/www.notibras.com\/site\/suor-na-grelha-da-mais-sabor-e-ansia-de-vomito\/#primaryimage\",\"url\":\"https:\/\/www.notibras.com\/site\/wp-content\/uploads\/2018\/03\/churrasco.jpg\",\"contentUrl\":\"https:\/\/www.notibras.com\/site\/wp-content\/uploads\/2018\/03\/churrasco.jpg\",\"width\":640,\"height\":367,\"caption\":\"Foto\/Reprodu\u00e7\u00e3o\"},{\"@type\":\"BreadcrumbList\",\"@id\":\"https:\/\/www.notibras.com\/site\/suor-na-grelha-da-mais-sabor-e-ansia-de-vomito\/#breadcrumb\",\"itemListElement\":[{\"@type\":\"ListItem\",\"position\":1,\"name\":\"In\u00edcio\",\"item\":\"https:\/\/www.notibras.com\/site\/\"},{\"@type\":\"ListItem\",\"position\":2,\"name\":\"Suor na grelha d\u00e1 mais sabor&#8230; e \u00e2nsia de v\u00f4mito\"}]},{\"@type\":\"WebSite\",\"@id\":\"https:\/\/www.notibras.com\/site\/#website\",\"url\":\"https:\/\/www.notibras.com\/site\/\",\"name\":\"Notibras\",\"description\":\"Not\u00edcias de Bras\u00edlia, do Brasil e do Mundo\",\"publisher\":{\"@id\":\"https:\/\/www.notibras.com\/site\/#organization\"},\"potentialAction\":[{\"@type\":\"SearchAction\",\"target\":{\"@type\":\"EntryPoint\",\"urlTemplate\":\"https:\/\/www.notibras.com\/site\/?s={search_term_string}\"},\"query-input\":{\"@type\":\"PropertyValueSpecification\",\"valueRequired\":true,\"valueName\":\"search_term_string\"}}],\"inLanguage\":\"pt-BR\"},{\"@type\":\"Organization\",\"@id\":\"https:\/\/www.notibras.com\/site\/#organization\",\"name\":\"Grupo Notibras de Comunica\u00e7\u00e3o\",\"url\":\"https:\/\/www.notibras.com\/site\/\",\"logo\":{\"@type\":\"ImageObject\",\"inLanguage\":\"pt-BR\",\"@id\":\"https:\/\/www.notibras.com\/site\/#\/schema\/logo\/image\/\",\"url\":\"https:\/\/www.notibras.com\/site\/wp-content\/uploads\/2023\/01\/notibras23.png\",\"contentUrl\":\"https:\/\/www.notibras.com\/site\/wp-content\/uploads\/2023\/01\/notibras23.png\",\"width\":350,\"height\":87,\"caption\":\"Grupo Notibras de Comunica\u00e7\u00e3o\"},\"image\":{\"@id\":\"https:\/\/www.notibras.com\/site\/#\/schema\/logo\/image\/\"},\"sameAs\":[\"https:\/\/www.facebook.com\/notibras\/\",\"https:\/\/x.com\/Notibras\",\"https:\/\/www.instagram.com\/notibras\/\"]},{\"@type\":\"Person\",\"@id\":\"https:\/\/www.notibras.com\/site\/#\/schema\/person\/36ab0979449956132d3e5b517ea76ac8\",\"name\":\"Reda\u00e7\u00e3o\",\"image\":{\"@type\":\"ImageObject\",\"inLanguage\":\"pt-BR\",\"@id\":\"https:\/\/secure.gravatar.com\/avatar\/e0a867bdedb85fd243eadf09663511f96fc81e0720a4a42581f334ad4303aa6b?s=96&d=mm&r=g\",\"url\":\"https:\/\/secure.gravatar.com\/avatar\/e0a867bdedb85fd243eadf09663511f96fc81e0720a4a42581f334ad4303aa6b?s=96&d=mm&r=g\",\"contentUrl\":\"https:\/\/secure.gravatar.com\/avatar\/e0a867bdedb85fd243eadf09663511f96fc81e0720a4a42581f334ad4303aa6b?s=96&d=mm&r=g\",\"caption\":\"Reda\u00e7\u00e3o\"}}]}<\/script>\n<!-- \/ Yoast SEO plugin. -->","yoast_head_json":{"title":"Suor na grelha d\u00e1 mais sabor... e \u00e2nsia de v\u00f4mito - Notibras","robots":{"index":"index","follow":"follow","max-snippet":"max-snippet:-1","max-image-preview":"max-image-preview:large","max-video-preview":"max-video-preview:-1"},"canonical":"https:\/\/www.notibras.com\/site\/suor-na-grelha-da-mais-sabor-e-ansia-de-vomito\/","og_locale":"pt_BR","og_type":"article","og_title":"Suor na grelha d\u00e1 mais sabor... e \u00e2nsia de v\u00f4mito - Notibras","og_description":"Anteontem, o Jos\u00e9 Seabra, editor do Notibras, me convidou para um churrasco na Vila Planalto. Pois bem, quando j\u00e1 est\u00e1vamos com o bucho cheio de tanta carne, farofa e molho \u00e0 vinagrete, eis que me lembrei de uma hist\u00f3ria que aconteceu comigo h\u00e1 muitos anos, quando ainda era funcion\u00e1rio do Banco do Brasil. O Seabra, [&hellip;]","og_url":"https:\/\/www.notibras.com\/site\/suor-na-grelha-da-mais-sabor-e-ansia-de-vomito\/","og_site_name":"Notibras","article_publisher":"https:\/\/www.facebook.com\/notibras\/","article_published_time":"2023-07-28T11:27:50+00:00","article_modified_time":"2023-07-28T11:28:51+00:00","og_image":[{"width":640,"height":367,"url":"https:\/\/www.notibras.com\/site\/wp-content\/uploads\/2018\/03\/churrasco.jpg","type":"image\/jpeg"}],"author":"Reda\u00e7\u00e3o","twitter_card":"summary_large_image","twitter_creator":"@Notibras","twitter_site":"@Notibras","twitter_misc":{"Escrito por":"Reda\u00e7\u00e3o","Est. tempo de leitura":"3 minutos"},"schema":{"@context":"https:\/\/schema.org","@graph":[{"@type":"Article","@id":"https:\/\/www.notibras.com\/site\/suor-na-grelha-da-mais-sabor-e-ansia-de-vomito\/#article","isPartOf":{"@id":"https:\/\/www.notibras.com\/site\/suor-na-grelha-da-mais-sabor-e-ansia-de-vomito\/"},"author":{"name":"Reda\u00e7\u00e3o","@id":"https:\/\/www.notibras.com\/site\/#\/schema\/person\/36ab0979449956132d3e5b517ea76ac8"},"headline":"Suor na grelha d\u00e1 mais sabor&#8230; e \u00e2nsia de v\u00f4mito","datePublished":"2023-07-28T11:27:50+00:00","dateModified":"2023-07-28T11:28:51+00:00","mainEntityOfPage":{"@id":"https:\/\/www.notibras.com\/site\/suor-na-grelha-da-mais-sabor-e-ansia-de-vomito\/"},"wordCount":562,"publisher":{"@id":"https:\/\/www.notibras.com\/site\/#organization"},"image":{"@id":"https:\/\/www.notibras.com\/site\/suor-na-grelha-da-mais-sabor-e-ansia-de-vomito\/#primaryimage"},"thumbnailUrl":"https:\/\/www.notibras.com\/site\/wp-content\/uploads\/2018\/03\/churrasco.jpg","articleSection":["Quadradinho em Foco"],"inLanguage":"pt-BR"},{"@type":"WebPage","@id":"https:\/\/www.notibras.com\/site\/suor-na-grelha-da-mais-sabor-e-ansia-de-vomito\/","url":"https:\/\/www.notibras.com\/site\/suor-na-grelha-da-mais-sabor-e-ansia-de-vomito\/","name":"Suor na grelha d\u00e1 mais sabor... e \u00e2nsia de v\u00f4mito - Notibras","isPartOf":{"@id":"https:\/\/www.notibras.com\/site\/#website"},"primaryImageOfPage":{"@id":"https:\/\/www.notibras.com\/site\/suor-na-grelha-da-mais-sabor-e-ansia-de-vomito\/#primaryimage"},"image":{"@id":"https:\/\/www.notibras.com\/site\/suor-na-grelha-da-mais-sabor-e-ansia-de-vomito\/#primaryimage"},"thumbnailUrl":"https:\/\/www.notibras.com\/site\/wp-content\/uploads\/2018\/03\/churrasco.jpg","datePublished":"2023-07-28T11:27:50+00:00","dateModified":"2023-07-28T11:28:51+00:00","breadcrumb":{"@id":"https:\/\/www.notibras.com\/site\/suor-na-grelha-da-mais-sabor-e-ansia-de-vomito\/#breadcrumb"},"inLanguage":"pt-BR","potentialAction":[{"@type":"ReadAction","target":["https:\/\/www.notibras.com\/site\/suor-na-grelha-da-mais-sabor-e-ansia-de-vomito\/"]}]},{"@type":"ImageObject","inLanguage":"pt-BR","@id":"https:\/\/www.notibras.com\/site\/suor-na-grelha-da-mais-sabor-e-ansia-de-vomito\/#primaryimage","url":"https:\/\/www.notibras.com\/site\/wp-content\/uploads\/2018\/03\/churrasco.jpg","contentUrl":"https:\/\/www.notibras.com\/site\/wp-content\/uploads\/2018\/03\/churrasco.jpg","width":640,"height":367,"caption":"Foto\/Reprodu\u00e7\u00e3o"},{"@type":"BreadcrumbList","@id":"https:\/\/www.notibras.com\/site\/suor-na-grelha-da-mais-sabor-e-ansia-de-vomito\/#breadcrumb","itemListElement":[{"@type":"ListItem","position":1,"name":"In\u00edcio","item":"https:\/\/www.notibras.com\/site\/"},{"@type":"ListItem","position":2,"name":"Suor na grelha d\u00e1 mais sabor&#8230; e \u00e2nsia de v\u00f4mito"}]},{"@type":"WebSite","@id":"https:\/\/www.notibras.com\/site\/#website","url":"https:\/\/www.notibras.com\/site\/","name":"Notibras","description":"Not\u00edcias de Bras\u00edlia, do Brasil e do Mundo","publisher":{"@id":"https:\/\/www.notibras.com\/site\/#organization"},"potentialAction":[{"@type":"SearchAction","target":{"@type":"EntryPoint","urlTemplate":"https:\/\/www.notibras.com\/site\/?s={search_term_string}"},"query-input":{"@type":"PropertyValueSpecification","valueRequired":true,"valueName":"search_term_string"}}],"inLanguage":"pt-BR"},{"@type":"Organization","@id":"https:\/\/www.notibras.com\/site\/#organization","name":"Grupo Notibras de Comunica\u00e7\u00e3o","url":"https:\/\/www.notibras.com\/site\/","logo":{"@type":"ImageObject","inLanguage":"pt-BR","@id":"https:\/\/www.notibras.com\/site\/#\/schema\/logo\/image\/","url":"https:\/\/www.notibras.com\/site\/wp-content\/uploads\/2023\/01\/notibras23.png","contentUrl":"https:\/\/www.notibras.com\/site\/wp-content\/uploads\/2023\/01\/notibras23.png","width":350,"height":87,"caption":"Grupo Notibras de Comunica\u00e7\u00e3o"},"image":{"@id":"https:\/\/www.notibras.com\/site\/#\/schema\/logo\/image\/"},"sameAs":["https:\/\/www.facebook.com\/notibras\/","https:\/\/x.com\/Notibras","https:\/\/www.instagram.com\/notibras\/"]},{"@type":"Person","@id":"https:\/\/www.notibras.com\/site\/#\/schema\/person\/36ab0979449956132d3e5b517ea76ac8","name":"Reda\u00e7\u00e3o","image":{"@type":"ImageObject","inLanguage":"pt-BR","@id":"https:\/\/secure.gravatar.com\/avatar\/e0a867bdedb85fd243eadf09663511f96fc81e0720a4a42581f334ad4303aa6b?s=96&d=mm&r=g","url":"https:\/\/secure.gravatar.com\/avatar\/e0a867bdedb85fd243eadf09663511f96fc81e0720a4a42581f334ad4303aa6b?s=96&d=mm&r=g","contentUrl":"https:\/\/secure.gravatar.com\/avatar\/e0a867bdedb85fd243eadf09663511f96fc81e0720a4a42581f334ad4303aa6b?s=96&d=mm&r=g","caption":"Reda\u00e7\u00e3o"}}]}},"amp_enabled":true,"_links":{"self":[{"href":"https:\/\/www.notibras.com\/site\/wp-json\/wp\/v2\/posts\/309786","targetHints":{"allow":["GET"]}}],"collection":[{"href":"https:\/\/www.notibras.com\/site\/wp-json\/wp\/v2\/posts"}],"about":[{"href":"https:\/\/www.notibras.com\/site\/wp-json\/wp\/v2\/types\/post"}],"author":[{"embeddable":true,"href":"https:\/\/www.notibras.com\/site\/wp-json\/wp\/v2\/users\/2"}],"replies":[{"embeddable":true,"href":"https:\/\/www.notibras.com\/site\/wp-json\/wp\/v2\/comments?post=309786"}],"version-history":[{"count":2,"href":"https:\/\/www.notibras.com\/site\/wp-json\/wp\/v2\/posts\/309786\/revisions"}],"predecessor-version":[{"id":309788,"href":"https:\/\/www.notibras.com\/site\/wp-json\/wp\/v2\/posts\/309786\/revisions\/309788"}],"wp:featuredmedia":[{"embeddable":true,"href":"https:\/\/www.notibras.com\/site\/wp-json\/wp\/v2\/media\/173722"}],"wp:attachment":[{"href":"https:\/\/www.notibras.com\/site\/wp-json\/wp\/v2\/media?parent=309786"}],"wp:term":[{"taxonomy":"category","embeddable":true,"href":"https:\/\/www.notibras.com\/site\/wp-json\/wp\/v2\/categories?post=309786"},{"taxonomy":"post_tag","embeddable":true,"href":"https:\/\/www.notibras.com\/site\/wp-json\/wp\/v2\/tags?post=309786"}],"curies":[{"name":"wp","href":"https:\/\/api.w.org\/{rel}","templated":true}]}}