{"id":309799,"date":"2023-07-28T12:43:50","date_gmt":"2023-07-28T15:43:50","guid":{"rendered":"https:\/\/www.notibras.com\/site\/?p=309799"},"modified":"2023-07-28T13:41:40","modified_gmt":"2023-07-28T16:41:40","slug":"inflacao-do-aluguel-cai-pelo-quarto-mes-seguido","status":"publish","type":"post","link":"https:\/\/www.notibras.com\/site\/inflacao-do-aluguel-cai-pelo-quarto-mes-seguido\/","title":{"rendered":"Infla\u00e7\u00e3o do aluguel cai pelo quarto m\u00eas seguido"},"content":{"rendered":"<p>O \u00cdndice Geral de Pre\u00e7os \u2013 Mercado (IGP-M) apresentou em julho queda pelo quarto m\u00eas seguido. O \u00edndice calculado pelo Instituto Brasileiro de Economia da Funda\u00e7\u00e3o Getulio Vargas (FGV Ibre), recuou 0,72%. No ano, o IGP-M acumula defla\u00e7\u00e3o (queda de pre\u00e7os) de 5,15%. Em 12 meses, a queda \u00e9 de 7,72%.<\/p>\n<p>O resultado mostra um comportamento de desinfla\u00e7\u00e3o na economia brasileira. Em julho do ano passado, o IGP-M acumulado de 12 meses era positivo em 10,08%.<\/p>\n<p>O IGP-M \u00e9 a m\u00e9dia aritm\u00e9tica ponderada de tr\u00eas \u00edndices de pre\u00e7os: \u00cdndice de Pre\u00e7os ao Produtor Amplo (IPA), \u00cdndice de Pre\u00e7os ao Consumidor (IPC) e \u00cdndice Nacional de Custo da Constru\u00e7\u00e3o (INCC), e revela o comportamento dos pre\u00e7os de produtos e servi\u00e7os mais relevantes para produtor, consumidor e constru\u00e7\u00e3o civil.<\/p>\n<p><strong>Influ\u00eancias<\/strong><br \/>\nO resultado do IPA (-1,05%) foi o que mais pressionou para baixo o IGP-M de julho. \u201cO IPA continua registrando defla\u00e7\u00e3o em seus principais grupos, movimento que permanece influenciando o resultado do IGP. No entanto, a intensidade destes movimentos est\u00e1 arrefecendo, pois importantes mat\u00e9rias-primas brutas come\u00e7aram a registrar varia\u00e7\u00f5es positivas ou menos negativas, como o min\u00e9rio de ferro (de -2,21% para 2,96%), os su\u00ednos (de -7,03% para 3,46%) e o milho (de -14,85% para -4,95%)\u201d, detalha Andr\u00e9 Braz, coordenador da pesquisa.<\/p>\n<p>O IPC variou 0,11% em julho. Quatro das oito classes de despesa pesquisadas apresentaram alta. A maior contribui\u00e7\u00e3o veio do grupo transportes &#8211; a varia\u00e7\u00e3o passou de -1,68% para 0,70%. O item gasolina variou este m\u00eas 3,65%, depois de ter sido de -3% em junho.<\/p>\n<p>O INCC variou 0,06% em julho, ap\u00f3s alta de 0,85% no m\u00eas anterior.<\/p>\n<p>O IGP-M \u00e9 conhecido como infla\u00e7\u00e3o do aluguel, pois costuma ser utilizado para reajustar anualmente os contratos de moradia. O indicador tamb\u00e9m \u00e9 utilizado como indexador de contratos de empresas de servi\u00e7o, como energia el\u00e9trica, telefonia, educa\u00e7\u00e3o e planos de sa\u00fade.<\/p>\n","protected":false},"excerpt":{"rendered":"<p>O \u00cdndice Geral de Pre\u00e7os \u2013 Mercado (IGP-M) apresentou em julho queda pelo quarto m\u00eas seguido. O \u00edndice calculado pelo Instituto Brasileiro de Economia da Funda\u00e7\u00e3o Getulio Vargas (FGV Ibre), recuou 0,72%. No ano, o IGP-M acumula defla\u00e7\u00e3o (queda de pre\u00e7os) de 5,15%. Em 12 meses, a queda \u00e9 de 7,72%. O resultado mostra um [&hellip;]<\/p>\n","protected":false},"author":2,"featured_media":309800,"comment_status":"closed","ping_status":"closed","sticky":false,"template":"","format":"standard","meta":{"_acf_changed":false,"footnotes":""},"categories":[161],"tags":[95],"class_list":["post-309799","post","type-post","status-publish","format-standard","has-post-thumbnail","hentry","category-quadradinho-em-foco","tag-capa"],"acf":[],"yoast_head":"<!-- This site is optimized with the Yoast SEO plugin v27.2 - https:\/\/yoast.com\/product\/yoast-seo-wordpress\/ -->\n<title>Infla\u00e7\u00e3o do aluguel cai pelo quarto m\u00eas seguido - Notibras<\/title>\n<meta name=\"robots\" content=\"index, follow, max-snippet:-1, max-image-preview:large, max-video-preview:-1\" \/>\n<link rel=\"canonical\" href=\"https:\/\/www.notibras.com\/site\/inflacao-do-aluguel-cai-pelo-quarto-mes-seguido\/\" \/>\n<meta property=\"og:locale\" content=\"pt_BR\" \/>\n<meta property=\"og:type\" content=\"article\" \/>\n<meta property=\"og:title\" content=\"Infla\u00e7\u00e3o do aluguel cai pelo quarto m\u00eas seguido - Notibras\" \/>\n<meta property=\"og:description\" content=\"O \u00cdndice Geral de Pre\u00e7os \u2013 Mercado (IGP-M) apresentou em julho queda pelo quarto m\u00eas seguido. O \u00edndice calculado pelo Instituto Brasileiro de Economia da Funda\u00e7\u00e3o Getulio Vargas (FGV Ibre), recuou 0,72%. No ano, o IGP-M acumula defla\u00e7\u00e3o (queda de pre\u00e7os) de 5,15%. Em 12 meses, a queda \u00e9 de 7,72%. O resultado mostra um [&hellip;]\" \/>\n<meta property=\"og:url\" content=\"https:\/\/www.notibras.com\/site\/inflacao-do-aluguel-cai-pelo-quarto-mes-seguido\/\" \/>\n<meta property=\"og:site_name\" content=\"Notibras\" \/>\n<meta property=\"article:publisher\" content=\"https:\/\/www.facebook.com\/notibras\/\" \/>\n<meta property=\"article:published_time\" content=\"2023-07-28T15:43:50+00:00\" \/>\n<meta property=\"article:modified_time\" content=\"2023-07-28T16:41:40+00:00\" \/>\n<meta property=\"og:image\" content=\"https:\/\/www.notibras.com\/site\/wp-content\/uploads\/2023\/07\/superquadra_sul_308_fcpzzb_abr_20220419_0546.jpg\" \/>\n\t<meta property=\"og:image:width\" content=\"770\" \/>\n\t<meta property=\"og:image:height\" content=\"513\" \/>\n\t<meta property=\"og:image:type\" content=\"image\/jpeg\" \/>\n<meta name=\"author\" content=\"Reda\u00e7\u00e3o\" \/>\n<meta name=\"twitter:card\" content=\"summary_large_image\" \/>\n<meta name=\"twitter:creator\" content=\"@Notibras\" \/>\n<meta name=\"twitter:site\" content=\"@Notibras\" \/>\n<meta name=\"twitter:label1\" content=\"Escrito por\" \/>\n\t<meta name=\"twitter:data1\" content=\"Reda\u00e7\u00e3o\" \/>\n\t<meta name=\"twitter:label2\" content=\"Est. tempo de leitura\" \/>\n\t<meta name=\"twitter:data2\" content=\"2 minutos\" \/>\n<script type=\"application\/ld+json\" class=\"yoast-schema-graph\">{\"@context\":\"https:\/\/schema.org\",\"@graph\":[{\"@type\":\"Article\",\"@id\":\"https:\/\/www.notibras.com\/site\/inflacao-do-aluguel-cai-pelo-quarto-mes-seguido\/#article\",\"isPartOf\":{\"@id\":\"https:\/\/www.notibras.com\/site\/inflacao-do-aluguel-cai-pelo-quarto-mes-seguido\/\"},\"author\":{\"name\":\"Reda\u00e7\u00e3o\",\"@id\":\"https:\/\/www.notibras.com\/site\/#\/schema\/person\/36ab0979449956132d3e5b517ea76ac8\"},\"headline\":\"Infla\u00e7\u00e3o do aluguel cai pelo quarto m\u00eas seguido\",\"datePublished\":\"2023-07-28T15:43:50+00:00\",\"dateModified\":\"2023-07-28T16:41:40+00:00\",\"mainEntityOfPage\":{\"@id\":\"https:\/\/www.notibras.com\/site\/inflacao-do-aluguel-cai-pelo-quarto-mes-seguido\/\"},\"wordCount\":334,\"publisher\":{\"@id\":\"https:\/\/www.notibras.com\/site\/#organization\"},\"image\":{\"@id\":\"https:\/\/www.notibras.com\/site\/inflacao-do-aluguel-cai-pelo-quarto-mes-seguido\/#primaryimage\"},\"thumbnailUrl\":\"https:\/\/www.notibras.com\/site\/wp-content\/uploads\/2023\/07\/superquadra_sul_308_fcpzzb_abr_20220419_0546.jpg\",\"keywords\":[\"capa\"],\"articleSection\":[\"Quadradinho em Foco\"],\"inLanguage\":\"pt-BR\"},{\"@type\":\"WebPage\",\"@id\":\"https:\/\/www.notibras.com\/site\/inflacao-do-aluguel-cai-pelo-quarto-mes-seguido\/\",\"url\":\"https:\/\/www.notibras.com\/site\/inflacao-do-aluguel-cai-pelo-quarto-mes-seguido\/\",\"name\":\"Infla\u00e7\u00e3o do aluguel cai pelo quarto m\u00eas seguido - Notibras\",\"isPartOf\":{\"@id\":\"https:\/\/www.notibras.com\/site\/#website\"},\"primaryImageOfPage\":{\"@id\":\"https:\/\/www.notibras.com\/site\/inflacao-do-aluguel-cai-pelo-quarto-mes-seguido\/#primaryimage\"},\"image\":{\"@id\":\"https:\/\/www.notibras.com\/site\/inflacao-do-aluguel-cai-pelo-quarto-mes-seguido\/#primaryimage\"},\"thumbnailUrl\":\"https:\/\/www.notibras.com\/site\/wp-content\/uploads\/2023\/07\/superquadra_sul_308_fcpzzb_abr_20220419_0546.jpg\",\"datePublished\":\"2023-07-28T15:43:50+00:00\",\"dateModified\":\"2023-07-28T16:41:40+00:00\",\"breadcrumb\":{\"@id\":\"https:\/\/www.notibras.com\/site\/inflacao-do-aluguel-cai-pelo-quarto-mes-seguido\/#breadcrumb\"},\"inLanguage\":\"pt-BR\",\"potentialAction\":[{\"@type\":\"ReadAction\",\"target\":[\"https:\/\/www.notibras.com\/site\/inflacao-do-aluguel-cai-pelo-quarto-mes-seguido\/\"]}]},{\"@type\":\"ImageObject\",\"inLanguage\":\"pt-BR\",\"@id\":\"https:\/\/www.notibras.com\/site\/inflacao-do-aluguel-cai-pelo-quarto-mes-seguido\/#primaryimage\",\"url\":\"https:\/\/www.notibras.com\/site\/wp-content\/uploads\/2023\/07\/superquadra_sul_308_fcpzzb_abr_20220419_0546.jpg\",\"contentUrl\":\"https:\/\/www.notibras.com\/site\/wp-content\/uploads\/2023\/07\/superquadra_sul_308_fcpzzb_abr_20220419_0546.jpg\",\"width\":770,\"height\":513,\"caption\":\"Um dos pontos famosos de Bras\u00edlia, a quadra modelo, localizada na SQS 308, foi fundada em 1962 e a inten\u00e7\u00e3o era que servisse de refer\u00eancia para outras superquadras do Plano Piloto. Seguindo fielmente o projeto original de L\u00facio Costa, a quadra conta com uma infraestrutura completa para atender a popula\u00e7\u00e3o.\"},{\"@type\":\"BreadcrumbList\",\"@id\":\"https:\/\/www.notibras.com\/site\/inflacao-do-aluguel-cai-pelo-quarto-mes-seguido\/#breadcrumb\",\"itemListElement\":[{\"@type\":\"ListItem\",\"position\":1,\"name\":\"In\u00edcio\",\"item\":\"https:\/\/www.notibras.com\/site\/\"},{\"@type\":\"ListItem\",\"position\":2,\"name\":\"Infla\u00e7\u00e3o do aluguel cai pelo quarto m\u00eas seguido\"}]},{\"@type\":\"WebSite\",\"@id\":\"https:\/\/www.notibras.com\/site\/#website\",\"url\":\"https:\/\/www.notibras.com\/site\/\",\"name\":\"Notibras\",\"description\":\"Not\u00edcias de Bras\u00edlia, do Brasil e do Mundo\",\"publisher\":{\"@id\":\"https:\/\/www.notibras.com\/site\/#organization\"},\"potentialAction\":[{\"@type\":\"SearchAction\",\"target\":{\"@type\":\"EntryPoint\",\"urlTemplate\":\"https:\/\/www.notibras.com\/site\/?s={search_term_string}\"},\"query-input\":{\"@type\":\"PropertyValueSpecification\",\"valueRequired\":true,\"valueName\":\"search_term_string\"}}],\"inLanguage\":\"pt-BR\"},{\"@type\":\"Organization\",\"@id\":\"https:\/\/www.notibras.com\/site\/#organization\",\"name\":\"Grupo Notibras de Comunica\u00e7\u00e3o\",\"url\":\"https:\/\/www.notibras.com\/site\/\",\"logo\":{\"@type\":\"ImageObject\",\"inLanguage\":\"pt-BR\",\"@id\":\"https:\/\/www.notibras.com\/site\/#\/schema\/logo\/image\/\",\"url\":\"https:\/\/www.notibras.com\/site\/wp-content\/uploads\/2023\/01\/notibras23.png\",\"contentUrl\":\"https:\/\/www.notibras.com\/site\/wp-content\/uploads\/2023\/01\/notibras23.png\",\"width\":350,\"height\":87,\"caption\":\"Grupo Notibras de Comunica\u00e7\u00e3o\"},\"image\":{\"@id\":\"https:\/\/www.notibras.com\/site\/#\/schema\/logo\/image\/\"},\"sameAs\":[\"https:\/\/www.facebook.com\/notibras\/\",\"https:\/\/x.com\/Notibras\",\"https:\/\/www.instagram.com\/notibras\/\"]},{\"@type\":\"Person\",\"@id\":\"https:\/\/www.notibras.com\/site\/#\/schema\/person\/36ab0979449956132d3e5b517ea76ac8\",\"name\":\"Reda\u00e7\u00e3o\",\"image\":{\"@type\":\"ImageObject\",\"inLanguage\":\"pt-BR\",\"@id\":\"https:\/\/secure.gravatar.com\/avatar\/e0a867bdedb85fd243eadf09663511f96fc81e0720a4a42581f334ad4303aa6b?s=96&d=mm&r=g\",\"url\":\"https:\/\/secure.gravatar.com\/avatar\/e0a867bdedb85fd243eadf09663511f96fc81e0720a4a42581f334ad4303aa6b?s=96&d=mm&r=g\",\"contentUrl\":\"https:\/\/secure.gravatar.com\/avatar\/e0a867bdedb85fd243eadf09663511f96fc81e0720a4a42581f334ad4303aa6b?s=96&d=mm&r=g\",\"caption\":\"Reda\u00e7\u00e3o\"}}]}<\/script>\n<!-- \/ Yoast SEO plugin. -->","yoast_head_json":{"title":"Infla\u00e7\u00e3o do aluguel cai pelo quarto m\u00eas seguido - Notibras","robots":{"index":"index","follow":"follow","max-snippet":"max-snippet:-1","max-image-preview":"max-image-preview:large","max-video-preview":"max-video-preview:-1"},"canonical":"https:\/\/www.notibras.com\/site\/inflacao-do-aluguel-cai-pelo-quarto-mes-seguido\/","og_locale":"pt_BR","og_type":"article","og_title":"Infla\u00e7\u00e3o do aluguel cai pelo quarto m\u00eas seguido - Notibras","og_description":"O \u00cdndice Geral de Pre\u00e7os \u2013 Mercado (IGP-M) apresentou em julho queda pelo quarto m\u00eas seguido. O \u00edndice calculado pelo Instituto Brasileiro de Economia da Funda\u00e7\u00e3o Getulio Vargas (FGV Ibre), recuou 0,72%. No ano, o IGP-M acumula defla\u00e7\u00e3o (queda de pre\u00e7os) de 5,15%. Em 12 meses, a queda \u00e9 de 7,72%. O resultado mostra um [&hellip;]","og_url":"https:\/\/www.notibras.com\/site\/inflacao-do-aluguel-cai-pelo-quarto-mes-seguido\/","og_site_name":"Notibras","article_publisher":"https:\/\/www.facebook.com\/notibras\/","article_published_time":"2023-07-28T15:43:50+00:00","article_modified_time":"2023-07-28T16:41:40+00:00","og_image":[{"width":770,"height":513,"url":"https:\/\/www.notibras.com\/site\/wp-content\/uploads\/2023\/07\/superquadra_sul_308_fcpzzb_abr_20220419_0546.jpg","type":"image\/jpeg"}],"author":"Reda\u00e7\u00e3o","twitter_card":"summary_large_image","twitter_creator":"@Notibras","twitter_site":"@Notibras","twitter_misc":{"Escrito por":"Reda\u00e7\u00e3o","Est. tempo de leitura":"2 minutos"},"schema":{"@context":"https:\/\/schema.org","@graph":[{"@type":"Article","@id":"https:\/\/www.notibras.com\/site\/inflacao-do-aluguel-cai-pelo-quarto-mes-seguido\/#article","isPartOf":{"@id":"https:\/\/www.notibras.com\/site\/inflacao-do-aluguel-cai-pelo-quarto-mes-seguido\/"},"author":{"name":"Reda\u00e7\u00e3o","@id":"https:\/\/www.notibras.com\/site\/#\/schema\/person\/36ab0979449956132d3e5b517ea76ac8"},"headline":"Infla\u00e7\u00e3o do aluguel cai pelo quarto m\u00eas seguido","datePublished":"2023-07-28T15:43:50+00:00","dateModified":"2023-07-28T16:41:40+00:00","mainEntityOfPage":{"@id":"https:\/\/www.notibras.com\/site\/inflacao-do-aluguel-cai-pelo-quarto-mes-seguido\/"},"wordCount":334,"publisher":{"@id":"https:\/\/www.notibras.com\/site\/#organization"},"image":{"@id":"https:\/\/www.notibras.com\/site\/inflacao-do-aluguel-cai-pelo-quarto-mes-seguido\/#primaryimage"},"thumbnailUrl":"https:\/\/www.notibras.com\/site\/wp-content\/uploads\/2023\/07\/superquadra_sul_308_fcpzzb_abr_20220419_0546.jpg","keywords":["capa"],"articleSection":["Quadradinho em Foco"],"inLanguage":"pt-BR"},{"@type":"WebPage","@id":"https:\/\/www.notibras.com\/site\/inflacao-do-aluguel-cai-pelo-quarto-mes-seguido\/","url":"https:\/\/www.notibras.com\/site\/inflacao-do-aluguel-cai-pelo-quarto-mes-seguido\/","name":"Infla\u00e7\u00e3o do aluguel cai pelo quarto m\u00eas seguido - Notibras","isPartOf":{"@id":"https:\/\/www.notibras.com\/site\/#website"},"primaryImageOfPage":{"@id":"https:\/\/www.notibras.com\/site\/inflacao-do-aluguel-cai-pelo-quarto-mes-seguido\/#primaryimage"},"image":{"@id":"https:\/\/www.notibras.com\/site\/inflacao-do-aluguel-cai-pelo-quarto-mes-seguido\/#primaryimage"},"thumbnailUrl":"https:\/\/www.notibras.com\/site\/wp-content\/uploads\/2023\/07\/superquadra_sul_308_fcpzzb_abr_20220419_0546.jpg","datePublished":"2023-07-28T15:43:50+00:00","dateModified":"2023-07-28T16:41:40+00:00","breadcrumb":{"@id":"https:\/\/www.notibras.com\/site\/inflacao-do-aluguel-cai-pelo-quarto-mes-seguido\/#breadcrumb"},"inLanguage":"pt-BR","potentialAction":[{"@type":"ReadAction","target":["https:\/\/www.notibras.com\/site\/inflacao-do-aluguel-cai-pelo-quarto-mes-seguido\/"]}]},{"@type":"ImageObject","inLanguage":"pt-BR","@id":"https:\/\/www.notibras.com\/site\/inflacao-do-aluguel-cai-pelo-quarto-mes-seguido\/#primaryimage","url":"https:\/\/www.notibras.com\/site\/wp-content\/uploads\/2023\/07\/superquadra_sul_308_fcpzzb_abr_20220419_0546.jpg","contentUrl":"https:\/\/www.notibras.com\/site\/wp-content\/uploads\/2023\/07\/superquadra_sul_308_fcpzzb_abr_20220419_0546.jpg","width":770,"height":513,"caption":"Um dos pontos famosos de Bras\u00edlia, a quadra modelo, localizada na SQS 308, foi fundada em 1962 e a inten\u00e7\u00e3o era que servisse de refer\u00eancia para outras superquadras do Plano Piloto. Seguindo fielmente o projeto original de L\u00facio Costa, a quadra conta com uma infraestrutura completa para atender a popula\u00e7\u00e3o."},{"@type":"BreadcrumbList","@id":"https:\/\/www.notibras.com\/site\/inflacao-do-aluguel-cai-pelo-quarto-mes-seguido\/#breadcrumb","itemListElement":[{"@type":"ListItem","position":1,"name":"In\u00edcio","item":"https:\/\/www.notibras.com\/site\/"},{"@type":"ListItem","position":2,"name":"Infla\u00e7\u00e3o do aluguel cai pelo quarto m\u00eas seguido"}]},{"@type":"WebSite","@id":"https:\/\/www.notibras.com\/site\/#website","url":"https:\/\/www.notibras.com\/site\/","name":"Notibras","description":"Not\u00edcias de Bras\u00edlia, do Brasil e do Mundo","publisher":{"@id":"https:\/\/www.notibras.com\/site\/#organization"},"potentialAction":[{"@type":"SearchAction","target":{"@type":"EntryPoint","urlTemplate":"https:\/\/www.notibras.com\/site\/?s={search_term_string}"},"query-input":{"@type":"PropertyValueSpecification","valueRequired":true,"valueName":"search_term_string"}}],"inLanguage":"pt-BR"},{"@type":"Organization","@id":"https:\/\/www.notibras.com\/site\/#organization","name":"Grupo Notibras de Comunica\u00e7\u00e3o","url":"https:\/\/www.notibras.com\/site\/","logo":{"@type":"ImageObject","inLanguage":"pt-BR","@id":"https:\/\/www.notibras.com\/site\/#\/schema\/logo\/image\/","url":"https:\/\/www.notibras.com\/site\/wp-content\/uploads\/2023\/01\/notibras23.png","contentUrl":"https:\/\/www.notibras.com\/site\/wp-content\/uploads\/2023\/01\/notibras23.png","width":350,"height":87,"caption":"Grupo Notibras de Comunica\u00e7\u00e3o"},"image":{"@id":"https:\/\/www.notibras.com\/site\/#\/schema\/logo\/image\/"},"sameAs":["https:\/\/www.facebook.com\/notibras\/","https:\/\/x.com\/Notibras","https:\/\/www.instagram.com\/notibras\/"]},{"@type":"Person","@id":"https:\/\/www.notibras.com\/site\/#\/schema\/person\/36ab0979449956132d3e5b517ea76ac8","name":"Reda\u00e7\u00e3o","image":{"@type":"ImageObject","inLanguage":"pt-BR","@id":"https:\/\/secure.gravatar.com\/avatar\/e0a867bdedb85fd243eadf09663511f96fc81e0720a4a42581f334ad4303aa6b?s=96&d=mm&r=g","url":"https:\/\/secure.gravatar.com\/avatar\/e0a867bdedb85fd243eadf09663511f96fc81e0720a4a42581f334ad4303aa6b?s=96&d=mm&r=g","contentUrl":"https:\/\/secure.gravatar.com\/avatar\/e0a867bdedb85fd243eadf09663511f96fc81e0720a4a42581f334ad4303aa6b?s=96&d=mm&r=g","caption":"Reda\u00e7\u00e3o"}}]}},"amp_enabled":true,"_links":{"self":[{"href":"https:\/\/www.notibras.com\/site\/wp-json\/wp\/v2\/posts\/309799","targetHints":{"allow":["GET"]}}],"collection":[{"href":"https:\/\/www.notibras.com\/site\/wp-json\/wp\/v2\/posts"}],"about":[{"href":"https:\/\/www.notibras.com\/site\/wp-json\/wp\/v2\/types\/post"}],"author":[{"embeddable":true,"href":"https:\/\/www.notibras.com\/site\/wp-json\/wp\/v2\/users\/2"}],"replies":[{"embeddable":true,"href":"https:\/\/www.notibras.com\/site\/wp-json\/wp\/v2\/comments?post=309799"}],"version-history":[{"count":1,"href":"https:\/\/www.notibras.com\/site\/wp-json\/wp\/v2\/posts\/309799\/revisions"}],"predecessor-version":[{"id":309801,"href":"https:\/\/www.notibras.com\/site\/wp-json\/wp\/v2\/posts\/309799\/revisions\/309801"}],"wp:featuredmedia":[{"embeddable":true,"href":"https:\/\/www.notibras.com\/site\/wp-json\/wp\/v2\/media\/309800"}],"wp:attachment":[{"href":"https:\/\/www.notibras.com\/site\/wp-json\/wp\/v2\/media?parent=309799"}],"wp:term":[{"taxonomy":"category","embeddable":true,"href":"https:\/\/www.notibras.com\/site\/wp-json\/wp\/v2\/categories?post=309799"},{"taxonomy":"post_tag","embeddable":true,"href":"https:\/\/www.notibras.com\/site\/wp-json\/wp\/v2\/tags?post=309799"}],"curies":[{"name":"wp","href":"https:\/\/api.w.org\/{rel}","templated":true}]}}