{"id":309802,"date":"2023-07-28T09:47:14","date_gmt":"2023-07-28T12:47:14","guid":{"rendered":"https:\/\/www.notibras.com\/site\/?p=309802"},"modified":"2023-07-28T13:51:05","modified_gmt":"2023-07-28T16:51:05","slug":"festival-celebra-as-tradicoes-de-povos-originarios","status":"publish","type":"post","link":"https:\/\/www.notibras.com\/site\/festival-celebra-as-tradicoes-de-povos-originarios\/","title":{"rendered":"Festival celebra as tradi\u00e7\u00f5es de povos origin\u00e1rios"},"content":{"rendered":"<p>Na capital do Brasil, a celebra\u00e7\u00e3o de povos tradicionais ganha cores, luzes e sons diferentes. Como o canto das mulheres ind\u00edgenas do Alto Xingu, do Mato Grosso. Como o movimento de Capoeira Angola, de Mestre Elma, do Maranh\u00e3o. Como a necessidade de reflex\u00f5es e debates sobre preserva\u00e7\u00e3o cultural e visibilidade para a cidadania de tantas culturas. A programa\u00e7\u00e3o do \u201cFestival Ag\u00f4 &#8211; M\u00fasica e Ancestralidade\u201d e o \u201cSemin\u00e1rio Fealha\u201d come\u00e7ou na quinta (27) e vai at\u00e9 s\u00e1bado (29), no Memorial dos Povos Ind\u00edgenas (MPI), no Eixo Monumental. O acesso \u00e9 gratuito.<\/p>\n<p>O evento, que congrega artistas e lideran\u00e7as dos povos ind\u00edgenas e comunidades negras, mescla diferentes formas de valorizar o conhecimento dos povos tradicionais. Isso inclui a realiza\u00e7\u00e3o de shows, oficinas, feira e mesas com a presen\u00e7a de mestres e jovens que t\u00eam na m\u00fasica a conex\u00e3o com o sagrado.<\/p>\n<p>O p\u00fablico pode ser acesso, por exemplo, ao canto da festa ritual Yamurikum\u00e3, realizada pelas mulheres ind\u00edgenas pertencentes aos nove povos do Alto Xingu (MT). O Yamurikum\u00e3 \u00e9 um ritual que se integra \u00e0 luta dessas mulheres da regi\u00e3o pela preserva\u00e7\u00e3o da sua cultura. Nesta sexta, \u00e0s 19h, ser\u00e1 poss\u00edvel conferir essa manifesta\u00e7\u00e3o cheia de significados.<\/p>\n<p>Conforme contextualiza a diretora do festival, T\u00e2mara Jacinto, a m\u00fasica numa comunidade tradicional n\u00e3o \u00e9 s\u00f3 cantada, mas vivida de uma forma complexa. \u201cA m\u00fasica vem com uma l\u00edngua e com uma dan\u00e7a. Carrega a identidade de cada povo, tratando-se de comunidades ind\u00edgenas e afro-brasileiras. A m\u00fasica \u00e9 o nosso instrumento, o ve\u00edculo para poder chegar aos cora\u00e7\u00f5es das pessoas\u201d, afirma.<\/p>\n<p>Nesta sexta, a programa\u00e7\u00e3o musical do festival Ag\u00f4 (que significa \u201clicen\u00e7a\u201d, em Yorub\u00e1) ter\u00e1 shows dos grupos Ponto Br, Ori (com participa\u00e7\u00e3o da cantora Cris Pereira), Mulheres do Alto Xingu e povo Fulni-\u00f4. Est\u00e1 prevista ainda uma noite de cantos ind\u00edgenas, cocos, cirandas, maracatus, sambas, tambor de Mina, bois, roj\u00f5es e carimb\u00f3s. \u201cNosso compromisso \u00e9 mostrar esse conjunto complexo que a m\u00fasica carrega\u201d, diz a diretora do festival.<\/p>\n<p>Al\u00e9m das apresenta\u00e7\u00f5es culturais, o evento abriga o Semin\u00e1rio Fealha (que significa &#8220;terra sagrada&#8221; em Yaathe, idioma do povo Fulni-\u00f4), que traz mesas de debates em diferentes hor\u00e1rios.<\/p>\n<p>A primeira discuss\u00e3o, \u00e0s 14h30, tem a media\u00e7\u00e3o do antrop\u00f3logo e coordenador do semin\u00e1rio, Pa\u00edque Santar\u00e9m (UnB). \u201cPrecisamos visibilizar a presen\u00e7a ind\u00edgena e negra no DF de forma a garantir pol\u00edticas p\u00fablicas\u201d, considerou.<\/p>\n<p>Na sequ\u00eancia, outro debate aborda a hist\u00f3ria de quem migrou ao DF e constituiu territ\u00f3rios sagrados, comunidades e santu\u00e1rios. Participam Santxi\u00ea Fulni\u00f4 Guajajara (Santu\u00e1rio dos Paj\u00e9s), Cristiane Portela (Projeto Outras Bras\u00edlias\/UnB), Baba Aur\u00e9lio Lopes (Il\u00ea Od\u00e9 Ax\u00e9 Opo Inl\u00e9), Ayola, Dudu Mano, Singelo e Babi (Coletivo Mapa das Desigualdades do DF).<\/p>\n<p>O Distrito Federal tem cerca de seis mil ind\u00edgenas, segundo dados do Instituto Brasileiro de Geografia e Estat\u00edstica (IBGE). Desses, a maioria est\u00e1 em \u00e1reas urbanas. As tr\u00eas regi\u00f5es administrativas com maior popula\u00e7\u00e3o ind\u00edgena s\u00e3o Ceil\u00e2ndia, Planaltina e Samambaia. A \u00fanica terra ind\u00edgena delimitada no DF \u00e9 a Terra Ind\u00edgena Santu\u00e1rio Sagrado dos Paj\u00e9s &#8211; Paj\u00e9 Santxie Tapuya, no Setor Noroeste, \u00e1rea de forte especula\u00e7\u00e3o imobili\u00e1ria.<\/p>\n<p><strong>Programa\u00e7\u00e3o Geral<\/strong><br \/>\nSexta &#8211; 28\/07<br \/>\n14h30: Semin\u00e1rio Fealha: Ancestralidade cerratense<br \/>\n16h30: Semin\u00e1rio Fealha: Trajet\u00f3rias, povos e territ\u00f3rios<br \/>\n19h: Roda aberta de Capoeira Angola com Mestra Elma (MA) e grupo nZambi<br \/>\n20h30: Ori (PE) part. Cris Pereira (DF)<br \/>\n21h30: Cantos das Mulheres do Alto Xingu (MT)<br \/>\n22h: Cafurnas Fulni-\u00f4 (PE\/DF)<br \/>\n22h30: Ponto BR (MA\/PE\/SP)<\/p>\n<p><strong>S\u00e1bado &#8211; 29\/07<\/strong><br \/>\n10h \u00e0s 12h: Oficina de Capoeira Angola com Mestra Elma (nZambi)<br \/>\n15h \u00e0s 16h: Semin\u00e1rio Fealha: Hist\u00f3rias e conquistas do Acampamento Terra Livre (ATL)<\/p>\n","protected":false},"excerpt":{"rendered":"<p>Na capital do Brasil, a celebra\u00e7\u00e3o de povos tradicionais ganha cores, luzes e sons diferentes. Como o canto das mulheres ind\u00edgenas do Alto Xingu, do Mato Grosso. Como o movimento de Capoeira Angola, de Mestre Elma, do Maranh\u00e3o. Como a necessidade de reflex\u00f5es e debates sobre preserva\u00e7\u00e3o cultural e visibilidade para a cidadania de tantas [&hellip;]<\/p>\n","protected":false},"author":2,"featured_media":309803,"comment_status":"closed","ping_status":"closed","sticky":false,"template":"","format":"standard","meta":{"_acf_changed":false,"footnotes":""},"categories":[161],"tags":[95],"class_list":["post-309802","post","type-post","status-publish","format-standard","has-post-thumbnail","hentry","category-quadradinho-em-foco","tag-capa"],"acf":[],"yoast_head":"<!-- This site is optimized with the Yoast SEO plugin v27.2 - https:\/\/yoast.com\/product\/yoast-seo-wordpress\/ -->\n<title>Festival celebra as tradi\u00e7\u00f5es de povos origin\u00e1rios - Notibras<\/title>\n<meta name=\"robots\" content=\"index, follow, max-snippet:-1, max-image-preview:large, max-video-preview:-1\" \/>\n<link rel=\"canonical\" href=\"https:\/\/www.notibras.com\/site\/festival-celebra-as-tradicoes-de-povos-originarios\/\" \/>\n<meta property=\"og:locale\" content=\"pt_BR\" \/>\n<meta property=\"og:type\" content=\"article\" \/>\n<meta property=\"og:title\" content=\"Festival celebra as tradi\u00e7\u00f5es de povos origin\u00e1rios - Notibras\" \/>\n<meta property=\"og:description\" content=\"Na capital do Brasil, a celebra\u00e7\u00e3o de povos tradicionais ganha cores, luzes e sons diferentes. Como o canto das mulheres ind\u00edgenas do Alto Xingu, do Mato Grosso. Como o movimento de Capoeira Angola, de Mestre Elma, do Maranh\u00e3o. Como a necessidade de reflex\u00f5es e debates sobre preserva\u00e7\u00e3o cultural e visibilidade para a cidadania de tantas [&hellip;]\" \/>\n<meta property=\"og:url\" content=\"https:\/\/www.notibras.com\/site\/festival-celebra-as-tradicoes-de-povos-originarios\/\" \/>\n<meta property=\"og:site_name\" content=\"Notibras\" \/>\n<meta property=\"article:publisher\" content=\"https:\/\/www.facebook.com\/notibras\/\" \/>\n<meta property=\"article:published_time\" content=\"2023-07-28T12:47:14+00:00\" \/>\n<meta property=\"article:modified_time\" content=\"2023-07-28T16:51:05+00:00\" \/>\n<meta property=\"og:image\" content=\"https:\/\/www.notibras.com\/site\/wp-content\/uploads\/2023\/07\/vac_abr2707233908.jpg\" \/>\n\t<meta property=\"og:image:width\" content=\"1170\" \/>\n\t<meta property=\"og:image:height\" content=\"700\" \/>\n\t<meta property=\"og:image:type\" content=\"image\/jpeg\" \/>\n<meta name=\"author\" content=\"Reda\u00e7\u00e3o\" \/>\n<meta name=\"twitter:card\" content=\"summary_large_image\" \/>\n<meta name=\"twitter:creator\" content=\"@Notibras\" \/>\n<meta name=\"twitter:site\" content=\"@Notibras\" \/>\n<meta name=\"twitter:label1\" content=\"Escrito por\" \/>\n\t<meta name=\"twitter:data1\" content=\"Reda\u00e7\u00e3o\" \/>\n\t<meta name=\"twitter:label2\" content=\"Est. tempo de leitura\" \/>\n\t<meta name=\"twitter:data2\" content=\"4 minutos\" \/>\n<script type=\"application\/ld+json\" class=\"yoast-schema-graph\">{\"@context\":\"https:\/\/schema.org\",\"@graph\":[{\"@type\":\"Article\",\"@id\":\"https:\/\/www.notibras.com\/site\/festival-celebra-as-tradicoes-de-povos-originarios\/#article\",\"isPartOf\":{\"@id\":\"https:\/\/www.notibras.com\/site\/festival-celebra-as-tradicoes-de-povos-originarios\/\"},\"author\":{\"name\":\"Reda\u00e7\u00e3o\",\"@id\":\"https:\/\/www.notibras.com\/site\/#\/schema\/person\/36ab0979449956132d3e5b517ea76ac8\"},\"headline\":\"Festival celebra as tradi\u00e7\u00f5es de povos origin\u00e1rios\",\"datePublished\":\"2023-07-28T12:47:14+00:00\",\"dateModified\":\"2023-07-28T16:51:05+00:00\",\"mainEntityOfPage\":{\"@id\":\"https:\/\/www.notibras.com\/site\/festival-celebra-as-tradicoes-de-povos-originarios\/\"},\"wordCount\":670,\"publisher\":{\"@id\":\"https:\/\/www.notibras.com\/site\/#organization\"},\"image\":{\"@id\":\"https:\/\/www.notibras.com\/site\/festival-celebra-as-tradicoes-de-povos-originarios\/#primaryimage\"},\"thumbnailUrl\":\"https:\/\/www.notibras.com\/site\/wp-content\/uploads\/2023\/07\/vac_abr2707233908.jpg\",\"keywords\":[\"capa\"],\"articleSection\":[\"Quadradinho em Foco\"],\"inLanguage\":\"pt-BR\"},{\"@type\":\"WebPage\",\"@id\":\"https:\/\/www.notibras.com\/site\/festival-celebra-as-tradicoes-de-povos-originarios\/\",\"url\":\"https:\/\/www.notibras.com\/site\/festival-celebra-as-tradicoes-de-povos-originarios\/\",\"name\":\"Festival celebra as tradi\u00e7\u00f5es de povos origin\u00e1rios - Notibras\",\"isPartOf\":{\"@id\":\"https:\/\/www.notibras.com\/site\/#website\"},\"primaryImageOfPage\":{\"@id\":\"https:\/\/www.notibras.com\/site\/festival-celebra-as-tradicoes-de-povos-originarios\/#primaryimage\"},\"image\":{\"@id\":\"https:\/\/www.notibras.com\/site\/festival-celebra-as-tradicoes-de-povos-originarios\/#primaryimage\"},\"thumbnailUrl\":\"https:\/\/www.notibras.com\/site\/wp-content\/uploads\/2023\/07\/vac_abr2707233908.jpg\",\"datePublished\":\"2023-07-28T12:47:14+00:00\",\"dateModified\":\"2023-07-28T16:51:05+00:00\",\"breadcrumb\":{\"@id\":\"https:\/\/www.notibras.com\/site\/festival-celebra-as-tradicoes-de-povos-originarios\/#breadcrumb\"},\"inLanguage\":\"pt-BR\",\"potentialAction\":[{\"@type\":\"ReadAction\",\"target\":[\"https:\/\/www.notibras.com\/site\/festival-celebra-as-tradicoes-de-povos-originarios\/\"]}]},{\"@type\":\"ImageObject\",\"inLanguage\":\"pt-BR\",\"@id\":\"https:\/\/www.notibras.com\/site\/festival-celebra-as-tradicoes-de-povos-originarios\/#primaryimage\",\"url\":\"https:\/\/www.notibras.com\/site\/wp-content\/uploads\/2023\/07\/vac_abr2707233908.jpg\",\"contentUrl\":\"https:\/\/www.notibras.com\/site\/wp-content\/uploads\/2023\/07\/vac_abr2707233908.jpg\",\"width\":1170,\"height\":700,\"caption\":\"Bras\u00edlia, (DF) \u2013 27-07-2023 \u2013 Festival Ag\u00f4 e Semin\u00e1rio Fealha dos Povos Indigenas, Canto e Dan\u00e7a com povo Fuini-\u00f4 e mulheres do Alto Xingu. Foto Valter Campanato\/Ag\u00eancia Brasil.\"},{\"@type\":\"BreadcrumbList\",\"@id\":\"https:\/\/www.notibras.com\/site\/festival-celebra-as-tradicoes-de-povos-originarios\/#breadcrumb\",\"itemListElement\":[{\"@type\":\"ListItem\",\"position\":1,\"name\":\"In\u00edcio\",\"item\":\"https:\/\/www.notibras.com\/site\/\"},{\"@type\":\"ListItem\",\"position\":2,\"name\":\"Festival celebra as tradi\u00e7\u00f5es de povos origin\u00e1rios\"}]},{\"@type\":\"WebSite\",\"@id\":\"https:\/\/www.notibras.com\/site\/#website\",\"url\":\"https:\/\/www.notibras.com\/site\/\",\"name\":\"Notibras\",\"description\":\"Not\u00edcias de Bras\u00edlia, do Brasil e do Mundo\",\"publisher\":{\"@id\":\"https:\/\/www.notibras.com\/site\/#organization\"},\"potentialAction\":[{\"@type\":\"SearchAction\",\"target\":{\"@type\":\"EntryPoint\",\"urlTemplate\":\"https:\/\/www.notibras.com\/site\/?s={search_term_string}\"},\"query-input\":{\"@type\":\"PropertyValueSpecification\",\"valueRequired\":true,\"valueName\":\"search_term_string\"}}],\"inLanguage\":\"pt-BR\"},{\"@type\":\"Organization\",\"@id\":\"https:\/\/www.notibras.com\/site\/#organization\",\"name\":\"Grupo Notibras de Comunica\u00e7\u00e3o\",\"url\":\"https:\/\/www.notibras.com\/site\/\",\"logo\":{\"@type\":\"ImageObject\",\"inLanguage\":\"pt-BR\",\"@id\":\"https:\/\/www.notibras.com\/site\/#\/schema\/logo\/image\/\",\"url\":\"https:\/\/www.notibras.com\/site\/wp-content\/uploads\/2023\/01\/notibras23.png\",\"contentUrl\":\"https:\/\/www.notibras.com\/site\/wp-content\/uploads\/2023\/01\/notibras23.png\",\"width\":350,\"height\":87,\"caption\":\"Grupo Notibras de Comunica\u00e7\u00e3o\"},\"image\":{\"@id\":\"https:\/\/www.notibras.com\/site\/#\/schema\/logo\/image\/\"},\"sameAs\":[\"https:\/\/www.facebook.com\/notibras\/\",\"https:\/\/x.com\/Notibras\",\"https:\/\/www.instagram.com\/notibras\/\"]},{\"@type\":\"Person\",\"@id\":\"https:\/\/www.notibras.com\/site\/#\/schema\/person\/36ab0979449956132d3e5b517ea76ac8\",\"name\":\"Reda\u00e7\u00e3o\",\"image\":{\"@type\":\"ImageObject\",\"inLanguage\":\"pt-BR\",\"@id\":\"https:\/\/secure.gravatar.com\/avatar\/e0a867bdedb85fd243eadf09663511f96fc81e0720a4a42581f334ad4303aa6b?s=96&d=mm&r=g\",\"url\":\"https:\/\/secure.gravatar.com\/avatar\/e0a867bdedb85fd243eadf09663511f96fc81e0720a4a42581f334ad4303aa6b?s=96&d=mm&r=g\",\"contentUrl\":\"https:\/\/secure.gravatar.com\/avatar\/e0a867bdedb85fd243eadf09663511f96fc81e0720a4a42581f334ad4303aa6b?s=96&d=mm&r=g\",\"caption\":\"Reda\u00e7\u00e3o\"}}]}<\/script>\n<!-- \/ Yoast SEO plugin. -->","yoast_head_json":{"title":"Festival celebra as tradi\u00e7\u00f5es de povos origin\u00e1rios - Notibras","robots":{"index":"index","follow":"follow","max-snippet":"max-snippet:-1","max-image-preview":"max-image-preview:large","max-video-preview":"max-video-preview:-1"},"canonical":"https:\/\/www.notibras.com\/site\/festival-celebra-as-tradicoes-de-povos-originarios\/","og_locale":"pt_BR","og_type":"article","og_title":"Festival celebra as tradi\u00e7\u00f5es de povos origin\u00e1rios - Notibras","og_description":"Na capital do Brasil, a celebra\u00e7\u00e3o de povos tradicionais ganha cores, luzes e sons diferentes. Como o canto das mulheres ind\u00edgenas do Alto Xingu, do Mato Grosso. Como o movimento de Capoeira Angola, de Mestre Elma, do Maranh\u00e3o. Como a necessidade de reflex\u00f5es e debates sobre preserva\u00e7\u00e3o cultural e visibilidade para a cidadania de tantas [&hellip;]","og_url":"https:\/\/www.notibras.com\/site\/festival-celebra-as-tradicoes-de-povos-originarios\/","og_site_name":"Notibras","article_publisher":"https:\/\/www.facebook.com\/notibras\/","article_published_time":"2023-07-28T12:47:14+00:00","article_modified_time":"2023-07-28T16:51:05+00:00","og_image":[{"width":1170,"height":700,"url":"https:\/\/www.notibras.com\/site\/wp-content\/uploads\/2023\/07\/vac_abr2707233908.jpg","type":"image\/jpeg"}],"author":"Reda\u00e7\u00e3o","twitter_card":"summary_large_image","twitter_creator":"@Notibras","twitter_site":"@Notibras","twitter_misc":{"Escrito por":"Reda\u00e7\u00e3o","Est. tempo de leitura":"4 minutos"},"schema":{"@context":"https:\/\/schema.org","@graph":[{"@type":"Article","@id":"https:\/\/www.notibras.com\/site\/festival-celebra-as-tradicoes-de-povos-originarios\/#article","isPartOf":{"@id":"https:\/\/www.notibras.com\/site\/festival-celebra-as-tradicoes-de-povos-originarios\/"},"author":{"name":"Reda\u00e7\u00e3o","@id":"https:\/\/www.notibras.com\/site\/#\/schema\/person\/36ab0979449956132d3e5b517ea76ac8"},"headline":"Festival celebra as tradi\u00e7\u00f5es de povos origin\u00e1rios","datePublished":"2023-07-28T12:47:14+00:00","dateModified":"2023-07-28T16:51:05+00:00","mainEntityOfPage":{"@id":"https:\/\/www.notibras.com\/site\/festival-celebra-as-tradicoes-de-povos-originarios\/"},"wordCount":670,"publisher":{"@id":"https:\/\/www.notibras.com\/site\/#organization"},"image":{"@id":"https:\/\/www.notibras.com\/site\/festival-celebra-as-tradicoes-de-povos-originarios\/#primaryimage"},"thumbnailUrl":"https:\/\/www.notibras.com\/site\/wp-content\/uploads\/2023\/07\/vac_abr2707233908.jpg","keywords":["capa"],"articleSection":["Quadradinho em Foco"],"inLanguage":"pt-BR"},{"@type":"WebPage","@id":"https:\/\/www.notibras.com\/site\/festival-celebra-as-tradicoes-de-povos-originarios\/","url":"https:\/\/www.notibras.com\/site\/festival-celebra-as-tradicoes-de-povos-originarios\/","name":"Festival celebra as tradi\u00e7\u00f5es de povos origin\u00e1rios - Notibras","isPartOf":{"@id":"https:\/\/www.notibras.com\/site\/#website"},"primaryImageOfPage":{"@id":"https:\/\/www.notibras.com\/site\/festival-celebra-as-tradicoes-de-povos-originarios\/#primaryimage"},"image":{"@id":"https:\/\/www.notibras.com\/site\/festival-celebra-as-tradicoes-de-povos-originarios\/#primaryimage"},"thumbnailUrl":"https:\/\/www.notibras.com\/site\/wp-content\/uploads\/2023\/07\/vac_abr2707233908.jpg","datePublished":"2023-07-28T12:47:14+00:00","dateModified":"2023-07-28T16:51:05+00:00","breadcrumb":{"@id":"https:\/\/www.notibras.com\/site\/festival-celebra-as-tradicoes-de-povos-originarios\/#breadcrumb"},"inLanguage":"pt-BR","potentialAction":[{"@type":"ReadAction","target":["https:\/\/www.notibras.com\/site\/festival-celebra-as-tradicoes-de-povos-originarios\/"]}]},{"@type":"ImageObject","inLanguage":"pt-BR","@id":"https:\/\/www.notibras.com\/site\/festival-celebra-as-tradicoes-de-povos-originarios\/#primaryimage","url":"https:\/\/www.notibras.com\/site\/wp-content\/uploads\/2023\/07\/vac_abr2707233908.jpg","contentUrl":"https:\/\/www.notibras.com\/site\/wp-content\/uploads\/2023\/07\/vac_abr2707233908.jpg","width":1170,"height":700,"caption":"Bras\u00edlia, (DF) \u2013 27-07-2023 \u2013 Festival Ag\u00f4 e Semin\u00e1rio Fealha dos Povos Indigenas, Canto e Dan\u00e7a com povo Fuini-\u00f4 e mulheres do Alto Xingu. Foto Valter Campanato\/Ag\u00eancia Brasil."},{"@type":"BreadcrumbList","@id":"https:\/\/www.notibras.com\/site\/festival-celebra-as-tradicoes-de-povos-originarios\/#breadcrumb","itemListElement":[{"@type":"ListItem","position":1,"name":"In\u00edcio","item":"https:\/\/www.notibras.com\/site\/"},{"@type":"ListItem","position":2,"name":"Festival celebra as tradi\u00e7\u00f5es de povos origin\u00e1rios"}]},{"@type":"WebSite","@id":"https:\/\/www.notibras.com\/site\/#website","url":"https:\/\/www.notibras.com\/site\/","name":"Notibras","description":"Not\u00edcias de Bras\u00edlia, do Brasil e do Mundo","publisher":{"@id":"https:\/\/www.notibras.com\/site\/#organization"},"potentialAction":[{"@type":"SearchAction","target":{"@type":"EntryPoint","urlTemplate":"https:\/\/www.notibras.com\/site\/?s={search_term_string}"},"query-input":{"@type":"PropertyValueSpecification","valueRequired":true,"valueName":"search_term_string"}}],"inLanguage":"pt-BR"},{"@type":"Organization","@id":"https:\/\/www.notibras.com\/site\/#organization","name":"Grupo Notibras de Comunica\u00e7\u00e3o","url":"https:\/\/www.notibras.com\/site\/","logo":{"@type":"ImageObject","inLanguage":"pt-BR","@id":"https:\/\/www.notibras.com\/site\/#\/schema\/logo\/image\/","url":"https:\/\/www.notibras.com\/site\/wp-content\/uploads\/2023\/01\/notibras23.png","contentUrl":"https:\/\/www.notibras.com\/site\/wp-content\/uploads\/2023\/01\/notibras23.png","width":350,"height":87,"caption":"Grupo Notibras de Comunica\u00e7\u00e3o"},"image":{"@id":"https:\/\/www.notibras.com\/site\/#\/schema\/logo\/image\/"},"sameAs":["https:\/\/www.facebook.com\/notibras\/","https:\/\/x.com\/Notibras","https:\/\/www.instagram.com\/notibras\/"]},{"@type":"Person","@id":"https:\/\/www.notibras.com\/site\/#\/schema\/person\/36ab0979449956132d3e5b517ea76ac8","name":"Reda\u00e7\u00e3o","image":{"@type":"ImageObject","inLanguage":"pt-BR","@id":"https:\/\/secure.gravatar.com\/avatar\/e0a867bdedb85fd243eadf09663511f96fc81e0720a4a42581f334ad4303aa6b?s=96&d=mm&r=g","url":"https:\/\/secure.gravatar.com\/avatar\/e0a867bdedb85fd243eadf09663511f96fc81e0720a4a42581f334ad4303aa6b?s=96&d=mm&r=g","contentUrl":"https:\/\/secure.gravatar.com\/avatar\/e0a867bdedb85fd243eadf09663511f96fc81e0720a4a42581f334ad4303aa6b?s=96&d=mm&r=g","caption":"Reda\u00e7\u00e3o"}}]}},"amp_enabled":true,"_links":{"self":[{"href":"https:\/\/www.notibras.com\/site\/wp-json\/wp\/v2\/posts\/309802","targetHints":{"allow":["GET"]}}],"collection":[{"href":"https:\/\/www.notibras.com\/site\/wp-json\/wp\/v2\/posts"}],"about":[{"href":"https:\/\/www.notibras.com\/site\/wp-json\/wp\/v2\/types\/post"}],"author":[{"embeddable":true,"href":"https:\/\/www.notibras.com\/site\/wp-json\/wp\/v2\/users\/2"}],"replies":[{"embeddable":true,"href":"https:\/\/www.notibras.com\/site\/wp-json\/wp\/v2\/comments?post=309802"}],"version-history":[{"count":1,"href":"https:\/\/www.notibras.com\/site\/wp-json\/wp\/v2\/posts\/309802\/revisions"}],"predecessor-version":[{"id":309804,"href":"https:\/\/www.notibras.com\/site\/wp-json\/wp\/v2\/posts\/309802\/revisions\/309804"}],"wp:featuredmedia":[{"embeddable":true,"href":"https:\/\/www.notibras.com\/site\/wp-json\/wp\/v2\/media\/309803"}],"wp:attachment":[{"href":"https:\/\/www.notibras.com\/site\/wp-json\/wp\/v2\/media?parent=309802"}],"wp:term":[{"taxonomy":"category","embeddable":true,"href":"https:\/\/www.notibras.com\/site\/wp-json\/wp\/v2\/categories?post=309802"},{"taxonomy":"post_tag","embeddable":true,"href":"https:\/\/www.notibras.com\/site\/wp-json\/wp\/v2\/tags?post=309802"}],"curies":[{"name":"wp","href":"https:\/\/api.w.org\/{rel}","templated":true}]}}