{"id":309816,"date":"2023-07-29T06:34:55","date_gmt":"2023-07-29T09:34:55","guid":{"rendered":"https:\/\/www.notibras.com\/site\/?p=309816"},"modified":"2023-07-29T06:38:05","modified_gmt":"2023-07-29T09:38:05","slug":"governo-mantem-bandeira-verde-e-conta-de-luz-fica-sem-aumento","status":"publish","type":"post","link":"https:\/\/www.notibras.com\/site\/governo-mantem-bandeira-verde-e-conta-de-luz-fica-sem-aumento\/","title":{"rendered":"Governo mant\u00e9m bandeira verde e conta de luz fica sem aumento"},"content":{"rendered":"<p>A bandeira tarif\u00e1ria para o m\u00eas de agosto continuar\u00e1 verde, o que significa que n\u00e3o haver\u00e1 cobran\u00e7a adicional nas contas de energia el\u00e9trica dos consumidores brasileiros.<\/p>\n<p>Segundo a Ag\u00eancia Nacional de Energia El\u00e9trica (Aneel), a decis\u00e3o foi tomada por causa das condi\u00e7\u00f5es favor\u00e1veis de gera\u00e7\u00e3o de energia no pa\u00eds. A bandeira est\u00e1 no patamar verde desde abril de 2022 e a expectativa da Aneel \u00e9 que esse cen\u00e1rio seja mantido at\u00e9 o final do ano.<\/p>\n<p>A bandeira verde, v\u00e1lida para todos os consumidores do Sistema Interligado Nacional (SIN), reflete a melhoria dos n\u00edveis dos reservat\u00f3rios das hidrel\u00e9tricas. O SIN \u00e9 a malha de linhas de transmiss\u00e3o que leva energia el\u00e9trica das usinas aos consumidores.<\/p>\n<p>Criado em 2015, o mecanismo das bandeiras tarif\u00e1rias tem o objetivo de dar transpar\u00eancia ao custo real da energia el\u00e9trica. As cores das bandeiras (verde, amarela ou vermelha) indicam se a energia custar\u00e1 mais ou menos em fun\u00e7\u00e3o das condi\u00e7\u00f5es de gera\u00e7\u00e3o de eletricidade.<\/p>\n","protected":false},"excerpt":{"rendered":"<p>A bandeira tarif\u00e1ria para o m\u00eas de agosto continuar\u00e1 verde, o que significa que n\u00e3o haver\u00e1 cobran\u00e7a adicional nas contas de energia el\u00e9trica dos consumidores brasileiros. Segundo a Ag\u00eancia Nacional de Energia El\u00e9trica (Aneel), a decis\u00e3o foi tomada por causa das condi\u00e7\u00f5es favor\u00e1veis de gera\u00e7\u00e3o de energia no pa\u00eds. A bandeira est\u00e1 no patamar verde [&hellip;]<\/p>\n","protected":false},"author":2,"featured_media":309817,"comment_status":"closed","ping_status":"closed","sticky":false,"template":"","format":"standard","meta":{"_acf_changed":false,"footnotes":""},"categories":[161],"tags":[95],"class_list":["post-309816","post","type-post","status-publish","format-standard","has-post-thumbnail","hentry","category-quadradinho-em-foco","tag-capa"],"acf":[],"yoast_head":"<!-- This site is optimized with the Yoast SEO plugin v27.2 - https:\/\/yoast.com\/product\/yoast-seo-wordpress\/ -->\n<title>Governo mant\u00e9m bandeira verde e conta de luz fica sem aumento - Notibras<\/title>\n<meta name=\"robots\" content=\"index, follow, max-snippet:-1, max-image-preview:large, max-video-preview:-1\" \/>\n<link rel=\"canonical\" href=\"https:\/\/www.notibras.com\/site\/governo-mantem-bandeira-verde-e-conta-de-luz-fica-sem-aumento\/\" \/>\n<meta property=\"og:locale\" content=\"pt_BR\" \/>\n<meta property=\"og:type\" content=\"article\" \/>\n<meta property=\"og:title\" content=\"Governo mant\u00e9m bandeira verde e conta de luz fica sem aumento - Notibras\" \/>\n<meta property=\"og:description\" content=\"A bandeira tarif\u00e1ria para o m\u00eas de agosto continuar\u00e1 verde, o que significa que n\u00e3o haver\u00e1 cobran\u00e7a adicional nas contas de energia el\u00e9trica dos consumidores brasileiros. Segundo a Ag\u00eancia Nacional de Energia El\u00e9trica (Aneel), a decis\u00e3o foi tomada por causa das condi\u00e7\u00f5es favor\u00e1veis de gera\u00e7\u00e3o de energia no pa\u00eds. A bandeira est\u00e1 no patamar verde [&hellip;]\" \/>\n<meta property=\"og:url\" content=\"https:\/\/www.notibras.com\/site\/governo-mantem-bandeira-verde-e-conta-de-luz-fica-sem-aumento\/\" \/>\n<meta property=\"og:site_name\" content=\"Notibras\" \/>\n<meta property=\"article:publisher\" content=\"https:\/\/www.facebook.com\/notibras\/\" \/>\n<meta property=\"article:published_time\" content=\"2023-07-29T09:34:55+00:00\" \/>\n<meta property=\"article:modified_time\" content=\"2023-07-29T09:38:05+00:00\" \/>\n<meta property=\"og:image\" content=\"https:\/\/www.notibras.com\/site\/wp-content\/uploads\/2023\/07\/energia_eletrica_interruptor_de_luz_energia070720211248-1.jpg\" \/>\n\t<meta property=\"og:image:width\" content=\"1170\" \/>\n\t<meta property=\"og:image:height\" content=\"700\" \/>\n\t<meta property=\"og:image:type\" content=\"image\/jpeg\" \/>\n<meta name=\"author\" content=\"Reda\u00e7\u00e3o\" \/>\n<meta name=\"twitter:card\" content=\"summary_large_image\" \/>\n<meta name=\"twitter:creator\" content=\"@Notibras\" \/>\n<meta name=\"twitter:site\" content=\"@Notibras\" \/>\n<meta name=\"twitter:label1\" content=\"Escrito por\" \/>\n\t<meta name=\"twitter:data1\" content=\"Reda\u00e7\u00e3o\" \/>\n\t<meta name=\"twitter:label2\" content=\"Est. tempo de leitura\" \/>\n\t<meta name=\"twitter:data2\" content=\"1 minuto\" \/>\n<script type=\"application\/ld+json\" class=\"yoast-schema-graph\">{\"@context\":\"https:\/\/schema.org\",\"@graph\":[{\"@type\":\"Article\",\"@id\":\"https:\/\/www.notibras.com\/site\/governo-mantem-bandeira-verde-e-conta-de-luz-fica-sem-aumento\/#article\",\"isPartOf\":{\"@id\":\"https:\/\/www.notibras.com\/site\/governo-mantem-bandeira-verde-e-conta-de-luz-fica-sem-aumento\/\"},\"author\":{\"name\":\"Reda\u00e7\u00e3o\",\"@id\":\"https:\/\/www.notibras.com\/site\/#\/schema\/person\/36ab0979449956132d3e5b517ea76ac8\"},\"headline\":\"Governo mant\u00e9m bandeira verde e conta de luz fica sem aumento\",\"datePublished\":\"2023-07-29T09:34:55+00:00\",\"dateModified\":\"2023-07-29T09:38:05+00:00\",\"mainEntityOfPage\":{\"@id\":\"https:\/\/www.notibras.com\/site\/governo-mantem-bandeira-verde-e-conta-de-luz-fica-sem-aumento\/\"},\"wordCount\":191,\"publisher\":{\"@id\":\"https:\/\/www.notibras.com\/site\/#organization\"},\"image\":{\"@id\":\"https:\/\/www.notibras.com\/site\/governo-mantem-bandeira-verde-e-conta-de-luz-fica-sem-aumento\/#primaryimage\"},\"thumbnailUrl\":\"https:\/\/www.notibras.com\/site\/wp-content\/uploads\/2023\/07\/energia_eletrica_interruptor_de_luz_energia070720211248-1.jpg\",\"keywords\":[\"capa\"],\"articleSection\":[\"Quadradinho em Foco\"],\"inLanguage\":\"pt-BR\"},{\"@type\":\"WebPage\",\"@id\":\"https:\/\/www.notibras.com\/site\/governo-mantem-bandeira-verde-e-conta-de-luz-fica-sem-aumento\/\",\"url\":\"https:\/\/www.notibras.com\/site\/governo-mantem-bandeira-verde-e-conta-de-luz-fica-sem-aumento\/\",\"name\":\"Governo mant\u00e9m bandeira verde e conta de luz fica sem aumento - Notibras\",\"isPartOf\":{\"@id\":\"https:\/\/www.notibras.com\/site\/#website\"},\"primaryImageOfPage\":{\"@id\":\"https:\/\/www.notibras.com\/site\/governo-mantem-bandeira-verde-e-conta-de-luz-fica-sem-aumento\/#primaryimage\"},\"image\":{\"@id\":\"https:\/\/www.notibras.com\/site\/governo-mantem-bandeira-verde-e-conta-de-luz-fica-sem-aumento\/#primaryimage\"},\"thumbnailUrl\":\"https:\/\/www.notibras.com\/site\/wp-content\/uploads\/2023\/07\/energia_eletrica_interruptor_de_luz_energia070720211248-1.jpg\",\"datePublished\":\"2023-07-29T09:34:55+00:00\",\"dateModified\":\"2023-07-29T09:38:05+00:00\",\"breadcrumb\":{\"@id\":\"https:\/\/www.notibras.com\/site\/governo-mantem-bandeira-verde-e-conta-de-luz-fica-sem-aumento\/#breadcrumb\"},\"inLanguage\":\"pt-BR\",\"potentialAction\":[{\"@type\":\"ReadAction\",\"target\":[\"https:\/\/www.notibras.com\/site\/governo-mantem-bandeira-verde-e-conta-de-luz-fica-sem-aumento\/\"]}]},{\"@type\":\"ImageObject\",\"inLanguage\":\"pt-BR\",\"@id\":\"https:\/\/www.notibras.com\/site\/governo-mantem-bandeira-verde-e-conta-de-luz-fica-sem-aumento\/#primaryimage\",\"url\":\"https:\/\/www.notibras.com\/site\/wp-content\/uploads\/2023\/07\/energia_eletrica_interruptor_de_luz_energia070720211248-1.jpg\",\"contentUrl\":\"https:\/\/www.notibras.com\/site\/wp-content\/uploads\/2023\/07\/energia_eletrica_interruptor_de_luz_energia070720211248-1.jpg\",\"width\":1170,\"height\":700,\"caption\":\"Rio de Janeiro - Consumo de energia el\u00e9trica, l\u00e2mpada e interruptor de luz. (Fernando Fraz\u00e3o\/Ag\u00eancia Brasil)\"},{\"@type\":\"BreadcrumbList\",\"@id\":\"https:\/\/www.notibras.com\/site\/governo-mantem-bandeira-verde-e-conta-de-luz-fica-sem-aumento\/#breadcrumb\",\"itemListElement\":[{\"@type\":\"ListItem\",\"position\":1,\"name\":\"In\u00edcio\",\"item\":\"https:\/\/www.notibras.com\/site\/\"},{\"@type\":\"ListItem\",\"position\":2,\"name\":\"Governo mant\u00e9m bandeira verde e conta de luz fica sem aumento\"}]},{\"@type\":\"WebSite\",\"@id\":\"https:\/\/www.notibras.com\/site\/#website\",\"url\":\"https:\/\/www.notibras.com\/site\/\",\"name\":\"Notibras\",\"description\":\"Not\u00edcias de Bras\u00edlia, do Brasil e do Mundo\",\"publisher\":{\"@id\":\"https:\/\/www.notibras.com\/site\/#organization\"},\"potentialAction\":[{\"@type\":\"SearchAction\",\"target\":{\"@type\":\"EntryPoint\",\"urlTemplate\":\"https:\/\/www.notibras.com\/site\/?s={search_term_string}\"},\"query-input\":{\"@type\":\"PropertyValueSpecification\",\"valueRequired\":true,\"valueName\":\"search_term_string\"}}],\"inLanguage\":\"pt-BR\"},{\"@type\":\"Organization\",\"@id\":\"https:\/\/www.notibras.com\/site\/#organization\",\"name\":\"Grupo Notibras de Comunica\u00e7\u00e3o\",\"url\":\"https:\/\/www.notibras.com\/site\/\",\"logo\":{\"@type\":\"ImageObject\",\"inLanguage\":\"pt-BR\",\"@id\":\"https:\/\/www.notibras.com\/site\/#\/schema\/logo\/image\/\",\"url\":\"https:\/\/www.notibras.com\/site\/wp-content\/uploads\/2023\/01\/notibras23.png\",\"contentUrl\":\"https:\/\/www.notibras.com\/site\/wp-content\/uploads\/2023\/01\/notibras23.png\",\"width\":350,\"height\":87,\"caption\":\"Grupo Notibras de Comunica\u00e7\u00e3o\"},\"image\":{\"@id\":\"https:\/\/www.notibras.com\/site\/#\/schema\/logo\/image\/\"},\"sameAs\":[\"https:\/\/www.facebook.com\/notibras\/\",\"https:\/\/x.com\/Notibras\",\"https:\/\/www.instagram.com\/notibras\/\"]},{\"@type\":\"Person\",\"@id\":\"https:\/\/www.notibras.com\/site\/#\/schema\/person\/36ab0979449956132d3e5b517ea76ac8\",\"name\":\"Reda\u00e7\u00e3o\",\"image\":{\"@type\":\"ImageObject\",\"inLanguage\":\"pt-BR\",\"@id\":\"https:\/\/secure.gravatar.com\/avatar\/e0a867bdedb85fd243eadf09663511f96fc81e0720a4a42581f334ad4303aa6b?s=96&d=mm&r=g\",\"url\":\"https:\/\/secure.gravatar.com\/avatar\/e0a867bdedb85fd243eadf09663511f96fc81e0720a4a42581f334ad4303aa6b?s=96&d=mm&r=g\",\"contentUrl\":\"https:\/\/secure.gravatar.com\/avatar\/e0a867bdedb85fd243eadf09663511f96fc81e0720a4a42581f334ad4303aa6b?s=96&d=mm&r=g\",\"caption\":\"Reda\u00e7\u00e3o\"}}]}<\/script>\n<!-- \/ Yoast SEO plugin. -->","yoast_head_json":{"title":"Governo mant\u00e9m bandeira verde e conta de luz fica sem aumento - Notibras","robots":{"index":"index","follow":"follow","max-snippet":"max-snippet:-1","max-image-preview":"max-image-preview:large","max-video-preview":"max-video-preview:-1"},"canonical":"https:\/\/www.notibras.com\/site\/governo-mantem-bandeira-verde-e-conta-de-luz-fica-sem-aumento\/","og_locale":"pt_BR","og_type":"article","og_title":"Governo mant\u00e9m bandeira verde e conta de luz fica sem aumento - Notibras","og_description":"A bandeira tarif\u00e1ria para o m\u00eas de agosto continuar\u00e1 verde, o que significa que n\u00e3o haver\u00e1 cobran\u00e7a adicional nas contas de energia el\u00e9trica dos consumidores brasileiros. Segundo a Ag\u00eancia Nacional de Energia El\u00e9trica (Aneel), a decis\u00e3o foi tomada por causa das condi\u00e7\u00f5es favor\u00e1veis de gera\u00e7\u00e3o de energia no pa\u00eds. A bandeira est\u00e1 no patamar verde [&hellip;]","og_url":"https:\/\/www.notibras.com\/site\/governo-mantem-bandeira-verde-e-conta-de-luz-fica-sem-aumento\/","og_site_name":"Notibras","article_publisher":"https:\/\/www.facebook.com\/notibras\/","article_published_time":"2023-07-29T09:34:55+00:00","article_modified_time":"2023-07-29T09:38:05+00:00","og_image":[{"width":1170,"height":700,"url":"https:\/\/www.notibras.com\/site\/wp-content\/uploads\/2023\/07\/energia_eletrica_interruptor_de_luz_energia070720211248-1.jpg","type":"image\/jpeg"}],"author":"Reda\u00e7\u00e3o","twitter_card":"summary_large_image","twitter_creator":"@Notibras","twitter_site":"@Notibras","twitter_misc":{"Escrito por":"Reda\u00e7\u00e3o","Est. tempo de leitura":"1 minuto"},"schema":{"@context":"https:\/\/schema.org","@graph":[{"@type":"Article","@id":"https:\/\/www.notibras.com\/site\/governo-mantem-bandeira-verde-e-conta-de-luz-fica-sem-aumento\/#article","isPartOf":{"@id":"https:\/\/www.notibras.com\/site\/governo-mantem-bandeira-verde-e-conta-de-luz-fica-sem-aumento\/"},"author":{"name":"Reda\u00e7\u00e3o","@id":"https:\/\/www.notibras.com\/site\/#\/schema\/person\/36ab0979449956132d3e5b517ea76ac8"},"headline":"Governo mant\u00e9m bandeira verde e conta de luz fica sem aumento","datePublished":"2023-07-29T09:34:55+00:00","dateModified":"2023-07-29T09:38:05+00:00","mainEntityOfPage":{"@id":"https:\/\/www.notibras.com\/site\/governo-mantem-bandeira-verde-e-conta-de-luz-fica-sem-aumento\/"},"wordCount":191,"publisher":{"@id":"https:\/\/www.notibras.com\/site\/#organization"},"image":{"@id":"https:\/\/www.notibras.com\/site\/governo-mantem-bandeira-verde-e-conta-de-luz-fica-sem-aumento\/#primaryimage"},"thumbnailUrl":"https:\/\/www.notibras.com\/site\/wp-content\/uploads\/2023\/07\/energia_eletrica_interruptor_de_luz_energia070720211248-1.jpg","keywords":["capa"],"articleSection":["Quadradinho em Foco"],"inLanguage":"pt-BR"},{"@type":"WebPage","@id":"https:\/\/www.notibras.com\/site\/governo-mantem-bandeira-verde-e-conta-de-luz-fica-sem-aumento\/","url":"https:\/\/www.notibras.com\/site\/governo-mantem-bandeira-verde-e-conta-de-luz-fica-sem-aumento\/","name":"Governo mant\u00e9m bandeira verde e conta de luz fica sem aumento - Notibras","isPartOf":{"@id":"https:\/\/www.notibras.com\/site\/#website"},"primaryImageOfPage":{"@id":"https:\/\/www.notibras.com\/site\/governo-mantem-bandeira-verde-e-conta-de-luz-fica-sem-aumento\/#primaryimage"},"image":{"@id":"https:\/\/www.notibras.com\/site\/governo-mantem-bandeira-verde-e-conta-de-luz-fica-sem-aumento\/#primaryimage"},"thumbnailUrl":"https:\/\/www.notibras.com\/site\/wp-content\/uploads\/2023\/07\/energia_eletrica_interruptor_de_luz_energia070720211248-1.jpg","datePublished":"2023-07-29T09:34:55+00:00","dateModified":"2023-07-29T09:38:05+00:00","breadcrumb":{"@id":"https:\/\/www.notibras.com\/site\/governo-mantem-bandeira-verde-e-conta-de-luz-fica-sem-aumento\/#breadcrumb"},"inLanguage":"pt-BR","potentialAction":[{"@type":"ReadAction","target":["https:\/\/www.notibras.com\/site\/governo-mantem-bandeira-verde-e-conta-de-luz-fica-sem-aumento\/"]}]},{"@type":"ImageObject","inLanguage":"pt-BR","@id":"https:\/\/www.notibras.com\/site\/governo-mantem-bandeira-verde-e-conta-de-luz-fica-sem-aumento\/#primaryimage","url":"https:\/\/www.notibras.com\/site\/wp-content\/uploads\/2023\/07\/energia_eletrica_interruptor_de_luz_energia070720211248-1.jpg","contentUrl":"https:\/\/www.notibras.com\/site\/wp-content\/uploads\/2023\/07\/energia_eletrica_interruptor_de_luz_energia070720211248-1.jpg","width":1170,"height":700,"caption":"Rio de Janeiro - Consumo de energia el\u00e9trica, l\u00e2mpada e interruptor de luz. (Fernando Fraz\u00e3o\/Ag\u00eancia Brasil)"},{"@type":"BreadcrumbList","@id":"https:\/\/www.notibras.com\/site\/governo-mantem-bandeira-verde-e-conta-de-luz-fica-sem-aumento\/#breadcrumb","itemListElement":[{"@type":"ListItem","position":1,"name":"In\u00edcio","item":"https:\/\/www.notibras.com\/site\/"},{"@type":"ListItem","position":2,"name":"Governo mant\u00e9m bandeira verde e conta de luz fica sem aumento"}]},{"@type":"WebSite","@id":"https:\/\/www.notibras.com\/site\/#website","url":"https:\/\/www.notibras.com\/site\/","name":"Notibras","description":"Not\u00edcias de Bras\u00edlia, do Brasil e do Mundo","publisher":{"@id":"https:\/\/www.notibras.com\/site\/#organization"},"potentialAction":[{"@type":"SearchAction","target":{"@type":"EntryPoint","urlTemplate":"https:\/\/www.notibras.com\/site\/?s={search_term_string}"},"query-input":{"@type":"PropertyValueSpecification","valueRequired":true,"valueName":"search_term_string"}}],"inLanguage":"pt-BR"},{"@type":"Organization","@id":"https:\/\/www.notibras.com\/site\/#organization","name":"Grupo Notibras de Comunica\u00e7\u00e3o","url":"https:\/\/www.notibras.com\/site\/","logo":{"@type":"ImageObject","inLanguage":"pt-BR","@id":"https:\/\/www.notibras.com\/site\/#\/schema\/logo\/image\/","url":"https:\/\/www.notibras.com\/site\/wp-content\/uploads\/2023\/01\/notibras23.png","contentUrl":"https:\/\/www.notibras.com\/site\/wp-content\/uploads\/2023\/01\/notibras23.png","width":350,"height":87,"caption":"Grupo Notibras de Comunica\u00e7\u00e3o"},"image":{"@id":"https:\/\/www.notibras.com\/site\/#\/schema\/logo\/image\/"},"sameAs":["https:\/\/www.facebook.com\/notibras\/","https:\/\/x.com\/Notibras","https:\/\/www.instagram.com\/notibras\/"]},{"@type":"Person","@id":"https:\/\/www.notibras.com\/site\/#\/schema\/person\/36ab0979449956132d3e5b517ea76ac8","name":"Reda\u00e7\u00e3o","image":{"@type":"ImageObject","inLanguage":"pt-BR","@id":"https:\/\/secure.gravatar.com\/avatar\/e0a867bdedb85fd243eadf09663511f96fc81e0720a4a42581f334ad4303aa6b?s=96&d=mm&r=g","url":"https:\/\/secure.gravatar.com\/avatar\/e0a867bdedb85fd243eadf09663511f96fc81e0720a4a42581f334ad4303aa6b?s=96&d=mm&r=g","contentUrl":"https:\/\/secure.gravatar.com\/avatar\/e0a867bdedb85fd243eadf09663511f96fc81e0720a4a42581f334ad4303aa6b?s=96&d=mm&r=g","caption":"Reda\u00e7\u00e3o"}}]}},"amp_enabled":true,"_links":{"self":[{"href":"https:\/\/www.notibras.com\/site\/wp-json\/wp\/v2\/posts\/309816","targetHints":{"allow":["GET"]}}],"collection":[{"href":"https:\/\/www.notibras.com\/site\/wp-json\/wp\/v2\/posts"}],"about":[{"href":"https:\/\/www.notibras.com\/site\/wp-json\/wp\/v2\/types\/post"}],"author":[{"embeddable":true,"href":"https:\/\/www.notibras.com\/site\/wp-json\/wp\/v2\/users\/2"}],"replies":[{"embeddable":true,"href":"https:\/\/www.notibras.com\/site\/wp-json\/wp\/v2\/comments?post=309816"}],"version-history":[{"count":6,"href":"https:\/\/www.notibras.com\/site\/wp-json\/wp\/v2\/posts\/309816\/revisions"}],"predecessor-version":[{"id":309823,"href":"https:\/\/www.notibras.com\/site\/wp-json\/wp\/v2\/posts\/309816\/revisions\/309823"}],"wp:featuredmedia":[{"embeddable":true,"href":"https:\/\/www.notibras.com\/site\/wp-json\/wp\/v2\/media\/309817"}],"wp:attachment":[{"href":"https:\/\/www.notibras.com\/site\/wp-json\/wp\/v2\/media?parent=309816"}],"wp:term":[{"taxonomy":"category","embeddable":true,"href":"https:\/\/www.notibras.com\/site\/wp-json\/wp\/v2\/categories?post=309816"},{"taxonomy":"post_tag","embeddable":true,"href":"https:\/\/www.notibras.com\/site\/wp-json\/wp\/v2\/tags?post=309816"}],"curies":[{"name":"wp","href":"https:\/\/api.w.org\/{rel}","templated":true}]}}